{"id":153001,"date":"2018-02-27T11:05:40","date_gmt":"2018-02-27T14:05:40","guid":{"rendered":"http:\/\/franciscanos.org.br\/?p=153001"},"modified":"2019-01-04T11:07:17","modified_gmt":"2019-01-04T13:07:17","slug":"reitor-da-usf-e-condecorado-pelo-ministerio-da-educacao","status":"publish","type":"post","link":"https:\/\/franciscanos.org.br\/noticias\/reitor-da-usf-e-condecorado-pelo-ministerio-da-educacao.html","title":{"rendered":"Reitor da USF \u00e9 condecorado pelo Minist\u00e9rio da Educa\u00e7\u00e3o"},"content":{"rendered":"<p><img loading=\"lazy\" class=\"alignright wp-image-101792 size-full\" src=\"http:\/\/franciscanos.org.br\/wp-content\/uploads\/2016\/01\/gilberto.jpg\" alt=\"gilberto\" width=\"350\" height=\"482\" \/><br \/>\n<strong>Bragan\u00e7a Paulista &#8211;\u00a0<\/strong>O Reitor da Universidade S\u00e3o Francisco (USF), Gilberto Garcia, receber\u00e1 no dia 7 de mar\u00e7o a condecora\u00e7\u00e3o da Ordem Nacional do M\u00e9rito Educativo, do Minist\u00e9rio da Educa\u00e7\u00e3o (MEC).<\/p>\n<p>A horaria existe de 1955, com a cria\u00e7\u00e3o do decreto n\u00ba 38.162 e modificada pelo Decreto n\u00ba 4.797 de 31 de julho de 2003, que tem por finalidade agraciar personalidades nacionais e estrangeira que se destacaram por excepcionais servi\u00e7os prestados \u00e0 Educa\u00e7\u00e3o.<\/p>\n<p>O Reitor da USF tem toda uma trajet\u00f3ria na educa\u00e7\u00e3o brasileira, foi reitor da USF de 2002 a 2010. Foi presidente da Associa\u00e7\u00e3o Brasileira de Universidades Comunit\u00e1rias ABRUC e presidente do Conselho de Reitores das Universidades Brasileiras CRUB. Foi presidente Conselho Nacional de Educa\u00e7\u00e3o (CNE), onde atualmente \u00e9 membro conselheiro da C\u00e2mara de Educa\u00e7\u00e3o Superior, da qual tamb\u00e9m foi presidente. Exerceu igualmente fun\u00e7\u00f5es de reitor em institui\u00e7\u00f5es de ensino como a FAE Centro Universit\u00e1rio, no Paran\u00e1 e a Universidade Cat\u00f3lica de Bras\u00edlia (UCB), no Distrito Federal.<\/p>\n<p>No per\u00edodo em que vem atuando no CNE, presidiu e ainda preside diferentes comiss\u00f5es sobre normatiza\u00e7\u00f5es do ensino superior brasileiro, criou outras delega\u00e7\u00f5es regulat\u00f3rias e atualmente \u00e9 o relator de comiss\u00f5es importantes como: marco regulat\u00f3rio dos cursos de p\u00f3s-gradua\u00e7\u00e3o lato sensu, marco para a extens\u00e3o, para o voluntariado na educa\u00e7\u00e3o, diretrizes para o ensino religioso no ensino b\u00e1sico e diretrizes curriculares de propaganda e publicidade.<\/p>\n<p>A cerim\u00f4nia de condecora\u00e7\u00e3o ser\u00e1 realizada em Bras\u00edlia.<\/p>\n<p><strong>Com informa\u00e7\u00f5es da Universidade S\u00e3o Francisco.<\/strong><\/p>\n","protected":false},"excerpt":{"rendered":"<p>Ordem Nacional do M\u00e9rito Educativo<\/p>\n","protected":false},"author":1,"featured_media":193964,"comment_status":"open","ping_status":"open","sticky":false,"template":"","format":"standard","meta":[],"categories":[1],"tags":[354],"acf":[],"yoast_head":"<!-- This site is optimized with the Yoast SEO plugin v19.2 - https:\/\/yoast.com\/wordpress\/plugins\/seo\/ -->\n<title>Reitor da USF \u00e9 condecorado pelo Minist\u00e9rio da Educa\u00e7\u00e3o - Not\u00edcias - Franciscanos<\/title>\n<meta name=\"robots\" content=\"index, follow, max-snippet:-1, max-image-preview:large, max-video-preview:-1\" \/>\n<link rel=\"canonical\" href=\"https:\/\/franciscanos.org.br\/noticias\/reitor-da-usf-e-condecorado-pelo-ministerio-da-educacao.html\" \/>\n<meta property=\"og:locale\" content=\"pt_BR\" \/>\n<meta property=\"og:type\" content=\"article\" \/>\n<meta property=\"og:title\" content=\"Reitor da USF \u00e9 condecorado pelo Minist\u00e9rio da Educa\u00e7\u00e3o - Not\u00edcias - Franciscanos\" \/>\n<meta property=\"og:description\" content=\"Ordem Nacional do M\u00e9rito Educativo\" \/>\n<meta property=\"og:url\" content=\"https:\/\/franciscanos.org.br\/noticias\/reitor-da-usf-e-condecorado-pelo-ministerio-da-educacao.html\" \/>\n<meta property=\"og:site_name\" content=\"Not\u00edcias - Franciscanos\" \/>\n<meta property=\"article:published_time\" content=\"2018-02-27T14:05:40+00:00\" \/>\n<meta property=\"article:modified_time\" content=\"2019-01-04T13:07:17+00:00\" \/>\n<meta property=\"og:image\" content=\"https:\/\/franciscanos.org.br\/noticias\/wp-content\/uploads\/2018\/03\/gilberto_210318d.jpg\" \/>\n\t<meta property=\"og:image:width\" content=\"273\" \/>\n\t<meta property=\"og:image:height\" content=\"181\" \/>\n\t<meta property=\"og:image:type\" content=\"image\/jpeg\" \/>\n<meta name=\"author\" content=\"admin\" \/>\n<meta name=\"twitter:card\" content=\"summary_large_image\" \/>\n<meta name=\"twitter:label1\" content=\"Escrito por\" \/>\n\t<meta name=\"twitter:data1\" content=\"admin\" \/>\n\t<meta name=\"twitter:label2\" content=\"Est. tempo de leitura\" \/>\n\t<meta name=\"twitter:data2\" content=\"1 minuto\" \/>\n<script type=\"application\/ld+json\" class=\"yoast-schema-graph\">{\"@context\":\"https:\/\/schema.org\",\"@graph\":[{\"@type\":\"WebSite\",\"@id\":\"https:\/\/franciscanos.org.br\/noticias\/#website\",\"url\":\"https:\/\/franciscanos.org.br\/noticias\/\",\"name\":\"Not\u00edcias - Franciscanos\",\"description\":\"Prov\u00edncia Franciscana da Imaculada Concei\u00e7\u00e3o do Brasil - Ordem dos Frades Menores - OFM\",\"potentialAction\":[{\"@type\":\"SearchAction\",\"target\":{\"@type\":\"EntryPoint\",\"urlTemplate\":\"https:\/\/franciscanos.org.br\/noticias\/?s={search_term_string}\"},\"query-input\":\"required name=search_term_string\"}],\"inLanguage\":\"pt-BR\"},{\"@type\":\"ImageObject\",\"inLanguage\":\"pt-BR\",\"@id\":\"https:\/\/franciscanos.org.br\/noticias\/reitor-da-usf-e-condecorado-pelo-ministerio-da-educacao.html#primaryimage\",\"url\":\"https:\/\/franciscanos.org.br\/noticias\/wp-content\/uploads\/2018\/03\/gilberto_210318d.jpg\",\"contentUrl\":\"https:\/\/franciscanos.org.br\/noticias\/wp-content\/uploads\/2018\/03\/gilberto_210318d.jpg\",\"width\":273,\"height\":181},{\"@type\":\"WebPage\",\"@id\":\"https:\/\/franciscanos.org.br\/noticias\/reitor-da-usf-e-condecorado-pelo-ministerio-da-educacao.html#webpage\",\"url\":\"https:\/\/franciscanos.org.br\/noticias\/reitor-da-usf-e-condecorado-pelo-ministerio-da-educacao.html\",\"name\":\"Reitor da USF \u00e9 condecorado pelo Minist\u00e9rio da Educa\u00e7\u00e3o - Not\u00edcias - Franciscanos\",\"isPartOf\":{\"@id\":\"https:\/\/franciscanos.org.br\/noticias\/#website\"},\"primaryImageOfPage\":{\"@id\":\"https:\/\/franciscanos.org.br\/noticias\/reitor-da-usf-e-condecorado-pelo-ministerio-da-educacao.html#primaryimage\"},\"datePublished\":\"2018-02-27T14:05:40+00:00\",\"dateModified\":\"2019-01-04T13:07:17+00:00\",\"author\":{\"@id\":\"https:\/\/franciscanos.org.br\/noticias\/#\/schema\/person\/b38fbf43118f02820bd932f2e4b14ad3\"},\"breadcrumb\":{\"@id\":\"https:\/\/franciscanos.org.br\/noticias\/reitor-da-usf-e-condecorado-pelo-ministerio-da-educacao.html#breadcrumb\"},\"inLanguage\":\"pt-BR\",\"potentialAction\":[{\"@type\":\"ReadAction\",\"target\":[\"https:\/\/franciscanos.org.br\/noticias\/reitor-da-usf-e-condecorado-pelo-ministerio-da-educacao.html\"]}]},{\"@type\":\"BreadcrumbList\",\"@id\":\"https:\/\/franciscanos.org.br\/noticias\/reitor-da-usf-e-condecorado-pelo-ministerio-da-educacao.html#breadcrumb\",\"itemListElement\":[{\"@type\":\"ListItem\",\"position\":1,\"name\":\"Home\",\"item\":\"https:\/\/franciscanos.org.br\/noticias\"},{\"@type\":\"ListItem\",\"position\":2,\"name\":\"Reitor da USF \u00e9 condecorado pelo Minist\u00e9rio da Educa\u00e7\u00e3o\"}]},{\"@type\":\"Person\",\"@id\":\"https:\/\/franciscanos.org.br\/noticias\/#\/schema\/person\/b38fbf43118f02820bd932f2e4b14ad3\",\"name\":\"admin\",\"image\":{\"@type\":\"ImageObject\",\"inLanguage\":\"pt-BR\",\"@id\":\"https:\/\/franciscanos.org.br\/noticias\/#\/schema\/person\/image\/\",\"url\":\"https:\/\/secure.gravatar.com\/avatar\/e8495742d34d0ba6448ea1c628263b3e?s=96&d=mm&r=g\",\"contentUrl\":\"https:\/\/secure.gravatar.com\/avatar\/e8495742d34d0ba6448ea1c628263b3e?s=96&d=mm&r=g\",\"caption\":\"admin\"},\"url\":\"https:\/\/franciscanos.org.br\/noticias\/author\/admin\"}]}<\/script>\n<!-- \/ Yoast SEO plugin. -->","yoast_head_json":{"title":"Reitor da USF \u00e9 condecorado pelo Minist\u00e9rio da Educa\u00e7\u00e3o - Not\u00edcias - Franciscanos","robots":{"index":"index","follow":"follow","max-snippet":"max-snippet:-1","max-image-preview":"max-image-preview:large","max-video-preview":"max-video-preview:-1"},"canonical":"https:\/\/franciscanos.org.br\/noticias\/reitor-da-usf-e-condecorado-pelo-ministerio-da-educacao.html","og_locale":"pt_BR","og_type":"article","og_title":"Reitor da USF \u00e9 condecorado pelo Minist\u00e9rio da Educa\u00e7\u00e3o - Not\u00edcias - Franciscanos","og_description":"Ordem Nacional do M\u00e9rito Educativo","og_url":"https:\/\/franciscanos.org.br\/noticias\/reitor-da-usf-e-condecorado-pelo-ministerio-da-educacao.html","og_site_name":"Not\u00edcias - Franciscanos","article_published_time":"2018-02-27T14:05:40+00:00","article_modified_time":"2019-01-04T13:07:17+00:00","og_image":[{"width":273,"height":181,"url":"https:\/\/franciscanos.org.br\/noticias\/wp-content\/uploads\/2018\/03\/gilberto_210318d.jpg","type":"image\/jpeg"}],"author":"admin","twitter_card":"summary_large_image","twitter_misc":{"Escrito por":"admin","Est. tempo de leitura":"1 minuto"},"schema":{"@context":"https:\/\/schema.org","@graph":[{"@type":"WebSite","@id":"https:\/\/franciscanos.org.br\/noticias\/#website","url":"https:\/\/franciscanos.org.br\/noticias\/","name":"Not\u00edcias - Franciscanos","description":"Prov\u00edncia Franciscana da Imaculada Concei\u00e7\u00e3o do Brasil - Ordem dos Frades Menores - OFM","potentialAction":[{"@type":"SearchAction","target":{"@type":"EntryPoint","urlTemplate":"https:\/\/franciscanos.org.br\/noticias\/?s={search_term_string}"},"query-input":"required name=search_term_string"}],"inLanguage":"pt-BR"},{"@type":"ImageObject","inLanguage":"pt-BR","@id":"https:\/\/franciscanos.org.br\/noticias\/reitor-da-usf-e-condecorado-pelo-ministerio-da-educacao.html#primaryimage","url":"https:\/\/franciscanos.org.br\/noticias\/wp-content\/uploads\/2018\/03\/gilberto_210318d.jpg","contentUrl":"https:\/\/franciscanos.org.br\/noticias\/wp-content\/uploads\/2018\/03\/gilberto_210318d.jpg","width":273,"height":181},{"@type":"WebPage","@id":"https:\/\/franciscanos.org.br\/noticias\/reitor-da-usf-e-condecorado-pelo-ministerio-da-educacao.html#webpage","url":"https:\/\/franciscanos.org.br\/noticias\/reitor-da-usf-e-condecorado-pelo-ministerio-da-educacao.html","name":"Reitor da USF \u00e9 condecorado pelo Minist\u00e9rio da Educa\u00e7\u00e3o - Not\u00edcias - Franciscanos","isPartOf":{"@id":"https:\/\/franciscanos.org.br\/noticias\/#website"},"primaryImageOfPage":{"@id":"https:\/\/franciscanos.org.br\/noticias\/reitor-da-usf-e-condecorado-pelo-ministerio-da-educacao.html#primaryimage"},"datePublished":"2018-02-27T14:05:40+00:00","dateModified":"2019-01-04T13:07:17+00:00","author":{"@id":"https:\/\/franciscanos.org.br\/noticias\/#\/schema\/person\/b38fbf43118f02820bd932f2e4b14ad3"},"breadcrumb":{"@id":"https:\/\/franciscanos.org.br\/noticias\/reitor-da-usf-e-condecorado-pelo-ministerio-da-educacao.html#breadcrumb"},"inLanguage":"pt-BR","potentialAction":[{"@type":"ReadAction","target":["https:\/\/franciscanos.org.br\/noticias\/reitor-da-usf-e-condecorado-pelo-ministerio-da-educacao.html"]}]},{"@type":"BreadcrumbList","@id":"https:\/\/franciscanos.org.br\/noticias\/reitor-da-usf-e-condecorado-pelo-ministerio-da-educacao.html#breadcrumb","itemListElement":[{"@type":"ListItem","position":1,"name":"Home","item":"https:\/\/franciscanos.org.br\/noticias"},{"@type":"ListItem","position":2,"name":"Reitor da USF \u00e9 condecorado pelo Minist\u00e9rio da Educa\u00e7\u00e3o"}]},{"@type":"Person","@id":"https:\/\/franciscanos.org.br\/noticias\/#\/schema\/person\/b38fbf43118f02820bd932f2e4b14ad3","name":"admin","image":{"@type":"ImageObject","inLanguage":"pt-BR","@id":"https:\/\/franciscanos.org.br\/noticias\/#\/schema\/person\/image\/","url":"https:\/\/secure.gravatar.com\/avatar\/e8495742d34d0ba6448ea1c628263b3e?s=96&d=mm&r=g","contentUrl":"https:\/\/secure.gravatar.com\/avatar\/e8495742d34d0ba6448ea1c628263b3e?s=96&d=mm&r=g","caption":"admin"},"url":"https:\/\/franciscanos.org.br\/noticias\/author\/admin"}]}},"_links":{"self":[{"href":"https:\/\/franciscanos.org.br\/noticias\/wp-json\/wp\/v2\/posts\/153001"}],"collection":[{"href":"https:\/\/franciscanos.org.br\/noticias\/wp-json\/wp\/v2\/posts"}],"about":[{"href":"https:\/\/franciscanos.org.br\/noticias\/wp-json\/wp\/v2\/types\/post"}],"author":[{"embeddable":true,"href":"https:\/\/franciscanos.org.br\/noticias\/wp-json\/wp\/v2\/users\/1"}],"replies":[{"embeddable":true,"href":"https:\/\/franciscanos.org.br\/noticias\/wp-json\/wp\/v2\/comments?post=153001"}],"version-history":[{"count":0,"href":"https:\/\/franciscanos.org.br\/noticias\/wp-json\/wp\/v2\/posts\/153001\/revisions"}],"wp:featuredmedia":[{"embeddable":true,"href":"https:\/\/franciscanos.org.br\/noticias\/wp-json\/wp\/v2\/media\/193964"}],"wp:attachment":[{"href":"https:\/\/franciscanos.org.br\/noticias\/wp-json\/wp\/v2\/media?parent=153001"}],"wp:term":[{"taxonomy":"category","embeddable":true,"href":"https:\/\/franciscanos.org.br\/noticias\/wp-json\/wp\/v2\/categories?post=153001"},{"taxonomy":"post_tag","embeddable":true,"href":"https:\/\/franciscanos.org.br\/noticias\/wp-json\/wp\/v2\/tags?post=153001"}],"curies":[{"name":"wp","href":"https:\/\/api.w.org\/{rel}","templated":true}]}}