{"id":152995,"date":"2018-02-27T09:04:53","date_gmt":"2018-02-27T12:04:53","guid":{"rendered":"http:\/\/franciscanos.org.br\/?p=152995"},"modified":"2020-06-07T17:18:29","modified_gmt":"2020-06-07T20:18:29","slug":"nada-de-ameacas-no-confessionario-mas-o-perdao-do-pai","status":"publish","type":"post","link":"https:\/\/franciscanos.org.br\/noticias\/nada-de-ameacas-no-confessionario-mas-o-perdao-do-pai.html","title":{"rendered":"Nada de amea\u00e7as no confession\u00e1rio, mas o perd\u00e3o do Pai"},"content":{"rendered":"<p><strong><img loading=\"lazy\" src=\"http:\/\/franciscanos.org.br\/wp-content\/uploads\/2017\/03\/martaG_210317.jpg\" alt=\"martaG_210317\" width=\"830\" height=\"401\" \/><\/strong><br \/>\n<strong>Cidade do Vaticano<\/strong> &#8211; Quaresma \u00e9 um tempo que ajuda \u00e0 convers\u00e3o, \u00e0 reaproxima\u00e7\u00e3o a Deus, \u00e0 mudan\u00e7a de nossa vida e esta \u00e9 uma gra\u00e7a a ser pedida ao Senhor. Este foi o tema da homilia do Papa Francisco na Missa celebrada na manh\u00e3 desta ter\u00e7a-feira, 27, na capela da Casa Santa Marta.<\/p>\n<p>Inspirando-se no primeiro livro do Profeta Isa\u00edas \u2013 um verdadeiro \u201cchamado \u00e0 convers\u00e3o\u201d \u2013 o Papa Francisco mostra qual \u00e9 a atitude \u201cespecial\u201d de Jesus diante de nossos pecados: \u201cn\u00e3o amea\u00e7a, mas chama com do\u00e7ura, dando confian\u00e7a\u201d.<\/p>\n<p>\u201cVenha, conversemos\u201d s\u00e3o as palavras do Senhor aos chefes de Sodoma e ao povo de Gomorra, a quem \u2013 explica o Papa \u2013 j\u00e1 indicou \u201co mal\u201d a ser evitado e o \u201cbem\u201d a ser seguido. Assim faz conosco:\u00a0\u201cO Senhor diz: \u201cVenha, Venha e debatamos. Falemos um pouco\u201d. N\u00e3o nos assusta. \u00c9 como o pai do filho adolescente que fez uma bobagem e deve repreend\u00ea-lo. E sabe que se vai com o bast\u00e3o a coisa n\u00e3o acabar\u00e1 bem, deve ent\u00e3o agir com confian\u00e7a. O Senhor, nesta passagem, nos chama assim: \u201cVenha. Tomemos um caf\u00e9 juntos. Debatamos, discutamos. N\u00e3o tenha medo, n\u00e3o quero agredi-lo\u201d. E como sabe que o filho pensa: \u201cMas eu fiz coisas&#8230;\u201d \u2013 Imediatamente: \u201cAinda que os seus pecados fossem como escarlate, tornar-se-\u00e3o brancos como a neve. Se fossem vermelhos como p\u00farpura, tornar-se-\u00e3o como l\u00e3\u201d.<\/p>\n<p><strong>Tamb\u00e9m na confiss\u00e3o nada de amea\u00e7as<\/strong><br \/>\nComo o pai em rela\u00e7\u00e3o ao filho adolescente, Jesus ent\u00e3o, com \u201cum gesto de confian\u00e7a, aproxima ao perd\u00e3o e muda o cora\u00e7\u00e3o\u201d.<br \/>\nAssim fez \u2013 recorda Francisco \u2013 chamando Zaqueu ou Mateus, e assim faz em nossa vida, nos faz ver \u201ccomo dar um passo em frente no caminho da convers\u00e3o\u201d:<br \/>\n\u201cAgrade\u00e7amos ao Senhor pela sua bondade. Ele n\u00e3o quer nos agredir e nos condenar. Deu a sua vida por n\u00f3s e esta \u00e9 a sua bondade. E sempre busca o modo de chegar ao cora\u00e7\u00e3o. E quando n\u00f3s sacerdotes, no lugar do Senhor, devemos ouvir as confiss\u00f5es, tamb\u00e9m n\u00f3s devemos ter esta atitude de bondade, como diz o Senhor: \u201cVenham, debatamos, n\u00e3o h\u00e1 problema, o perd\u00e3o existe\u201d, e n\u00e3o a amea\u00e7a, desde o in\u00edcio\u201d.<\/p>\n<p><strong>Ir ao Senhor de cora\u00e7\u00e3o aberto: \u00e9 o pai que espera<\/strong><br \/>\nO Papa conta a este prop\u00f3sito a experi\u00eancia de um cardeal confessor, que justamente diante do pecado que intui ser \u201cgrande\u201d, n\u00e3o se det\u00e9m muito e segue em frente, continua o di\u00e1logo: \u201cE isto abre o cora\u00e7\u00e3o\u201d \u2013 sublinhou o Papa \u2013 \u201ce a outra pessoa se sente em paz\u201d.<br \/>\nAssim faz o Senhor conosco. Diz: \u201cvenham, debatamos, falemos. Pegue o recibo do perd\u00e3o, perd\u00e3o existe\u201d:\u00a0\u201cAjuda-me ver esta atitude do Senhor: o pai com o filho que se acha grande, que se acha crescido e ainda est\u00e1 no meio do caminho. E o Senhor sabe que todos n\u00f3s estamos na metade do caminho e tantas vezes temos necessidade disto, de ouvir esta palavra: \u201cMas venha, n\u00e3o se assustes, vem. O perd\u00e3o existe\u201d. E isto nos encoraja. Ir ao Senhor com o cora\u00e7\u00e3o aberto: \u00e9 o pai que nos espera\u201d.<\/p>\n<hr \/>\n<p><em>Fonte: Vatican News<\/em><\/p>\n","protected":false},"excerpt":{"rendered":"<p>Missa em Santa Marta<\/p>\n","protected":false},"author":1,"featured_media":194762,"comment_status":"open","ping_status":"open","sticky":false,"template":"","format":"standard","meta":[],"categories":[1428],"tags":[1586],"acf":[],"yoast_head":"<!-- This site is optimized with the Yoast SEO plugin v19.2 - https:\/\/yoast.com\/wordpress\/plugins\/seo\/ -->\n<title>Nada de amea\u00e7as no confession\u00e1rio, mas o perd\u00e3o do Pai - Not\u00edcias - Franciscanos<\/title>\n<meta name=\"robots\" content=\"index, follow, max-snippet:-1, max-image-preview:large, max-video-preview:-1\" \/>\n<link rel=\"canonical\" href=\"https:\/\/franciscanos.org.br\/noticias\/nada-de-ameacas-no-confessionario-mas-o-perdao-do-pai.html\" \/>\n<meta property=\"og:locale\" content=\"pt_BR\" \/>\n<meta property=\"og:type\" content=\"article\" \/>\n<meta property=\"og:title\" content=\"Nada de amea\u00e7as no confession\u00e1rio, mas o perd\u00e3o do Pai - Not\u00edcias - Franciscanos\" \/>\n<meta property=\"og:description\" content=\"Missa em Santa Marta\" \/>\n<meta property=\"og:url\" content=\"https:\/\/franciscanos.org.br\/noticias\/nada-de-ameacas-no-confessionario-mas-o-perdao-do-pai.html\" \/>\n<meta property=\"og:site_name\" content=\"Not\u00edcias - Franciscanos\" \/>\n<meta property=\"article:published_time\" content=\"2018-02-27T12:04:53+00:00\" \/>\n<meta property=\"article:modified_time\" content=\"2020-06-07T20:18:29+00:00\" \/>\n<meta property=\"og:image\" content=\"https:\/\/franciscanos.org.br\/noticias\/wp-content\/uploads\/2018\/02\/marta_210317d.jpg\" \/>\n\t<meta property=\"og:image:width\" content=\"273\" \/>\n\t<meta property=\"og:image:height\" content=\"181\" \/>\n\t<meta property=\"og:image:type\" content=\"image\/jpeg\" \/>\n<meta name=\"author\" content=\"admin\" \/>\n<meta name=\"twitter:card\" content=\"summary_large_image\" \/>\n<meta name=\"twitter:label1\" content=\"Escrito por\" \/>\n\t<meta name=\"twitter:data1\" content=\"admin\" \/>\n\t<meta name=\"twitter:label2\" content=\"Est. tempo de leitura\" \/>\n\t<meta name=\"twitter:data2\" content=\"3 minutos\" \/>\n<script type=\"application\/ld+json\" class=\"yoast-schema-graph\">{\"@context\":\"https:\/\/schema.org\",\"@graph\":[{\"@type\":\"WebSite\",\"@id\":\"https:\/\/franciscanos.org.br\/noticias\/#website\",\"url\":\"https:\/\/franciscanos.org.br\/noticias\/\",\"name\":\"Not\u00edcias - Franciscanos\",\"description\":\"Prov\u00edncia Franciscana da Imaculada Concei\u00e7\u00e3o do Brasil - Ordem dos Frades Menores - OFM\",\"potentialAction\":[{\"@type\":\"SearchAction\",\"target\":{\"@type\":\"EntryPoint\",\"urlTemplate\":\"https:\/\/franciscanos.org.br\/noticias\/?s={search_term_string}\"},\"query-input\":\"required name=search_term_string\"}],\"inLanguage\":\"pt-BR\"},{\"@type\":\"ImageObject\",\"inLanguage\":\"pt-BR\",\"@id\":\"https:\/\/franciscanos.org.br\/noticias\/nada-de-ameacas-no-confessionario-mas-o-perdao-do-pai.html#primaryimage\",\"url\":\"https:\/\/franciscanos.org.br\/noticias\/wp-content\/uploads\/2018\/02\/marta_210317d.jpg\",\"contentUrl\":\"https:\/\/franciscanos.org.br\/noticias\/wp-content\/uploads\/2018\/02\/marta_210317d.jpg\",\"width\":273,\"height\":181},{\"@type\":\"WebPage\",\"@id\":\"https:\/\/franciscanos.org.br\/noticias\/nada-de-ameacas-no-confessionario-mas-o-perdao-do-pai.html#webpage\",\"url\":\"https:\/\/franciscanos.org.br\/noticias\/nada-de-ameacas-no-confessionario-mas-o-perdao-do-pai.html\",\"name\":\"Nada de amea\u00e7as no confession\u00e1rio, mas o perd\u00e3o do Pai - Not\u00edcias - Franciscanos\",\"isPartOf\":{\"@id\":\"https:\/\/franciscanos.org.br\/noticias\/#website\"},\"primaryImageOfPage\":{\"@id\":\"https:\/\/franciscanos.org.br\/noticias\/nada-de-ameacas-no-confessionario-mas-o-perdao-do-pai.html#primaryimage\"},\"datePublished\":\"2018-02-27T12:04:53+00:00\",\"dateModified\":\"2020-06-07T20:18:29+00:00\",\"author\":{\"@id\":\"https:\/\/franciscanos.org.br\/noticias\/#\/schema\/person\/b38fbf43118f02820bd932f2e4b14ad3\"},\"breadcrumb\":{\"@id\":\"https:\/\/franciscanos.org.br\/noticias\/nada-de-ameacas-no-confessionario-mas-o-perdao-do-pai.html#breadcrumb\"},\"inLanguage\":\"pt-BR\",\"potentialAction\":[{\"@type\":\"ReadAction\",\"target\":[\"https:\/\/franciscanos.org.br\/noticias\/nada-de-ameacas-no-confessionario-mas-o-perdao-do-pai.html\"]}]},{\"@type\":\"BreadcrumbList\",\"@id\":\"https:\/\/franciscanos.org.br\/noticias\/nada-de-ameacas-no-confessionario-mas-o-perdao-do-pai.html#breadcrumb\",\"itemListElement\":[{\"@type\":\"ListItem\",\"position\":1,\"name\":\"Home\",\"item\":\"https:\/\/franciscanos.org.br\/noticias\"},{\"@type\":\"ListItem\",\"position\":2,\"name\":\"Nada de amea\u00e7as no confession\u00e1rio, mas o perd\u00e3o do Pai\"}]},{\"@type\":\"Person\",\"@id\":\"https:\/\/franciscanos.org.br\/noticias\/#\/schema\/person\/b38fbf43118f02820bd932f2e4b14ad3\",\"name\":\"admin\",\"image\":{\"@type\":\"ImageObject\",\"inLanguage\":\"pt-BR\",\"@id\":\"https:\/\/franciscanos.org.br\/noticias\/#\/schema\/person\/image\/\",\"url\":\"https:\/\/secure.gravatar.com\/avatar\/e8495742d34d0ba6448ea1c628263b3e?s=96&d=mm&r=g\",\"contentUrl\":\"https:\/\/secure.gravatar.com\/avatar\/e8495742d34d0ba6448ea1c628263b3e?s=96&d=mm&r=g\",\"caption\":\"admin\"},\"url\":\"https:\/\/franciscanos.org.br\/noticias\/author\/admin\"}]}<\/script>\n<!-- \/ Yoast SEO plugin. -->","yoast_head_json":{"title":"Nada de amea\u00e7as no confession\u00e1rio, mas o perd\u00e3o do Pai - Not\u00edcias - Franciscanos","robots":{"index":"index","follow":"follow","max-snippet":"max-snippet:-1","max-image-preview":"max-image-preview:large","max-video-preview":"max-video-preview:-1"},"canonical":"https:\/\/franciscanos.org.br\/noticias\/nada-de-ameacas-no-confessionario-mas-o-perdao-do-pai.html","og_locale":"pt_BR","og_type":"article","og_title":"Nada de amea\u00e7as no confession\u00e1rio, mas o perd\u00e3o do Pai - Not\u00edcias - Franciscanos","og_description":"Missa em Santa Marta","og_url":"https:\/\/franciscanos.org.br\/noticias\/nada-de-ameacas-no-confessionario-mas-o-perdao-do-pai.html","og_site_name":"Not\u00edcias - Franciscanos","article_published_time":"2018-02-27T12:04:53+00:00","article_modified_time":"2020-06-07T20:18:29+00:00","og_image":[{"width":273,"height":181,"url":"https:\/\/franciscanos.org.br\/noticias\/wp-content\/uploads\/2018\/02\/marta_210317d.jpg","type":"image\/jpeg"}],"author":"admin","twitter_card":"summary_large_image","twitter_misc":{"Escrito por":"admin","Est. tempo de leitura":"3 minutos"},"schema":{"@context":"https:\/\/schema.org","@graph":[{"@type":"WebSite","@id":"https:\/\/franciscanos.org.br\/noticias\/#website","url":"https:\/\/franciscanos.org.br\/noticias\/","name":"Not\u00edcias - Franciscanos","description":"Prov\u00edncia Franciscana da Imaculada Concei\u00e7\u00e3o do Brasil - Ordem dos Frades Menores - OFM","potentialAction":[{"@type":"SearchAction","target":{"@type":"EntryPoint","urlTemplate":"https:\/\/franciscanos.org.br\/noticias\/?s={search_term_string}"},"query-input":"required name=search_term_string"}],"inLanguage":"pt-BR"},{"@type":"ImageObject","inLanguage":"pt-BR","@id":"https:\/\/franciscanos.org.br\/noticias\/nada-de-ameacas-no-confessionario-mas-o-perdao-do-pai.html#primaryimage","url":"https:\/\/franciscanos.org.br\/noticias\/wp-content\/uploads\/2018\/02\/marta_210317d.jpg","contentUrl":"https:\/\/franciscanos.org.br\/noticias\/wp-content\/uploads\/2018\/02\/marta_210317d.jpg","width":273,"height":181},{"@type":"WebPage","@id":"https:\/\/franciscanos.org.br\/noticias\/nada-de-ameacas-no-confessionario-mas-o-perdao-do-pai.html#webpage","url":"https:\/\/franciscanos.org.br\/noticias\/nada-de-ameacas-no-confessionario-mas-o-perdao-do-pai.html","name":"Nada de amea\u00e7as no confession\u00e1rio, mas o perd\u00e3o do Pai - Not\u00edcias - Franciscanos","isPartOf":{"@id":"https:\/\/franciscanos.org.br\/noticias\/#website"},"primaryImageOfPage":{"@id":"https:\/\/franciscanos.org.br\/noticias\/nada-de-ameacas-no-confessionario-mas-o-perdao-do-pai.html#primaryimage"},"datePublished":"2018-02-27T12:04:53+00:00","dateModified":"2020-06-07T20:18:29+00:00","author":{"@id":"https:\/\/franciscanos.org.br\/noticias\/#\/schema\/person\/b38fbf43118f02820bd932f2e4b14ad3"},"breadcrumb":{"@id":"https:\/\/franciscanos.org.br\/noticias\/nada-de-ameacas-no-confessionario-mas-o-perdao-do-pai.html#breadcrumb"},"inLanguage":"pt-BR","potentialAction":[{"@type":"ReadAction","target":["https:\/\/franciscanos.org.br\/noticias\/nada-de-ameacas-no-confessionario-mas-o-perdao-do-pai.html"]}]},{"@type":"BreadcrumbList","@id":"https:\/\/franciscanos.org.br\/noticias\/nada-de-ameacas-no-confessionario-mas-o-perdao-do-pai.html#breadcrumb","itemListElement":[{"@type":"ListItem","position":1,"name":"Home","item":"https:\/\/franciscanos.org.br\/noticias"},{"@type":"ListItem","position":2,"name":"Nada de amea\u00e7as no confession\u00e1rio, mas o perd\u00e3o do Pai"}]},{"@type":"Person","@id":"https:\/\/franciscanos.org.br\/noticias\/#\/schema\/person\/b38fbf43118f02820bd932f2e4b14ad3","name":"admin","image":{"@type":"ImageObject","inLanguage":"pt-BR","@id":"https:\/\/franciscanos.org.br\/noticias\/#\/schema\/person\/image\/","url":"https:\/\/secure.gravatar.com\/avatar\/e8495742d34d0ba6448ea1c628263b3e?s=96&d=mm&r=g","contentUrl":"https:\/\/secure.gravatar.com\/avatar\/e8495742d34d0ba6448ea1c628263b3e?s=96&d=mm&r=g","caption":"admin"},"url":"https:\/\/franciscanos.org.br\/noticias\/author\/admin"}]}},"_links":{"self":[{"href":"https:\/\/franciscanos.org.br\/noticias\/wp-json\/wp\/v2\/posts\/152995"}],"collection":[{"href":"https:\/\/franciscanos.org.br\/noticias\/wp-json\/wp\/v2\/posts"}],"about":[{"href":"https:\/\/franciscanos.org.br\/noticias\/wp-json\/wp\/v2\/types\/post"}],"author":[{"embeddable":true,"href":"https:\/\/franciscanos.org.br\/noticias\/wp-json\/wp\/v2\/users\/1"}],"replies":[{"embeddable":true,"href":"https:\/\/franciscanos.org.br\/noticias\/wp-json\/wp\/v2\/comments?post=152995"}],"version-history":[{"count":1,"href":"https:\/\/franciscanos.org.br\/noticias\/wp-json\/wp\/v2\/posts\/152995\/revisions"}],"predecessor-version":[{"id":225057,"href":"https:\/\/franciscanos.org.br\/noticias\/wp-json\/wp\/v2\/posts\/152995\/revisions\/225057"}],"wp:featuredmedia":[{"embeddable":true,"href":"https:\/\/franciscanos.org.br\/noticias\/wp-json\/wp\/v2\/media\/194762"}],"wp:attachment":[{"href":"https:\/\/franciscanos.org.br\/noticias\/wp-json\/wp\/v2\/media?parent=152995"}],"wp:term":[{"taxonomy":"category","embeddable":true,"href":"https:\/\/franciscanos.org.br\/noticias\/wp-json\/wp\/v2\/categories?post=152995"},{"taxonomy":"post_tag","embeddable":true,"href":"https:\/\/franciscanos.org.br\/noticias\/wp-json\/wp\/v2\/tags?post=152995"}],"curies":[{"name":"wp","href":"https:\/\/api.w.org\/{rel}","templated":true}]}}