{"id":152756,"date":"2018-02-26T08:35:28","date_gmt":"2018-02-26T11:35:28","guid":{"rendered":"http:\/\/franciscanos.org.br\/?p=152756"},"modified":"2020-06-07T17:19:59","modified_gmt":"2020-06-07T20:19:59","slug":"papa-pedir-a-graca-da-vergonha-e-jamais-julgar-os-outros","status":"publish","type":"post","link":"https:\/\/franciscanos.org.br\/noticias\/papa-pedir-a-graca-da-vergonha-e-jamais-julgar-os-outros.html","title":{"rendered":"Papa: pedir a gra\u00e7a da vergonha e jamais julgar os outros"},"content":{"rendered":"<p><img loading=\"lazy\" src=\"http:\/\/franciscanos.org.br\/wp-content\/uploads\/2017\/04\/marta_060417.jpg\" alt=\"marta_060417\" width=\"820\" height=\"409\" \/><\/p>\n<p><strong>Cidade do Vaticano<\/strong> &#8211; N\u00e3o julgueis e n\u00e3o sereis julgados. Na homilia da Missa celebrada na segunda-feira (26\/02) na Casa Santa Marta, o Papa Francisco repete com for\u00e7a este convite de Jesus no Evangelho do dia (Lc 6,36-38).<\/p>\n<p>Ningu\u00e9m, de fato, poder\u00e1 fugir do ju\u00edzo universal: todos seremos julgados. Nesta \u00f3tica, a Igreja faz refletir justamente sobre a atitude que temos com o pr\u00f3ximo e com Deus.<br \/>\nEm rela\u00e7\u00e3o ao pr\u00f3ximo, nos convida a n\u00e3o julgar, mas a perdoar. \u201cCada um de n\u00f3s pode pensar: \u2018Mas nunca julgo, eu n\u00e3o fa\u00e7o o juiz\u201d, notou Francisco que convidou, ao inv\u00e9s, a examinar as nossas atitudes: \u201cquantas vezes o argumento das nossas conversas \u00e9 julgar os outros!\u201d, dizendo \u201cisto n\u00e3o est\u00e1 correto\u201d. \u201cMas quem o nomeou juiz\u201d, advertiu o Papa: \u201cjulgar os outros \u00e9 algo feio \u2013 afirmou \u2013 porque o \u00fanico juiz \u00e9 o Senhor\u201d que conhece a tend\u00eancia do homem a julgar os outros:\u00a0Nas reuni\u00f5es que n\u00f3s temos, um almo\u00e7o, o que quer que seja, pensemos em duas horas de dura\u00e7\u00e3o: dessas duas horas, quanto minutos foram usados para julgar os outros? Este \u00e9 o \u2018n\u00e3o\u2019. E qual \u00e9 o \u2018sim\u2019? Sejam misericordiosos. Sejam misericordiosos como o Pai \u00e9 misericordioso. E mais: sejam generosos. Dai e vos ser\u00e1 dado. O que me ser\u00e1 dado? Uma boa medida, calcada, sacudida, transbordante. A abund\u00e2ncia da generosidade do Senhor, quando n\u00f3s seremos plenos da abund\u00e2ncia da nossa miseric\u00f3rdia em n\u00e3o julgar.<\/p>\n<p>O convite, portanto, \u00e9 ser misericordiosos com os outros porque do mesmo modo o Senhor ser\u00e1 misericordioso conosco. A segunda parte da mensagem da Igreja, hoje, \u00e9 o convite a ter uma atitude de humildade com Deus, reconhecendo-se pecadores.<\/p>\n<p>E n\u00f3s sabemos que a justi\u00e7a de Deus \u00e9 miseric\u00f3rdia. Mas\u00a0\u00e9 preciso diz\u00ea-lo: \u201cA Ti conv\u00e9m a justi\u00e7a; a n\u00f3s, a vergonha\u201d. E quando se encontra a justi\u00e7a de Deus com a nossa vergonha, ali est\u00e1 o perd\u00e3o. Eu creio que pequei contra o Senhor? Eu acredito que o Senhor \u00e9 justo? Eu acredito que \u00e9 misericordioso? Eu me vergonho diante de Deus, de ser pecador? T\u00e3o simples: a Ti a justi\u00e7a, a mim a vergonha. E pedir a gra\u00e7a da vergonha.<\/p>\n<p>Por fim, o Papa recordou que na sua l\u00edngua materna, das pessoas que fazem mal aos outros se diz \u201csem vergonha\u201d, e reiterou o convite a pedir a gra\u00e7a \u201cde que jamais nos falte a vergonha diante de Deus\u201d.<\/p>\n<p>\u00c9 uma grande gra\u00e7a, a vergonha. Assim recordamos: a atitude em rela\u00e7\u00e3o ao pr\u00f3ximo, recordar que com a medida com a qual julgo serei julgado. E se digo algo sobre o outro, que seja generosamente, com muita miseric\u00f3rdia. A atitude diante de Deus, este di\u00e1logo essencial: \u201cA Ti a justi\u00e7a, a mim a vergonha\u201d.<\/p>\n<hr \/>\n<p><em>Fonte: Vatican News<\/em><\/p>\n","protected":false},"excerpt":{"rendered":"<p>Missa em Santa Marta<\/p>\n","protected":false},"author":1,"featured_media":209066,"comment_status":"open","ping_status":"open","sticky":false,"template":"","format":"standard","meta":[],"categories":[1428],"tags":[1586],"acf":[],"yoast_head":"<!-- This site is optimized with the Yoast SEO plugin v19.2 - https:\/\/yoast.com\/wordpress\/plugins\/seo\/ -->\n<title>Papa: pedir a gra\u00e7a da vergonha e jamais julgar os outros - Not\u00edcias - Franciscanos<\/title>\n<meta name=\"robots\" content=\"index, follow, max-snippet:-1, max-image-preview:large, max-video-preview:-1\" \/>\n<link rel=\"canonical\" href=\"https:\/\/franciscanos.org.br\/noticias\/papa-pedir-a-graca-da-vergonha-e-jamais-julgar-os-outros.html\" \/>\n<meta property=\"og:locale\" content=\"pt_BR\" \/>\n<meta property=\"og:type\" content=\"article\" \/>\n<meta property=\"og:title\" content=\"Papa: pedir a gra\u00e7a da vergonha e jamais julgar os outros - Not\u00edcias - Franciscanos\" \/>\n<meta property=\"og:description\" content=\"Missa em Santa Marta\" \/>\n<meta property=\"og:url\" content=\"https:\/\/franciscanos.org.br\/noticias\/papa-pedir-a-graca-da-vergonha-e-jamais-julgar-os-outros.html\" \/>\n<meta property=\"og:site_name\" content=\"Not\u00edcias - Franciscanos\" \/>\n<meta property=\"article:published_time\" content=\"2018-02-26T11:35:28+00:00\" \/>\n<meta property=\"article:modified_time\" content=\"2020-06-07T20:19:59+00:00\" \/>\n<meta property=\"og:image\" content=\"https:\/\/franciscanos.org.br\/noticias\/wp-content\/uploads\/2018\/02\/marta_060417.jpg\" \/>\n\t<meta property=\"og:image:width\" content=\"273\" \/>\n\t<meta property=\"og:image:height\" content=\"181\" \/>\n\t<meta property=\"og:image:type\" content=\"image\/jpeg\" \/>\n<meta name=\"author\" content=\"admin\" \/>\n<meta name=\"twitter:card\" content=\"summary_large_image\" \/>\n<meta name=\"twitter:label1\" content=\"Escrito por\" \/>\n\t<meta name=\"twitter:data1\" content=\"admin\" \/>\n\t<meta name=\"twitter:label2\" content=\"Est. tempo de leitura\" \/>\n\t<meta name=\"twitter:data2\" content=\"2 minutos\" \/>\n<script type=\"application\/ld+json\" class=\"yoast-schema-graph\">{\"@context\":\"https:\/\/schema.org\",\"@graph\":[{\"@type\":\"WebSite\",\"@id\":\"https:\/\/franciscanos.org.br\/noticias\/#website\",\"url\":\"https:\/\/franciscanos.org.br\/noticias\/\",\"name\":\"Not\u00edcias - Franciscanos\",\"description\":\"Prov\u00edncia Franciscana da Imaculada Concei\u00e7\u00e3o do Brasil - Ordem dos Frades Menores - OFM\",\"potentialAction\":[{\"@type\":\"SearchAction\",\"target\":{\"@type\":\"EntryPoint\",\"urlTemplate\":\"https:\/\/franciscanos.org.br\/noticias\/?s={search_term_string}\"},\"query-input\":\"required name=search_term_string\"}],\"inLanguage\":\"pt-BR\"},{\"@type\":\"ImageObject\",\"inLanguage\":\"pt-BR\",\"@id\":\"https:\/\/franciscanos.org.br\/noticias\/papa-pedir-a-graca-da-vergonha-e-jamais-julgar-os-outros.html#primaryimage\",\"url\":\"https:\/\/franciscanos.org.br\/noticias\/wp-content\/uploads\/2018\/02\/marta_060417.jpg\",\"contentUrl\":\"https:\/\/franciscanos.org.br\/noticias\/wp-content\/uploads\/2018\/02\/marta_060417.jpg\",\"width\":273,\"height\":181},{\"@type\":\"WebPage\",\"@id\":\"https:\/\/franciscanos.org.br\/noticias\/papa-pedir-a-graca-da-vergonha-e-jamais-julgar-os-outros.html#webpage\",\"url\":\"https:\/\/franciscanos.org.br\/noticias\/papa-pedir-a-graca-da-vergonha-e-jamais-julgar-os-outros.html\",\"name\":\"Papa: pedir a gra\u00e7a da vergonha e jamais julgar os outros - Not\u00edcias - Franciscanos\",\"isPartOf\":{\"@id\":\"https:\/\/franciscanos.org.br\/noticias\/#website\"},\"primaryImageOfPage\":{\"@id\":\"https:\/\/franciscanos.org.br\/noticias\/papa-pedir-a-graca-da-vergonha-e-jamais-julgar-os-outros.html#primaryimage\"},\"datePublished\":\"2018-02-26T11:35:28+00:00\",\"dateModified\":\"2020-06-07T20:19:59+00:00\",\"author\":{\"@id\":\"https:\/\/franciscanos.org.br\/noticias\/#\/schema\/person\/b38fbf43118f02820bd932f2e4b14ad3\"},\"breadcrumb\":{\"@id\":\"https:\/\/franciscanos.org.br\/noticias\/papa-pedir-a-graca-da-vergonha-e-jamais-julgar-os-outros.html#breadcrumb\"},\"inLanguage\":\"pt-BR\",\"potentialAction\":[{\"@type\":\"ReadAction\",\"target\":[\"https:\/\/franciscanos.org.br\/noticias\/papa-pedir-a-graca-da-vergonha-e-jamais-julgar-os-outros.html\"]}]},{\"@type\":\"BreadcrumbList\",\"@id\":\"https:\/\/franciscanos.org.br\/noticias\/papa-pedir-a-graca-da-vergonha-e-jamais-julgar-os-outros.html#breadcrumb\",\"itemListElement\":[{\"@type\":\"ListItem\",\"position\":1,\"name\":\"Home\",\"item\":\"https:\/\/franciscanos.org.br\/noticias\"},{\"@type\":\"ListItem\",\"position\":2,\"name\":\"Papa: pedir a gra\u00e7a da vergonha e jamais julgar os outros\"}]},{\"@type\":\"Person\",\"@id\":\"https:\/\/franciscanos.org.br\/noticias\/#\/schema\/person\/b38fbf43118f02820bd932f2e4b14ad3\",\"name\":\"admin\",\"image\":{\"@type\":\"ImageObject\",\"inLanguage\":\"pt-BR\",\"@id\":\"https:\/\/franciscanos.org.br\/noticias\/#\/schema\/person\/image\/\",\"url\":\"https:\/\/secure.gravatar.com\/avatar\/e8495742d34d0ba6448ea1c628263b3e?s=96&d=mm&r=g\",\"contentUrl\":\"https:\/\/secure.gravatar.com\/avatar\/e8495742d34d0ba6448ea1c628263b3e?s=96&d=mm&r=g\",\"caption\":\"admin\"},\"url\":\"https:\/\/franciscanos.org.br\/noticias\/author\/admin\"}]}<\/script>\n<!-- \/ Yoast SEO plugin. -->","yoast_head_json":{"title":"Papa: pedir a gra\u00e7a da vergonha e jamais julgar os outros - Not\u00edcias - Franciscanos","robots":{"index":"index","follow":"follow","max-snippet":"max-snippet:-1","max-image-preview":"max-image-preview:large","max-video-preview":"max-video-preview:-1"},"canonical":"https:\/\/franciscanos.org.br\/noticias\/papa-pedir-a-graca-da-vergonha-e-jamais-julgar-os-outros.html","og_locale":"pt_BR","og_type":"article","og_title":"Papa: pedir a gra\u00e7a da vergonha e jamais julgar os outros - Not\u00edcias - Franciscanos","og_description":"Missa em Santa Marta","og_url":"https:\/\/franciscanos.org.br\/noticias\/papa-pedir-a-graca-da-vergonha-e-jamais-julgar-os-outros.html","og_site_name":"Not\u00edcias - Franciscanos","article_published_time":"2018-02-26T11:35:28+00:00","article_modified_time":"2020-06-07T20:19:59+00:00","og_image":[{"width":273,"height":181,"url":"https:\/\/franciscanos.org.br\/noticias\/wp-content\/uploads\/2018\/02\/marta_060417.jpg","type":"image\/jpeg"}],"author":"admin","twitter_card":"summary_large_image","twitter_misc":{"Escrito por":"admin","Est. tempo de leitura":"2 minutos"},"schema":{"@context":"https:\/\/schema.org","@graph":[{"@type":"WebSite","@id":"https:\/\/franciscanos.org.br\/noticias\/#website","url":"https:\/\/franciscanos.org.br\/noticias\/","name":"Not\u00edcias - Franciscanos","description":"Prov\u00edncia Franciscana da Imaculada Concei\u00e7\u00e3o do Brasil - Ordem dos Frades Menores - OFM","potentialAction":[{"@type":"SearchAction","target":{"@type":"EntryPoint","urlTemplate":"https:\/\/franciscanos.org.br\/noticias\/?s={search_term_string}"},"query-input":"required name=search_term_string"}],"inLanguage":"pt-BR"},{"@type":"ImageObject","inLanguage":"pt-BR","@id":"https:\/\/franciscanos.org.br\/noticias\/papa-pedir-a-graca-da-vergonha-e-jamais-julgar-os-outros.html#primaryimage","url":"https:\/\/franciscanos.org.br\/noticias\/wp-content\/uploads\/2018\/02\/marta_060417.jpg","contentUrl":"https:\/\/franciscanos.org.br\/noticias\/wp-content\/uploads\/2018\/02\/marta_060417.jpg","width":273,"height":181},{"@type":"WebPage","@id":"https:\/\/franciscanos.org.br\/noticias\/papa-pedir-a-graca-da-vergonha-e-jamais-julgar-os-outros.html#webpage","url":"https:\/\/franciscanos.org.br\/noticias\/papa-pedir-a-graca-da-vergonha-e-jamais-julgar-os-outros.html","name":"Papa: pedir a gra\u00e7a da vergonha e jamais julgar os outros - Not\u00edcias - Franciscanos","isPartOf":{"@id":"https:\/\/franciscanos.org.br\/noticias\/#website"},"primaryImageOfPage":{"@id":"https:\/\/franciscanos.org.br\/noticias\/papa-pedir-a-graca-da-vergonha-e-jamais-julgar-os-outros.html#primaryimage"},"datePublished":"2018-02-26T11:35:28+00:00","dateModified":"2020-06-07T20:19:59+00:00","author":{"@id":"https:\/\/franciscanos.org.br\/noticias\/#\/schema\/person\/b38fbf43118f02820bd932f2e4b14ad3"},"breadcrumb":{"@id":"https:\/\/franciscanos.org.br\/noticias\/papa-pedir-a-graca-da-vergonha-e-jamais-julgar-os-outros.html#breadcrumb"},"inLanguage":"pt-BR","potentialAction":[{"@type":"ReadAction","target":["https:\/\/franciscanos.org.br\/noticias\/papa-pedir-a-graca-da-vergonha-e-jamais-julgar-os-outros.html"]}]},{"@type":"BreadcrumbList","@id":"https:\/\/franciscanos.org.br\/noticias\/papa-pedir-a-graca-da-vergonha-e-jamais-julgar-os-outros.html#breadcrumb","itemListElement":[{"@type":"ListItem","position":1,"name":"Home","item":"https:\/\/franciscanos.org.br\/noticias"},{"@type":"ListItem","position":2,"name":"Papa: pedir a gra\u00e7a da vergonha e jamais julgar os outros"}]},{"@type":"Person","@id":"https:\/\/franciscanos.org.br\/noticias\/#\/schema\/person\/b38fbf43118f02820bd932f2e4b14ad3","name":"admin","image":{"@type":"ImageObject","inLanguage":"pt-BR","@id":"https:\/\/franciscanos.org.br\/noticias\/#\/schema\/person\/image\/","url":"https:\/\/secure.gravatar.com\/avatar\/e8495742d34d0ba6448ea1c628263b3e?s=96&d=mm&r=g","contentUrl":"https:\/\/secure.gravatar.com\/avatar\/e8495742d34d0ba6448ea1c628263b3e?s=96&d=mm&r=g","caption":"admin"},"url":"https:\/\/franciscanos.org.br\/noticias\/author\/admin"}]}},"_links":{"self":[{"href":"https:\/\/franciscanos.org.br\/noticias\/wp-json\/wp\/v2\/posts\/152756"}],"collection":[{"href":"https:\/\/franciscanos.org.br\/noticias\/wp-json\/wp\/v2\/posts"}],"about":[{"href":"https:\/\/franciscanos.org.br\/noticias\/wp-json\/wp\/v2\/types\/post"}],"author":[{"embeddable":true,"href":"https:\/\/franciscanos.org.br\/noticias\/wp-json\/wp\/v2\/users\/1"}],"replies":[{"embeddable":true,"href":"https:\/\/franciscanos.org.br\/noticias\/wp-json\/wp\/v2\/comments?post=152756"}],"version-history":[{"count":1,"href":"https:\/\/franciscanos.org.br\/noticias\/wp-json\/wp\/v2\/posts\/152756\/revisions"}],"predecessor-version":[{"id":225059,"href":"https:\/\/franciscanos.org.br\/noticias\/wp-json\/wp\/v2\/posts\/152756\/revisions\/225059"}],"wp:featuredmedia":[{"embeddable":true,"href":"https:\/\/franciscanos.org.br\/noticias\/wp-json\/wp\/v2\/media\/209066"}],"wp:attachment":[{"href":"https:\/\/franciscanos.org.br\/noticias\/wp-json\/wp\/v2\/media?parent=152756"}],"wp:term":[{"taxonomy":"category","embeddable":true,"href":"https:\/\/franciscanos.org.br\/noticias\/wp-json\/wp\/v2\/categories?post=152756"},{"taxonomy":"post_tag","embeddable":true,"href":"https:\/\/franciscanos.org.br\/noticias\/wp-json\/wp\/v2\/tags?post=152756"}],"curies":[{"name":"wp","href":"https:\/\/api.w.org\/{rel}","templated":true}]}}