{"id":152523,"date":"2018-02-23T08:15:46","date_gmt":"2018-02-23T11:15:46","guid":{"rendered":"http:\/\/franciscanos.org.br\/?p=152523"},"modified":"2019-01-04T11:17:16","modified_gmt":"2019-01-04T13:17:16","slug":"ministro-provincial-pede-oracoes-pelo-bom-exito-da-causa","status":"publish","type":"post","link":"https:\/\/franciscanos.org.br\/noticias\/ministro-provincial-pede-oracoes-pelo-bom-exito-da-causa.html","title":{"rendered":"Provincial pede ora\u00e7\u00f5es pelo bom \u00eaxito da Causa"},"content":{"rendered":"<p><a href=\"http:\/\/franciscanos.org.br\/wp-content\/uploads\/2018\/02\/fidencio-200.jpg\"><img loading=\"lazy\" class=\"alignleft size-full wp-image-152524\" src=\"http:\/\/franciscanos.org.br\/wp-content\/uploads\/2018\/02\/fidencio-200.jpg\" alt=\"fidencio-200\" width=\"200\" height=\"267\" \/><\/a>Para o Ministro Provincial da Prov\u00edncia Franciscana da Imaculada Concei\u00e7\u00e3o, Frei Fid\u00eancio Vanboemmel, \u00e9 com o sentimento de dever cumprido que testemunhar\u00e1 a \u00faltima sess\u00e3o do Tribunal Eclesi\u00e1stico da Diocese de Joa\u00e7aba no processo da fase diocesana da Causa de Frei Bruno Linden no dia 25 de fevereiro. Esse momento hist\u00f3rico poder\u00e1 ser visto pela multid\u00e3o antes da Caminhada Penitencial Frei Bruno, \u00e0s 8 horas em frente \u00e0 Catedral Santa Terezinha de Joa\u00e7aba, no dia 25 de fevereiro, dia da morte de Frei Bruno. Para Frei Fid\u00eancio, al\u00e9m de dever cumprido, \u00e9 uma resposta que a Prov\u00edncia da Imaculada procurou dar ao clamor do povo de Deus que h\u00e1 muitos anos via em Frei Bruno Linden um \u2018homem santo\u2019.<\/p>\n<p>Outro sentimento que o Ministro Provincial externa \u00e9 o dever de gratid\u00e3o que estende ao Bispo da Diocese de Joa\u00e7aba, D. M\u00e1rio Marquez (OFMCap). \u201cDesde que escrevi o documento oficial \u2018Libellum Supplicem\u2019, pelo qual suplicava ao Bispo a possibilidade de conduzir a Causa de Frei Bruno, Dom M\u00e1rio Marquez colocou-se por inteiro nessa causa. E assim que recebeu o \u2018nada em contr\u00e1rio\u2019 (\u201cnihil obstat\u201d) da Santa S\u00e9, ele muito se empenhou pela instala\u00e7\u00e3o do Tribunal Eclesi\u00e1stico da Diocese para a Causa do Frei Bruno, bem como acompanhou, qual pastor prudente, todo o trabalho feito nestes quase cinco anos\u201d, agradeceu Frei Fid\u00eancio rendendo gra\u00e7as a Deus por presenciar este momento onde s\u00e3o lacrados os documentos da primeira etapa da Causa do Frei Bruno e entregues aos vice-postuladores que, por sua vez, os encaminhar\u00e3o a Roma, aos cuidados do Postulador da Ordem dos Frades Menores, Frei Giuseppe Califano.<\/p>\n<p>Frei Fid\u00eancio n\u00e3o esconde sua satisfa\u00e7\u00e3o com os intensos trabalhos do Tribunal Eclesi\u00e1stico da Diocese de Joa\u00e7aba assim como a impec\u00e1vel dedica\u00e7\u00e3o da Comiss\u00e3o hist\u00f3rica. \u201cEsta satisfa\u00e7\u00e3o \u00e9 maior ainda quando se pensa na hist\u00f3ria da Restaura\u00e7\u00e3o da nossa Prov\u00edncia. O processo Diocesano pela Causa de Frei Bruno resgatou a mem\u00f3ria de um frade que sintetiza a itiner\u00e2ncia, o apostolado zeloso, a piedade, o ardor mission\u00e1rio e, sem medo de errar, a santidade de tantos outros frades alem\u00e3es que, a partir de 1891, restauraram a Prov\u00edncia Franciscana da Imaculada Concei\u00e7\u00e3o do Brasil\u201d, recorda o Ministro Provincial, pedindo ora\u00e7\u00f5es pela Causa que segue agora para a Congrega\u00e7\u00e3o para as Causas dos Santos e continuar acalentando o sonho do povo de Deus de poder ver o Processo da Causa de Frei Bruno atingir a meta final, isto \u00e9, a proclama\u00e7\u00e3o da sua santidade.<\/p>\n<p>\u201cNesse tempo, enquanto tramita em Roma a Causa do Frei Bruno precisamos orar e interceder a Deus e \u00e0 sua M\u00e3e Sant\u00edssima, a Imaculada Concei\u00e7\u00e3o de Maria, pelo bom \u00eaxito da Causa\u201d, pediu o Ministro Provincial, que chamou a aten\u00e7\u00e3o para n\u00e3o esquecer uma verdade franciscana quando se trata da possibilidade do bom \u00eaxito da Causa de Frei Bruno. \u201cS\u00e3o Francisco nos ensinou que os verdadeiros disc\u00edpulos do Bom Pastor o seguiram em todas as situa\u00e7\u00f5es: na tribula\u00e7\u00e3o, na persegui\u00e7\u00e3o, na fome, na sede, na enfermidade, no perigo, na espada e em tudo mais. Portanto, \u2018\u00e9 uma grande vergonha para n\u00f3s outros servos de Deus, terem os santos praticado tais obras, e n\u00f3s queremos receber honra e gl\u00f3ria somente por contar e pregar o que eles fizeram\u2019 (5\u00aa Admoesta\u00e7\u00e3o)\u201d.<\/p>\n<p>&nbsp;<\/p>\n","protected":false},"excerpt":{"rendered":"<p>Causa de Frei Bruno Linden<\/p>\n","protected":false},"author":1,"featured_media":193873,"comment_status":"open","ping_status":"open","sticky":false,"template":"","format":"standard","meta":[],"categories":[1],"tags":[873],"acf":[],"yoast_head":"<!-- This site is optimized with the Yoast SEO plugin v19.2 - https:\/\/yoast.com\/wordpress\/plugins\/seo\/ -->\n<title>Provincial pede ora\u00e7\u00f5es pelo bom \u00eaxito da Causa - Not\u00edcias - Franciscanos<\/title>\n<meta name=\"robots\" content=\"index, follow, max-snippet:-1, max-image-preview:large, max-video-preview:-1\" \/>\n<link rel=\"canonical\" href=\"https:\/\/franciscanos.org.br\/noticias\/ministro-provincial-pede-oracoes-pelo-bom-exito-da-causa.html\" \/>\n<meta property=\"og:locale\" content=\"pt_BR\" \/>\n<meta property=\"og:type\" content=\"article\" \/>\n<meta property=\"og:title\" content=\"Provincial pede ora\u00e7\u00f5es pelo bom \u00eaxito da Causa - Not\u00edcias - Franciscanos\" \/>\n<meta property=\"og:description\" content=\"Causa de Frei Bruno Linden\" \/>\n<meta property=\"og:url\" content=\"https:\/\/franciscanos.org.br\/noticias\/ministro-provincial-pede-oracoes-pelo-bom-exito-da-causa.html\" \/>\n<meta property=\"og:site_name\" content=\"Not\u00edcias - Franciscanos\" \/>\n<meta property=\"article:published_time\" content=\"2018-02-23T11:15:46+00:00\" \/>\n<meta property=\"article:modified_time\" content=\"2019-01-04T13:17:16+00:00\" \/>\n<meta property=\"og:image\" content=\"https:\/\/franciscanos.org.br\/noticias\/wp-content\/uploads\/2018\/04\/benfeitores_300418d.jpg\" \/>\n\t<meta property=\"og:image:width\" content=\"273\" \/>\n\t<meta property=\"og:image:height\" content=\"181\" \/>\n\t<meta property=\"og:image:type\" content=\"image\/jpeg\" \/>\n<meta name=\"author\" content=\"admin\" \/>\n<meta name=\"twitter:card\" content=\"summary_large_image\" \/>\n<meta name=\"twitter:label1\" content=\"Escrito por\" \/>\n\t<meta name=\"twitter:data1\" content=\"admin\" \/>\n\t<meta name=\"twitter:label2\" content=\"Est. tempo de leitura\" \/>\n\t<meta name=\"twitter:data2\" content=\"3 minutos\" \/>\n<script type=\"application\/ld+json\" class=\"yoast-schema-graph\">{\"@context\":\"https:\/\/schema.org\",\"@graph\":[{\"@type\":\"WebSite\",\"@id\":\"https:\/\/franciscanos.org.br\/noticias\/#website\",\"url\":\"https:\/\/franciscanos.org.br\/noticias\/\",\"name\":\"Not\u00edcias - Franciscanos\",\"description\":\"Prov\u00edncia Franciscana da Imaculada Concei\u00e7\u00e3o do Brasil - Ordem dos Frades Menores - OFM\",\"potentialAction\":[{\"@type\":\"SearchAction\",\"target\":{\"@type\":\"EntryPoint\",\"urlTemplate\":\"https:\/\/franciscanos.org.br\/noticias\/?s={search_term_string}\"},\"query-input\":\"required name=search_term_string\"}],\"inLanguage\":\"pt-BR\"},{\"@type\":\"ImageObject\",\"inLanguage\":\"pt-BR\",\"@id\":\"https:\/\/franciscanos.org.br\/noticias\/ministro-provincial-pede-oracoes-pelo-bom-exito-da-causa.html#primaryimage\",\"url\":\"https:\/\/franciscanos.org.br\/noticias\/wp-content\/uploads\/2018\/04\/benfeitores_300418d.jpg\",\"contentUrl\":\"https:\/\/franciscanos.org.br\/noticias\/wp-content\/uploads\/2018\/04\/benfeitores_300418d.jpg\",\"width\":273,\"height\":181},{\"@type\":\"WebPage\",\"@id\":\"https:\/\/franciscanos.org.br\/noticias\/ministro-provincial-pede-oracoes-pelo-bom-exito-da-causa.html#webpage\",\"url\":\"https:\/\/franciscanos.org.br\/noticias\/ministro-provincial-pede-oracoes-pelo-bom-exito-da-causa.html\",\"name\":\"Provincial pede ora\u00e7\u00f5es pelo bom \u00eaxito da Causa - Not\u00edcias - Franciscanos\",\"isPartOf\":{\"@id\":\"https:\/\/franciscanos.org.br\/noticias\/#website\"},\"primaryImageOfPage\":{\"@id\":\"https:\/\/franciscanos.org.br\/noticias\/ministro-provincial-pede-oracoes-pelo-bom-exito-da-causa.html#primaryimage\"},\"datePublished\":\"2018-02-23T11:15:46+00:00\",\"dateModified\":\"2019-01-04T13:17:16+00:00\",\"author\":{\"@id\":\"https:\/\/franciscanos.org.br\/noticias\/#\/schema\/person\/b38fbf43118f02820bd932f2e4b14ad3\"},\"breadcrumb\":{\"@id\":\"https:\/\/franciscanos.org.br\/noticias\/ministro-provincial-pede-oracoes-pelo-bom-exito-da-causa.html#breadcrumb\"},\"inLanguage\":\"pt-BR\",\"potentialAction\":[{\"@type\":\"ReadAction\",\"target\":[\"https:\/\/franciscanos.org.br\/noticias\/ministro-provincial-pede-oracoes-pelo-bom-exito-da-causa.html\"]}]},{\"@type\":\"BreadcrumbList\",\"@id\":\"https:\/\/franciscanos.org.br\/noticias\/ministro-provincial-pede-oracoes-pelo-bom-exito-da-causa.html#breadcrumb\",\"itemListElement\":[{\"@type\":\"ListItem\",\"position\":1,\"name\":\"Home\",\"item\":\"https:\/\/franciscanos.org.br\/noticias\"},{\"@type\":\"ListItem\",\"position\":2,\"name\":\"Provincial pede ora\u00e7\u00f5es pelo bom \u00eaxito da Causa\"}]},{\"@type\":\"Person\",\"@id\":\"https:\/\/franciscanos.org.br\/noticias\/#\/schema\/person\/b38fbf43118f02820bd932f2e4b14ad3\",\"name\":\"admin\",\"image\":{\"@type\":\"ImageObject\",\"inLanguage\":\"pt-BR\",\"@id\":\"https:\/\/franciscanos.org.br\/noticias\/#\/schema\/person\/image\/\",\"url\":\"https:\/\/secure.gravatar.com\/avatar\/e8495742d34d0ba6448ea1c628263b3e?s=96&d=mm&r=g\",\"contentUrl\":\"https:\/\/secure.gravatar.com\/avatar\/e8495742d34d0ba6448ea1c628263b3e?s=96&d=mm&r=g\",\"caption\":\"admin\"},\"url\":\"https:\/\/franciscanos.org.br\/noticias\/author\/admin\"}]}<\/script>\n<!-- \/ Yoast SEO plugin. -->","yoast_head_json":{"title":"Provincial pede ora\u00e7\u00f5es pelo bom \u00eaxito da Causa - Not\u00edcias - Franciscanos","robots":{"index":"index","follow":"follow","max-snippet":"max-snippet:-1","max-image-preview":"max-image-preview:large","max-video-preview":"max-video-preview:-1"},"canonical":"https:\/\/franciscanos.org.br\/noticias\/ministro-provincial-pede-oracoes-pelo-bom-exito-da-causa.html","og_locale":"pt_BR","og_type":"article","og_title":"Provincial pede ora\u00e7\u00f5es pelo bom \u00eaxito da Causa - Not\u00edcias - Franciscanos","og_description":"Causa de Frei Bruno Linden","og_url":"https:\/\/franciscanos.org.br\/noticias\/ministro-provincial-pede-oracoes-pelo-bom-exito-da-causa.html","og_site_name":"Not\u00edcias - Franciscanos","article_published_time":"2018-02-23T11:15:46+00:00","article_modified_time":"2019-01-04T13:17:16+00:00","og_image":[{"width":273,"height":181,"url":"https:\/\/franciscanos.org.br\/noticias\/wp-content\/uploads\/2018\/04\/benfeitores_300418d.jpg","type":"image\/jpeg"}],"author":"admin","twitter_card":"summary_large_image","twitter_misc":{"Escrito por":"admin","Est. tempo de leitura":"3 minutos"},"schema":{"@context":"https:\/\/schema.org","@graph":[{"@type":"WebSite","@id":"https:\/\/franciscanos.org.br\/noticias\/#website","url":"https:\/\/franciscanos.org.br\/noticias\/","name":"Not\u00edcias - Franciscanos","description":"Prov\u00edncia Franciscana da Imaculada Concei\u00e7\u00e3o do Brasil - Ordem dos Frades Menores - OFM","potentialAction":[{"@type":"SearchAction","target":{"@type":"EntryPoint","urlTemplate":"https:\/\/franciscanos.org.br\/noticias\/?s={search_term_string}"},"query-input":"required name=search_term_string"}],"inLanguage":"pt-BR"},{"@type":"ImageObject","inLanguage":"pt-BR","@id":"https:\/\/franciscanos.org.br\/noticias\/ministro-provincial-pede-oracoes-pelo-bom-exito-da-causa.html#primaryimage","url":"https:\/\/franciscanos.org.br\/noticias\/wp-content\/uploads\/2018\/04\/benfeitores_300418d.jpg","contentUrl":"https:\/\/franciscanos.org.br\/noticias\/wp-content\/uploads\/2018\/04\/benfeitores_300418d.jpg","width":273,"height":181},{"@type":"WebPage","@id":"https:\/\/franciscanos.org.br\/noticias\/ministro-provincial-pede-oracoes-pelo-bom-exito-da-causa.html#webpage","url":"https:\/\/franciscanos.org.br\/noticias\/ministro-provincial-pede-oracoes-pelo-bom-exito-da-causa.html","name":"Provincial pede ora\u00e7\u00f5es pelo bom \u00eaxito da Causa - Not\u00edcias - Franciscanos","isPartOf":{"@id":"https:\/\/franciscanos.org.br\/noticias\/#website"},"primaryImageOfPage":{"@id":"https:\/\/franciscanos.org.br\/noticias\/ministro-provincial-pede-oracoes-pelo-bom-exito-da-causa.html#primaryimage"},"datePublished":"2018-02-23T11:15:46+00:00","dateModified":"2019-01-04T13:17:16+00:00","author":{"@id":"https:\/\/franciscanos.org.br\/noticias\/#\/schema\/person\/b38fbf43118f02820bd932f2e4b14ad3"},"breadcrumb":{"@id":"https:\/\/franciscanos.org.br\/noticias\/ministro-provincial-pede-oracoes-pelo-bom-exito-da-causa.html#breadcrumb"},"inLanguage":"pt-BR","potentialAction":[{"@type":"ReadAction","target":["https:\/\/franciscanos.org.br\/noticias\/ministro-provincial-pede-oracoes-pelo-bom-exito-da-causa.html"]}]},{"@type":"BreadcrumbList","@id":"https:\/\/franciscanos.org.br\/noticias\/ministro-provincial-pede-oracoes-pelo-bom-exito-da-causa.html#breadcrumb","itemListElement":[{"@type":"ListItem","position":1,"name":"Home","item":"https:\/\/franciscanos.org.br\/noticias"},{"@type":"ListItem","position":2,"name":"Provincial pede ora\u00e7\u00f5es pelo bom \u00eaxito da Causa"}]},{"@type":"Person","@id":"https:\/\/franciscanos.org.br\/noticias\/#\/schema\/person\/b38fbf43118f02820bd932f2e4b14ad3","name":"admin","image":{"@type":"ImageObject","inLanguage":"pt-BR","@id":"https:\/\/franciscanos.org.br\/noticias\/#\/schema\/person\/image\/","url":"https:\/\/secure.gravatar.com\/avatar\/e8495742d34d0ba6448ea1c628263b3e?s=96&d=mm&r=g","contentUrl":"https:\/\/secure.gravatar.com\/avatar\/e8495742d34d0ba6448ea1c628263b3e?s=96&d=mm&r=g","caption":"admin"},"url":"https:\/\/franciscanos.org.br\/noticias\/author\/admin"}]}},"_links":{"self":[{"href":"https:\/\/franciscanos.org.br\/noticias\/wp-json\/wp\/v2\/posts\/152523"}],"collection":[{"href":"https:\/\/franciscanos.org.br\/noticias\/wp-json\/wp\/v2\/posts"}],"about":[{"href":"https:\/\/franciscanos.org.br\/noticias\/wp-json\/wp\/v2\/types\/post"}],"author":[{"embeddable":true,"href":"https:\/\/franciscanos.org.br\/noticias\/wp-json\/wp\/v2\/users\/1"}],"replies":[{"embeddable":true,"href":"https:\/\/franciscanos.org.br\/noticias\/wp-json\/wp\/v2\/comments?post=152523"}],"version-history":[{"count":0,"href":"https:\/\/franciscanos.org.br\/noticias\/wp-json\/wp\/v2\/posts\/152523\/revisions"}],"wp:featuredmedia":[{"embeddable":true,"href":"https:\/\/franciscanos.org.br\/noticias\/wp-json\/wp\/v2\/media\/193873"}],"wp:attachment":[{"href":"https:\/\/franciscanos.org.br\/noticias\/wp-json\/wp\/v2\/media?parent=152523"}],"wp:term":[{"taxonomy":"category","embeddable":true,"href":"https:\/\/franciscanos.org.br\/noticias\/wp-json\/wp\/v2\/categories?post=152523"},{"taxonomy":"post_tag","embeddable":true,"href":"https:\/\/franciscanos.org.br\/noticias\/wp-json\/wp\/v2\/tags?post=152523"}],"curies":[{"name":"wp","href":"https:\/\/api.w.org\/{rel}","templated":true}]}}