{"id":152450,"date":"2018-02-22T08:07:12","date_gmt":"2018-02-22T11:07:12","guid":{"rendered":"http:\/\/franciscanos.org.br\/?p=152450"},"modified":"2019-03-16T09:29:09","modified_gmt":"2019-03-16T12:29:09","slug":"frei-clarencio-teve-o-privilegio-de-conhecer-frei-bruno-e-escrever-sua-biografia","status":"publish","type":"post","link":"https:\/\/franciscanos.org.br\/noticias\/frei-clarencio-teve-o-privilegio-de-conhecer-frei-bruno-e-escrever-sua-biografia.html","title":{"rendered":"A simplicidade de Frei Bruno aparece em todos os depoimentos, diz presidente da Comiss\u00e3o Hist\u00f3rica"},"content":{"rendered":"<p><a href=\"http:\/\/franciscanos.org.br\/wp-content\/uploads\/2018\/02\/clarencio.jpg\"><img loading=\"lazy\" class=\"alignleft size-full wp-image-152451\" src=\"http:\/\/franciscanos.org.br\/wp-content\/uploads\/2018\/02\/clarencio.jpg\" alt=\"clarencio\" width=\"200\" height=\"267\" \/><\/a>Um pouco antes da Caminhada Penitencial Frei Bruno, \u00e0s 8 horas do dia 25 de fevereiro, o povo poder\u00e1 ver a \u00faltima sess\u00e3o solene do Tribunal Eclesi\u00e1stico para a Causa de Frei Bruno Linden em frente \u00e0 Catedral Santa Terezinha de Joa\u00e7aba, presidida pelo bispo diocesano de Joa\u00e7aba, D. M\u00e1rio Marquez (OFMCap). Al\u00e9m de todas as autoridades religiosas e civis, participar\u00e3o deste momento hist\u00f3rico os representantes da Comiss\u00e3o Hist\u00f3rica do processo: Frei Clar\u00eancio Neotti e Iraci Lopes.<\/p>\n<p>Frei Clar\u00eancio \u00e9 um dos poucos frades da Prov\u00edncia que teve o privil\u00e9gio de conhecer Frei Bruno, frade franciscano que deixou suas marcas de santidade no estado de Santa Catarina, principalmente no Oeste e no Vale do Itaja\u00ed. \u201cCrian\u00e7a de 10 anos ajudei a Missa de Frei Bruno, quando, na Quaresma de 1945 visitou as Irm\u00e3s Catequistas em Ribeir\u00e3o Grande. Voltei a ver Frei Bruno durante o meu noviciado em 1955\u201d, conta Frei Clar\u00eancio, que, no entanto, lembra que conheceu a \u201cgrandeza de Frei Bruno\u201d como presidente da Comiss\u00e3o Hist\u00f3rica. \u201cNessa qualidade, tive em m\u00e3os todos os documentos sobre ele ou produzidos por ele ou surgidos em torno dele e de sua fama de santo, depois de sua morte\u201d, observou o frade.<\/p>\n<h3><strong>Sabedoria e simplicidade<\/strong><\/h3>\n<p>\u201cEu sabia, pelo conhecimento da vida de S\u00e3o Francisco e de outros santos, que a simplicidade tem uma grandeza que n\u00e3o se mede por metro humano. Sabia tamb\u00e9m que S\u00e3o Francisco considerava a simplicidade irm\u00e3 g\u00eamea da sabedoria. Estas duas qualidades em Frei Bruno se destacam muito no levantamento hist\u00f3rico que fizemos. A simplicidade aparece em todos os depoimentos, ora destacada na pobreza de suas roupas ou na frugalidade de sua comida, ora no trato carinhoso e extremamente humano com as pessoas ou no modo de solucionar dificuldades administrativas\u201d, revela Frei Clar\u00eancio.<\/p>\n<p>Quando Jesus come\u00e7ou a pregar na Sinagoga de Nazar\u00e9, o povo se perguntava: \u2018De onde lhe vem essa sabedoria\u2019 (<em>Mc<\/em> 6,2). O espanto vinha do fato de eles n\u00e3o entenderem que um homem de fam\u00edlia e vida simples pudesse ser t\u00e3o s\u00e1bio nas palavras e ensinamentos. Com Frei Bruno aconteceu exatamente a mesma coisa. N\u00e3o fizera cursos extraordin\u00e1rios, n\u00e3o tinha t\u00edtulos acad\u00eamicos. Mas tinha simplicidade em abund\u00e2ncia, por isso era s\u00e1bio na opini\u00e3o e no aconselhamento. De fato, o cultivo da simplicidade gera a sabedoria que, por sua vez, produz o santo\u201d, acrescenta Frei Clar\u00eancio.<\/p>\n<p>Segundo o frade, ao longo do processo se perguntou se Frei Bruno demonstrou em grau heroico a f\u00e9, a esperan\u00e7a e a caridade. \u201cDiante de todos os documentos que recolhemos, e tendo-os lido in\u00fameras vezes, me convenci de que as tr\u00eas virtudes s\u00f3 crescem, se plantadas no canteiro da simplicidade, que tamb\u00e9m se chama humildade. Duvido que haja alguma santidade que n\u00e3o tenha as ra\u00edzes na simplicidade\u201d, afirmou Frei Clar\u00eancio.<\/p>\n<p>Como presidente da Comiss\u00e3o Hist\u00f3rica, Frei Clar\u00eancio \u00e9 autor do livro \u201cFrei Bruno Linden, tudo para todos\u201d, lan\u00e7ado em 2014 por ocasi\u00e3o da Romaria Penitencial de Frei Bruno. Frei Clar\u00eancio, que reside em Vila Velha (ES), onde \u00e9 Vig\u00e1rio Paroquial no Santu\u00e1rio do Divino Esp\u00edrito Santo, \u00e9 jornalista e escritor.<\/p>\n","protected":false},"excerpt":{"rendered":"<p>Causa de Frei Bruno Linden<\/p>\n","protected":false},"author":1,"featured_media":201518,"comment_status":"open","ping_status":"open","sticky":false,"template":"","format":"standard","meta":[],"categories":[1],"tags":[873],"acf":[],"yoast_head":"<!-- This site is optimized with the Yoast SEO plugin v19.2 - https:\/\/yoast.com\/wordpress\/plugins\/seo\/ -->\n<title>A simplicidade de Frei Bruno aparece em todos os depoimentos, diz presidente da Comiss\u00e3o Hist\u00f3rica - Not\u00edcias - Franciscanos<\/title>\n<meta name=\"robots\" content=\"index, follow, max-snippet:-1, max-image-preview:large, max-video-preview:-1\" \/>\n<link rel=\"canonical\" href=\"https:\/\/franciscanos.org.br\/noticias\/frei-clarencio-teve-o-privilegio-de-conhecer-frei-bruno-e-escrever-sua-biografia.html\" \/>\n<meta property=\"og:locale\" content=\"pt_BR\" \/>\n<meta property=\"og:type\" content=\"article\" \/>\n<meta property=\"og:title\" content=\"A simplicidade de Frei Bruno aparece em todos os depoimentos, diz presidente da Comiss\u00e3o Hist\u00f3rica - Not\u00edcias - Franciscanos\" \/>\n<meta property=\"og:description\" content=\"Causa de Frei Bruno Linden\" \/>\n<meta property=\"og:url\" content=\"https:\/\/franciscanos.org.br\/noticias\/frei-clarencio-teve-o-privilegio-de-conhecer-frei-bruno-e-escrever-sua-biografia.html\" \/>\n<meta property=\"og:site_name\" content=\"Not\u00edcias - Franciscanos\" \/>\n<meta property=\"article:published_time\" content=\"2018-02-22T11:07:12+00:00\" \/>\n<meta property=\"article:modified_time\" content=\"2019-03-16T12:29:09+00:00\" \/>\n<meta property=\"og:image\" content=\"https:\/\/franciscanos.org.br\/noticias\/wp-content\/uploads\/2018\/02\/bruno_160118.jpg\" \/>\n\t<meta property=\"og:image:width\" content=\"273\" \/>\n\t<meta property=\"og:image:height\" content=\"181\" \/>\n\t<meta property=\"og:image:type\" content=\"image\/jpeg\" \/>\n<meta name=\"author\" content=\"admin\" \/>\n<meta name=\"twitter:card\" content=\"summary_large_image\" \/>\n<meta name=\"twitter:label1\" content=\"Escrito por\" \/>\n\t<meta name=\"twitter:data1\" content=\"admin\" \/>\n\t<meta name=\"twitter:label2\" content=\"Est. tempo de leitura\" \/>\n\t<meta name=\"twitter:data2\" content=\"3 minutos\" \/>\n<script type=\"application\/ld+json\" class=\"yoast-schema-graph\">{\"@context\":\"https:\/\/schema.org\",\"@graph\":[{\"@type\":\"WebSite\",\"@id\":\"https:\/\/franciscanos.org.br\/noticias\/#website\",\"url\":\"https:\/\/franciscanos.org.br\/noticias\/\",\"name\":\"Not\u00edcias - Franciscanos\",\"description\":\"Prov\u00edncia Franciscana da Imaculada Concei\u00e7\u00e3o do Brasil - Ordem dos Frades Menores - OFM\",\"potentialAction\":[{\"@type\":\"SearchAction\",\"target\":{\"@type\":\"EntryPoint\",\"urlTemplate\":\"https:\/\/franciscanos.org.br\/noticias\/?s={search_term_string}\"},\"query-input\":\"required name=search_term_string\"}],\"inLanguage\":\"pt-BR\"},{\"@type\":\"ImageObject\",\"inLanguage\":\"pt-BR\",\"@id\":\"https:\/\/franciscanos.org.br\/noticias\/frei-clarencio-teve-o-privilegio-de-conhecer-frei-bruno-e-escrever-sua-biografia.html#primaryimage\",\"url\":\"https:\/\/franciscanos.org.br\/noticias\/wp-content\/uploads\/2018\/02\/bruno_160118.jpg\",\"contentUrl\":\"https:\/\/franciscanos.org.br\/noticias\/wp-content\/uploads\/2018\/02\/bruno_160118.jpg\",\"width\":273,\"height\":181},{\"@type\":\"WebPage\",\"@id\":\"https:\/\/franciscanos.org.br\/noticias\/frei-clarencio-teve-o-privilegio-de-conhecer-frei-bruno-e-escrever-sua-biografia.html#webpage\",\"url\":\"https:\/\/franciscanos.org.br\/noticias\/frei-clarencio-teve-o-privilegio-de-conhecer-frei-bruno-e-escrever-sua-biografia.html\",\"name\":\"A simplicidade de Frei Bruno aparece em todos os depoimentos, diz presidente da Comiss\u00e3o Hist\u00f3rica - Not\u00edcias - Franciscanos\",\"isPartOf\":{\"@id\":\"https:\/\/franciscanos.org.br\/noticias\/#website\"},\"primaryImageOfPage\":{\"@id\":\"https:\/\/franciscanos.org.br\/noticias\/frei-clarencio-teve-o-privilegio-de-conhecer-frei-bruno-e-escrever-sua-biografia.html#primaryimage\"},\"datePublished\":\"2018-02-22T11:07:12+00:00\",\"dateModified\":\"2019-03-16T12:29:09+00:00\",\"author\":{\"@id\":\"https:\/\/franciscanos.org.br\/noticias\/#\/schema\/person\/b38fbf43118f02820bd932f2e4b14ad3\"},\"breadcrumb\":{\"@id\":\"https:\/\/franciscanos.org.br\/noticias\/frei-clarencio-teve-o-privilegio-de-conhecer-frei-bruno-e-escrever-sua-biografia.html#breadcrumb\"},\"inLanguage\":\"pt-BR\",\"potentialAction\":[{\"@type\":\"ReadAction\",\"target\":[\"https:\/\/franciscanos.org.br\/noticias\/frei-clarencio-teve-o-privilegio-de-conhecer-frei-bruno-e-escrever-sua-biografia.html\"]}]},{\"@type\":\"BreadcrumbList\",\"@id\":\"https:\/\/franciscanos.org.br\/noticias\/frei-clarencio-teve-o-privilegio-de-conhecer-frei-bruno-e-escrever-sua-biografia.html#breadcrumb\",\"itemListElement\":[{\"@type\":\"ListItem\",\"position\":1,\"name\":\"Home\",\"item\":\"https:\/\/franciscanos.org.br\/noticias\"},{\"@type\":\"ListItem\",\"position\":2,\"name\":\"A simplicidade de Frei Bruno aparece em todos os depoimentos, diz presidente da Comiss\u00e3o Hist\u00f3rica\"}]},{\"@type\":\"Person\",\"@id\":\"https:\/\/franciscanos.org.br\/noticias\/#\/schema\/person\/b38fbf43118f02820bd932f2e4b14ad3\",\"name\":\"admin\",\"image\":{\"@type\":\"ImageObject\",\"inLanguage\":\"pt-BR\",\"@id\":\"https:\/\/franciscanos.org.br\/noticias\/#\/schema\/person\/image\/\",\"url\":\"https:\/\/secure.gravatar.com\/avatar\/e8495742d34d0ba6448ea1c628263b3e?s=96&d=mm&r=g\",\"contentUrl\":\"https:\/\/secure.gravatar.com\/avatar\/e8495742d34d0ba6448ea1c628263b3e?s=96&d=mm&r=g\",\"caption\":\"admin\"},\"url\":\"https:\/\/franciscanos.org.br\/noticias\/author\/admin\"}]}<\/script>\n<!-- \/ Yoast SEO plugin. -->","yoast_head_json":{"title":"A simplicidade de Frei Bruno aparece em todos os depoimentos, diz presidente da Comiss\u00e3o Hist\u00f3rica - Not\u00edcias - Franciscanos","robots":{"index":"index","follow":"follow","max-snippet":"max-snippet:-1","max-image-preview":"max-image-preview:large","max-video-preview":"max-video-preview:-1"},"canonical":"https:\/\/franciscanos.org.br\/noticias\/frei-clarencio-teve-o-privilegio-de-conhecer-frei-bruno-e-escrever-sua-biografia.html","og_locale":"pt_BR","og_type":"article","og_title":"A simplicidade de Frei Bruno aparece em todos os depoimentos, diz presidente da Comiss\u00e3o Hist\u00f3rica - Not\u00edcias - Franciscanos","og_description":"Causa de Frei Bruno Linden","og_url":"https:\/\/franciscanos.org.br\/noticias\/frei-clarencio-teve-o-privilegio-de-conhecer-frei-bruno-e-escrever-sua-biografia.html","og_site_name":"Not\u00edcias - Franciscanos","article_published_time":"2018-02-22T11:07:12+00:00","article_modified_time":"2019-03-16T12:29:09+00:00","og_image":[{"width":273,"height":181,"url":"https:\/\/franciscanos.org.br\/noticias\/wp-content\/uploads\/2018\/02\/bruno_160118.jpg","type":"image\/jpeg"}],"author":"admin","twitter_card":"summary_large_image","twitter_misc":{"Escrito por":"admin","Est. tempo de leitura":"3 minutos"},"schema":{"@context":"https:\/\/schema.org","@graph":[{"@type":"WebSite","@id":"https:\/\/franciscanos.org.br\/noticias\/#website","url":"https:\/\/franciscanos.org.br\/noticias\/","name":"Not\u00edcias - Franciscanos","description":"Prov\u00edncia Franciscana da Imaculada Concei\u00e7\u00e3o do Brasil - Ordem dos Frades Menores - OFM","potentialAction":[{"@type":"SearchAction","target":{"@type":"EntryPoint","urlTemplate":"https:\/\/franciscanos.org.br\/noticias\/?s={search_term_string}"},"query-input":"required name=search_term_string"}],"inLanguage":"pt-BR"},{"@type":"ImageObject","inLanguage":"pt-BR","@id":"https:\/\/franciscanos.org.br\/noticias\/frei-clarencio-teve-o-privilegio-de-conhecer-frei-bruno-e-escrever-sua-biografia.html#primaryimage","url":"https:\/\/franciscanos.org.br\/noticias\/wp-content\/uploads\/2018\/02\/bruno_160118.jpg","contentUrl":"https:\/\/franciscanos.org.br\/noticias\/wp-content\/uploads\/2018\/02\/bruno_160118.jpg","width":273,"height":181},{"@type":"WebPage","@id":"https:\/\/franciscanos.org.br\/noticias\/frei-clarencio-teve-o-privilegio-de-conhecer-frei-bruno-e-escrever-sua-biografia.html#webpage","url":"https:\/\/franciscanos.org.br\/noticias\/frei-clarencio-teve-o-privilegio-de-conhecer-frei-bruno-e-escrever-sua-biografia.html","name":"A simplicidade de Frei Bruno aparece em todos os depoimentos, diz presidente da Comiss\u00e3o Hist\u00f3rica - Not\u00edcias - Franciscanos","isPartOf":{"@id":"https:\/\/franciscanos.org.br\/noticias\/#website"},"primaryImageOfPage":{"@id":"https:\/\/franciscanos.org.br\/noticias\/frei-clarencio-teve-o-privilegio-de-conhecer-frei-bruno-e-escrever-sua-biografia.html#primaryimage"},"datePublished":"2018-02-22T11:07:12+00:00","dateModified":"2019-03-16T12:29:09+00:00","author":{"@id":"https:\/\/franciscanos.org.br\/noticias\/#\/schema\/person\/b38fbf43118f02820bd932f2e4b14ad3"},"breadcrumb":{"@id":"https:\/\/franciscanos.org.br\/noticias\/frei-clarencio-teve-o-privilegio-de-conhecer-frei-bruno-e-escrever-sua-biografia.html#breadcrumb"},"inLanguage":"pt-BR","potentialAction":[{"@type":"ReadAction","target":["https:\/\/franciscanos.org.br\/noticias\/frei-clarencio-teve-o-privilegio-de-conhecer-frei-bruno-e-escrever-sua-biografia.html"]}]},{"@type":"BreadcrumbList","@id":"https:\/\/franciscanos.org.br\/noticias\/frei-clarencio-teve-o-privilegio-de-conhecer-frei-bruno-e-escrever-sua-biografia.html#breadcrumb","itemListElement":[{"@type":"ListItem","position":1,"name":"Home","item":"https:\/\/franciscanos.org.br\/noticias"},{"@type":"ListItem","position":2,"name":"A simplicidade de Frei Bruno aparece em todos os depoimentos, diz presidente da Comiss\u00e3o Hist\u00f3rica"}]},{"@type":"Person","@id":"https:\/\/franciscanos.org.br\/noticias\/#\/schema\/person\/b38fbf43118f02820bd932f2e4b14ad3","name":"admin","image":{"@type":"ImageObject","inLanguage":"pt-BR","@id":"https:\/\/franciscanos.org.br\/noticias\/#\/schema\/person\/image\/","url":"https:\/\/secure.gravatar.com\/avatar\/e8495742d34d0ba6448ea1c628263b3e?s=96&d=mm&r=g","contentUrl":"https:\/\/secure.gravatar.com\/avatar\/e8495742d34d0ba6448ea1c628263b3e?s=96&d=mm&r=g","caption":"admin"},"url":"https:\/\/franciscanos.org.br\/noticias\/author\/admin"}]}},"_links":{"self":[{"href":"https:\/\/franciscanos.org.br\/noticias\/wp-json\/wp\/v2\/posts\/152450"}],"collection":[{"href":"https:\/\/franciscanos.org.br\/noticias\/wp-json\/wp\/v2\/posts"}],"about":[{"href":"https:\/\/franciscanos.org.br\/noticias\/wp-json\/wp\/v2\/types\/post"}],"author":[{"embeddable":true,"href":"https:\/\/franciscanos.org.br\/noticias\/wp-json\/wp\/v2\/users\/1"}],"replies":[{"embeddable":true,"href":"https:\/\/franciscanos.org.br\/noticias\/wp-json\/wp\/v2\/comments?post=152450"}],"version-history":[{"count":0,"href":"https:\/\/franciscanos.org.br\/noticias\/wp-json\/wp\/v2\/posts\/152450\/revisions"}],"wp:featuredmedia":[{"embeddable":true,"href":"https:\/\/franciscanos.org.br\/noticias\/wp-json\/wp\/v2\/media\/201518"}],"wp:attachment":[{"href":"https:\/\/franciscanos.org.br\/noticias\/wp-json\/wp\/v2\/media?parent=152450"}],"wp:term":[{"taxonomy":"category","embeddable":true,"href":"https:\/\/franciscanos.org.br\/noticias\/wp-json\/wp\/v2\/categories?post=152450"},{"taxonomy":"post_tag","embeddable":true,"href":"https:\/\/franciscanos.org.br\/noticias\/wp-json\/wp\/v2\/tags?post=152450"}],"curies":[{"name":"wp","href":"https:\/\/api.w.org\/{rel}","templated":true}]}}