{"id":152063,"date":"2018-02-19T13:42:23","date_gmt":"2018-02-19T16:42:23","guid":{"rendered":"http:\/\/franciscanos.org.br\/?p=152063"},"modified":"2019-08-08T09:33:44","modified_gmt":"2019-08-08T12:33:44","slug":"provincia-lanca-serie-de-entrevistas-sobre-cf","status":"publish","type":"post","link":"https:\/\/franciscanos.org.br\/noticias\/provincia-lanca-serie-de-entrevistas-sobre-cf.html","title":{"rendered":"CF 2018: Prov\u00edncia lan\u00e7a s\u00e9rie de entrevistas"},"content":{"rendered":"<p><img loading=\"lazy\" class=\"alignleft size-full wp-image-179065\" src=\"http:\/\/franciscanos.org.br\/2018\/wp-content\/uploads\/2018\/02\/cf2018-840.jpg\" alt=\"\" width=\"840\" height=\"450\" srcset=\"https:\/\/franciscanos.org.br\/noticias\/wp-content\/uploads\/2018\/02\/cf2018-840.jpg 840w, https:\/\/franciscanos.org.br\/noticias\/wp-content\/uploads\/2018\/02\/cf2018-840-450x241.jpg 450w, https:\/\/franciscanos.org.br\/noticias\/wp-content\/uploads\/2018\/02\/cf2018-840-768x411.jpg 768w, https:\/\/franciscanos.org.br\/noticias\/wp-content\/uploads\/2018\/02\/cf2018-840-150x80.jpg 150w\" sizes=\"(max-width: 840px) 100vw, 840px\" \/><\/p>\n<p><strong>S\u00e3o Paulo (SP) &#8211;<\/strong> Para ajudar na reflex\u00e3o da Campanha da Fraternidade 2018, a Prov\u00edncia Franciscana, atrav\u00e9s da Frente de Evangeliza\u00e7\u00e3o da Comunica\u00e7\u00e3o, produziu uma s\u00e9rie de entrevistas, disponibilizada na plataforma <a href=\"https:\/\/soundcloud.com\/provincia-franciscana\" target=\"_blank\" rel=\"noopener noreferrer\">Soundcloud<\/a>. A Campanha da Fraternidade deste ano traz como tema \u201cFraternidade e supera\u00e7\u00e3o da viol\u00eancia\u201d e como lema \u201cV\u00f3s sois todos irm\u00e3os\u201d.<\/p>\n<p>O objetivo \u00e9 ajudar o ouvinte a refletir e buscar formas de superar a viol\u00eancia em todos os seus aspectos, empenhando-se na busca da paz e da solidariedade. Este Especial apresenta tamb\u00e9m alguns exemplos de iniciativas j\u00e1 realizadas que caminham nesta dire\u00e7\u00e3o.<\/p>\n<p>Al\u00e9m da reprodu\u00e7\u00e3o nas emissoras, os \u00e1udios poder\u00e3o ser utilizados para forma\u00e7\u00e3o de agentes pastorais, agentes comunit\u00e1rios, catequistas e tamb\u00e9m para reprodu\u00e7\u00e3o em m\u00eddias sociais.<\/p>\n<p>O material teve produ\u00e7\u00e3o\u00a0do Departamento de Comunica\u00e7\u00e3o da Prov\u00edncia\u00a0e contou com a colabora\u00e7\u00e3o da equipe da Universidade S\u00e3o Francisco (USF) e da Funda\u00e7\u00e3o Cultural Celinauta.<\/p>\n<p>Para acessar o conte\u00fado, acesse o SoundCloud da Prov\u00edncia, no link:\u00a0<a href=\"https:\/\/soundcloud.com\/provincia-franciscana\/sets\/cf-2018\" target=\"_blank\" rel=\"noopener noreferrer\"><strong>https:\/\/soundcloud.com\/provincia-franciscana\/sets\/cf-2018<\/strong><\/a>. Tamb\u00e9m \u00e9 poss\u00edvel escut\u00e1-los em aplicativos de podcast, como o <strong><a href=\"https:\/\/tunein.com\/radio\/Provncia-Franciscana-p968634\/\" target=\"_blank\" rel=\"noopener noreferrer\">TuneIn<\/a><\/strong> e <strong><a href=\"https:\/\/castbox.fm\/channel\/Prov\u00edncia-Franciscana-id499431?country=br\" target=\"_blank\" rel=\"noopener noreferrer\">CastBox<\/a><\/strong>.<\/p>\n<p>Acompanhe os primeiros epis\u00f3dios j\u00e1 disponibilizados:<\/p>\n<p><strong><a href=\"https:\/\/soundcloud.com\/provincia-franciscana\/01-apresentacao-da-cf-2018-parte-01?in=provincia-franciscana\/sets\/cf-2018\" target=\"_blank\" rel=\"noopener noreferrer\">Apresenta\u00e7\u00e3o da Campanha da Fraternidade (parte 1)<\/a><\/strong><br \/>\nEntrevistado: Dom Leonardo Ulrich Steiner \u2013 Bispo Auxiliar de Bras\u00edlia e Secret\u00e1rio-Geral da CNBB.<\/p>\n<p><strong><a href=\"https:\/\/soundcloud.com\/provincia-franciscana\/02-apresentacao-da-cf-2018-02?in=provincia-franciscana\/sets\/cf-2018\" target=\"_blank\" rel=\"noopener noreferrer\">Apresenta\u00e7\u00e3o da Campanha da Fraternidade (parte 2)<\/a><\/strong><br \/>\nEntrevistado: Dom Leonardo Ulrich Steiner \u2013 Bispo Auxiliar de Bras\u00edlia e Secret\u00e1rio-Geral da CNBB.<\/p>\n<p><strong><a href=\"https:\/\/soundcloud.com\/provincia-franciscana\/03-apresentacao-da-cf-2018-parte-03?in=provincia-franciscana\/sets\/cf-2018\" target=\"_blank\" rel=\"noopener noreferrer\">Apresenta\u00e7\u00e3o da Campanha da Fraternidade (parte 3)<\/a><\/strong><br \/>\nEntrevistado: Dom Leonardo Ulrich Steiner \u2013 Bispo Auxiliar de Bras\u00edlia e Secret\u00e1rio-Geral da CNBB.<\/p>\n<p><strong><a href=\"https:\/\/soundcloud.com\/provincia-franciscana\/04-composicao-do-hino-01?in=provincia-franciscana\/sets\/cf-2018\" target=\"_blank\" rel=\"noopener noreferrer\"> Hino da Campanha da Fraternidade (parte 1)<\/a><\/strong><br \/>\nEntrevistado: Frei Zilmar Augusto, OFM, compositor da letra do hino da Campanha da Fraternidade 2018.<\/p>\n<p><strong><a href=\"https:\/\/soundcloud.com\/provincia-franciscana\/05-composicao-do-hino-02?in=provincia-franciscana\/sets\/cf-2018\" target=\"_blank\" rel=\"noopener noreferrer\">Hino da Campanha da Fraternidade (parte 2)<\/a><\/strong><br \/>\nEntrevistado: Frei Zilmar Augusto, OFM, compositor da letra do hino da Campanha da Fraternidade 2018.<\/p>\n<p><strong><a href=\"https:\/\/soundcloud.com\/provincia-franciscana\/06-injustica-social-e-violencia-01?in=provincia-franciscana\/sets\/cf-2018\" target=\"_blank\" rel=\"noopener noreferrer\">Injusti\u00e7a social e viol\u00eancia (parte 1)<\/a><\/strong><br \/>\nEntrevistada: Vald\u00eania Aparecida Paulino, Centro de Direitos Humanos de Sapopemba (SP).<\/p>\n<p><strong><a href=\"https:\/\/soundcloud.com\/provincia-franciscana\/07-injustica-social-e-violencia-parte-02?in=provincia-franciscana\/sets\/cf-2018\" target=\"_blank\" rel=\"noopener noreferrer\">Injusti\u00e7a social e viol\u00eancia (parte 2)<\/a><\/strong><br \/>\nEntrevistada: Vald\u00eania Aparecida Paulino, Centro de Direitos Humanos de Sapopemba (SP).<\/p>\n<p><strong><a href=\"https:\/\/soundcloud.com\/provincia-franciscana\/08-injustica-social-e-violencia-parte-03?in=provincia-franciscana\/sets\/cf-2018\" target=\"_blank\" rel=\"noopener noreferrer\">Injusti\u00e7a social e viol\u00eancia (parte 3)<\/a><\/strong><br \/>\nEntrevistada: Vald\u00eania Aparecida Paulino, Centro de Direitos Humanos de Sapopemba (SP).<\/p>\n<p><strong><a href=\"https:\/\/soundcloud.com\/provincia-franciscana\/09-populacao-em-situacao-de-rua-parte-01?in=provincia-franciscana\/sets\/cf-2018\" target=\"_blank\" rel=\"noopener noreferrer\">Popula\u00e7\u00e3o em situa\u00e7\u00e3o de rua (parte 1)<\/a><\/strong><br \/>\nEntrevistado: Pe. Julio Lancellotti, Vig\u00e1rio Episcopal para a Pastoral do Povo da Rua na Arquidiocese de S\u00e3o Paulo.<\/p>\n<p><strong><a href=\"https:\/\/soundcloud.com\/provincia-franciscana\/10-populacao-em-situacao-de-rua-parte-02?in=provincia-franciscana\/sets\/cf-2018\" target=\"_blank\" rel=\"noopener noreferrer\">Popula\u00e7\u00e3o em situa\u00e7\u00e3o de rua (parte 2)<\/a><\/strong><br \/>\nEntrevistado: Pe. Julio Lancellotti, Vig\u00e1rio Episcopal para a Pastoral do Povo da Rua na Arquidiocese de S\u00e3o Paulo.<\/p>\n<p><strong><a href=\"https:\/\/soundcloud.com\/provincia-franciscana\/11-jornalismo-e-superacao-da-violencia-01?in=provincia-franciscana\/sets\/cf-2018\">Jornalismo e supera\u00e7\u00e3o da viol\u00eancia &#8211; parte 1 | parte 2 | parte 3<\/a><\/strong><br \/>\nEntrevistado: Ricardo Bedendo \u2013 Professor do departamento de T\u00e9cnicas Profissionais e Conte\u00fados Estrat\u00e9gicos da Faculdade de Comunica\u00e7\u00e3o Social da UFJF.<\/p>\n<p><strong><a href=\"https:\/\/soundcloud.com\/provincia-franciscana\/14-combate-as-drogas-parte-01?in=provincia-franciscana\/sets\/cf-2018\">Combate \u00e0s drogas &#8211; parte 1 | parte 2<\/a><\/strong><br \/>\nEntrevistada: Adelaide Albegaria \u2013 Coordenadora do Curso de Direito da Universidade S\u00e3o Francisco, Campinas.<\/p>\n<p><strong><a href=\"https:\/\/soundcloud.com\/provincia-franciscana\/16-dialogo-inter-religioso-parte-01?in=provincia-franciscana\/sets\/cf-2018\">Di\u00e1logo inter-religioso &#8211; parte 1 | parte 2<\/a><\/strong><br \/>\nEntrevistado: C\u00f4nego Jos\u00e9 Bizon \u2013 Diretor da Casa da Reconcilia\u00e7\u00e3o e respons\u00e1vel da Pastoral do Di\u00e1logo Ecum\u00eanico e Inter-Religioso da Arquidiocese de S\u00e3o Paulo.<\/p>\n<p><strong><a href=\"https:\/\/soundcloud.com\/provincia-franciscana\/18-cultura-de-paz-parte-01?in=provincia-franciscana\/sets\/cf-2018\" target=\"_blank\" rel=\"noopener noreferrer\">Cultura de paz &#8211; parte 1 | parte 2<\/a><\/strong><br \/>\nEntrevistada: Vera Lucia Rolim Salles \u2013 Professora do Departamento de Comunica\u00e7\u00e3o Social da Universidade Federal do Maranh\u00e3o.<\/p>\n<p><strong><a href=\"https:\/\/soundcloud.com\/provincia-franciscana\/20-ecumenismo-e-superacao-da-violencia-parte-01?in=provincia-franciscana\/sets\/cf-2018\" target=\"_blank\" rel=\"noopener noreferrer\">Ecumenismo e supera\u00e7\u00e3o da viol\u00eancia &#8211; parte 1 | parte 2<\/a><\/strong><br \/>\nEntrevistada: Pastora Luterana Romi Marcia Bencke \u2013 Secret\u00e1ria Geral do CONIC (Conselho Nacional das Igrejas Crist\u00e3s).<\/p>\n<p><strong>Budismo e a cultura de n\u00e3o-viol\u00eancia &#8211;\u00a0<a href=\"https:\/\/soundcloud.com\/provincia-franciscana\/24-budismo-e-a-cultura-da-nao-violencia-01?in=provincia-franciscana\/sets\/cf-2018\" target=\"_blank\" rel=\"noopener noreferrer\">parte 1<\/a>\u00a0|\u00a0<a href=\"https:\/\/soundcloud.com\/provincia-franciscana\/25-budismo-e-a-cultura-da-nao-violencia-02?in=provincia-franciscana\/sets\/cf-2018\" target=\"_blank\" rel=\"noopener noreferrer\">parte 2<\/a><\/strong><\/p>\n<p>Entrevistada: Monja Coen\u00a0\u2013 presidenta do Conselho Religioso da Comunidade Zen Budista Zendo Brasil e do Vila Zen do Rio Grande do Sul.<\/p>\n<p><strong>Justi\u00e7a Restaurativa &#8211;\u00a0<a href=\"https:\/\/soundcloud.com\/provincia-franciscana\/22-justica-restaurativa-01?in=provincia-franciscana\/sets\/cf-2018\" target=\"_blank\" rel=\"noopener noreferrer\">parte 1<\/a>\u00a0|\u00a0<a href=\"https:\/\/soundcloud.com\/provincia-franciscana\/23-justica-restaurativa-02?in=provincia-franciscana\/sets\/cf-2018\" target=\"_blank\" rel=\"noopener noreferrer\">parte 2<\/a><\/strong><\/p>\n<p>Entrevistada: Carla Boin, advogada, p\u00f3s-graduada\u00a0em media\u00e7\u00e3o, autora do livro Media\u00e7\u00e3o e Justi\u00e7a Restaurativa: A humaniza\u00e7\u00e3o do Sistema Processual como forma de Realiza\u00e7\u00e3o dos Princ\u00edpios Constitucionais.<\/p>\n<p><strong>Mulheres no c\u00e1rcere\u00a0<a href=\"https:\/\/soundcloud.com\/provincia-franciscana\/26-mulheres-no-carcere-01?in=provincia-franciscana\/sets\/cf-2018\" target=\"_blank\" rel=\"noopener noreferrer\">parte 1<\/a>\u00a0|\u00a0<a href=\"https:\/\/soundcloud.com\/provincia-franciscana\/27-mulheres-no-carcere-02?in=provincia-franciscana\/sets\/cf-2018\" target=\"_blank\" rel=\"noopener noreferrer\">parte 2<\/a><\/strong><\/p>\n<p>Entrevistada: Ir. Petra Silvia Pfaller, Coordenadora Nacional para Quest\u00e3o da Mulher Presa (Pastoral Carcer\u00e1ria)<\/p>\n<p><strong>Pastoral Carcer\u00e1ria &#8211;\u00a0<a href=\"https:\/\/soundcloud.com\/provincia-franciscana\/28-pastoral-carceraria-01?in=provincia-franciscana\/sets\/cf-2018\" target=\"_blank\" rel=\"noopener noreferrer\">parte 1<\/a>\u00a0|\u00a0<a href=\"https:\/\/soundcloud.com\/provincia-franciscana\/29-pastoral-carceraria-02?in=provincia-franciscana\/sets\/cf-2018\" target=\"_blank\" rel=\"noopener noreferrer\">parte 2<\/a><\/strong><\/p>\n<p>Entrevistado: Marcelo Naves, assessor de imprensa da Pastoral Carcer\u00e1ria Nacional<\/p>\n<p><strong>Viol\u00eancia Juvenil\u00a0<a href=\"https:\/\/soundcloud.com\/provincia-franciscana\/30-violencia-juvenil-01?in=provincia-franciscana\/sets\/cf-2018\" target=\"_blank\" rel=\"noopener noreferrer\">parte 1<\/a>\u00a0|\u00a0<a href=\"https:\/\/soundcloud.com\/provincia-franciscana\/31-violencia-juvenil-02?in=provincia-franciscana\/sets\/cf-2018\" target=\"_blank\" rel=\"noopener noreferrer\">parte 2<\/a><\/strong><\/p>\n<p>Entrevistado: Dyego Servolo, membro da Pastoral da Juventude e do Movimento de F\u00e9 e Pol\u00edtica.<\/p>\n<p><a href=\"https:\/\/soundcloud.com\/provincia-franciscana\/32-floresta-que-cresce?in=provincia-franciscana\/sets\/cf-2018\" target=\"_blank\" rel=\"noopener noreferrer\"><strong>Projeto Floresta que cresce\u00a0(Arsenal da Esperan\u00e7a)<\/strong><\/a><\/p>\n<p>Entrevistado: Marco Vitale, membro do SERMIG, Fraternidade da Esperan\u00e7a, do Arsenal da Esperan\u00e7a (SP).<\/p>\n<p><strong>CLIQUE ABAIXO PARA OUVIR:<\/strong><\/p>\n<p><iframe loading=\"lazy\" src=\"https:\/\/w.soundcloud.com\/player\/?url=https%3A\/\/api.soundcloud.com\/playlists\/452396673&amp;color=%23ff5500&amp;auto_play=false&amp;hide_related=false&amp;show_comments=true&amp;show_user=true&amp;show_reposts=false&amp;show_teaser=true&amp;visual=true\" width=\"100%\" height=\"300\" frameborder=\"no\" scrolling=\"no\"><\/iframe><\/p>\n","protected":false},"excerpt":{"rendered":"<p>CF 2018<\/p>\n","protected":false},"author":1,"featured_media":209105,"comment_status":"open","ping_status":"open","sticky":false,"template":"","format":"standard","meta":[],"categories":[758],"tags":[],"acf":[],"yoast_head":"<!-- This site is optimized with the Yoast SEO plugin v19.2 - https:\/\/yoast.com\/wordpress\/plugins\/seo\/ -->\n<title>CF 2018: Prov\u00edncia lan\u00e7a s\u00e9rie de entrevistas - Not\u00edcias - Franciscanos<\/title>\n<meta name=\"robots\" content=\"index, follow, max-snippet:-1, max-image-preview:large, max-video-preview:-1\" \/>\n<link rel=\"canonical\" href=\"https:\/\/franciscanos.org.br\/noticias\/provincia-lanca-serie-de-entrevistas-sobre-cf.html\" \/>\n<meta property=\"og:locale\" content=\"pt_BR\" \/>\n<meta property=\"og:type\" content=\"article\" \/>\n<meta property=\"og:title\" content=\"CF 2018: Prov\u00edncia lan\u00e7a s\u00e9rie de entrevistas - Not\u00edcias - Franciscanos\" \/>\n<meta property=\"og:description\" content=\"CF 2018\" \/>\n<meta property=\"og:url\" content=\"https:\/\/franciscanos.org.br\/noticias\/provincia-lanca-serie-de-entrevistas-sobre-cf.html\" \/>\n<meta property=\"og:site_name\" content=\"Not\u00edcias - Franciscanos\" \/>\n<meta property=\"article:published_time\" content=\"2018-02-19T16:42:23+00:00\" \/>\n<meta property=\"article:modified_time\" content=\"2019-08-08T12:33:44+00:00\" \/>\n<meta property=\"og:image\" content=\"https:\/\/franciscanos.org.br\/noticias\/wp-content\/uploads\/2018\/02\/cf2018-840-1.jpg\" \/>\n\t<meta property=\"og:image:width\" content=\"273\" \/>\n\t<meta property=\"og:image:height\" content=\"181\" \/>\n\t<meta property=\"og:image:type\" content=\"image\/jpeg\" \/>\n<meta name=\"author\" content=\"admin\" \/>\n<meta name=\"twitter:card\" content=\"summary_large_image\" \/>\n<meta name=\"twitter:label1\" content=\"Escrito por\" \/>\n\t<meta name=\"twitter:data1\" content=\"admin\" \/>\n\t<meta name=\"twitter:label2\" content=\"Est. tempo de leitura\" \/>\n\t<meta name=\"twitter:data2\" content=\"4 minutos\" \/>\n<script type=\"application\/ld+json\" class=\"yoast-schema-graph\">{\"@context\":\"https:\/\/schema.org\",\"@graph\":[{\"@type\":\"WebSite\",\"@id\":\"https:\/\/franciscanos.org.br\/noticias\/#website\",\"url\":\"https:\/\/franciscanos.org.br\/noticias\/\",\"name\":\"Not\u00edcias - Franciscanos\",\"description\":\"Prov\u00edncia Franciscana da Imaculada Concei\u00e7\u00e3o do Brasil - Ordem dos Frades Menores - OFM\",\"potentialAction\":[{\"@type\":\"SearchAction\",\"target\":{\"@type\":\"EntryPoint\",\"urlTemplate\":\"https:\/\/franciscanos.org.br\/noticias\/?s={search_term_string}\"},\"query-input\":\"required name=search_term_string\"}],\"inLanguage\":\"pt-BR\"},{\"@type\":\"ImageObject\",\"inLanguage\":\"pt-BR\",\"@id\":\"https:\/\/franciscanos.org.br\/noticias\/provincia-lanca-serie-de-entrevistas-sobre-cf.html#primaryimage\",\"url\":\"https:\/\/franciscanos.org.br\/noticias\/wp-content\/uploads\/2018\/02\/cf2018-840-1.jpg\",\"contentUrl\":\"https:\/\/franciscanos.org.br\/noticias\/wp-content\/uploads\/2018\/02\/cf2018-840-1.jpg\",\"width\":273,\"height\":181},{\"@type\":\"WebPage\",\"@id\":\"https:\/\/franciscanos.org.br\/noticias\/provincia-lanca-serie-de-entrevistas-sobre-cf.html#webpage\",\"url\":\"https:\/\/franciscanos.org.br\/noticias\/provincia-lanca-serie-de-entrevistas-sobre-cf.html\",\"name\":\"CF 2018: Prov\u00edncia lan\u00e7a s\u00e9rie de entrevistas - Not\u00edcias - Franciscanos\",\"isPartOf\":{\"@id\":\"https:\/\/franciscanos.org.br\/noticias\/#website\"},\"primaryImageOfPage\":{\"@id\":\"https:\/\/franciscanos.org.br\/noticias\/provincia-lanca-serie-de-entrevistas-sobre-cf.html#primaryimage\"},\"datePublished\":\"2018-02-19T16:42:23+00:00\",\"dateModified\":\"2019-08-08T12:33:44+00:00\",\"author\":{\"@id\":\"https:\/\/franciscanos.org.br\/noticias\/#\/schema\/person\/b38fbf43118f02820bd932f2e4b14ad3\"},\"breadcrumb\":{\"@id\":\"https:\/\/franciscanos.org.br\/noticias\/provincia-lanca-serie-de-entrevistas-sobre-cf.html#breadcrumb\"},\"inLanguage\":\"pt-BR\",\"potentialAction\":[{\"@type\":\"ReadAction\",\"target\":[\"https:\/\/franciscanos.org.br\/noticias\/provincia-lanca-serie-de-entrevistas-sobre-cf.html\"]}]},{\"@type\":\"BreadcrumbList\",\"@id\":\"https:\/\/franciscanos.org.br\/noticias\/provincia-lanca-serie-de-entrevistas-sobre-cf.html#breadcrumb\",\"itemListElement\":[{\"@type\":\"ListItem\",\"position\":1,\"name\":\"Home\",\"item\":\"https:\/\/franciscanos.org.br\/noticias\"},{\"@type\":\"ListItem\",\"position\":2,\"name\":\"CF 2018: Prov\u00edncia lan\u00e7a s\u00e9rie de entrevistas\"}]},{\"@type\":\"Person\",\"@id\":\"https:\/\/franciscanos.org.br\/noticias\/#\/schema\/person\/b38fbf43118f02820bd932f2e4b14ad3\",\"name\":\"admin\",\"image\":{\"@type\":\"ImageObject\",\"inLanguage\":\"pt-BR\",\"@id\":\"https:\/\/franciscanos.org.br\/noticias\/#\/schema\/person\/image\/\",\"url\":\"https:\/\/secure.gravatar.com\/avatar\/e8495742d34d0ba6448ea1c628263b3e?s=96&d=mm&r=g\",\"contentUrl\":\"https:\/\/secure.gravatar.com\/avatar\/e8495742d34d0ba6448ea1c628263b3e?s=96&d=mm&r=g\",\"caption\":\"admin\"},\"url\":\"https:\/\/franciscanos.org.br\/noticias\/author\/admin\"}]}<\/script>\n<!-- \/ Yoast SEO plugin. -->","yoast_head_json":{"title":"CF 2018: Prov\u00edncia lan\u00e7a s\u00e9rie de entrevistas - Not\u00edcias - Franciscanos","robots":{"index":"index","follow":"follow","max-snippet":"max-snippet:-1","max-image-preview":"max-image-preview:large","max-video-preview":"max-video-preview:-1"},"canonical":"https:\/\/franciscanos.org.br\/noticias\/provincia-lanca-serie-de-entrevistas-sobre-cf.html","og_locale":"pt_BR","og_type":"article","og_title":"CF 2018: Prov\u00edncia lan\u00e7a s\u00e9rie de entrevistas - Not\u00edcias - Franciscanos","og_description":"CF 2018","og_url":"https:\/\/franciscanos.org.br\/noticias\/provincia-lanca-serie-de-entrevistas-sobre-cf.html","og_site_name":"Not\u00edcias - Franciscanos","article_published_time":"2018-02-19T16:42:23+00:00","article_modified_time":"2019-08-08T12:33:44+00:00","og_image":[{"width":273,"height":181,"url":"https:\/\/franciscanos.org.br\/noticias\/wp-content\/uploads\/2018\/02\/cf2018-840-1.jpg","type":"image\/jpeg"}],"author":"admin","twitter_card":"summary_large_image","twitter_misc":{"Escrito por":"admin","Est. tempo de leitura":"4 minutos"},"schema":{"@context":"https:\/\/schema.org","@graph":[{"@type":"WebSite","@id":"https:\/\/franciscanos.org.br\/noticias\/#website","url":"https:\/\/franciscanos.org.br\/noticias\/","name":"Not\u00edcias - Franciscanos","description":"Prov\u00edncia Franciscana da Imaculada Concei\u00e7\u00e3o do Brasil - Ordem dos Frades Menores - OFM","potentialAction":[{"@type":"SearchAction","target":{"@type":"EntryPoint","urlTemplate":"https:\/\/franciscanos.org.br\/noticias\/?s={search_term_string}"},"query-input":"required name=search_term_string"}],"inLanguage":"pt-BR"},{"@type":"ImageObject","inLanguage":"pt-BR","@id":"https:\/\/franciscanos.org.br\/noticias\/provincia-lanca-serie-de-entrevistas-sobre-cf.html#primaryimage","url":"https:\/\/franciscanos.org.br\/noticias\/wp-content\/uploads\/2018\/02\/cf2018-840-1.jpg","contentUrl":"https:\/\/franciscanos.org.br\/noticias\/wp-content\/uploads\/2018\/02\/cf2018-840-1.jpg","width":273,"height":181},{"@type":"WebPage","@id":"https:\/\/franciscanos.org.br\/noticias\/provincia-lanca-serie-de-entrevistas-sobre-cf.html#webpage","url":"https:\/\/franciscanos.org.br\/noticias\/provincia-lanca-serie-de-entrevistas-sobre-cf.html","name":"CF 2018: Prov\u00edncia lan\u00e7a s\u00e9rie de entrevistas - Not\u00edcias - Franciscanos","isPartOf":{"@id":"https:\/\/franciscanos.org.br\/noticias\/#website"},"primaryImageOfPage":{"@id":"https:\/\/franciscanos.org.br\/noticias\/provincia-lanca-serie-de-entrevistas-sobre-cf.html#primaryimage"},"datePublished":"2018-02-19T16:42:23+00:00","dateModified":"2019-08-08T12:33:44+00:00","author":{"@id":"https:\/\/franciscanos.org.br\/noticias\/#\/schema\/person\/b38fbf43118f02820bd932f2e4b14ad3"},"breadcrumb":{"@id":"https:\/\/franciscanos.org.br\/noticias\/provincia-lanca-serie-de-entrevistas-sobre-cf.html#breadcrumb"},"inLanguage":"pt-BR","potentialAction":[{"@type":"ReadAction","target":["https:\/\/franciscanos.org.br\/noticias\/provincia-lanca-serie-de-entrevistas-sobre-cf.html"]}]},{"@type":"BreadcrumbList","@id":"https:\/\/franciscanos.org.br\/noticias\/provincia-lanca-serie-de-entrevistas-sobre-cf.html#breadcrumb","itemListElement":[{"@type":"ListItem","position":1,"name":"Home","item":"https:\/\/franciscanos.org.br\/noticias"},{"@type":"ListItem","position":2,"name":"CF 2018: Prov\u00edncia lan\u00e7a s\u00e9rie de entrevistas"}]},{"@type":"Person","@id":"https:\/\/franciscanos.org.br\/noticias\/#\/schema\/person\/b38fbf43118f02820bd932f2e4b14ad3","name":"admin","image":{"@type":"ImageObject","inLanguage":"pt-BR","@id":"https:\/\/franciscanos.org.br\/noticias\/#\/schema\/person\/image\/","url":"https:\/\/secure.gravatar.com\/avatar\/e8495742d34d0ba6448ea1c628263b3e?s=96&d=mm&r=g","contentUrl":"https:\/\/secure.gravatar.com\/avatar\/e8495742d34d0ba6448ea1c628263b3e?s=96&d=mm&r=g","caption":"admin"},"url":"https:\/\/franciscanos.org.br\/noticias\/author\/admin"}]}},"_links":{"self":[{"href":"https:\/\/franciscanos.org.br\/noticias\/wp-json\/wp\/v2\/posts\/152063"}],"collection":[{"href":"https:\/\/franciscanos.org.br\/noticias\/wp-json\/wp\/v2\/posts"}],"about":[{"href":"https:\/\/franciscanos.org.br\/noticias\/wp-json\/wp\/v2\/types\/post"}],"author":[{"embeddable":true,"href":"https:\/\/franciscanos.org.br\/noticias\/wp-json\/wp\/v2\/users\/1"}],"replies":[{"embeddable":true,"href":"https:\/\/franciscanos.org.br\/noticias\/wp-json\/wp\/v2\/comments?post=152063"}],"version-history":[{"count":0,"href":"https:\/\/franciscanos.org.br\/noticias\/wp-json\/wp\/v2\/posts\/152063\/revisions"}],"wp:featuredmedia":[{"embeddable":true,"href":"https:\/\/franciscanos.org.br\/noticias\/wp-json\/wp\/v2\/media\/209105"}],"wp:attachment":[{"href":"https:\/\/franciscanos.org.br\/noticias\/wp-json\/wp\/v2\/media?parent=152063"}],"wp:term":[{"taxonomy":"category","embeddable":true,"href":"https:\/\/franciscanos.org.br\/noticias\/wp-json\/wp\/v2\/categories?post=152063"},{"taxonomy":"post_tag","embeddable":true,"href":"https:\/\/franciscanos.org.br\/noticias\/wp-json\/wp\/v2\/tags?post=152063"}],"curies":[{"name":"wp","href":"https:\/\/api.w.org\/{rel}","templated":true}]}}