{"id":151959,"date":"2018-02-17T20:54:56","date_gmt":"2018-02-17T22:54:56","guid":{"rendered":"http:\/\/franciscanos.org.br\/?p=151959"},"modified":"2019-01-04T12:28:12","modified_gmt":"2019-01-04T14:28:12","slug":"sejamos-os-primeiros-a-abrir-nossas-vidas-para-a-constante-renovacao-de-nossas-mentes-e-coracoes","status":"publish","type":"post","link":"https:\/\/franciscanos.org.br\/noticias\/sejamos-os-primeiros-a-abrir-nossas-vidas-para-a-constante-renovacao-de-nossas-mentes-e-coracoes.html","title":{"rendered":"Sejamos os primeiros a abrir nossas vidas para a renova\u00e7\u00e3o"},"content":{"rendered":"<p><strong>S\u00e3o Paulo (SP)<\/strong> &#8211; A Celebra\u00e7\u00e3o Eucar\u00edstica \u00e0s 16h30 deste s\u00e1bado (17\/02), presidida pelo Ministro Geral da Ordem dos Frades Menores, Frei Michael Perry, encerrou o Encontro do Definit\u00f3rio Geral com os Ministros e Cust\u00f3dios das Confer\u00eancias dos Frades Menores do Brasil e do Cone Sul. Desde a \u00faltima segunda-feira, os frades se reuniram no Convento S\u00e3o Francisco (SP) com a miss\u00e3o de animar a Ordem e vivenciar um pouco a eclesiologia e o franciscanismo inseridos nas realidades desses pa\u00edses da Am\u00e9rica Latina.<\/p>\n<p>Durante a manh\u00e3 deste s\u00e1bado, os frades se reuniram para avaliarem as propostas surgidas neste Encontro e tra\u00e7ar um itiner\u00e1rio de compromissos. Durante uma semana, Frei Michael apontou problemas como a amea\u00e7a do clericalismo \u00e0 identidade de Irm\u00e3os Menores, insistiu na voca\u00e7\u00e3o para formar fraternidades onde se reconhece a presen\u00e7a de Deus em cada um dos irm\u00e3os e n\u00e3o economizou em palavras de esperan\u00e7as. Sua homilia de encerramento, deixou bem claro esta mensagem de persist\u00eancia e compromisso para recuperar e renovar a identidade carism\u00e1tica e evang\u00e9lica da Ordem dos Frades Menores.<\/p>\n<p><img loading=\"lazy\" class=\"alignleft size-full wp-image-151965\" src=\"http:\/\/franciscanos.org.br\/wp-content\/uploads\/2018\/02\/encerramento_170218_3.jpg\" alt=\"encerramento_170218_3\" width=\"318\" height=\"500\" \/>Sua reflex\u00e3o teve como base a tenta\u00e7\u00e3o de Jesus no deserto, o evangelho deste domingo. &#8220;Talvez esse pequeno detalhe possa indicar que Jesus reconhece que a tenta\u00e7\u00e3o de abandonar o chamado de Deus ou renunciar \u00e0 identidade que recebemos como filhos de Deus e co-herdeiros com Cristo \u00e9 um desafio de todos os dias&#8221;, disse.<\/p>\n<p>E segundo ele, a primeira li\u00e7\u00e3o concreta disso \u00e9: todos os dias estamos sujeitos a fraquezas. &#8220;Mas tamb\u00e9m, todos os dias, o Senhor quer que renovemos nossa resposta, deixemo-nos encher de esperan\u00e7a, de modo que, com criatividade e compromisso, vivamos a nossa voca\u00e7\u00e3o de irm\u00e3os e menores. N\u00e3o podemos dizer: hoje sim e amanh\u00e3 veremos. Mas &#8230; <em>Todos os dias!<\/em> Minha resposta <strong>\u00e9 todos os dias<\/strong>. Com for\u00e7as ou sem elas, com vigor ou fraqueza, com fertilidade ou aridez, o Senhor aguarda minha resposta todos os dias. &#8216;Agora fa\u00e7o novas todas as coisas&#8217; (Ap 21, 5)&#8221;, animou.<\/p>\n<p>&#8220;O tema do discipulado crist\u00e3o no Evangelho de S\u00e3o Marcos est\u00e1 diretamente relacionado \u00e0 ideia de que a identidade \u00e9 algo que deve ser continuamente reafirmado. Por esta raz\u00e3o, a Forma\u00e7\u00e3o Permanente em nossa rela\u00e7\u00e3o pessoal com Cristo e entre n\u00f3s como comunidade de f\u00e9 e fraternidade da Ordem \u00e9 fundamental para perseverar no compromisso que fizemos diante de Deus. Mas a Forma\u00e7\u00e3o Permanente tamb\u00e9m tem outro prop\u00f3sito: nos mant\u00e9m alerta aos novos sinais dos tempos, \u00e0s novas oportunidades para viver mais plenamente a vida evang\u00e9lica mesmo em meio \u00e0 confus\u00e3o da mudan\u00e7a constante, \u00e0 instabilidade e \u00e0s amea\u00e7as \u00e0 dignidade humana ou \u00e0 integridade da cria\u00e7\u00e3o&#8221;, ensinou.<\/p>\n<p><img loading=\"lazy\" src=\"http:\/\/franciscanos.org.br\/wp-content\/uploads\/2018\/02\/encerramento_170218_2.jpg\" alt=\"encerramento_170218_2\" width=\"830\" height=\"334\" \/><\/p>\n<p>Para o Ministro Geral, o \u00fanico ant\u00eddoto contra a amea\u00e7a de se quebrar sob a press\u00e3o das m\u00faltiplas tenta\u00e7\u00f5es que aparecem diariamente em nossas vidas \u00e9 que adotemos um modo de vida que inclua o compromisso di\u00e1rio de seguir Jesus, conscientes de que sempre O seguimos como Irm\u00e3os em Fraternidade. &#8220;Vejamos como Jesus o faria: Ele constantemente &#8216;se retira&#8217; ou &#8216;sobe&#8217; para um lugar calmo com seus disc\u00edpulos, nunca sozinho (Marcos 3, 7.10; 6, 30-31). Jesus prop\u00f5e um &#8216;<em>moratorium<\/em>&#8216;; uma forma de discipulado estruturada em torno do &#8216;tempo livre&#8217; de sua prega\u00e7\u00e3o, ensino e cura dos mais necessitados. Ele nos revela que essa esta forma &#8216;alternativa&#8217; de viver \u00e9 vital para manter viva a chama do Esp\u00edrito de Deus presente em n\u00f3s e ardendo intensamente&#8221;, destacou.<\/p>\n<p><iframe loading=\"lazy\" src=\"https:\/\/www.youtube.com\/embed\/ldiYiFJqXjw\" width=\"100%\" height=\"420\" frameborder=\"0\" allowfullscreen=\"allowfullscreen\"><\/iframe><\/p>\n<p>&#8220;S\u00e3o Francisco teve esta mesma &#8216;vis\u00e3o&#8217; e colocou em pr\u00e1tica este mesmo m\u00e9todo encontrado na vida de Jesus; e tamb\u00e9m convidou a seus disc\u00edpulos a abra\u00e7ar essa maneira de viver sua f\u00e9 crist\u00e3&#8221;, ensinou. &#8220;Portanto, todos n\u00f3s, os Frades Menores, come\u00e7ando pelo Ministro Geral, e continuando com todos os Ministros e com cada frade, precisamos aprender desta maneira de Jesus e Francisco, essa pr\u00e1tica de renova\u00e7\u00e3o cont\u00ednua de f\u00e9, esperan\u00e7a e amor, levando-nos um &#8216;tempo de qualidade espiritual&#8217; para permitir que o Esp\u00edrito Santo toque nossos cora\u00e7\u00f5es, cure nossas feridas e nos abra \u00e0 a\u00e7\u00e3o efetiva que nos impele a fazer escolhas s\u00e9rias, respons\u00e1veis e significativas evangelicamente diante das necessidades de nossos irm\u00e3os e do Povo de Deus em geral. Se voc\u00ea n\u00e3o est\u00e1 disposto a gastar tempo para estar com ele, poder\u00e1 ser um grande trabalhador, talvez cheio de muitas qualidades, talvez um excelente comunicador social, um bom elemento para a Prov\u00edncia ou a Cust\u00f3dia, mas possivelmente algu\u00e9m com pouca vida interior e, portanto, com uma &#8216;desnutrida espiritualidade&#8217;!&#8221;, ponderou, pedindo que o Esp\u00edrito de Deus &#8220;se derrame em nossas vidas e em todas as entidades da Ordem dos Frades Menores. Que n\u00f3s, ministros, sejamos os primeiros a abrir nossas vidas para a constante renova\u00e7\u00e3o de nossas mentes e cora\u00e7\u00f5es para que Deus possa trabalhar efetivamente<em> em<\/em> e <em>atrav\u00e9s<\/em> de n\u00f3s!&#8221;<\/p>\n<p>&#8220;Irm\u00e3os, juntos com Francisco de Assis, nos comprometemos com essa renova\u00e7\u00e3o todos os dias de nossas vidas. &#8216;Vamos come\u00e7ar, pois at\u00e9 agora, pouco ou nada fizemos!'&#8221;, completou. No final da Celebra\u00e7\u00e3o, Frei Michael entregou um Tau aben\u00e7oado pelo Papa Francisco aos Ministros e Cust\u00f3dios que participaram do evento.<\/p>\n<p><img loading=\"lazy\" src=\"http:\/\/franciscanos.org.br\/wp-content\/uploads\/2018\/02\/encerramento_170218_7.jpg\" alt=\"encerramento_170218_7\" width=\"830\" height=\"458\" \/><\/p>\n<p><strong>IMPRESS\u00d5ES DE FREI FID\u00caNCIO<\/strong><\/p>\n<p>O Ministro Provincial anfitri\u00e3o do evento, Frei Fid\u00eancio Vanboemmel, falou da honra de acolher o Ministro Geral e seu Conselho e todos os frades das Confer\u00eancias do Brasil e do Cone Sul. &#8220;Foi uma gra\u00e7a ter todos esses confrades aqui na nossa casa t\u00e3o significativa, que \u00e9 o Convento S\u00e3o Francisco&#8221;, disse, garantindo que tudo ocorreu dentro da programa\u00e7\u00e3o planejada. &#8220;Foi feito o poss\u00edvel e o imposs\u00edvel para bem acolher os nossos irm\u00e3os que vieram de diferentes partes do Brasil e da Am\u00e9rica do Sul e tamb\u00e9m os confrades da It\u00e1lia, ou seja, o Definit\u00f3rio Geral&#8221;, acrescentou.<\/p>\n<p>Frei Fid\u00eancio elogiou os trabalhos dos confrades do Convento S\u00e3o Francisco e da equipe da Sede Provincial que o ajudou a preparar este evento.\u00a0 &#8220;O esfor\u00e7o de cada um deles possibilitou que o nosso encontro tivesse de fato a express\u00e3o de sermos uma \u00fanica fraternidade. Essa foi uma caracter\u00edstica muito bonita e cada frade, sobretudo os que vieram de fora, se sentiram \u00e0 vontade como se fosse a casa deles, e assim o \u00e9. Outra impress\u00e3o marcante foram as falas significativas porque o encontro como tal foi um lugar de muita escuta. Ent\u00e3o, nos escutamos mutuamente&#8221;, observou o Ministro Provincial da Prov\u00edncia da Imaculada.<\/p>\n<p><img loading=\"lazy\" src=\"http:\/\/franciscanos.org.br\/wp-content\/uploads\/2018\/02\/encerramento_170218_5.jpg\" alt=\"encerramento_170218_5\" width=\"830\" height=\"329\" \/><\/p>\n<p>Frei Fid\u00eancio acredita que as expectativas tamb\u00e9m foram alcan\u00e7adas porque o Definit\u00f3rio Geral veio, em primeiro lugar, para ouvir as Confer\u00eancias do Brasil e do Cone Sul e cada entidade, seja Prov\u00edncia ou Cust\u00f3dia, teve a oportunidade de expor aquilo que s\u00e3o realiza\u00e7\u00f5es, conquistas, desafios e provoca\u00e7\u00f5es. A partir desse &#8216;ouvir&#8217; nasceu tamb\u00e9m a fala do Ministro Geral, que apontou para n\u00f3s aquilo que \u00e9 importante continuar a trabalhar, aquilo que devemos estar atentos enquanto ministros provinciais ou cust\u00f3dios, para dinamizar a vida da Ordem aqui na Am\u00e9rica Latina, particularmente no Brasil, Chile, Argentina e Paraguai, onde est\u00e3o nossas presen\u00e7as&#8221;, explicou, reconhecendo que saem fortalecidos deste evento.\u00a0 &#8220;Se de um lado existem conquistas que s\u00e3o comuns, tamb\u00e9m existem desafios e provoca\u00e7\u00f5es comuns. Quando isso \u00e9 partilhado, podemos nos colocar em um caminho comum, que \u00e9 o seguimento de Nosso Senhor Jesus Cristo, segundo a forma do Santo Evangelho que S\u00e3o Francisco abra\u00e7ou com tanto carinho. Ent\u00e3o, creio que n\u00f3s, de certa forma, alcan\u00e7amos os objetivos propostos pelo Definit\u00f3rio Geral&#8221;, avaliou Frei Fid\u00eancio.<\/p>\n<p><img loading=\"lazy\" src=\"http:\/\/franciscanos.org.br\/wp-content\/uploads\/2018\/02\/encerramento_170218_1.jpg\" alt=\"encerramento_170218_1\" width=\"830\" height=\"369\" \/><\/p>\n<p>Frei Fid\u00eancio destacou os seguintes pontos deste Encontro: A possibilidade de um projeto de confer\u00eancia ou confer\u00eancias para ajudar os frades em dificuldades; empenho na Forma\u00e7\u00e3o Permanente, inclusive em cada uma das fraternidades; formar a todos os frades para a ter uma identidade franciscana, seja irm\u00e3o ou sacerdote, mas com a identifica\u00e7\u00e3o de Irm\u00e3os e Menores dentro da Igreja; transpar\u00eancia econ\u00f4mica e transpar\u00eancia administrativa; ampliar as presen\u00e7as mission\u00e1rias como por exemplo no Uruguai, onde n\u00e3o existe nenhuma presen\u00e7a; necessidade do redimensionamento com o decr\u00e9scimo no n\u00famero de frades. Esse redimensionamento n\u00e3o deve ser um empobrecimento para continuar as mesmas estruturas; Conselho Plen\u00e1rio da Ordem em Nair\u00f3bi neste ano vai colher subs\u00eddios para o Cap\u00edtulo Geral; e forma\u00e7\u00e3o e especializa\u00e7\u00e3o do frade dentro do projeto provincial ou do projeto da Ordem.<\/p>\n<p>Neste s\u00e1bado, os frades que fazem parte do Regional S\u00e3o Paulo participaram de uma confraterniza\u00e7\u00e3o com os frades do Encontro Geral.<\/p>\n<hr \/>\n<p><strong>\u00cdNTEGRA DA HOMILIA DO MINISTRO GERAL<\/strong><\/p>\n<p>Meus queridos Irm\u00e3os, o Senhor lhes d\u00ea paz!<\/p>\n<p><em>E logo, ao sair da \u00e1gua, viu o c\u00e9u se abrindo, e o Esp\u00edrito, como pomba, descer sobre ele. E do c\u00e9u veio uma voz: &#8216;Tu \u00e9s o meu Filho amado, em ti ponho meu bem-querer&#8217;.<\/em><\/p>\n<p><em>&#8220;Em seguida, o Esp\u00edrito levou Jesus para o deserto. E ele ficou no deserto durante quarenta dias, e ali foi tentado por Satan\u00e1s. Vivia entre os animais selvagens, e os anjos o serviam&#8221;.<\/em><\/p>\n<p>Dois vers\u00edculos atr\u00e1s da passagem do evangelho que acabamos de ouvir, se narra a cena do batismo de Jesus por Jo\u00e3o Batista no Jord\u00e3o. Marcos nos conta que ali Jesus \u00e9 declarado Filho amado de Deus, em quem Deus se agrada. Talvez seja melhor traduzir &#8220;em quem Deus colocou toda a sua confian\u00e7a&#8221;. Mais tarde, Jesus \u00e9 &#8220;empurrado para o deserto pelo Esp\u00edrito Santo&#8221;, uma figura que encontra sentido unicamente \u00e0 luz de sua identidade como Filho de Deus <em>&#8220;amado e confi\u00e1vel&#8221;<\/em>, aquele que compartilha uma intimidade com o Pai e com o Esp\u00edrito Santo. O Deserto \u00e9 apresentado como um lugar onde Jesus se encontrar\u00e1, face a face, com a tenta\u00e7\u00e3o, isto \u00e9, tudo o que procura destruir a harmonia e a comunh\u00e3o com Deus. No entanto, Jesus entra nesse lugar tendo a absoluta consci\u00eancia de sua identidade: ele sabe quem \u00e9! O evangelho n\u00e3o menciona a miss\u00e3o de Jesus dirigida \u00e0s &#8220;ovelhas perdidas de Israel&#8221; ou aos gentios, coisa que fazem outros evangelistas, mas enfoca a import\u00e2ncia da identidade como ponto de partida na constru\u00e7\u00e3o de uma vida espiritual robusta e consistente. Na verdade, o Pai diz: <em>&#8220;Voc\u00ea \u00e9 meu Filho, o amado&#8221;.<\/em> Afirma desde o in\u00edcio <strong><em>quem \u00e9 <\/em><\/strong>e<strong><em> por que \u00e9 <\/em><\/strong>importante.<\/p>\n<p>Sabemos, de outras passagens das Sagradas Escrituras, que v\u00e1rios dos &#8220;escolhidos&#8221; de Deus foram testados e n\u00e3o podiam ultrapassar certas provas. Em G\u00eanesis, por exemplo, vemos que Ad\u00e3o, o primeiro homem, falhou. Mais tarde, No\u00e9 passou pela experi\u00eancia do Dil\u00favio, mas, literalmente falando, ele caiu de bru\u00e7os quando protagonizou um incidente deplor\u00e1vel com seus filhos. Mais tarde, Abra\u00e3o experimenta v\u00e1rios fracassos em sua vida. Mois\u00e9s, por outro lado, vive a experi\u00eancia do fracasso, porque depois de libertar os israelitas da escravid\u00e3o no Egito e lev\u00e1-los pelo deserto, n\u00e3o lhe foi permitido entrar na Terra Prometida. A sorte n\u00e3o era melhor no tempo do rei Davi, que tamb\u00e9m caiu em pecado.<\/p>\n<p>Menciono brevemente esses personagens do Antigo Testamento para mostrar o forte contraste com a pessoa de Jesus que vive uma experi\u00eancia de vit\u00f3ria e triunfo, embora, para muitos, tudo tenha terminado como um fracasso, com a morte na Cruz. Segundo S\u00e3o Marcos, Jesus permaneceu no deserto durante 40 dias sendo tentado por Satan\u00e1s, presumivelmente todos os dias. S\u00e3o Lucas, por outro lado, apresenta a tenta\u00e7\u00e3o de Jesus apenas no final de seu jejum, nos \u00faltimos 40 dias. Sabemos dos estudos teol\u00f3gicos que S\u00e3o Marcos \u00e9 um pouco mais realista e d\u00e1 uma \u00eanfase mais direta \u00e0 dimens\u00e3o humana de Jesus e seus seguidores. Talvez esse pequeno detalhe possa indicar que Jesus reconhece que a tenta\u00e7\u00e3o de abandonar o chamado de Deus ou renunciar \u00e0 identidade que recebemos como filhos de Deus e co-herdeiros com Cristo \u00e9 um <strong>desafio de todos os dias<\/strong>. E acho que aqui vem o primeiro ensino concreto para n\u00f3s hoje: todos os dias estamos sujeitos a fraquezas. Mas tamb\u00e9m, todos os dias, o Senhor quer que renovemos nossa resposta, deixemo-nos encher de esperan\u00e7a, de modo que, com criatividade e compromisso, vivamos a nossa voca\u00e7\u00e3o de irm\u00e3os e menores. N\u00e3o podemos dizer: <em>hoje sim e amanh\u00e3 veremos<\/em>. Mas &#8230; Todos os dias! Minha resposta \u00e9 todos os dias. Com for\u00e7as ou sem elas, com vigor ou fraqueza, com fertilidade ou aridez, o Senhor aguarda minha resposta todos os dias. <em>&#8220;Agora fa\u00e7o novas todas as coisas&#8221;<\/em> (Ap 21, 5).<\/p>\n<p>O tema do discipulado crist\u00e3o no Evangelho de S\u00e3o Marcos est\u00e1 diretamente relacionado \u00e0 ideia de que a identidade \u00e9 algo que deve ser continuamente reafirmado. Por esta raz\u00e3o, a Forma\u00e7\u00e3o Permanente em nossa rela\u00e7\u00e3o pessoal com Cristo e entre n\u00f3s como comunidade de f\u00e9 e fraternidade da Ordem \u00e9 fundamental para perseverar no compromisso que fizemos diante de Deus. Mas a Forma\u00e7\u00e3o Permanente tamb\u00e9m tem outro prop\u00f3sito: nos mant\u00e9m alerta aos novos sinais dos tempos, \u00e0s novas oportunidades para viver mais plenamente a vida evang\u00e9lica mesmo em meio \u00e0 confus\u00e3o da mudan\u00e7a constante, \u00e0 instabilidade e \u00e0s amea\u00e7as \u00e0 dignidade humana ou \u00e0 integridade da cria\u00e7\u00e3o.<\/p>\n<p>O \u00fanico ant\u00eddoto contra a amea\u00e7a de se quebrar sob a press\u00e3o das m\u00faltiplas tenta\u00e7\u00f5es que aparecem diariamente em nossas vidas \u00e9 que adotemos um modo de vida que inclua o compromisso di\u00e1rio de seguir Jesus, conscientes de que sempre O seguimos como Irm\u00e3os em Fraternidade. Vejamos como Jesus o faria: Ele constantemente &#8220;se retira&#8221; ou &#8220;sobe&#8221; para um lugar calmo com seus disc\u00edpulos, nunca sozinho (Marcos 3, 7.10; 6, 30-31). Jesus prop\u00f5e um <em>&#8220;moratorium&#8221;<\/em>; uma forma de discipulado estruturada em torno do &#8220;tempo livre&#8221; de sua prega\u00e7\u00e3o, ensino e cura dos mais necessitados. Ele nos revela que essa esta forma &#8220;alternativa&#8221; de viver \u00e9 vital para manter viva a chama do Esp\u00edrito de Deus presente em n\u00f3s e ardendo intensamente.<\/p>\n<p>S\u00e3o Francisco teve esta mesma &#8220;vis\u00e3o&#8221; e colocou em pr\u00e1tica este mesmo m\u00e9todo encontrado na vida de Jesus; e tamb\u00e9m convidou a seus disc\u00edpulos a abra\u00e7ar essa maneira de viver sua f\u00e9 crist\u00e3. Portanto, todos n\u00f3s, os Frades Menores, come\u00e7ando pelo Ministro Geral, e continuando com todos os Ministros e com cada frade, precisamos aprender desta maneira de Jesus e Francisco, essa pr\u00e1tica de renova\u00e7\u00e3o cont\u00ednua de f\u00e9, esperan\u00e7a e amor, levando-nos um &#8220;tempo de qualidade espiritual&#8221; para permitir que o Esp\u00edrito Santo toque nossos cora\u00e7\u00f5es, cure nossas feridas e nos abra \u00e0 a\u00e7\u00e3o efetiva que nos impele a fazer escolhas s\u00e9rias, respons\u00e1veis e significativas evangelicamente diante das necessidades de nossos irm\u00e3os e do Povo de Deus em geral. Se voc\u00ea n\u00e3o est\u00e1 disposto a gastar tempo para <strong>estar com ele<\/strong>, poder\u00e1 ser um grande trabalhador, talvez cheio de muitas qualidades, talvez um excelente comunicador social, um bom elemento para a Prov\u00edncia ou a Cust\u00f3dia, mas possivelmente algu\u00e9m com pouca vida interior e, portanto, com uma &#8220;desnutrida espiritualidade&#8221;!<\/p>\n<p>Que o Esp\u00edrito de Deus se derrame em nossas vidas e em todas as entidades da Ordem dos Frades Menores. Que n\u00f3s, ministros, sejamos os primeiros a abrir nossas vidas para a constante renova\u00e7\u00e3o de nossas mentes e cora\u00e7\u00f5es para que Deus possa trabalhar efetivamente em e atrav\u00e9s de n\u00f3s.<\/p>\n<p>Irm\u00e3os, juntos com Francisco de Assis, nos comprometemos com essa renova\u00e7\u00e3o todos os dias de nossas vidas.<\/p>\n<p>Vamos come\u00e7ar, pois at\u00e9 agora, pouco ou nada fizemos!<\/p>\n<p><strong>Encontro entre as Confer\u00eancias do Brasil e o Cone Sul<\/strong><\/p>\n<p><strong>Primeiro domingo da Quaresma &#8211; 17\/02\/2018<\/strong><\/p>\n<p><strong>Fray Michael A. Perry &#8211; Homilia<\/strong><\/p>\n<p>&nbsp;<\/p>\n<blockquote><p><em>Equipe de Comunica\u00e7\u00e3o da Prov\u00edncia da Imaculada: Frei Gustavo Medella,<br \/>\nFrei Augusto Luiz Gabriel, \u00c9rika Augusto e Moacir Beggo.<\/em><\/p><\/blockquote>\n","protected":false},"excerpt":{"rendered":"<p>Ministro Geral no Encontro do Definit\u00f3rio Geral com os Ministros e Cust\u00f3dios da CFMB e do Cone Sul.<\/p>\n","protected":false},"author":1,"featured_media":194062,"comment_status":"open","ping_status":"open","sticky":false,"template":"","format":"standard","meta":[],"categories":[1],"tags":[344,128],"acf":[],"yoast_head":"<!-- This site is optimized with the Yoast SEO plugin v19.2 - https:\/\/yoast.com\/wordpress\/plugins\/seo\/ -->\n<title>Sejamos os primeiros a abrir nossas vidas para a renova\u00e7\u00e3o - Not\u00edcias - Franciscanos<\/title>\n<meta name=\"robots\" content=\"index, follow, max-snippet:-1, max-image-preview:large, max-video-preview:-1\" \/>\n<link rel=\"canonical\" href=\"https:\/\/franciscanos.org.br\/noticias\/sejamos-os-primeiros-a-abrir-nossas-vidas-para-a-constante-renovacao-de-nossas-mentes-e-coracoes.html\" \/>\n<meta property=\"og:locale\" content=\"pt_BR\" \/>\n<meta property=\"og:type\" content=\"article\" \/>\n<meta property=\"og:title\" content=\"Sejamos os primeiros a abrir nossas vidas para a renova\u00e7\u00e3o - Not\u00edcias - Franciscanos\" \/>\n<meta property=\"og:description\" content=\"Ministro Geral no Encontro do Definit\u00f3rio Geral com os Ministros e Cust\u00f3dios da CFMB e do Cone Sul.\" \/>\n<meta property=\"og:url\" content=\"https:\/\/franciscanos.org.br\/noticias\/sejamos-os-primeiros-a-abrir-nossas-vidas-para-a-constante-renovacao-de-nossas-mentes-e-coracoes.html\" \/>\n<meta property=\"og:site_name\" content=\"Not\u00edcias - Franciscanos\" \/>\n<meta property=\"article:published_time\" content=\"2018-02-17T22:54:56+00:00\" \/>\n<meta property=\"article:modified_time\" content=\"2019-01-04T14:28:12+00:00\" \/>\n<meta property=\"og:image\" content=\"https:\/\/franciscanos.org.br\/noticias\/wp-content\/uploads\/2018\/02\/encerramento_170218d.jpg\" \/>\n\t<meta property=\"og:image:width\" content=\"273\" \/>\n\t<meta property=\"og:image:height\" content=\"181\" \/>\n\t<meta property=\"og:image:type\" content=\"image\/jpeg\" \/>\n<meta name=\"author\" content=\"admin\" \/>\n<meta name=\"twitter:card\" content=\"summary_large_image\" \/>\n<meta name=\"twitter:label1\" content=\"Escrito por\" \/>\n\t<meta name=\"twitter:data1\" content=\"admin\" \/>\n\t<meta name=\"twitter:label2\" content=\"Est. tempo de leitura\" \/>\n\t<meta name=\"twitter:data2\" content=\"14 minutos\" \/>\n<script type=\"application\/ld+json\" class=\"yoast-schema-graph\">{\"@context\":\"https:\/\/schema.org\",\"@graph\":[{\"@type\":\"WebSite\",\"@id\":\"https:\/\/franciscanos.org.br\/noticias\/#website\",\"url\":\"https:\/\/franciscanos.org.br\/noticias\/\",\"name\":\"Not\u00edcias - Franciscanos\",\"description\":\"Prov\u00edncia Franciscana da Imaculada Concei\u00e7\u00e3o do Brasil - Ordem dos Frades Menores - OFM\",\"potentialAction\":[{\"@type\":\"SearchAction\",\"target\":{\"@type\":\"EntryPoint\",\"urlTemplate\":\"https:\/\/franciscanos.org.br\/noticias\/?s={search_term_string}\"},\"query-input\":\"required name=search_term_string\"}],\"inLanguage\":\"pt-BR\"},{\"@type\":\"ImageObject\",\"inLanguage\":\"pt-BR\",\"@id\":\"https:\/\/franciscanos.org.br\/noticias\/sejamos-os-primeiros-a-abrir-nossas-vidas-para-a-constante-renovacao-de-nossas-mentes-e-coracoes.html#primaryimage\",\"url\":\"https:\/\/franciscanos.org.br\/noticias\/wp-content\/uploads\/2018\/02\/encerramento_170218d.jpg\",\"contentUrl\":\"https:\/\/franciscanos.org.br\/noticias\/wp-content\/uploads\/2018\/02\/encerramento_170218d.jpg\",\"width\":273,\"height\":181},{\"@type\":\"WebPage\",\"@id\":\"https:\/\/franciscanos.org.br\/noticias\/sejamos-os-primeiros-a-abrir-nossas-vidas-para-a-constante-renovacao-de-nossas-mentes-e-coracoes.html#webpage\",\"url\":\"https:\/\/franciscanos.org.br\/noticias\/sejamos-os-primeiros-a-abrir-nossas-vidas-para-a-constante-renovacao-de-nossas-mentes-e-coracoes.html\",\"name\":\"Sejamos os primeiros a abrir nossas vidas para a renova\u00e7\u00e3o - Not\u00edcias - Franciscanos\",\"isPartOf\":{\"@id\":\"https:\/\/franciscanos.org.br\/noticias\/#website\"},\"primaryImageOfPage\":{\"@id\":\"https:\/\/franciscanos.org.br\/noticias\/sejamos-os-primeiros-a-abrir-nossas-vidas-para-a-constante-renovacao-de-nossas-mentes-e-coracoes.html#primaryimage\"},\"datePublished\":\"2018-02-17T22:54:56+00:00\",\"dateModified\":\"2019-01-04T14:28:12+00:00\",\"author\":{\"@id\":\"https:\/\/franciscanos.org.br\/noticias\/#\/schema\/person\/b38fbf43118f02820bd932f2e4b14ad3\"},\"breadcrumb\":{\"@id\":\"https:\/\/franciscanos.org.br\/noticias\/sejamos-os-primeiros-a-abrir-nossas-vidas-para-a-constante-renovacao-de-nossas-mentes-e-coracoes.html#breadcrumb\"},\"inLanguage\":\"pt-BR\",\"potentialAction\":[{\"@type\":\"ReadAction\",\"target\":[\"https:\/\/franciscanos.org.br\/noticias\/sejamos-os-primeiros-a-abrir-nossas-vidas-para-a-constante-renovacao-de-nossas-mentes-e-coracoes.html\"]}]},{\"@type\":\"BreadcrumbList\",\"@id\":\"https:\/\/franciscanos.org.br\/noticias\/sejamos-os-primeiros-a-abrir-nossas-vidas-para-a-constante-renovacao-de-nossas-mentes-e-coracoes.html#breadcrumb\",\"itemListElement\":[{\"@type\":\"ListItem\",\"position\":1,\"name\":\"Home\",\"item\":\"https:\/\/franciscanos.org.br\/noticias\"},{\"@type\":\"ListItem\",\"position\":2,\"name\":\"Sejamos os primeiros a abrir nossas vidas para a renova\u00e7\u00e3o\"}]},{\"@type\":\"Person\",\"@id\":\"https:\/\/franciscanos.org.br\/noticias\/#\/schema\/person\/b38fbf43118f02820bd932f2e4b14ad3\",\"name\":\"admin\",\"image\":{\"@type\":\"ImageObject\",\"inLanguage\":\"pt-BR\",\"@id\":\"https:\/\/franciscanos.org.br\/noticias\/#\/schema\/person\/image\/\",\"url\":\"https:\/\/secure.gravatar.com\/avatar\/e8495742d34d0ba6448ea1c628263b3e?s=96&d=mm&r=g\",\"contentUrl\":\"https:\/\/secure.gravatar.com\/avatar\/e8495742d34d0ba6448ea1c628263b3e?s=96&d=mm&r=g\",\"caption\":\"admin\"},\"url\":\"https:\/\/franciscanos.org.br\/noticias\/author\/admin\"}]}<\/script>\n<!-- \/ Yoast SEO plugin. -->","yoast_head_json":{"title":"Sejamos os primeiros a abrir nossas vidas para a renova\u00e7\u00e3o - Not\u00edcias - Franciscanos","robots":{"index":"index","follow":"follow","max-snippet":"max-snippet:-1","max-image-preview":"max-image-preview:large","max-video-preview":"max-video-preview:-1"},"canonical":"https:\/\/franciscanos.org.br\/noticias\/sejamos-os-primeiros-a-abrir-nossas-vidas-para-a-constante-renovacao-de-nossas-mentes-e-coracoes.html","og_locale":"pt_BR","og_type":"article","og_title":"Sejamos os primeiros a abrir nossas vidas para a renova\u00e7\u00e3o - Not\u00edcias - Franciscanos","og_description":"Ministro Geral no Encontro do Definit\u00f3rio Geral com os Ministros e Cust\u00f3dios da CFMB e do Cone Sul.","og_url":"https:\/\/franciscanos.org.br\/noticias\/sejamos-os-primeiros-a-abrir-nossas-vidas-para-a-constante-renovacao-de-nossas-mentes-e-coracoes.html","og_site_name":"Not\u00edcias - Franciscanos","article_published_time":"2018-02-17T22:54:56+00:00","article_modified_time":"2019-01-04T14:28:12+00:00","og_image":[{"width":273,"height":181,"url":"https:\/\/franciscanos.org.br\/noticias\/wp-content\/uploads\/2018\/02\/encerramento_170218d.jpg","type":"image\/jpeg"}],"author":"admin","twitter_card":"summary_large_image","twitter_misc":{"Escrito por":"admin","Est. tempo de leitura":"14 minutos"},"schema":{"@context":"https:\/\/schema.org","@graph":[{"@type":"WebSite","@id":"https:\/\/franciscanos.org.br\/noticias\/#website","url":"https:\/\/franciscanos.org.br\/noticias\/","name":"Not\u00edcias - Franciscanos","description":"Prov\u00edncia Franciscana da Imaculada Concei\u00e7\u00e3o do Brasil - Ordem dos Frades Menores - OFM","potentialAction":[{"@type":"SearchAction","target":{"@type":"EntryPoint","urlTemplate":"https:\/\/franciscanos.org.br\/noticias\/?s={search_term_string}"},"query-input":"required name=search_term_string"}],"inLanguage":"pt-BR"},{"@type":"ImageObject","inLanguage":"pt-BR","@id":"https:\/\/franciscanos.org.br\/noticias\/sejamos-os-primeiros-a-abrir-nossas-vidas-para-a-constante-renovacao-de-nossas-mentes-e-coracoes.html#primaryimage","url":"https:\/\/franciscanos.org.br\/noticias\/wp-content\/uploads\/2018\/02\/encerramento_170218d.jpg","contentUrl":"https:\/\/franciscanos.org.br\/noticias\/wp-content\/uploads\/2018\/02\/encerramento_170218d.jpg","width":273,"height":181},{"@type":"WebPage","@id":"https:\/\/franciscanos.org.br\/noticias\/sejamos-os-primeiros-a-abrir-nossas-vidas-para-a-constante-renovacao-de-nossas-mentes-e-coracoes.html#webpage","url":"https:\/\/franciscanos.org.br\/noticias\/sejamos-os-primeiros-a-abrir-nossas-vidas-para-a-constante-renovacao-de-nossas-mentes-e-coracoes.html","name":"Sejamos os primeiros a abrir nossas vidas para a renova\u00e7\u00e3o - Not\u00edcias - Franciscanos","isPartOf":{"@id":"https:\/\/franciscanos.org.br\/noticias\/#website"},"primaryImageOfPage":{"@id":"https:\/\/franciscanos.org.br\/noticias\/sejamos-os-primeiros-a-abrir-nossas-vidas-para-a-constante-renovacao-de-nossas-mentes-e-coracoes.html#primaryimage"},"datePublished":"2018-02-17T22:54:56+00:00","dateModified":"2019-01-04T14:28:12+00:00","author":{"@id":"https:\/\/franciscanos.org.br\/noticias\/#\/schema\/person\/b38fbf43118f02820bd932f2e4b14ad3"},"breadcrumb":{"@id":"https:\/\/franciscanos.org.br\/noticias\/sejamos-os-primeiros-a-abrir-nossas-vidas-para-a-constante-renovacao-de-nossas-mentes-e-coracoes.html#breadcrumb"},"inLanguage":"pt-BR","potentialAction":[{"@type":"ReadAction","target":["https:\/\/franciscanos.org.br\/noticias\/sejamos-os-primeiros-a-abrir-nossas-vidas-para-a-constante-renovacao-de-nossas-mentes-e-coracoes.html"]}]},{"@type":"BreadcrumbList","@id":"https:\/\/franciscanos.org.br\/noticias\/sejamos-os-primeiros-a-abrir-nossas-vidas-para-a-constante-renovacao-de-nossas-mentes-e-coracoes.html#breadcrumb","itemListElement":[{"@type":"ListItem","position":1,"name":"Home","item":"https:\/\/franciscanos.org.br\/noticias"},{"@type":"ListItem","position":2,"name":"Sejamos os primeiros a abrir nossas vidas para a renova\u00e7\u00e3o"}]},{"@type":"Person","@id":"https:\/\/franciscanos.org.br\/noticias\/#\/schema\/person\/b38fbf43118f02820bd932f2e4b14ad3","name":"admin","image":{"@type":"ImageObject","inLanguage":"pt-BR","@id":"https:\/\/franciscanos.org.br\/noticias\/#\/schema\/person\/image\/","url":"https:\/\/secure.gravatar.com\/avatar\/e8495742d34d0ba6448ea1c628263b3e?s=96&d=mm&r=g","contentUrl":"https:\/\/secure.gravatar.com\/avatar\/e8495742d34d0ba6448ea1c628263b3e?s=96&d=mm&r=g","caption":"admin"},"url":"https:\/\/franciscanos.org.br\/noticias\/author\/admin"}]}},"_links":{"self":[{"href":"https:\/\/franciscanos.org.br\/noticias\/wp-json\/wp\/v2\/posts\/151959"}],"collection":[{"href":"https:\/\/franciscanos.org.br\/noticias\/wp-json\/wp\/v2\/posts"}],"about":[{"href":"https:\/\/franciscanos.org.br\/noticias\/wp-json\/wp\/v2\/types\/post"}],"author":[{"embeddable":true,"href":"https:\/\/franciscanos.org.br\/noticias\/wp-json\/wp\/v2\/users\/1"}],"replies":[{"embeddable":true,"href":"https:\/\/franciscanos.org.br\/noticias\/wp-json\/wp\/v2\/comments?post=151959"}],"version-history":[{"count":0,"href":"https:\/\/franciscanos.org.br\/noticias\/wp-json\/wp\/v2\/posts\/151959\/revisions"}],"wp:featuredmedia":[{"embeddable":true,"href":"https:\/\/franciscanos.org.br\/noticias\/wp-json\/wp\/v2\/media\/194062"}],"wp:attachment":[{"href":"https:\/\/franciscanos.org.br\/noticias\/wp-json\/wp\/v2\/media?parent=151959"}],"wp:term":[{"taxonomy":"category","embeddable":true,"href":"https:\/\/franciscanos.org.br\/noticias\/wp-json\/wp\/v2\/categories?post=151959"},{"taxonomy":"post_tag","embeddable":true,"href":"https:\/\/franciscanos.org.br\/noticias\/wp-json\/wp\/v2\/tags?post=151959"}],"curies":[{"name":"wp","href":"https:\/\/api.w.org\/{rel}","templated":true}]}}