{"id":151777,"date":"2018-02-16T11:11:43","date_gmt":"2018-02-16T13:11:43","guid":{"rendered":"http:\/\/franciscanos.org.br\/?p=151777"},"modified":"2020-06-07T17:21:06","modified_gmt":"2020-06-07T20:21:06","slug":"papa-pede-coerencia-em-nosso-jejum","status":"publish","type":"post","link":"https:\/\/franciscanos.org.br\/noticias\/papa-pede-coerencia-em-nosso-jejum.html","title":{"rendered":"Papa pede coer\u00eancia em nosso jejum"},"content":{"rendered":"<p><img loading=\"lazy\" src=\"http:\/\/franciscanos.org.br\/wp-content\/uploads\/2017\/03\/marta_280317.jpg\" alt=\"marta_280317\" width=\"820\" height=\"378\" \/><br \/>\n<strong>Cidade do Vaticano<\/strong> &#8211; Jejuar com coer\u00eancia e n\u00e3o para aparecer. Na homilia da Missa na Casa Santa Marta, o Papa Francisco advertiu quanto ao jejum incoerente, exortando a nos questionarmos como nos comportamos com os outros.\u00a0Na primeira leitura, extra\u00edda do livro do Profeta Isa\u00edas (Is 58,1-9a), fala-se do jejum que o Senhor quer: \u201cquebrar as cadeias injustas, desligar as amarras do jugo, tornar livres os que est\u00e3o detidos, enfim romper todo tipo de sujei\u00e7\u00e3o\u201d.<\/p>\n<p>O jejum \u00e9 uma dos deveres da Quaresma, recordou o Papa. \u201cSe n\u00e3o puder fazer um jejum total, que faz sentir fome at\u00e9 os ossos, \u201cfa\u00e7a um jejum humilde, mas verdadeiro\u201d, pediu o Papa.<br \/>\n\u00c9 Isa\u00edas que evidencia as in\u00fameras incoer\u00eancias na pr\u00e1tica da virtude: cuidar dos pr\u00f3prios interesses, o dinheiro, enquanto o jejum \u00e9 \u201cum pouco despojar-se\u201d; fazer penit\u00eancia em paz : \u201cn\u00e3o pode, de um lado, falar com Deus e, de outro, falar com o diabo\u201d, porque \u00e9 incoerente, advertiu o Francisco.<\/p>\n<p>\u201cN\u00e3o jejuem mais como fazem hoje, de modo que se ou\u00e7a o barulho\u201d, ou seja, n\u00f3s jejuamos, n\u00f3s somos cat\u00f3licos, somos praticantes; eu perten\u00e7o \u00e0quela associa\u00e7\u00e3o, n\u00f3s jejuamos sempre, fazemos penit\u00eancia. Mas, voc\u00eas jejuam com coer\u00eancia ou fazem a penit\u00eancia incoerentemente como diz o Senhor, com barulho, para que todos vejam e digam: \u201cMas que pessoa justa, que homem justo, que mulher justa&#8230;\u201d Este \u00e9 um disfarce; \u00e9 maquiar a virtude&#8221;.<\/p>\n<p>\u00c9 preciso disfar\u00e7ar, mas seriamente, com o sorriso, isto \u00e9, n\u00e3o mostrar que est\u00e1 fazendo penit\u00eancia. \u201cProcura a fome para ajudar os outros, mas sempre com o sorriso\u201d, exortou o Santo Padre.<br \/>\nO jejum consiste tamb\u00e9m em humilhar-se e isso se realiza pensando nos pr\u00f3prios pecados e pedindo perd\u00e3o ao Senhor. \u201cMas, se este pecado que eu cometi fosse descoberto, fosse publicado nos jornais, que vergonha!\u201d &#8211; \u201cPois bem, envergonha-te!\u201d, disse o Papa, convidando tamb\u00e9m a quebrar as cadeias injustas.<\/p>\n<p>\u201cEu penso a tantas dom\u00e9sticas que ganham o p\u00e3o com o seu trabalho: humilhadas, desprezadas&#8230; Nunca pude esquecer uma vez que fui a casa de um amigo quando crian\u00e7a. Vi a m\u00e3e dar um tapa na dom\u00e9stica. 81 anos&#8230; N\u00e3o esqueci aquilo. \u201cSim, n\u00e3o Pai, eu nunca dou um tapa\u201d \u2013 \u201cMas como os trata? Como pessoas ou como escravos? Pagas a eles o justo? D\u00e1s a eles as f\u00e9rias, \u00e9 uma pessoa ou um animal que te ajuda em casa?\u201d. Pensem somente nisto. Nas nossas casas, nas nossas institui\u00e7\u00f5es, existe isto. Como eu me comporto com a dom\u00e9stica que tenho em casa, com as dom\u00e9sticas que est\u00e3o em casa?\u201d<\/p>\n<p>Ent\u00e3o, um outro exemplo nascido de sua experi\u00eancia pessoal. Falando com um senhor muito culto que explorava as dom\u00e9sticas, o Papa o fez entender que se tratava de um pecado grave, porque s\u00e3o \u201ccomo n\u00f3s, imagem de Deus\u201d, enquanto ele sustentava que eram \u201cpessoas inferiores\u201d.<\/p>\n<p>O jejum que o Senhor quer \u2013 como recorda ainda a Primeira leitura \u2013 consiste em \u201cpartilhar o p\u00e3o com o faminto, no acolher em casa os miser\u00e1veis, sem-teto, em vestir os nus, sem negligenciar o teu sangue\u201d.<\/p>\n<p>\u201cHoje \u2013 observa Francisco \u2013 se discute se damos o teto ou n\u00e3o \u00e0queles que vem pedi-lo\u201d.<\/p>\n<p>E, ao concluir, exorta a fazer penit\u00eancia, a \u201csentir um pouco a fome\u201d, a \u201crezar mais\u201d durante a Quaresma e a perguntar-se como se comporta com os outros:\u00a0\u201cO meu jejum chega a ajudar os outros? Se n\u00e3o chega, \u00e9 fingido, \u00e9 incoerente e te leva pelo caminho da vida dupla. Fa\u00e7o de conta ser crist\u00e3o, justo&#8230;. como os fariseus, como os saduceus. Mas, por dentro, n\u00e3o o sou. Pe\u00e7a humildemente a gra\u00e7a da coer\u00eancia. A coer\u00eancia. Se eu n\u00e3o posso fazer algo, n\u00e3o a fa\u00e7o. Mas n\u00e3o faz\u00ea-la incoerentemente. Fazer somente aquilo que eu posso fazer, mas com coer\u00eancia crist\u00e3. Que o Senhor nos d\u00ea esta gra\u00e7a\u201d.<\/p>\n<hr \/>\n<p><em>Fonte: Vatican News<\/em><\/p>\n","protected":false},"excerpt":{"rendered":"<p>Missa em Santa Marta<\/p>\n","protected":false},"author":1,"featured_media":202266,"comment_status":"open","ping_status":"open","sticky":false,"template":"","format":"standard","meta":[],"categories":[1428],"tags":[1586],"acf":[],"yoast_head":"<!-- This site is optimized with the Yoast SEO plugin v19.2 - https:\/\/yoast.com\/wordpress\/plugins\/seo\/ -->\n<title>Papa pede coer\u00eancia em nosso jejum - Not\u00edcias - Franciscanos<\/title>\n<meta name=\"robots\" content=\"index, follow, max-snippet:-1, max-image-preview:large, max-video-preview:-1\" \/>\n<link rel=\"canonical\" href=\"https:\/\/franciscanos.org.br\/noticias\/papa-pede-coerencia-em-nosso-jejum.html\" \/>\n<meta property=\"og:locale\" content=\"pt_BR\" \/>\n<meta property=\"og:type\" content=\"article\" \/>\n<meta property=\"og:title\" content=\"Papa pede coer\u00eancia em nosso jejum - Not\u00edcias - Franciscanos\" \/>\n<meta property=\"og:description\" content=\"Missa em Santa Marta\" \/>\n<meta property=\"og:url\" content=\"https:\/\/franciscanos.org.br\/noticias\/papa-pede-coerencia-em-nosso-jejum.html\" \/>\n<meta property=\"og:site_name\" content=\"Not\u00edcias - Franciscanos\" \/>\n<meta property=\"article:published_time\" content=\"2018-02-16T13:11:43+00:00\" \/>\n<meta property=\"article:modified_time\" content=\"2020-06-07T20:21:06+00:00\" \/>\n<meta property=\"og:image\" content=\"https:\/\/franciscanos.org.br\/noticias\/wp-content\/uploads\/2018\/02\/marta_280317.jpg\" \/>\n\t<meta property=\"og:image:width\" content=\"273\" \/>\n\t<meta property=\"og:image:height\" content=\"181\" \/>\n\t<meta property=\"og:image:type\" content=\"image\/jpeg\" \/>\n<meta name=\"author\" content=\"admin\" \/>\n<meta name=\"twitter:card\" content=\"summary_large_image\" \/>\n<meta name=\"twitter:label1\" content=\"Escrito por\" \/>\n\t<meta name=\"twitter:data1\" content=\"admin\" \/>\n\t<meta name=\"twitter:label2\" content=\"Est. tempo de leitura\" \/>\n\t<meta name=\"twitter:data2\" content=\"3 minutos\" \/>\n<script type=\"application\/ld+json\" class=\"yoast-schema-graph\">{\"@context\":\"https:\/\/schema.org\",\"@graph\":[{\"@type\":\"WebSite\",\"@id\":\"https:\/\/franciscanos.org.br\/noticias\/#website\",\"url\":\"https:\/\/franciscanos.org.br\/noticias\/\",\"name\":\"Not\u00edcias - Franciscanos\",\"description\":\"Prov\u00edncia Franciscana da Imaculada Concei\u00e7\u00e3o do Brasil - Ordem dos Frades Menores - OFM\",\"potentialAction\":[{\"@type\":\"SearchAction\",\"target\":{\"@type\":\"EntryPoint\",\"urlTemplate\":\"https:\/\/franciscanos.org.br\/noticias\/?s={search_term_string}\"},\"query-input\":\"required name=search_term_string\"}],\"inLanguage\":\"pt-BR\"},{\"@type\":\"ImageObject\",\"inLanguage\":\"pt-BR\",\"@id\":\"https:\/\/franciscanos.org.br\/noticias\/papa-pede-coerencia-em-nosso-jejum.html#primaryimage\",\"url\":\"https:\/\/franciscanos.org.br\/noticias\/wp-content\/uploads\/2018\/02\/marta_280317.jpg\",\"contentUrl\":\"https:\/\/franciscanos.org.br\/noticias\/wp-content\/uploads\/2018\/02\/marta_280317.jpg\",\"width\":273,\"height\":181},{\"@type\":\"WebPage\",\"@id\":\"https:\/\/franciscanos.org.br\/noticias\/papa-pede-coerencia-em-nosso-jejum.html#webpage\",\"url\":\"https:\/\/franciscanos.org.br\/noticias\/papa-pede-coerencia-em-nosso-jejum.html\",\"name\":\"Papa pede coer\u00eancia em nosso jejum - Not\u00edcias - Franciscanos\",\"isPartOf\":{\"@id\":\"https:\/\/franciscanos.org.br\/noticias\/#website\"},\"primaryImageOfPage\":{\"@id\":\"https:\/\/franciscanos.org.br\/noticias\/papa-pede-coerencia-em-nosso-jejum.html#primaryimage\"},\"datePublished\":\"2018-02-16T13:11:43+00:00\",\"dateModified\":\"2020-06-07T20:21:06+00:00\",\"author\":{\"@id\":\"https:\/\/franciscanos.org.br\/noticias\/#\/schema\/person\/b38fbf43118f02820bd932f2e4b14ad3\"},\"breadcrumb\":{\"@id\":\"https:\/\/franciscanos.org.br\/noticias\/papa-pede-coerencia-em-nosso-jejum.html#breadcrumb\"},\"inLanguage\":\"pt-BR\",\"potentialAction\":[{\"@type\":\"ReadAction\",\"target\":[\"https:\/\/franciscanos.org.br\/noticias\/papa-pede-coerencia-em-nosso-jejum.html\"]}]},{\"@type\":\"BreadcrumbList\",\"@id\":\"https:\/\/franciscanos.org.br\/noticias\/papa-pede-coerencia-em-nosso-jejum.html#breadcrumb\",\"itemListElement\":[{\"@type\":\"ListItem\",\"position\":1,\"name\":\"Home\",\"item\":\"https:\/\/franciscanos.org.br\/noticias\"},{\"@type\":\"ListItem\",\"position\":2,\"name\":\"Papa pede coer\u00eancia em nosso jejum\"}]},{\"@type\":\"Person\",\"@id\":\"https:\/\/franciscanos.org.br\/noticias\/#\/schema\/person\/b38fbf43118f02820bd932f2e4b14ad3\",\"name\":\"admin\",\"image\":{\"@type\":\"ImageObject\",\"inLanguage\":\"pt-BR\",\"@id\":\"https:\/\/franciscanos.org.br\/noticias\/#\/schema\/person\/image\/\",\"url\":\"https:\/\/secure.gravatar.com\/avatar\/e8495742d34d0ba6448ea1c628263b3e?s=96&d=mm&r=g\",\"contentUrl\":\"https:\/\/secure.gravatar.com\/avatar\/e8495742d34d0ba6448ea1c628263b3e?s=96&d=mm&r=g\",\"caption\":\"admin\"},\"url\":\"https:\/\/franciscanos.org.br\/noticias\/author\/admin\"}]}<\/script>\n<!-- \/ Yoast SEO plugin. -->","yoast_head_json":{"title":"Papa pede coer\u00eancia em nosso jejum - Not\u00edcias - Franciscanos","robots":{"index":"index","follow":"follow","max-snippet":"max-snippet:-1","max-image-preview":"max-image-preview:large","max-video-preview":"max-video-preview:-1"},"canonical":"https:\/\/franciscanos.org.br\/noticias\/papa-pede-coerencia-em-nosso-jejum.html","og_locale":"pt_BR","og_type":"article","og_title":"Papa pede coer\u00eancia em nosso jejum - Not\u00edcias - Franciscanos","og_description":"Missa em Santa Marta","og_url":"https:\/\/franciscanos.org.br\/noticias\/papa-pede-coerencia-em-nosso-jejum.html","og_site_name":"Not\u00edcias - Franciscanos","article_published_time":"2018-02-16T13:11:43+00:00","article_modified_time":"2020-06-07T20:21:06+00:00","og_image":[{"width":273,"height":181,"url":"https:\/\/franciscanos.org.br\/noticias\/wp-content\/uploads\/2018\/02\/marta_280317.jpg","type":"image\/jpeg"}],"author":"admin","twitter_card":"summary_large_image","twitter_misc":{"Escrito por":"admin","Est. tempo de leitura":"3 minutos"},"schema":{"@context":"https:\/\/schema.org","@graph":[{"@type":"WebSite","@id":"https:\/\/franciscanos.org.br\/noticias\/#website","url":"https:\/\/franciscanos.org.br\/noticias\/","name":"Not\u00edcias - Franciscanos","description":"Prov\u00edncia Franciscana da Imaculada Concei\u00e7\u00e3o do Brasil - Ordem dos Frades Menores - OFM","potentialAction":[{"@type":"SearchAction","target":{"@type":"EntryPoint","urlTemplate":"https:\/\/franciscanos.org.br\/noticias\/?s={search_term_string}"},"query-input":"required name=search_term_string"}],"inLanguage":"pt-BR"},{"@type":"ImageObject","inLanguage":"pt-BR","@id":"https:\/\/franciscanos.org.br\/noticias\/papa-pede-coerencia-em-nosso-jejum.html#primaryimage","url":"https:\/\/franciscanos.org.br\/noticias\/wp-content\/uploads\/2018\/02\/marta_280317.jpg","contentUrl":"https:\/\/franciscanos.org.br\/noticias\/wp-content\/uploads\/2018\/02\/marta_280317.jpg","width":273,"height":181},{"@type":"WebPage","@id":"https:\/\/franciscanos.org.br\/noticias\/papa-pede-coerencia-em-nosso-jejum.html#webpage","url":"https:\/\/franciscanos.org.br\/noticias\/papa-pede-coerencia-em-nosso-jejum.html","name":"Papa pede coer\u00eancia em nosso jejum - Not\u00edcias - Franciscanos","isPartOf":{"@id":"https:\/\/franciscanos.org.br\/noticias\/#website"},"primaryImageOfPage":{"@id":"https:\/\/franciscanos.org.br\/noticias\/papa-pede-coerencia-em-nosso-jejum.html#primaryimage"},"datePublished":"2018-02-16T13:11:43+00:00","dateModified":"2020-06-07T20:21:06+00:00","author":{"@id":"https:\/\/franciscanos.org.br\/noticias\/#\/schema\/person\/b38fbf43118f02820bd932f2e4b14ad3"},"breadcrumb":{"@id":"https:\/\/franciscanos.org.br\/noticias\/papa-pede-coerencia-em-nosso-jejum.html#breadcrumb"},"inLanguage":"pt-BR","potentialAction":[{"@type":"ReadAction","target":["https:\/\/franciscanos.org.br\/noticias\/papa-pede-coerencia-em-nosso-jejum.html"]}]},{"@type":"BreadcrumbList","@id":"https:\/\/franciscanos.org.br\/noticias\/papa-pede-coerencia-em-nosso-jejum.html#breadcrumb","itemListElement":[{"@type":"ListItem","position":1,"name":"Home","item":"https:\/\/franciscanos.org.br\/noticias"},{"@type":"ListItem","position":2,"name":"Papa pede coer\u00eancia em nosso jejum"}]},{"@type":"Person","@id":"https:\/\/franciscanos.org.br\/noticias\/#\/schema\/person\/b38fbf43118f02820bd932f2e4b14ad3","name":"admin","image":{"@type":"ImageObject","inLanguage":"pt-BR","@id":"https:\/\/franciscanos.org.br\/noticias\/#\/schema\/person\/image\/","url":"https:\/\/secure.gravatar.com\/avatar\/e8495742d34d0ba6448ea1c628263b3e?s=96&d=mm&r=g","contentUrl":"https:\/\/secure.gravatar.com\/avatar\/e8495742d34d0ba6448ea1c628263b3e?s=96&d=mm&r=g","caption":"admin"},"url":"https:\/\/franciscanos.org.br\/noticias\/author\/admin"}]}},"_links":{"self":[{"href":"https:\/\/franciscanos.org.br\/noticias\/wp-json\/wp\/v2\/posts\/151777"}],"collection":[{"href":"https:\/\/franciscanos.org.br\/noticias\/wp-json\/wp\/v2\/posts"}],"about":[{"href":"https:\/\/franciscanos.org.br\/noticias\/wp-json\/wp\/v2\/types\/post"}],"author":[{"embeddable":true,"href":"https:\/\/franciscanos.org.br\/noticias\/wp-json\/wp\/v2\/users\/1"}],"replies":[{"embeddable":true,"href":"https:\/\/franciscanos.org.br\/noticias\/wp-json\/wp\/v2\/comments?post=151777"}],"version-history":[{"count":1,"href":"https:\/\/franciscanos.org.br\/noticias\/wp-json\/wp\/v2\/posts\/151777\/revisions"}],"predecessor-version":[{"id":225060,"href":"https:\/\/franciscanos.org.br\/noticias\/wp-json\/wp\/v2\/posts\/151777\/revisions\/225060"}],"wp:featuredmedia":[{"embeddable":true,"href":"https:\/\/franciscanos.org.br\/noticias\/wp-json\/wp\/v2\/media\/202266"}],"wp:attachment":[{"href":"https:\/\/franciscanos.org.br\/noticias\/wp-json\/wp\/v2\/media?parent=151777"}],"wp:term":[{"taxonomy":"category","embeddable":true,"href":"https:\/\/franciscanos.org.br\/noticias\/wp-json\/wp\/v2\/categories?post=151777"},{"taxonomy":"post_tag","embeddable":true,"href":"https:\/\/franciscanos.org.br\/noticias\/wp-json\/wp\/v2\/tags?post=151777"}],"curies":[{"name":"wp","href":"https:\/\/api.w.org\/{rel}","templated":true}]}}