{"id":151751,"date":"2018-02-16T10:32:37","date_gmt":"2018-02-16T12:32:37","guid":{"rendered":"http:\/\/franciscanos.org.br\/?p=151751"},"modified":"2019-02-06T13:49:16","modified_gmt":"2019-02-06T15:49:16","slug":"seminario-acolhe-turma-de-2018","status":"publish","type":"post","link":"https:\/\/franciscanos.org.br\/noticias\/seminario-acolhe-turma-de-2018.html","title":{"rendered":"Semin\u00e1rio de Ituporanga acolhe 31 jovens"},"content":{"rendered":"<p><img loading=\"lazy\" src=\"http:\/\/franciscanos.org.br\/wp-content\/uploads\/2018\/02\/ituporanga_160218G.jpg\" alt=\"ituporanga_160218G\" width=\"830\" height=\"400\" \/><\/p>\n<p><strong>Ituporanga (SC) &#8211;<\/strong> Neste domingo, 11 de fevereiro, a Fraternidade de Acolhimento Vocacional do Semin\u00e1rio de Ituporanga iniciou seu servi\u00e7o de Anima\u00e7\u00e3o Vocacional recebendo os seminaristas e aspirantes que foram acompanhados pelos Animadores Vocacionais Locais e pelo SAV Provincial.<\/p>\n<p>Neste momento da Anima\u00e7\u00e3o Vocacional, os 31 jovens buscar\u00e3o entender ainda mais o chamado \u00e0 voca\u00e7\u00e3o franciscana, aproximando-se mais do pr\u00f3prio deste carisma.<\/p>\n<p>Numa primeira partilha de in\u00edcio do ano, com o tema ca\u00e7a ao tesouro (Mt 13,44), os jovens foram levados a refletir sobre import\u00e2ncia de se trabalhar o campo para melhor conservar o tesouro escondido, mas presente todo o tempo neste campo e que d\u00e1 o valor para ele.<\/p>\n<p>Para tornar-se um ca\u00e7ador deste tesouro, todavia, ser\u00e1 necess\u00e1rio ao jovem o esp\u00edrito pr\u00f3prio para esta tarefa: decis\u00e3o, ren\u00fancia, procura e persist\u00eancia! Tudo em busca do tesouro maior: Jesus Cristo e sua sensibilidade: centralidade da busca vocacional.<\/p>\n<p>Durante este ano, estes jovens ter\u00e3o uma forma\u00e7\u00e3o que trabalhar\u00e1 as dimens\u00f5es humana, social, crist\u00e3 e franciscana, com base em atividades como: integra\u00e7\u00e3o com a hist\u00f3ria pessoal, trabalhos pastorais, estudo das fontes franciscanas, introdu\u00e7\u00e3o \u00e0 Liturgia e \u00e0 f\u00e9 da Igreja, aulas de canto e atividades esportivas.<\/p>\n<p>Os jovens que comp\u00f5em a turma de 2018 tiveram seu acompanhamento vocacional pelas seguintes Fraternidades:\u00a0Agudos \u2013 1,\u00a0Amparo \u2013 1,\u00a0Blumenau \u2013 1,\u00a0Chopinzinho \u2013 1,\u00a0Conc\u00f3rdia \u2013 1,\u00a0Coronel Freitas \u2013 2,\u00a0Curitibanos \u2013 3,\u00a0Florian\u00f3polis \u2013 1,\u00a0Guaratinguet\u00e1 \u2013 4,\u00a0Imbari\u00ea \u2013 1,\u00a0Ituporanga \u2013 5,\u00a0Rio de Janeiro \u2013 2,\u00a0Rodeio &#8211; 2,\u00a0S\u00e3o Paulo \u2013 5,\u00a0Vila Velha \u2013 1.<\/p>\n<p><strong>Equipe de Comunica\u00e7\u00e3o do Semin\u00e1rio<\/strong><\/p>\n","protected":false},"excerpt":{"rendered":"<p>SAV<\/p>\n","protected":false},"author":1,"featured_media":199611,"comment_status":"open","ping_status":"open","sticky":false,"template":"","format":"standard","meta":[],"categories":[1],"tags":[89,1203],"acf":[],"yoast_head":"<!-- This site is optimized with the Yoast SEO plugin v19.2 - https:\/\/yoast.com\/wordpress\/plugins\/seo\/ -->\n<title>Semin\u00e1rio de Ituporanga acolhe 31 jovens - Not\u00edcias - Franciscanos<\/title>\n<meta name=\"robots\" content=\"index, follow, max-snippet:-1, max-image-preview:large, max-video-preview:-1\" \/>\n<link rel=\"canonical\" href=\"https:\/\/franciscanos.org.br\/noticias\/seminario-acolhe-turma-de-2018.html\" \/>\n<meta property=\"og:locale\" content=\"pt_BR\" \/>\n<meta property=\"og:type\" content=\"article\" \/>\n<meta property=\"og:title\" content=\"Semin\u00e1rio de Ituporanga acolhe 31 jovens - Not\u00edcias - Franciscanos\" \/>\n<meta property=\"og:description\" content=\"SAV\" \/>\n<meta property=\"og:url\" content=\"https:\/\/franciscanos.org.br\/noticias\/seminario-acolhe-turma-de-2018.html\" \/>\n<meta property=\"og:site_name\" content=\"Not\u00edcias - Franciscanos\" \/>\n<meta property=\"article:published_time\" content=\"2018-02-16T12:32:37+00:00\" \/>\n<meta property=\"article:modified_time\" content=\"2019-02-06T15:49:16+00:00\" \/>\n<meta property=\"og:image\" content=\"https:\/\/franciscanos.org.br\/noticias\/wp-content\/uploads\/2018\/02\/ituporanga_160218G.jpg\" \/>\n\t<meta property=\"og:image:width\" content=\"273\" \/>\n\t<meta property=\"og:image:height\" content=\"181\" \/>\n\t<meta property=\"og:image:type\" content=\"image\/jpeg\" \/>\n<meta name=\"author\" content=\"admin\" \/>\n<meta name=\"twitter:card\" content=\"summary_large_image\" \/>\n<meta name=\"twitter:label1\" content=\"Escrito por\" \/>\n\t<meta name=\"twitter:data1\" content=\"admin\" \/>\n\t<meta name=\"twitter:label2\" content=\"Est. tempo de leitura\" \/>\n\t<meta name=\"twitter:data2\" content=\"1 minuto\" \/>\n<script type=\"application\/ld+json\" class=\"yoast-schema-graph\">{\"@context\":\"https:\/\/schema.org\",\"@graph\":[{\"@type\":\"WebSite\",\"@id\":\"https:\/\/franciscanos.org.br\/noticias\/#website\",\"url\":\"https:\/\/franciscanos.org.br\/noticias\/\",\"name\":\"Not\u00edcias - Franciscanos\",\"description\":\"Prov\u00edncia Franciscana da Imaculada Concei\u00e7\u00e3o do Brasil - Ordem dos Frades Menores - OFM\",\"potentialAction\":[{\"@type\":\"SearchAction\",\"target\":{\"@type\":\"EntryPoint\",\"urlTemplate\":\"https:\/\/franciscanos.org.br\/noticias\/?s={search_term_string}\"},\"query-input\":\"required name=search_term_string\"}],\"inLanguage\":\"pt-BR\"},{\"@type\":\"ImageObject\",\"inLanguage\":\"pt-BR\",\"@id\":\"https:\/\/franciscanos.org.br\/noticias\/seminario-acolhe-turma-de-2018.html#primaryimage\",\"url\":\"https:\/\/franciscanos.org.br\/noticias\/wp-content\/uploads\/2018\/02\/ituporanga_160218G.jpg\",\"contentUrl\":\"https:\/\/franciscanos.org.br\/noticias\/wp-content\/uploads\/2018\/02\/ituporanga_160218G.jpg\",\"width\":273,\"height\":181},{\"@type\":\"WebPage\",\"@id\":\"https:\/\/franciscanos.org.br\/noticias\/seminario-acolhe-turma-de-2018.html#webpage\",\"url\":\"https:\/\/franciscanos.org.br\/noticias\/seminario-acolhe-turma-de-2018.html\",\"name\":\"Semin\u00e1rio de Ituporanga acolhe 31 jovens - Not\u00edcias - Franciscanos\",\"isPartOf\":{\"@id\":\"https:\/\/franciscanos.org.br\/noticias\/#website\"},\"primaryImageOfPage\":{\"@id\":\"https:\/\/franciscanos.org.br\/noticias\/seminario-acolhe-turma-de-2018.html#primaryimage\"},\"datePublished\":\"2018-02-16T12:32:37+00:00\",\"dateModified\":\"2019-02-06T15:49:16+00:00\",\"author\":{\"@id\":\"https:\/\/franciscanos.org.br\/noticias\/#\/schema\/person\/b38fbf43118f02820bd932f2e4b14ad3\"},\"breadcrumb\":{\"@id\":\"https:\/\/franciscanos.org.br\/noticias\/seminario-acolhe-turma-de-2018.html#breadcrumb\"},\"inLanguage\":\"pt-BR\",\"potentialAction\":[{\"@type\":\"ReadAction\",\"target\":[\"https:\/\/franciscanos.org.br\/noticias\/seminario-acolhe-turma-de-2018.html\"]}]},{\"@type\":\"BreadcrumbList\",\"@id\":\"https:\/\/franciscanos.org.br\/noticias\/seminario-acolhe-turma-de-2018.html#breadcrumb\",\"itemListElement\":[{\"@type\":\"ListItem\",\"position\":1,\"name\":\"Home\",\"item\":\"https:\/\/franciscanos.org.br\/noticias\"},{\"@type\":\"ListItem\",\"position\":2,\"name\":\"Semin\u00e1rio de Ituporanga acolhe 31 jovens\"}]},{\"@type\":\"Person\",\"@id\":\"https:\/\/franciscanos.org.br\/noticias\/#\/schema\/person\/b38fbf43118f02820bd932f2e4b14ad3\",\"name\":\"admin\",\"image\":{\"@type\":\"ImageObject\",\"inLanguage\":\"pt-BR\",\"@id\":\"https:\/\/franciscanos.org.br\/noticias\/#\/schema\/person\/image\/\",\"url\":\"https:\/\/secure.gravatar.com\/avatar\/e8495742d34d0ba6448ea1c628263b3e?s=96&d=mm&r=g\",\"contentUrl\":\"https:\/\/secure.gravatar.com\/avatar\/e8495742d34d0ba6448ea1c628263b3e?s=96&d=mm&r=g\",\"caption\":\"admin\"},\"url\":\"https:\/\/franciscanos.org.br\/noticias\/author\/admin\"}]}<\/script>\n<!-- \/ Yoast SEO plugin. -->","yoast_head_json":{"title":"Semin\u00e1rio de Ituporanga acolhe 31 jovens - Not\u00edcias - Franciscanos","robots":{"index":"index","follow":"follow","max-snippet":"max-snippet:-1","max-image-preview":"max-image-preview:large","max-video-preview":"max-video-preview:-1"},"canonical":"https:\/\/franciscanos.org.br\/noticias\/seminario-acolhe-turma-de-2018.html","og_locale":"pt_BR","og_type":"article","og_title":"Semin\u00e1rio de Ituporanga acolhe 31 jovens - Not\u00edcias - Franciscanos","og_description":"SAV","og_url":"https:\/\/franciscanos.org.br\/noticias\/seminario-acolhe-turma-de-2018.html","og_site_name":"Not\u00edcias - Franciscanos","article_published_time":"2018-02-16T12:32:37+00:00","article_modified_time":"2019-02-06T15:49:16+00:00","og_image":[{"width":273,"height":181,"url":"https:\/\/franciscanos.org.br\/noticias\/wp-content\/uploads\/2018\/02\/ituporanga_160218G.jpg","type":"image\/jpeg"}],"author":"admin","twitter_card":"summary_large_image","twitter_misc":{"Escrito por":"admin","Est. tempo de leitura":"1 minuto"},"schema":{"@context":"https:\/\/schema.org","@graph":[{"@type":"WebSite","@id":"https:\/\/franciscanos.org.br\/noticias\/#website","url":"https:\/\/franciscanos.org.br\/noticias\/","name":"Not\u00edcias - Franciscanos","description":"Prov\u00edncia Franciscana da Imaculada Concei\u00e7\u00e3o do Brasil - Ordem dos Frades Menores - OFM","potentialAction":[{"@type":"SearchAction","target":{"@type":"EntryPoint","urlTemplate":"https:\/\/franciscanos.org.br\/noticias\/?s={search_term_string}"},"query-input":"required name=search_term_string"}],"inLanguage":"pt-BR"},{"@type":"ImageObject","inLanguage":"pt-BR","@id":"https:\/\/franciscanos.org.br\/noticias\/seminario-acolhe-turma-de-2018.html#primaryimage","url":"https:\/\/franciscanos.org.br\/noticias\/wp-content\/uploads\/2018\/02\/ituporanga_160218G.jpg","contentUrl":"https:\/\/franciscanos.org.br\/noticias\/wp-content\/uploads\/2018\/02\/ituporanga_160218G.jpg","width":273,"height":181},{"@type":"WebPage","@id":"https:\/\/franciscanos.org.br\/noticias\/seminario-acolhe-turma-de-2018.html#webpage","url":"https:\/\/franciscanos.org.br\/noticias\/seminario-acolhe-turma-de-2018.html","name":"Semin\u00e1rio de Ituporanga acolhe 31 jovens - Not\u00edcias - Franciscanos","isPartOf":{"@id":"https:\/\/franciscanos.org.br\/noticias\/#website"},"primaryImageOfPage":{"@id":"https:\/\/franciscanos.org.br\/noticias\/seminario-acolhe-turma-de-2018.html#primaryimage"},"datePublished":"2018-02-16T12:32:37+00:00","dateModified":"2019-02-06T15:49:16+00:00","author":{"@id":"https:\/\/franciscanos.org.br\/noticias\/#\/schema\/person\/b38fbf43118f02820bd932f2e4b14ad3"},"breadcrumb":{"@id":"https:\/\/franciscanos.org.br\/noticias\/seminario-acolhe-turma-de-2018.html#breadcrumb"},"inLanguage":"pt-BR","potentialAction":[{"@type":"ReadAction","target":["https:\/\/franciscanos.org.br\/noticias\/seminario-acolhe-turma-de-2018.html"]}]},{"@type":"BreadcrumbList","@id":"https:\/\/franciscanos.org.br\/noticias\/seminario-acolhe-turma-de-2018.html#breadcrumb","itemListElement":[{"@type":"ListItem","position":1,"name":"Home","item":"https:\/\/franciscanos.org.br\/noticias"},{"@type":"ListItem","position":2,"name":"Semin\u00e1rio de Ituporanga acolhe 31 jovens"}]},{"@type":"Person","@id":"https:\/\/franciscanos.org.br\/noticias\/#\/schema\/person\/b38fbf43118f02820bd932f2e4b14ad3","name":"admin","image":{"@type":"ImageObject","inLanguage":"pt-BR","@id":"https:\/\/franciscanos.org.br\/noticias\/#\/schema\/person\/image\/","url":"https:\/\/secure.gravatar.com\/avatar\/e8495742d34d0ba6448ea1c628263b3e?s=96&d=mm&r=g","contentUrl":"https:\/\/secure.gravatar.com\/avatar\/e8495742d34d0ba6448ea1c628263b3e?s=96&d=mm&r=g","caption":"admin"},"url":"https:\/\/franciscanos.org.br\/noticias\/author\/admin"}]}},"_links":{"self":[{"href":"https:\/\/franciscanos.org.br\/noticias\/wp-json\/wp\/v2\/posts\/151751"}],"collection":[{"href":"https:\/\/franciscanos.org.br\/noticias\/wp-json\/wp\/v2\/posts"}],"about":[{"href":"https:\/\/franciscanos.org.br\/noticias\/wp-json\/wp\/v2\/types\/post"}],"author":[{"embeddable":true,"href":"https:\/\/franciscanos.org.br\/noticias\/wp-json\/wp\/v2\/users\/1"}],"replies":[{"embeddable":true,"href":"https:\/\/franciscanos.org.br\/noticias\/wp-json\/wp\/v2\/comments?post=151751"}],"version-history":[{"count":0,"href":"https:\/\/franciscanos.org.br\/noticias\/wp-json\/wp\/v2\/posts\/151751\/revisions"}],"wp:featuredmedia":[{"embeddable":true,"href":"https:\/\/franciscanos.org.br\/noticias\/wp-json\/wp\/v2\/media\/199611"}],"wp:attachment":[{"href":"https:\/\/franciscanos.org.br\/noticias\/wp-json\/wp\/v2\/media?parent=151751"}],"wp:term":[{"taxonomy":"category","embeddable":true,"href":"https:\/\/franciscanos.org.br\/noticias\/wp-json\/wp\/v2\/categories?post=151751"},{"taxonomy":"post_tag","embeddable":true,"href":"https:\/\/franciscanos.org.br\/noticias\/wp-json\/wp\/v2\/tags?post=151751"}],"curies":[{"name":"wp","href":"https:\/\/api.w.org\/{rel}","templated":true}]}}