{"id":150959,"date":"2018-02-08T14:15:11","date_gmt":"2018-02-08T16:15:11","guid":{"rendered":"http:\/\/franciscanos.org.br\/?p=150959"},"modified":"2020-01-31T10:51:35","modified_gmt":"2020-01-31T13:51:35","slug":"video-e-revista-mantem-acesa-chama-missionaria","status":"publish","type":"post","link":"https:\/\/franciscanos.org.br\/noticias\/video-e-revista-mantem-acesa-chama-missionaria.html","title":{"rendered":"V\u00eddeo e Revista mant\u00eam acesa chama mission\u00e1ria"},"content":{"rendered":"<p><img loading=\"lazy\" src=\"http:\/\/franciscanos.org.br\/wp-content\/uploads\/2018\/02\/agudos_080218.jpg\" alt=\"agudos_080218\" width=\"830\" height=\"541\" \/><\/p>\n<p>As Miss\u00f5es Franciscanas da Juventude (MFJ) completaram, neste ano, com a edi\u00e7\u00e3o de Agudos e Bauru, cinco eventos. Como registro hist\u00f3rico deste trabalho evangelizador, o Servi\u00e7o de Anima\u00e7\u00e3o Vocacional (SAV) apresenta a edi\u00e7\u00e3o especial da revista <em>Comunica\u00e7\u00f5es,<\/em> dando destaque para todas as edi\u00e7\u00f5es, especialmente as Miss\u00f5es de Agudos e Bauru, que reuniram 600 jovens.<\/p>\n<p><img loading=\"lazy\" class=\"alignleft wp-image-150998\" src=\"http:\/\/franciscanos.org.br\/wp-content\/uploads\/2018\/02\/capinha1.jpg\" alt=\"capinha\" width=\"151\" height=\"211\" \/>Tamb\u00e9m apresentamos o V\u00eddeo Oficial deste evento, onde, em v\u00e1rios momentos, foram captadas imagens que ficar\u00e3o gravadas no cora\u00e7\u00e3o de todos os participantes. O mais importante n\u00e3o \u00e9 aparecer e sim recordar a emo\u00e7\u00e3o daquilo que foi vivido.<\/p>\n<p>As Miss\u00f5es Franciscanas da Juventude n\u00e3o terminaram em Agudos-Bauru. Cada jovem participante \u00e9 convidado a continuar a atividade mission\u00e1ria em sua Par\u00f3quia ou na realidade onde se encontra. Muitas iniciativas est\u00e3o nascendo a partir deste trabalho evangelizador. O convite do Papa Francisco aos jovens para serem \u201cIgreja em sa\u00edda\u201d continua a desafiar e a provocar nossos jovens.<\/p>\n<h2><span style=\"color: #000000;\"><strong style=\"color: #000000;\"><a style=\"color: #000000;\" href=\"https:\/\/issuu.com\/provinciafranciscana\/docs\/mfj2018\">REVISTA ESPECIAL (clique neste link<\/a>)<\/strong><\/span><\/h2>\n<h2><span style=\"color: #000000;\"><strong>CONFIRA O V\u00cdDEO OFICIAL DAS MISS\u00d5ES\u00a0<\/strong><\/span><\/h2>\n<p><iframe loading=\"lazy\" src=\"https:\/\/www.youtube.com\/embed\/rc36-Nm0mlM\" width=\"100%\" height=\"450\" frameborder=\"0\" allowfullscreen=\"allowfullscreen\"><\/iframe><\/p>\n","protected":false},"excerpt":{"rendered":"<p>MFJ<\/p>\n","protected":false},"author":5,"featured_media":217696,"comment_status":"open","ping_status":"open","sticky":false,"template":"","format":"standard","meta":[],"categories":[1],"tags":[1206],"acf":[],"yoast_head":"<!-- This site is optimized with the Yoast SEO plugin v19.2 - https:\/\/yoast.com\/wordpress\/plugins\/seo\/ -->\n<title>V\u00eddeo e Revista mant\u00eam acesa chama mission\u00e1ria - Not\u00edcias - Franciscanos<\/title>\n<meta name=\"robots\" content=\"index, follow, max-snippet:-1, max-image-preview:large, max-video-preview:-1\" \/>\n<link rel=\"canonical\" href=\"https:\/\/franciscanos.org.br\/noticias\/video-e-revista-mantem-acesa-chama-missionaria.html\" \/>\n<meta property=\"og:locale\" content=\"pt_BR\" \/>\n<meta property=\"og:type\" content=\"article\" \/>\n<meta property=\"og:title\" content=\"V\u00eddeo e Revista mant\u00eam acesa chama mission\u00e1ria - Not\u00edcias - Franciscanos\" \/>\n<meta property=\"og:description\" content=\"MFJ\" \/>\n<meta property=\"og:url\" content=\"https:\/\/franciscanos.org.br\/noticias\/video-e-revista-mantem-acesa-chama-missionaria.html\" \/>\n<meta property=\"og:site_name\" content=\"Not\u00edcias - Franciscanos\" \/>\n<meta property=\"article:published_time\" content=\"2018-02-08T16:15:11+00:00\" \/>\n<meta property=\"article:modified_time\" content=\"2020-01-31T13:51:35+00:00\" \/>\n<meta property=\"og:image\" content=\"https:\/\/franciscanos.org.br\/noticias\/wp-content\/uploads\/2018\/02\/agudos_080218.jpg\" \/>\n\t<meta property=\"og:image:width\" content=\"273\" \/>\n\t<meta property=\"og:image:height\" content=\"181\" \/>\n\t<meta property=\"og:image:type\" content=\"image\/jpeg\" \/>\n<meta name=\"author\" content=\"freiaugusto\" \/>\n<meta name=\"twitter:card\" content=\"summary_large_image\" \/>\n<meta name=\"twitter:label1\" content=\"Escrito por\" \/>\n\t<meta name=\"twitter:data1\" content=\"freiaugusto\" \/>\n\t<meta name=\"twitter:label2\" content=\"Est. tempo de leitura\" \/>\n\t<meta name=\"twitter:data2\" content=\"1 minuto\" \/>\n<script type=\"application\/ld+json\" class=\"yoast-schema-graph\">{\"@context\":\"https:\/\/schema.org\",\"@graph\":[{\"@type\":\"WebSite\",\"@id\":\"https:\/\/franciscanos.org.br\/noticias\/#website\",\"url\":\"https:\/\/franciscanos.org.br\/noticias\/\",\"name\":\"Not\u00edcias - Franciscanos\",\"description\":\"Prov\u00edncia Franciscana da Imaculada Concei\u00e7\u00e3o do Brasil - Ordem dos Frades Menores - OFM\",\"potentialAction\":[{\"@type\":\"SearchAction\",\"target\":{\"@type\":\"EntryPoint\",\"urlTemplate\":\"https:\/\/franciscanos.org.br\/noticias\/?s={search_term_string}\"},\"query-input\":\"required name=search_term_string\"}],\"inLanguage\":\"pt-BR\"},{\"@type\":\"ImageObject\",\"inLanguage\":\"pt-BR\",\"@id\":\"https:\/\/franciscanos.org.br\/noticias\/video-e-revista-mantem-acesa-chama-missionaria.html#primaryimage\",\"url\":\"https:\/\/franciscanos.org.br\/noticias\/wp-content\/uploads\/2018\/02\/agudos_080218.jpg\",\"contentUrl\":\"https:\/\/franciscanos.org.br\/noticias\/wp-content\/uploads\/2018\/02\/agudos_080218.jpg\",\"width\":273,\"height\":181},{\"@type\":\"WebPage\",\"@id\":\"https:\/\/franciscanos.org.br\/noticias\/video-e-revista-mantem-acesa-chama-missionaria.html#webpage\",\"url\":\"https:\/\/franciscanos.org.br\/noticias\/video-e-revista-mantem-acesa-chama-missionaria.html\",\"name\":\"V\u00eddeo e Revista mant\u00eam acesa chama mission\u00e1ria - Not\u00edcias - Franciscanos\",\"isPartOf\":{\"@id\":\"https:\/\/franciscanos.org.br\/noticias\/#website\"},\"primaryImageOfPage\":{\"@id\":\"https:\/\/franciscanos.org.br\/noticias\/video-e-revista-mantem-acesa-chama-missionaria.html#primaryimage\"},\"datePublished\":\"2018-02-08T16:15:11+00:00\",\"dateModified\":\"2020-01-31T13:51:35+00:00\",\"author\":{\"@id\":\"https:\/\/franciscanos.org.br\/noticias\/#\/schema\/person\/37f88f0d111cd5358b12a6556a99eb91\"},\"breadcrumb\":{\"@id\":\"https:\/\/franciscanos.org.br\/noticias\/video-e-revista-mantem-acesa-chama-missionaria.html#breadcrumb\"},\"inLanguage\":\"pt-BR\",\"potentialAction\":[{\"@type\":\"ReadAction\",\"target\":[\"https:\/\/franciscanos.org.br\/noticias\/video-e-revista-mantem-acesa-chama-missionaria.html\"]}]},{\"@type\":\"BreadcrumbList\",\"@id\":\"https:\/\/franciscanos.org.br\/noticias\/video-e-revista-mantem-acesa-chama-missionaria.html#breadcrumb\",\"itemListElement\":[{\"@type\":\"ListItem\",\"position\":1,\"name\":\"Home\",\"item\":\"https:\/\/franciscanos.org.br\/noticias\"},{\"@type\":\"ListItem\",\"position\":2,\"name\":\"V\u00eddeo e Revista mant\u00eam acesa chama mission\u00e1ria\"}]},{\"@type\":\"Person\",\"@id\":\"https:\/\/franciscanos.org.br\/noticias\/#\/schema\/person\/37f88f0d111cd5358b12a6556a99eb91\",\"name\":\"freiaugusto\",\"image\":{\"@type\":\"ImageObject\",\"inLanguage\":\"pt-BR\",\"@id\":\"https:\/\/franciscanos.org.br\/noticias\/#\/schema\/person\/image\/\",\"url\":\"https:\/\/secure.gravatar.com\/avatar\/9840b940e621801b24f3e6b059efb4b7?s=96&d=mm&r=g\",\"contentUrl\":\"https:\/\/secure.gravatar.com\/avatar\/9840b940e621801b24f3e6b059efb4b7?s=96&d=mm&r=g\",\"caption\":\"freiaugusto\"},\"url\":\"https:\/\/franciscanos.org.br\/noticias\/author\/freiaugusto\"}]}<\/script>\n<!-- \/ Yoast SEO plugin. -->","yoast_head_json":{"title":"V\u00eddeo e Revista mant\u00eam acesa chama mission\u00e1ria - Not\u00edcias - Franciscanos","robots":{"index":"index","follow":"follow","max-snippet":"max-snippet:-1","max-image-preview":"max-image-preview:large","max-video-preview":"max-video-preview:-1"},"canonical":"https:\/\/franciscanos.org.br\/noticias\/video-e-revista-mantem-acesa-chama-missionaria.html","og_locale":"pt_BR","og_type":"article","og_title":"V\u00eddeo e Revista mant\u00eam acesa chama mission\u00e1ria - Not\u00edcias - Franciscanos","og_description":"MFJ","og_url":"https:\/\/franciscanos.org.br\/noticias\/video-e-revista-mantem-acesa-chama-missionaria.html","og_site_name":"Not\u00edcias - Franciscanos","article_published_time":"2018-02-08T16:15:11+00:00","article_modified_time":"2020-01-31T13:51:35+00:00","og_image":[{"width":273,"height":181,"url":"https:\/\/franciscanos.org.br\/noticias\/wp-content\/uploads\/2018\/02\/agudos_080218.jpg","type":"image\/jpeg"}],"author":"freiaugusto","twitter_card":"summary_large_image","twitter_misc":{"Escrito por":"freiaugusto","Est. tempo de leitura":"1 minuto"},"schema":{"@context":"https:\/\/schema.org","@graph":[{"@type":"WebSite","@id":"https:\/\/franciscanos.org.br\/noticias\/#website","url":"https:\/\/franciscanos.org.br\/noticias\/","name":"Not\u00edcias - Franciscanos","description":"Prov\u00edncia Franciscana da Imaculada Concei\u00e7\u00e3o do Brasil - Ordem dos Frades Menores - OFM","potentialAction":[{"@type":"SearchAction","target":{"@type":"EntryPoint","urlTemplate":"https:\/\/franciscanos.org.br\/noticias\/?s={search_term_string}"},"query-input":"required name=search_term_string"}],"inLanguage":"pt-BR"},{"@type":"ImageObject","inLanguage":"pt-BR","@id":"https:\/\/franciscanos.org.br\/noticias\/video-e-revista-mantem-acesa-chama-missionaria.html#primaryimage","url":"https:\/\/franciscanos.org.br\/noticias\/wp-content\/uploads\/2018\/02\/agudos_080218.jpg","contentUrl":"https:\/\/franciscanos.org.br\/noticias\/wp-content\/uploads\/2018\/02\/agudos_080218.jpg","width":273,"height":181},{"@type":"WebPage","@id":"https:\/\/franciscanos.org.br\/noticias\/video-e-revista-mantem-acesa-chama-missionaria.html#webpage","url":"https:\/\/franciscanos.org.br\/noticias\/video-e-revista-mantem-acesa-chama-missionaria.html","name":"V\u00eddeo e Revista mant\u00eam acesa chama mission\u00e1ria - Not\u00edcias - Franciscanos","isPartOf":{"@id":"https:\/\/franciscanos.org.br\/noticias\/#website"},"primaryImageOfPage":{"@id":"https:\/\/franciscanos.org.br\/noticias\/video-e-revista-mantem-acesa-chama-missionaria.html#primaryimage"},"datePublished":"2018-02-08T16:15:11+00:00","dateModified":"2020-01-31T13:51:35+00:00","author":{"@id":"https:\/\/franciscanos.org.br\/noticias\/#\/schema\/person\/37f88f0d111cd5358b12a6556a99eb91"},"breadcrumb":{"@id":"https:\/\/franciscanos.org.br\/noticias\/video-e-revista-mantem-acesa-chama-missionaria.html#breadcrumb"},"inLanguage":"pt-BR","potentialAction":[{"@type":"ReadAction","target":["https:\/\/franciscanos.org.br\/noticias\/video-e-revista-mantem-acesa-chama-missionaria.html"]}]},{"@type":"BreadcrumbList","@id":"https:\/\/franciscanos.org.br\/noticias\/video-e-revista-mantem-acesa-chama-missionaria.html#breadcrumb","itemListElement":[{"@type":"ListItem","position":1,"name":"Home","item":"https:\/\/franciscanos.org.br\/noticias"},{"@type":"ListItem","position":2,"name":"V\u00eddeo e Revista mant\u00eam acesa chama mission\u00e1ria"}]},{"@type":"Person","@id":"https:\/\/franciscanos.org.br\/noticias\/#\/schema\/person\/37f88f0d111cd5358b12a6556a99eb91","name":"freiaugusto","image":{"@type":"ImageObject","inLanguage":"pt-BR","@id":"https:\/\/franciscanos.org.br\/noticias\/#\/schema\/person\/image\/","url":"https:\/\/secure.gravatar.com\/avatar\/9840b940e621801b24f3e6b059efb4b7?s=96&d=mm&r=g","contentUrl":"https:\/\/secure.gravatar.com\/avatar\/9840b940e621801b24f3e6b059efb4b7?s=96&d=mm&r=g","caption":"freiaugusto"},"url":"https:\/\/franciscanos.org.br\/noticias\/author\/freiaugusto"}]}},"_links":{"self":[{"href":"https:\/\/franciscanos.org.br\/noticias\/wp-json\/wp\/v2\/posts\/150959"}],"collection":[{"href":"https:\/\/franciscanos.org.br\/noticias\/wp-json\/wp\/v2\/posts"}],"about":[{"href":"https:\/\/franciscanos.org.br\/noticias\/wp-json\/wp\/v2\/types\/post"}],"author":[{"embeddable":true,"href":"https:\/\/franciscanos.org.br\/noticias\/wp-json\/wp\/v2\/users\/5"}],"replies":[{"embeddable":true,"href":"https:\/\/franciscanos.org.br\/noticias\/wp-json\/wp\/v2\/comments?post=150959"}],"version-history":[{"count":0,"href":"https:\/\/franciscanos.org.br\/noticias\/wp-json\/wp\/v2\/posts\/150959\/revisions"}],"wp:featuredmedia":[{"embeddable":true,"href":"https:\/\/franciscanos.org.br\/noticias\/wp-json\/wp\/v2\/media\/217696"}],"wp:attachment":[{"href":"https:\/\/franciscanos.org.br\/noticias\/wp-json\/wp\/v2\/media?parent=150959"}],"wp:term":[{"taxonomy":"category","embeddable":true,"href":"https:\/\/franciscanos.org.br\/noticias\/wp-json\/wp\/v2\/categories?post=150959"},{"taxonomy":"post_tag","embeddable":true,"href":"https:\/\/franciscanos.org.br\/noticias\/wp-json\/wp\/v2\/tags?post=150959"}],"curies":[{"name":"wp","href":"https:\/\/api.w.org\/{rel}","templated":true}]}}