{"id":150757,"date":"2018-02-05T10:43:59","date_gmt":"2018-02-05T12:43:59","guid":{"rendered":"http:\/\/franciscanos.org.br\/?p=150757"},"modified":"2019-09-02T10:42:22","modified_gmt":"2019-09-02T13:42:22","slug":"postulantado-comeca-com-21-jovens","status":"publish","type":"post","link":"https:\/\/franciscanos.org.br\/noticias\/postulantado-comeca-com-21-jovens.html","title":{"rendered":"Postulantados no Brasil e em Angola come\u00e7am com 21 jovens"},"content":{"rendered":"<p><img loading=\"lazy\" src=\"http:\/\/franciscanos.org.br\/wp-content\/uploads\/2018\/02\/guara_050218_1.jpg\" alt=\"guara_050218_1\" width=\"830\" height=\"445\" \/><\/p>\n<p><strong>Moacir Beggo<\/strong><\/p>\n<p><strong>Guaratinguet\u00e1 (SP)<\/strong> \u2013 A etapa do Postulantado na Prov\u00edncia Franciscana da Imaculada Concei\u00e7\u00e3o come\u00e7a nesta quarta-feira, 7 de fevereiro, em duas casas: Postulantado Frei Galv\u00e3o, em Guaratinguet\u00e1 (SP), e Postulantado Santo Ant\u00f4nio, em Kibala (Angola). Durante a Ora\u00e7\u00e3o da Manh\u00e3 (Laudes), \u00e0s 7h30, na capela do Semin\u00e1rio Frei Galv\u00e3o, 9 candidatos ser\u00e3o admitidos pelo Ministro Provincial, Frei Fid\u00eancio Vanboemmel, e na capela do Postulantado Santo Ant\u00f4nio de Kibala, 12 candidatos ser\u00e3o admitidos pelo presidente da Funda\u00e7\u00e3o Imaculada M\u00e3e de Deus de Angola, Frei Jos\u00e9 Ant\u00f4nio dos Santos.<\/p>\n<p>Segundo as Constitui\u00e7\u00f5es Gerais da Ordem dos Frades Menores, a forma\u00e7\u00e3o inicial \u00e0 vida religiosa franciscana \u00e9 feita em tr\u00eas etapas: postulantado, noviciado e tempo de profiss\u00e3o tempor\u00e1ria: \u201cO Postulantado \u00e9 o per\u00edodo durante o qual o candidato pede para abra\u00e7ar nossa vida, com a inten\u00e7\u00e3o de preparar-se convenientemente para o Noviciado; e a Fraternidade provincial, depois de oportuno e rec\u00edproco conhecimento, amadurece sua resposta sobre a admiss\u00e3o dele ao Noviciado\u201d, define o documento.<\/p>\n<p>Neste ano, a Fraternidade Franciscana S\u00e3o Jos\u00e9 acolhe nove jovens que fizeram a experi\u00eancia de Aspirantado e est\u00e3o aptos para ingressar no Postulantado. S\u00e3o eles: Carlos Castro Ramos, Davi Gabriel Lutzke, Felipe Zaros Granusso, Gabriel Ferreira Salinas, Irven Gabriel de Jesus dos Santos, Julio Comin de Melo, Mateus de Oliveira, Rodolpho Andreazza Marinho e Willian Cerqueira Barbosa.<\/p>\n<p>Neste tempo, o mestre Frei Je\u00e2 Andrade e a Fraternidade formadora ter\u00e3o a miss\u00e3o de ajudar o candidato a conhecer a si mesmo, completar sua primeira forma\u00e7\u00e3o crist\u00e3, se for necess\u00e1rio, analisar as motiva\u00e7\u00f5es \u00edntimas de sua pr\u00f3pria voca\u00e7\u00e3o e adquirir gradual conhecimento e experi\u00eancia da vida franciscana. \u201cO postulantado \u00e9 a etapa essencial para fazer a passagem da vida secular para a forma de vida franciscana\u201d, lembra o mestre Frei Je\u00e2.<\/p>\n<p><img loading=\"lazy\" src=\"http:\/\/franciscanos.org.br\/wp-content\/uploads\/2018\/02\/guara_050218_2.jpg\" alt=\"guara_050218_2\" width=\"830\" height=\"623\" \/><\/p>\n<p>Em Angola, o mestre Frei Marco Ant\u00f4nio dos Santos vai acompanhar 12 candidatos no Postulantado de Kibala, sendo cinco candidatos que vieram do Aspirantado com Ensino M\u00e9dio conclu\u00eddo e sete cursaram o Ensino M\u00e9dio no Semin\u00e1rio Monte Alverne de Malange. S\u00e3o eles: Adriano Fernando Sumbelelo, Bonif\u00e1cio Calende Daniel Moco, Daniel Carlos Tereza\u00a0, Domingos Joaquim Pinto Leite, Fernando Jos\u00e9 Dange, Francisco Lu\u00eds Lupasso, Herculano Jos\u00e9 Nu\u00f1gulo, Il\u00e1rio Kapi\u00f1gala Ngundja,\u00a0In\u00e1cio Felipe Puto, Jer\u00f3nimo Cheia M\u00e1rio, Jo\u00e3o Pedro Pessoa Lima e Ven\u00e2ncio Canombelo Candundo.<\/p>\n<p>&#8220;Com a gra\u00e7a de Deus, temos mais um bom grupo para iniciar esta etapa formativa. E com alegria vemos que, a cada ano, os jovens t\u00eam mais consci\u00eancia de que est\u00e3o ingressando na vida religiosa franciscana. N\u00e3o v\u00eam aqui simplesmente para &#8216;ser padre&#8217;. Mas sabem que ingressam na Ordem Franciscana para serem Frades Menores. A alegria e a jovialidade com que fazem esse caminho \u00e9 contagiante e essa realidade se expressa no modo de viver a vida de ora\u00e7\u00e3o, estudo, trabalho e fraternidade. E tudo isso se torna uma experi\u00eancia viva no apostolado junto ao povo nas aldeias. E assim vamos vivendo essa passagem do modo secular para o modo religioso sem perder essa consci\u00eancia de que a nossa voca\u00e7\u00e3o \u00e9 vivida com alegria e gratuidade em meio ao povo de Deus&#8221;, destaca o mestre Frei Marco do Postulantado de Kibala.<\/p>\n<p><strong>FOTO NO ALTO: Semin\u00e1rio de Kibala fotografado por Frei Roger Strapazzon; foto do meio, Semin\u00e1rio Frei Galv\u00e3o<\/strong><\/p>\n<p><a href=\"http:\/\/franciscanos.org.br\/wp-content\/uploads\/2018\/02\/postulantado-8301.jpg\"><img loading=\"lazy\" src=\"http:\/\/franciscanos.org.br\/wp-content\/uploads\/2018\/02\/postulantado-8301.jpg\" alt=\"postulantado-830\" width=\"830\" height=\"1470\" \/><\/a><\/p>\n<p>&nbsp;<\/p>\n","protected":false},"excerpt":{"rendered":"<p>SAV<\/p>\n","protected":false},"author":1,"featured_media":209973,"comment_status":"open","ping_status":"open","sticky":false,"template":"","format":"standard","meta":[],"categories":[1],"tags":[155],"acf":[],"yoast_head":"<!-- This site is optimized with the Yoast SEO plugin v19.2 - https:\/\/yoast.com\/wordpress\/plugins\/seo\/ -->\n<title>Postulantados no Brasil e em Angola come\u00e7am com 21 jovens - Not\u00edcias - Franciscanos<\/title>\n<meta name=\"robots\" content=\"index, follow, max-snippet:-1, max-image-preview:large, max-video-preview:-1\" \/>\n<link rel=\"canonical\" href=\"https:\/\/franciscanos.org.br\/noticias\/postulantado-comeca-com-21-jovens.html\" \/>\n<meta property=\"og:locale\" content=\"pt_BR\" \/>\n<meta property=\"og:type\" content=\"article\" \/>\n<meta property=\"og:title\" content=\"Postulantados no Brasil e em Angola come\u00e7am com 21 jovens - Not\u00edcias - Franciscanos\" \/>\n<meta property=\"og:description\" content=\"SAV\" \/>\n<meta property=\"og:url\" content=\"https:\/\/franciscanos.org.br\/noticias\/postulantado-comeca-com-21-jovens.html\" \/>\n<meta property=\"og:site_name\" content=\"Not\u00edcias - Franciscanos\" \/>\n<meta property=\"article:published_time\" content=\"2018-02-05T12:43:59+00:00\" \/>\n<meta property=\"article:modified_time\" content=\"2019-09-02T13:42:22+00:00\" \/>\n<meta property=\"og:image\" content=\"https:\/\/franciscanos.org.br\/noticias\/wp-content\/uploads\/2018\/02\/guara_050218_1.jpg\" \/>\n\t<meta property=\"og:image:width\" content=\"273\" \/>\n\t<meta property=\"og:image:height\" content=\"181\" \/>\n\t<meta property=\"og:image:type\" content=\"image\/jpeg\" \/>\n<meta name=\"author\" content=\"admin\" \/>\n<meta name=\"twitter:card\" content=\"summary_large_image\" \/>\n<meta name=\"twitter:label1\" content=\"Escrito por\" \/>\n\t<meta name=\"twitter:data1\" content=\"admin\" \/>\n\t<meta name=\"twitter:label2\" content=\"Est. tempo de leitura\" \/>\n\t<meta name=\"twitter:data2\" content=\"3 minutos\" \/>\n<script type=\"application\/ld+json\" class=\"yoast-schema-graph\">{\"@context\":\"https:\/\/schema.org\",\"@graph\":[{\"@type\":\"WebSite\",\"@id\":\"https:\/\/franciscanos.org.br\/noticias\/#website\",\"url\":\"https:\/\/franciscanos.org.br\/noticias\/\",\"name\":\"Not\u00edcias - Franciscanos\",\"description\":\"Prov\u00edncia Franciscana da Imaculada Concei\u00e7\u00e3o do Brasil - Ordem dos Frades Menores - OFM\",\"potentialAction\":[{\"@type\":\"SearchAction\",\"target\":{\"@type\":\"EntryPoint\",\"urlTemplate\":\"https:\/\/franciscanos.org.br\/noticias\/?s={search_term_string}\"},\"query-input\":\"required name=search_term_string\"}],\"inLanguage\":\"pt-BR\"},{\"@type\":\"ImageObject\",\"inLanguage\":\"pt-BR\",\"@id\":\"https:\/\/franciscanos.org.br\/noticias\/postulantado-comeca-com-21-jovens.html#primaryimage\",\"url\":\"https:\/\/franciscanos.org.br\/noticias\/wp-content\/uploads\/2018\/02\/guara_050218_1.jpg\",\"contentUrl\":\"https:\/\/franciscanos.org.br\/noticias\/wp-content\/uploads\/2018\/02\/guara_050218_1.jpg\",\"width\":273,\"height\":181},{\"@type\":\"WebPage\",\"@id\":\"https:\/\/franciscanos.org.br\/noticias\/postulantado-comeca-com-21-jovens.html#webpage\",\"url\":\"https:\/\/franciscanos.org.br\/noticias\/postulantado-comeca-com-21-jovens.html\",\"name\":\"Postulantados no Brasil e em Angola come\u00e7am com 21 jovens - Not\u00edcias - Franciscanos\",\"isPartOf\":{\"@id\":\"https:\/\/franciscanos.org.br\/noticias\/#website\"},\"primaryImageOfPage\":{\"@id\":\"https:\/\/franciscanos.org.br\/noticias\/postulantado-comeca-com-21-jovens.html#primaryimage\"},\"datePublished\":\"2018-02-05T12:43:59+00:00\",\"dateModified\":\"2019-09-02T13:42:22+00:00\",\"author\":{\"@id\":\"https:\/\/franciscanos.org.br\/noticias\/#\/schema\/person\/b38fbf43118f02820bd932f2e4b14ad3\"},\"breadcrumb\":{\"@id\":\"https:\/\/franciscanos.org.br\/noticias\/postulantado-comeca-com-21-jovens.html#breadcrumb\"},\"inLanguage\":\"pt-BR\",\"potentialAction\":[{\"@type\":\"ReadAction\",\"target\":[\"https:\/\/franciscanos.org.br\/noticias\/postulantado-comeca-com-21-jovens.html\"]}]},{\"@type\":\"BreadcrumbList\",\"@id\":\"https:\/\/franciscanos.org.br\/noticias\/postulantado-comeca-com-21-jovens.html#breadcrumb\",\"itemListElement\":[{\"@type\":\"ListItem\",\"position\":1,\"name\":\"Home\",\"item\":\"https:\/\/franciscanos.org.br\/noticias\"},{\"@type\":\"ListItem\",\"position\":2,\"name\":\"Postulantados no Brasil e em Angola come\u00e7am com 21 jovens\"}]},{\"@type\":\"Person\",\"@id\":\"https:\/\/franciscanos.org.br\/noticias\/#\/schema\/person\/b38fbf43118f02820bd932f2e4b14ad3\",\"name\":\"admin\",\"image\":{\"@type\":\"ImageObject\",\"inLanguage\":\"pt-BR\",\"@id\":\"https:\/\/franciscanos.org.br\/noticias\/#\/schema\/person\/image\/\",\"url\":\"https:\/\/secure.gravatar.com\/avatar\/e8495742d34d0ba6448ea1c628263b3e?s=96&d=mm&r=g\",\"contentUrl\":\"https:\/\/secure.gravatar.com\/avatar\/e8495742d34d0ba6448ea1c628263b3e?s=96&d=mm&r=g\",\"caption\":\"admin\"},\"url\":\"https:\/\/franciscanos.org.br\/noticias\/author\/admin\"}]}<\/script>\n<!-- \/ Yoast SEO plugin. -->","yoast_head_json":{"title":"Postulantados no Brasil e em Angola come\u00e7am com 21 jovens - Not\u00edcias - Franciscanos","robots":{"index":"index","follow":"follow","max-snippet":"max-snippet:-1","max-image-preview":"max-image-preview:large","max-video-preview":"max-video-preview:-1"},"canonical":"https:\/\/franciscanos.org.br\/noticias\/postulantado-comeca-com-21-jovens.html","og_locale":"pt_BR","og_type":"article","og_title":"Postulantados no Brasil e em Angola come\u00e7am com 21 jovens - Not\u00edcias - Franciscanos","og_description":"SAV","og_url":"https:\/\/franciscanos.org.br\/noticias\/postulantado-comeca-com-21-jovens.html","og_site_name":"Not\u00edcias - Franciscanos","article_published_time":"2018-02-05T12:43:59+00:00","article_modified_time":"2019-09-02T13:42:22+00:00","og_image":[{"width":273,"height":181,"url":"https:\/\/franciscanos.org.br\/noticias\/wp-content\/uploads\/2018\/02\/guara_050218_1.jpg","type":"image\/jpeg"}],"author":"admin","twitter_card":"summary_large_image","twitter_misc":{"Escrito por":"admin","Est. tempo de leitura":"3 minutos"},"schema":{"@context":"https:\/\/schema.org","@graph":[{"@type":"WebSite","@id":"https:\/\/franciscanos.org.br\/noticias\/#website","url":"https:\/\/franciscanos.org.br\/noticias\/","name":"Not\u00edcias - Franciscanos","description":"Prov\u00edncia Franciscana da Imaculada Concei\u00e7\u00e3o do Brasil - Ordem dos Frades Menores - OFM","potentialAction":[{"@type":"SearchAction","target":{"@type":"EntryPoint","urlTemplate":"https:\/\/franciscanos.org.br\/noticias\/?s={search_term_string}"},"query-input":"required name=search_term_string"}],"inLanguage":"pt-BR"},{"@type":"ImageObject","inLanguage":"pt-BR","@id":"https:\/\/franciscanos.org.br\/noticias\/postulantado-comeca-com-21-jovens.html#primaryimage","url":"https:\/\/franciscanos.org.br\/noticias\/wp-content\/uploads\/2018\/02\/guara_050218_1.jpg","contentUrl":"https:\/\/franciscanos.org.br\/noticias\/wp-content\/uploads\/2018\/02\/guara_050218_1.jpg","width":273,"height":181},{"@type":"WebPage","@id":"https:\/\/franciscanos.org.br\/noticias\/postulantado-comeca-com-21-jovens.html#webpage","url":"https:\/\/franciscanos.org.br\/noticias\/postulantado-comeca-com-21-jovens.html","name":"Postulantados no Brasil e em Angola come\u00e7am com 21 jovens - Not\u00edcias - Franciscanos","isPartOf":{"@id":"https:\/\/franciscanos.org.br\/noticias\/#website"},"primaryImageOfPage":{"@id":"https:\/\/franciscanos.org.br\/noticias\/postulantado-comeca-com-21-jovens.html#primaryimage"},"datePublished":"2018-02-05T12:43:59+00:00","dateModified":"2019-09-02T13:42:22+00:00","author":{"@id":"https:\/\/franciscanos.org.br\/noticias\/#\/schema\/person\/b38fbf43118f02820bd932f2e4b14ad3"},"breadcrumb":{"@id":"https:\/\/franciscanos.org.br\/noticias\/postulantado-comeca-com-21-jovens.html#breadcrumb"},"inLanguage":"pt-BR","potentialAction":[{"@type":"ReadAction","target":["https:\/\/franciscanos.org.br\/noticias\/postulantado-comeca-com-21-jovens.html"]}]},{"@type":"BreadcrumbList","@id":"https:\/\/franciscanos.org.br\/noticias\/postulantado-comeca-com-21-jovens.html#breadcrumb","itemListElement":[{"@type":"ListItem","position":1,"name":"Home","item":"https:\/\/franciscanos.org.br\/noticias"},{"@type":"ListItem","position":2,"name":"Postulantados no Brasil e em Angola come\u00e7am com 21 jovens"}]},{"@type":"Person","@id":"https:\/\/franciscanos.org.br\/noticias\/#\/schema\/person\/b38fbf43118f02820bd932f2e4b14ad3","name":"admin","image":{"@type":"ImageObject","inLanguage":"pt-BR","@id":"https:\/\/franciscanos.org.br\/noticias\/#\/schema\/person\/image\/","url":"https:\/\/secure.gravatar.com\/avatar\/e8495742d34d0ba6448ea1c628263b3e?s=96&d=mm&r=g","contentUrl":"https:\/\/secure.gravatar.com\/avatar\/e8495742d34d0ba6448ea1c628263b3e?s=96&d=mm&r=g","caption":"admin"},"url":"https:\/\/franciscanos.org.br\/noticias\/author\/admin"}]}},"_links":{"self":[{"href":"https:\/\/franciscanos.org.br\/noticias\/wp-json\/wp\/v2\/posts\/150757"}],"collection":[{"href":"https:\/\/franciscanos.org.br\/noticias\/wp-json\/wp\/v2\/posts"}],"about":[{"href":"https:\/\/franciscanos.org.br\/noticias\/wp-json\/wp\/v2\/types\/post"}],"author":[{"embeddable":true,"href":"https:\/\/franciscanos.org.br\/noticias\/wp-json\/wp\/v2\/users\/1"}],"replies":[{"embeddable":true,"href":"https:\/\/franciscanos.org.br\/noticias\/wp-json\/wp\/v2\/comments?post=150757"}],"version-history":[{"count":0,"href":"https:\/\/franciscanos.org.br\/noticias\/wp-json\/wp\/v2\/posts\/150757\/revisions"}],"wp:featuredmedia":[{"embeddable":true,"href":"https:\/\/franciscanos.org.br\/noticias\/wp-json\/wp\/v2\/media\/209973"}],"wp:attachment":[{"href":"https:\/\/franciscanos.org.br\/noticias\/wp-json\/wp\/v2\/media?parent=150757"}],"wp:term":[{"taxonomy":"category","embeddable":true,"href":"https:\/\/franciscanos.org.br\/noticias\/wp-json\/wp\/v2\/categories?post=150757"},{"taxonomy":"post_tag","embeddable":true,"href":"https:\/\/franciscanos.org.br\/noticias\/wp-json\/wp\/v2\/tags?post=150757"}],"curies":[{"name":"wp","href":"https:\/\/api.w.org\/{rel}","templated":true}]}}