{"id":150744,"date":"2018-02-05T09:24:08","date_gmt":"2018-02-05T11:24:08","guid":{"rendered":"http:\/\/franciscanos.org.br\/?p=150744"},"modified":"2020-06-07T17:30:00","modified_gmt":"2020-06-07T20:30:00","slug":"papa-francisco-ensinem-a-adorar-em-silencio","status":"publish","type":"post","link":"https:\/\/franciscanos.org.br\/noticias\/papa-francisco-ensinem-a-adorar-em-silencio.html","title":{"rendered":"Papa Francisco: &#8220;Ensinem a adorar em sil\u00eancio&#8221;"},"content":{"rendered":"<p><img loading=\"lazy\" src=\"http:\/\/franciscanos.org.br\/wp-content\/uploads\/2018\/02\/papa_050218.jpg\" alt=\"papa_050218\" width=\"820\" height=\"461\" \/><\/p>\n<p>Ir em frente, no caminho em subida, rumo \u00e0 ora\u00e7\u00e3o de adora\u00e7\u00e3o, com a mem\u00f3ria no cora\u00e7\u00e3o da elei\u00e7\u00e3o e da alian\u00e7a. Este foi o convite que o Papa Francisco dirigiu esta manh\u00e3 na homilia da Missa celebrada na Casa Santa Marta. A reflex\u00e3o partiu da Primeira Leitura do dia (1Rs 8,1-7.9-13), na qual se narra que o rei Salom\u00e3o convoca o povo para subir ao Templo, para fazer entrar a arca da alian\u00e7a do Senhor. Um caminho em subida que, portanto, nem sempre \u00e9 f\u00e1cil. Uma subida para levar a alian\u00e7a, durante a qual o povo carregava consigo a pr\u00f3pria hist\u00f3ria, \u201ca mem\u00f3ria da elei\u00e7\u00e3o\u201d.<\/p>\n<p>Carregava duas t\u00e1buas de pedra, nuas, assim como tinham sido dadas por Deus \u2013 destacou o Papa \u2013, \u201cn\u00e3o como este povo tinha aprendido dos escribas\u201d, que a tinham \u201cbarroquizada\u201d, a tornaram barroca \u201ccom tantas prescri\u00e7\u00f5es\u201d.<\/p>\n<p>\u201cA Alian\u00e7a nua: eu o amo e voc\u00ea me ama\u201d: o primeiro mandamento, amar a Deus e, segundo, amar ao pr\u00f3ximo. Na arca, de fato, n\u00e3o havia nada sen\u00e3o duas t\u00e1buas de pedra. Ent\u00e3o, introduziram a arca no santu\u00e1rio, e assim que os sacerdotes sa\u00edram do lugar santo, a nuvem encheu o templo do Senhor. Ent\u00e3o o povo entrou em adora\u00e7\u00e3o: &#8220;dos sacrif\u00edcios que faziam no caminho em subida ao sil\u00eancio, \u00e0 humilha\u00e7\u00e3o da adora\u00e7\u00e3o&#8221;.<\/p>\n<p>&#8220;Tantas vezes penso &#8211; disse o Papa &#8211; que n\u00f3s n\u00e3o ensinamos o nosso povo a adorar: Sim, os ensinamos a rezar, a cantar, a louvar a Deus, mas a adorar&#8230;. A ora\u00e7\u00e3o de adora\u00e7\u00e3o, esta que nos prostra sem nos prostrar: a prostra\u00e7\u00e3o da adora\u00e7\u00e3o nos d\u00e1 nobreza e grandeza. E aproveito, hoje, voc\u00eas, com tantos p\u00e1rocos de recente nomea\u00e7\u00e3o, para dizer: ensinem o povo a adorar em sil\u00eancio, adorar\u201d.<\/p>\n<p>A exorta\u00e7\u00e3o do Papa \u00e9 portanto, para aprender, a partir de agora, aquilo que faremos no C\u00e9u: a ora\u00e7\u00e3o de adora\u00e7\u00e3o. \u201cMas, somente, podemos chegar l\u00e1 com a mem\u00f3ria de termos sido eleitos, de ter dentro do cora\u00e7\u00e3o uma promessa que nos impele a seguir e com a alian\u00e7a nas m\u00e3os e no cora\u00e7\u00e3o. E sempre em caminho: caminho dif\u00edcil, caminho em subida, mas em caminho rumo \u00e0 adora\u00e7\u00e3o\u201d<\/p>\n<p>Diante da gl\u00f3ria de Deus as palavras desaparecem, n\u00e3o se sabe o que dizer, observa Francisco. Na liturgia de amanh\u00e3, Salom\u00e3o, de fato, durante a adora\u00e7\u00e3o, consegue dizer somente duas palavras: \u201cEscuta e perdoa\u201d.<\/p>\n<p>O Papa, ao concluir, convida a \u201cadorar em sil\u00eancio, com toda a hist\u00f3ria que trazemos, e pedir: \u201cEscuta e perdoa\u201d: \u201cNos far\u00e1 bem hoje, tomar um pouco de tempo em ora\u00e7\u00e3o, com a mem\u00f3ria de nosso caminho, a mem\u00f3ria das gra\u00e7as recebidas, a mem\u00f3ria da elei\u00e7\u00e3o, da promessa, da alian\u00e7a e procurar se elevar, rumo \u00e0 adora\u00e7\u00e3o, e em meio \u00e0 adora\u00e7\u00e3o, com muita, humildade dizer somente esta pequena ora\u00e7\u00e3o: \u201cEscuta e perdoa\u201d\u201d.<\/p>\n<hr \/>\n<p><em>Fonte: Vatican News<\/em><\/p>\n","protected":false},"excerpt":{"rendered":"<p>Missa em Santa Marta<\/p>\n","protected":false},"author":1,"featured_media":203380,"comment_status":"open","ping_status":"open","sticky":false,"template":"","format":"standard","meta":[],"categories":[1428],"tags":[1586],"acf":[],"yoast_head":"<!-- This site is optimized with the Yoast SEO plugin v19.2 - https:\/\/yoast.com\/wordpress\/plugins\/seo\/ -->\n<title>Papa Francisco: &quot;Ensinem a adorar em sil\u00eancio&quot; - Not\u00edcias - Franciscanos<\/title>\n<meta name=\"robots\" content=\"index, follow, max-snippet:-1, max-image-preview:large, max-video-preview:-1\" \/>\n<link rel=\"canonical\" href=\"https:\/\/franciscanos.org.br\/noticias\/papa-francisco-ensinem-a-adorar-em-silencio.html\" \/>\n<meta property=\"og:locale\" content=\"pt_BR\" \/>\n<meta property=\"og:type\" content=\"article\" \/>\n<meta property=\"og:title\" content=\"Papa Francisco: &quot;Ensinem a adorar em sil\u00eancio&quot; - Not\u00edcias - Franciscanos\" \/>\n<meta property=\"og:description\" content=\"Missa em Santa Marta\" \/>\n<meta property=\"og:url\" content=\"https:\/\/franciscanos.org.br\/noticias\/papa-francisco-ensinem-a-adorar-em-silencio.html\" \/>\n<meta property=\"og:site_name\" content=\"Not\u00edcias - Franciscanos\" \/>\n<meta property=\"article:published_time\" content=\"2018-02-05T11:24:08+00:00\" \/>\n<meta property=\"article:modified_time\" content=\"2020-06-07T20:30:00+00:00\" \/>\n<meta property=\"og:image\" content=\"https:\/\/franciscanos.org.br\/noticias\/wp-content\/uploads\/2018\/02\/papa_050218.jpg\" \/>\n\t<meta property=\"og:image:width\" content=\"273\" \/>\n\t<meta property=\"og:image:height\" content=\"181\" \/>\n\t<meta property=\"og:image:type\" content=\"image\/jpeg\" \/>\n<meta name=\"author\" content=\"admin\" \/>\n<meta name=\"twitter:card\" content=\"summary_large_image\" \/>\n<meta name=\"twitter:label1\" content=\"Escrito por\" \/>\n\t<meta name=\"twitter:data1\" content=\"admin\" \/>\n\t<meta name=\"twitter:label2\" content=\"Est. tempo de leitura\" \/>\n\t<meta name=\"twitter:data2\" content=\"3 minutos\" \/>\n<script type=\"application\/ld+json\" class=\"yoast-schema-graph\">{\"@context\":\"https:\/\/schema.org\",\"@graph\":[{\"@type\":\"WebSite\",\"@id\":\"https:\/\/franciscanos.org.br\/noticias\/#website\",\"url\":\"https:\/\/franciscanos.org.br\/noticias\/\",\"name\":\"Not\u00edcias - Franciscanos\",\"description\":\"Prov\u00edncia Franciscana da Imaculada Concei\u00e7\u00e3o do Brasil - Ordem dos Frades Menores - OFM\",\"potentialAction\":[{\"@type\":\"SearchAction\",\"target\":{\"@type\":\"EntryPoint\",\"urlTemplate\":\"https:\/\/franciscanos.org.br\/noticias\/?s={search_term_string}\"},\"query-input\":\"required name=search_term_string\"}],\"inLanguage\":\"pt-BR\"},{\"@type\":\"ImageObject\",\"inLanguage\":\"pt-BR\",\"@id\":\"https:\/\/franciscanos.org.br\/noticias\/papa-francisco-ensinem-a-adorar-em-silencio.html#primaryimage\",\"url\":\"https:\/\/franciscanos.org.br\/noticias\/wp-content\/uploads\/2018\/02\/papa_050218.jpg\",\"contentUrl\":\"https:\/\/franciscanos.org.br\/noticias\/wp-content\/uploads\/2018\/02\/papa_050218.jpg\",\"width\":273,\"height\":181},{\"@type\":\"WebPage\",\"@id\":\"https:\/\/franciscanos.org.br\/noticias\/papa-francisco-ensinem-a-adorar-em-silencio.html#webpage\",\"url\":\"https:\/\/franciscanos.org.br\/noticias\/papa-francisco-ensinem-a-adorar-em-silencio.html\",\"name\":\"Papa Francisco: \\\"Ensinem a adorar em sil\u00eancio\\\" - Not\u00edcias - Franciscanos\",\"isPartOf\":{\"@id\":\"https:\/\/franciscanos.org.br\/noticias\/#website\"},\"primaryImageOfPage\":{\"@id\":\"https:\/\/franciscanos.org.br\/noticias\/papa-francisco-ensinem-a-adorar-em-silencio.html#primaryimage\"},\"datePublished\":\"2018-02-05T11:24:08+00:00\",\"dateModified\":\"2020-06-07T20:30:00+00:00\",\"author\":{\"@id\":\"https:\/\/franciscanos.org.br\/noticias\/#\/schema\/person\/b38fbf43118f02820bd932f2e4b14ad3\"},\"breadcrumb\":{\"@id\":\"https:\/\/franciscanos.org.br\/noticias\/papa-francisco-ensinem-a-adorar-em-silencio.html#breadcrumb\"},\"inLanguage\":\"pt-BR\",\"potentialAction\":[{\"@type\":\"ReadAction\",\"target\":[\"https:\/\/franciscanos.org.br\/noticias\/papa-francisco-ensinem-a-adorar-em-silencio.html\"]}]},{\"@type\":\"BreadcrumbList\",\"@id\":\"https:\/\/franciscanos.org.br\/noticias\/papa-francisco-ensinem-a-adorar-em-silencio.html#breadcrumb\",\"itemListElement\":[{\"@type\":\"ListItem\",\"position\":1,\"name\":\"Home\",\"item\":\"https:\/\/franciscanos.org.br\/noticias\"},{\"@type\":\"ListItem\",\"position\":2,\"name\":\"Papa Francisco: &#8220;Ensinem a adorar em sil\u00eancio&#8221;\"}]},{\"@type\":\"Person\",\"@id\":\"https:\/\/franciscanos.org.br\/noticias\/#\/schema\/person\/b38fbf43118f02820bd932f2e4b14ad3\",\"name\":\"admin\",\"image\":{\"@type\":\"ImageObject\",\"inLanguage\":\"pt-BR\",\"@id\":\"https:\/\/franciscanos.org.br\/noticias\/#\/schema\/person\/image\/\",\"url\":\"https:\/\/secure.gravatar.com\/avatar\/e8495742d34d0ba6448ea1c628263b3e?s=96&d=mm&r=g\",\"contentUrl\":\"https:\/\/secure.gravatar.com\/avatar\/e8495742d34d0ba6448ea1c628263b3e?s=96&d=mm&r=g\",\"caption\":\"admin\"},\"url\":\"https:\/\/franciscanos.org.br\/noticias\/author\/admin\"}]}<\/script>\n<!-- \/ Yoast SEO plugin. -->","yoast_head_json":{"title":"Papa Francisco: \"Ensinem a adorar em sil\u00eancio\" - Not\u00edcias - Franciscanos","robots":{"index":"index","follow":"follow","max-snippet":"max-snippet:-1","max-image-preview":"max-image-preview:large","max-video-preview":"max-video-preview:-1"},"canonical":"https:\/\/franciscanos.org.br\/noticias\/papa-francisco-ensinem-a-adorar-em-silencio.html","og_locale":"pt_BR","og_type":"article","og_title":"Papa Francisco: \"Ensinem a adorar em sil\u00eancio\" - Not\u00edcias - Franciscanos","og_description":"Missa em Santa Marta","og_url":"https:\/\/franciscanos.org.br\/noticias\/papa-francisco-ensinem-a-adorar-em-silencio.html","og_site_name":"Not\u00edcias - Franciscanos","article_published_time":"2018-02-05T11:24:08+00:00","article_modified_time":"2020-06-07T20:30:00+00:00","og_image":[{"width":273,"height":181,"url":"https:\/\/franciscanos.org.br\/noticias\/wp-content\/uploads\/2018\/02\/papa_050218.jpg","type":"image\/jpeg"}],"author":"admin","twitter_card":"summary_large_image","twitter_misc":{"Escrito por":"admin","Est. tempo de leitura":"3 minutos"},"schema":{"@context":"https:\/\/schema.org","@graph":[{"@type":"WebSite","@id":"https:\/\/franciscanos.org.br\/noticias\/#website","url":"https:\/\/franciscanos.org.br\/noticias\/","name":"Not\u00edcias - Franciscanos","description":"Prov\u00edncia Franciscana da Imaculada Concei\u00e7\u00e3o do Brasil - Ordem dos Frades Menores - OFM","potentialAction":[{"@type":"SearchAction","target":{"@type":"EntryPoint","urlTemplate":"https:\/\/franciscanos.org.br\/noticias\/?s={search_term_string}"},"query-input":"required name=search_term_string"}],"inLanguage":"pt-BR"},{"@type":"ImageObject","inLanguage":"pt-BR","@id":"https:\/\/franciscanos.org.br\/noticias\/papa-francisco-ensinem-a-adorar-em-silencio.html#primaryimage","url":"https:\/\/franciscanos.org.br\/noticias\/wp-content\/uploads\/2018\/02\/papa_050218.jpg","contentUrl":"https:\/\/franciscanos.org.br\/noticias\/wp-content\/uploads\/2018\/02\/papa_050218.jpg","width":273,"height":181},{"@type":"WebPage","@id":"https:\/\/franciscanos.org.br\/noticias\/papa-francisco-ensinem-a-adorar-em-silencio.html#webpage","url":"https:\/\/franciscanos.org.br\/noticias\/papa-francisco-ensinem-a-adorar-em-silencio.html","name":"Papa Francisco: \"Ensinem a adorar em sil\u00eancio\" - Not\u00edcias - Franciscanos","isPartOf":{"@id":"https:\/\/franciscanos.org.br\/noticias\/#website"},"primaryImageOfPage":{"@id":"https:\/\/franciscanos.org.br\/noticias\/papa-francisco-ensinem-a-adorar-em-silencio.html#primaryimage"},"datePublished":"2018-02-05T11:24:08+00:00","dateModified":"2020-06-07T20:30:00+00:00","author":{"@id":"https:\/\/franciscanos.org.br\/noticias\/#\/schema\/person\/b38fbf43118f02820bd932f2e4b14ad3"},"breadcrumb":{"@id":"https:\/\/franciscanos.org.br\/noticias\/papa-francisco-ensinem-a-adorar-em-silencio.html#breadcrumb"},"inLanguage":"pt-BR","potentialAction":[{"@type":"ReadAction","target":["https:\/\/franciscanos.org.br\/noticias\/papa-francisco-ensinem-a-adorar-em-silencio.html"]}]},{"@type":"BreadcrumbList","@id":"https:\/\/franciscanos.org.br\/noticias\/papa-francisco-ensinem-a-adorar-em-silencio.html#breadcrumb","itemListElement":[{"@type":"ListItem","position":1,"name":"Home","item":"https:\/\/franciscanos.org.br\/noticias"},{"@type":"ListItem","position":2,"name":"Papa Francisco: &#8220;Ensinem a adorar em sil\u00eancio&#8221;"}]},{"@type":"Person","@id":"https:\/\/franciscanos.org.br\/noticias\/#\/schema\/person\/b38fbf43118f02820bd932f2e4b14ad3","name":"admin","image":{"@type":"ImageObject","inLanguage":"pt-BR","@id":"https:\/\/franciscanos.org.br\/noticias\/#\/schema\/person\/image\/","url":"https:\/\/secure.gravatar.com\/avatar\/e8495742d34d0ba6448ea1c628263b3e?s=96&d=mm&r=g","contentUrl":"https:\/\/secure.gravatar.com\/avatar\/e8495742d34d0ba6448ea1c628263b3e?s=96&d=mm&r=g","caption":"admin"},"url":"https:\/\/franciscanos.org.br\/noticias\/author\/admin"}]}},"_links":{"self":[{"href":"https:\/\/franciscanos.org.br\/noticias\/wp-json\/wp\/v2\/posts\/150744"}],"collection":[{"href":"https:\/\/franciscanos.org.br\/noticias\/wp-json\/wp\/v2\/posts"}],"about":[{"href":"https:\/\/franciscanos.org.br\/noticias\/wp-json\/wp\/v2\/types\/post"}],"author":[{"embeddable":true,"href":"https:\/\/franciscanos.org.br\/noticias\/wp-json\/wp\/v2\/users\/1"}],"replies":[{"embeddable":true,"href":"https:\/\/franciscanos.org.br\/noticias\/wp-json\/wp\/v2\/comments?post=150744"}],"version-history":[{"count":2,"href":"https:\/\/franciscanos.org.br\/noticias\/wp-json\/wp\/v2\/posts\/150744\/revisions"}],"predecessor-version":[{"id":225067,"href":"https:\/\/franciscanos.org.br\/noticias\/wp-json\/wp\/v2\/posts\/150744\/revisions\/225067"}],"wp:featuredmedia":[{"embeddable":true,"href":"https:\/\/franciscanos.org.br\/noticias\/wp-json\/wp\/v2\/media\/203380"}],"wp:attachment":[{"href":"https:\/\/franciscanos.org.br\/noticias\/wp-json\/wp\/v2\/media?parent=150744"}],"wp:term":[{"taxonomy":"category","embeddable":true,"href":"https:\/\/franciscanos.org.br\/noticias\/wp-json\/wp\/v2\/categories?post=150744"},{"taxonomy":"post_tag","embeddable":true,"href":"https:\/\/franciscanos.org.br\/noticias\/wp-json\/wp\/v2\/tags?post=150744"}],"curies":[{"name":"wp","href":"https:\/\/api.w.org\/{rel}","templated":true}]}}