{"id":150728,"date":"2018-02-04T15:24:39","date_gmt":"2018-02-04T17:24:39","guid":{"rendered":"http:\/\/franciscanos.org.br\/?p=150728"},"modified":"2020-06-07T17:31:09","modified_gmt":"2020-06-07T20:31:09","slug":"jesus-nao-veio-para-trazer-a-salvacao-em-um-laboratorio","status":"publish","type":"post","link":"https:\/\/franciscanos.org.br\/noticias\/jesus-nao-veio-para-trazer-a-salvacao-em-um-laboratorio.html","title":{"rendered":"\u201cJesus n\u00e3o veio para trazer a salva\u00e7\u00e3o em um laborat\u00f3rio&#8221;"},"content":{"rendered":"<p><img loading=\"lazy\" src=\"http:\/\/franciscanos.org.br\/wp-content\/uploads\/2018\/02\/angelus_040218.jpg\" alt=\"angelus_040218\" width=\"830\" height=\"437\" \/><\/p>\n<p>Dirigindo-se aos milhares de fi\u00e9is e turistas presentes na Pra\u00e7a S\u00e3o Pedro neste V Domingo do Tempo Comum para o Angelus, o Papa Francisco recordou que se a estrada foi o lugar do alegre an\u00fancio do Evangelho do filho de Deus, tamb\u00e9m dever\u00e1 ser o caminho de cada crist\u00e3o e da Igreja.<\/p>\n<p>O Evangelho de Marcos proposto para este domingo, \u201cdestaca a rela\u00e7\u00e3o entre a atividade taumat\u00fargica de Jesus e o despertar da f\u00e9 nas pessoas que encontra\u201d.<\/p>\n<p>\u201cCom os sinais de cura que realiza pelos doentes de todo tipo, o Senhor quer suscitar como resposta a f\u00e9\u201d, sublinhou o Papa.<\/p>\n<p>O dia de Jesus em Cafarnaum, segundo narrado por S\u00e3o Marcos, \u201ccome\u00e7a com a cura da sogra de Pedro e termina com a cena das pessoas de toda a cidadezinha que se comprimiam diante da casa onde ele se alojava, para levar a ele todos os doentes\u201d.<\/p>\n<p>\u201cA multid\u00e3o, marcada por sofrimentos f\u00edsicos e por mis\u00e9rias espirituais, constitui, por assim dizer, \u201co ambiente vital\u201d em que se realiza a miss\u00e3o de Jesus, feita de palavras e de gestos que curam e consolam\u201d:<\/p>\n<p>\u201cJesus n\u00e3o veio para trazer a salva\u00e7\u00e3o em um laborat\u00f3rio; n\u00e3o faz prega\u00e7\u00e3o de laborat\u00f3rio, separado das pessoas: est\u00e1 no meio da multid\u00e3o! Em meio ao povo! Pensem que a maior parte da vida p\u00fablica de Jesus foi passada na estrada, entre as pessoas, para pregar o Evangelho, para curar as feridas f\u00edsicas e espirituais\u201d.<\/p>\n<p>E \u00e9 para esta pobre humanidade, marcada pelos sofrimentos, que \u201c\u00e9 dirigida \u00e0 a\u00e7\u00e3o poderosa, libertadora e renovadora de Jesus\u201d.<\/p>\n<p>Antes do amanhecer do dia seguinte \u2013 recordou o Papa \u2013 Jesus sai sem ser visto pela porta da cidade \u201ce se retira para um lugar afastado para rezar. Jesus reza\u201d, tamb\u00e9m para \u201csubtrair a sua pessoa e a sua miss\u00e3o de uma vis\u00e3o triunfalista\u201d, que poderia ficar subentendida em fun\u00e7\u00e3o dos milagres e de seu poder carism\u00e1tico:<\/p>\n<p>\u201cOs milagres, de fato, s\u00e3o \u201csinais\u201d que convidam a uma resposta de f\u00e9; sinais que sempre s\u00e3o acompanhados por palavras, que os iluminam; e juntos, sinais e palavras, provocam a f\u00e9 e a convers\u00e3o pela for\u00e7a divina da gra\u00e7a de Cristo\u201d.<\/p>\n<p>\u201cA conclus\u00e3o da passagem de hoje \u2013 prosseguiu Francisco &#8211; indica que o an\u00fancio do Reino de Deus por parte de Jesus encontra o seu lugar mais precisamente na estrada\u201d.<\/p>\n<p>Os disc\u00edpulos queriam levar Jesus de volta para a cidade, mas Ele os convida para ir \u201ca outros lugares, \u00e0s aldeias da redondeza! Devo pregar tamb\u00e9m ali, pois foi para isso que eu vim\u201d:<\/p>\n<p>\u201cEste foi o caminho do filho de Deus e este ser\u00e1 o caminho de seus disc\u00edpulos. E dever\u00e1 ser o caminho de cada crist\u00e3o. A estrada como lugar do alegre an\u00fancio do Evangelho, coloca a miss\u00e3o da Igreja sob o signo do \u201candar\u201d, a Igreja em caminho, sob o sinal do \u201cmovimento\u201d e nunca da estaticidade\u201d.<\/p>\n<p>\u201cQue a Virgem Maria &#8211; concluiu o Papa &#8211; nos ajude a sermos abertos \u00e0 voz do Esp\u00edrito Santo, que impele a Igreja a colocar sempre mais a pr\u00f3pria tenda em meio \u00e0s pessoas para levar a todos a palavra curadora de Jesus, m\u00e9dico das almas e dos corpos\u201d.<br \/>\nDepois de rezar o Angelus, o Papa Francisco tamb\u00e9m recordou, que neste domingo \u00e9 celebrado na It\u00e1lia o Dia pela Vida, demonstrando preocupa\u00e7\u00e3o pelo fato de que \u201cn\u00e3o s\u00e3o muitos os que lutam pela vida no mundo\u201d.<\/p>\n<p>\u201cHoje celebra-se na It\u00e1lia o Dia pela Vida, que tem como tema \u201cO Evangelho da vida, alegria para o mundo\u201d. Associo-me \u00e0 Mensagem dos Bispos e exprimo o meu apre\u00e7o e encorajamento pelas diversas realidades eclesiais que em tantos modos promovem e apoiam a vida, em particular o Movimento pela Vida, a quem sa\u00fado os expoentes aqui presentes, n\u00e3o t\u00e3o numerosos.<\/p>\n<p>E isto me preocupa, n\u00e3o s\u00e3o muitos aqueles que lutam pela vida em um mundo onde a cada dia se fazem mais armas, a cada dia se fazem mais leis contra a vida, a cada dia avan\u00e7a a cultura do descarte, de descartar aquilo que n\u00e3o serve, aquilo que incomoda. Por favor, rezemos para que o nosso povo seja mais consciente da defesa da vida neste momento de destrui\u00e7\u00e3o e de descarte da humanidade\u201d.<\/p>\n<p><strong>DIA DIA JEJUM E ORA\u00c7\u00c3O PELA PAZ<\/strong><\/p>\n<p>\u201cAs vit\u00f3rias obtidas com a viol\u00eancia s\u00e3o falsas vit\u00f3rias\u201d. Diante da continua\u00e7\u00e3o de in\u00fameros conflitos em diversas partes do mundo, o Papa Francisco no Angelus deste domingo voltou a condenar a viol\u00eancia e convocou um Dia de Jejum e Ora\u00e7\u00e3o pela Paz:<\/p>\n<p>\u201cE agora um an\u00fancio: diante da tr\u00e1gica continua\u00e7\u00e3o de situa\u00e7\u00f5es de conflito em diversas partes do mundo, convido todos os fi\u00e9is a um Dia especial de Ora\u00e7\u00e3o e Jejum pela Paz em 23 de fevereiro pr\u00f3ximo, sexta-feira da Primeira Semana da Quaresma\u201d.<\/p>\n<p>\u201cO ofereceremos em particular pelas popula\u00e7\u00f5es da Rep\u00fablica Democr\u00e1tica do Congo e do Sud\u00e3o do sul. Como em outras ocasi\u00f5es similares, convido tamb\u00e9m os irm\u00e3os e irm\u00e3s n\u00e3o cat\u00f3licos e n\u00e3o crist\u00e3os para se associarem a esta iniciativa nas modalidades que considerarem mais oportunas, mas todos juntos\u201d.<\/p>\n<p>O Santo Padre recordou que \u201co nosso Pai Celeste escuta sempre os seus filhos que gritam a Ele na dor e na ang\u00fastia, \u201ccura os cora\u00e7\u00f5es feridos e enfaixa suas feridas\u201d\u201d.<\/p>\n<p>O Pont\u00edfice dirigiu um apelo, para que tamb\u00e9m cada um de n\u00f3s ou\u00e7a este grito e que cada um, diante de Deus, pergunte na pr\u00f3pria consci\u00eancia: \u201cO que eu posso fazer pela paz?\u201d:<\/p>\n<p>\u201cCertamente podemos rezar; mas n\u00e3o s\u00f3. Cada um pode dizer concretamente \u201cn\u00e3o\u201d \u00e0 viol\u00eancia naquilo que depender dele ou dela. Porque as vit\u00f3rias obtidas com a viol\u00eancia s\u00e3o falsas vit\u00f3rias; enquanto trabalhar pela paz faz bem a todos!\u201d<\/p>\n<hr \/>\n<p><em>Fonte: Vatican News<\/em><\/p>\n","protected":false},"excerpt":{"rendered":"<p>Angelus<\/p>\n","protected":false},"author":1,"featured_media":203269,"comment_status":"open","ping_status":"open","sticky":false,"template":"","format":"standard","meta":[],"categories":[1428],"tags":[403],"acf":[],"yoast_head":"<!-- This site is optimized with the Yoast SEO plugin v19.2 - https:\/\/yoast.com\/wordpress\/plugins\/seo\/ -->\n<title>\u201cJesus n\u00e3o veio para trazer a salva\u00e7\u00e3o em um laborat\u00f3rio&quot; - Not\u00edcias - Franciscanos<\/title>\n<meta name=\"robots\" content=\"index, follow, max-snippet:-1, max-image-preview:large, max-video-preview:-1\" \/>\n<link rel=\"canonical\" href=\"https:\/\/franciscanos.org.br\/noticias\/jesus-nao-veio-para-trazer-a-salvacao-em-um-laboratorio.html\" \/>\n<meta property=\"og:locale\" content=\"pt_BR\" \/>\n<meta property=\"og:type\" content=\"article\" \/>\n<meta property=\"og:title\" content=\"\u201cJesus n\u00e3o veio para trazer a salva\u00e7\u00e3o em um laborat\u00f3rio&quot; - Not\u00edcias - Franciscanos\" \/>\n<meta property=\"og:description\" content=\"Angelus\" \/>\n<meta property=\"og:url\" content=\"https:\/\/franciscanos.org.br\/noticias\/jesus-nao-veio-para-trazer-a-salvacao-em-um-laboratorio.html\" \/>\n<meta property=\"og:site_name\" content=\"Not\u00edcias - Franciscanos\" \/>\n<meta property=\"article:published_time\" content=\"2018-02-04T17:24:39+00:00\" \/>\n<meta property=\"article:modified_time\" content=\"2020-06-07T20:31:09+00:00\" \/>\n<meta property=\"og:image\" content=\"https:\/\/franciscanos.org.br\/noticias\/wp-content\/uploads\/2018\/02\/angelus_040218.jpg\" \/>\n\t<meta property=\"og:image:width\" content=\"273\" \/>\n\t<meta property=\"og:image:height\" content=\"171\" \/>\n\t<meta property=\"og:image:type\" content=\"image\/jpeg\" \/>\n<meta name=\"author\" content=\"admin\" \/>\n<meta name=\"twitter:card\" content=\"summary_large_image\" \/>\n<meta name=\"twitter:label1\" content=\"Escrito por\" \/>\n\t<meta name=\"twitter:data1\" content=\"admin\" \/>\n\t<meta name=\"twitter:label2\" content=\"Est. tempo de leitura\" \/>\n\t<meta name=\"twitter:data2\" content=\"5 minutos\" \/>\n<script type=\"application\/ld+json\" class=\"yoast-schema-graph\">{\"@context\":\"https:\/\/schema.org\",\"@graph\":[{\"@type\":\"WebSite\",\"@id\":\"https:\/\/franciscanos.org.br\/noticias\/#website\",\"url\":\"https:\/\/franciscanos.org.br\/noticias\/\",\"name\":\"Not\u00edcias - Franciscanos\",\"description\":\"Prov\u00edncia Franciscana da Imaculada Concei\u00e7\u00e3o do Brasil - Ordem dos Frades Menores - OFM\",\"potentialAction\":[{\"@type\":\"SearchAction\",\"target\":{\"@type\":\"EntryPoint\",\"urlTemplate\":\"https:\/\/franciscanos.org.br\/noticias\/?s={search_term_string}\"},\"query-input\":\"required name=search_term_string\"}],\"inLanguage\":\"pt-BR\"},{\"@type\":\"ImageObject\",\"inLanguage\":\"pt-BR\",\"@id\":\"https:\/\/franciscanos.org.br\/noticias\/jesus-nao-veio-para-trazer-a-salvacao-em-um-laboratorio.html#primaryimage\",\"url\":\"https:\/\/franciscanos.org.br\/noticias\/wp-content\/uploads\/2018\/02\/angelus_040218.jpg\",\"contentUrl\":\"https:\/\/franciscanos.org.br\/noticias\/wp-content\/uploads\/2018\/02\/angelus_040218.jpg\",\"width\":273,\"height\":171},{\"@type\":\"WebPage\",\"@id\":\"https:\/\/franciscanos.org.br\/noticias\/jesus-nao-veio-para-trazer-a-salvacao-em-um-laboratorio.html#webpage\",\"url\":\"https:\/\/franciscanos.org.br\/noticias\/jesus-nao-veio-para-trazer-a-salvacao-em-um-laboratorio.html\",\"name\":\"\u201cJesus n\u00e3o veio para trazer a salva\u00e7\u00e3o em um laborat\u00f3rio\\\" - Not\u00edcias - Franciscanos\",\"isPartOf\":{\"@id\":\"https:\/\/franciscanos.org.br\/noticias\/#website\"},\"primaryImageOfPage\":{\"@id\":\"https:\/\/franciscanos.org.br\/noticias\/jesus-nao-veio-para-trazer-a-salvacao-em-um-laboratorio.html#primaryimage\"},\"datePublished\":\"2018-02-04T17:24:39+00:00\",\"dateModified\":\"2020-06-07T20:31:09+00:00\",\"author\":{\"@id\":\"https:\/\/franciscanos.org.br\/noticias\/#\/schema\/person\/b38fbf43118f02820bd932f2e4b14ad3\"},\"breadcrumb\":{\"@id\":\"https:\/\/franciscanos.org.br\/noticias\/jesus-nao-veio-para-trazer-a-salvacao-em-um-laboratorio.html#breadcrumb\"},\"inLanguage\":\"pt-BR\",\"potentialAction\":[{\"@type\":\"ReadAction\",\"target\":[\"https:\/\/franciscanos.org.br\/noticias\/jesus-nao-veio-para-trazer-a-salvacao-em-um-laboratorio.html\"]}]},{\"@type\":\"BreadcrumbList\",\"@id\":\"https:\/\/franciscanos.org.br\/noticias\/jesus-nao-veio-para-trazer-a-salvacao-em-um-laboratorio.html#breadcrumb\",\"itemListElement\":[{\"@type\":\"ListItem\",\"position\":1,\"name\":\"Home\",\"item\":\"https:\/\/franciscanos.org.br\/noticias\"},{\"@type\":\"ListItem\",\"position\":2,\"name\":\"\u201cJesus n\u00e3o veio para trazer a salva\u00e7\u00e3o em um laborat\u00f3rio&#8221;\"}]},{\"@type\":\"Person\",\"@id\":\"https:\/\/franciscanos.org.br\/noticias\/#\/schema\/person\/b38fbf43118f02820bd932f2e4b14ad3\",\"name\":\"admin\",\"image\":{\"@type\":\"ImageObject\",\"inLanguage\":\"pt-BR\",\"@id\":\"https:\/\/franciscanos.org.br\/noticias\/#\/schema\/person\/image\/\",\"url\":\"https:\/\/secure.gravatar.com\/avatar\/e8495742d34d0ba6448ea1c628263b3e?s=96&d=mm&r=g\",\"contentUrl\":\"https:\/\/secure.gravatar.com\/avatar\/e8495742d34d0ba6448ea1c628263b3e?s=96&d=mm&r=g\",\"caption\":\"admin\"},\"url\":\"https:\/\/franciscanos.org.br\/noticias\/author\/admin\"}]}<\/script>\n<!-- \/ Yoast SEO plugin. -->","yoast_head_json":{"title":"\u201cJesus n\u00e3o veio para trazer a salva\u00e7\u00e3o em um laborat\u00f3rio\" - Not\u00edcias - Franciscanos","robots":{"index":"index","follow":"follow","max-snippet":"max-snippet:-1","max-image-preview":"max-image-preview:large","max-video-preview":"max-video-preview:-1"},"canonical":"https:\/\/franciscanos.org.br\/noticias\/jesus-nao-veio-para-trazer-a-salvacao-em-um-laboratorio.html","og_locale":"pt_BR","og_type":"article","og_title":"\u201cJesus n\u00e3o veio para trazer a salva\u00e7\u00e3o em um laborat\u00f3rio\" - Not\u00edcias - Franciscanos","og_description":"Angelus","og_url":"https:\/\/franciscanos.org.br\/noticias\/jesus-nao-veio-para-trazer-a-salvacao-em-um-laboratorio.html","og_site_name":"Not\u00edcias - Franciscanos","article_published_time":"2018-02-04T17:24:39+00:00","article_modified_time":"2020-06-07T20:31:09+00:00","og_image":[{"width":273,"height":171,"url":"https:\/\/franciscanos.org.br\/noticias\/wp-content\/uploads\/2018\/02\/angelus_040218.jpg","type":"image\/jpeg"}],"author":"admin","twitter_card":"summary_large_image","twitter_misc":{"Escrito por":"admin","Est. tempo de leitura":"5 minutos"},"schema":{"@context":"https:\/\/schema.org","@graph":[{"@type":"WebSite","@id":"https:\/\/franciscanos.org.br\/noticias\/#website","url":"https:\/\/franciscanos.org.br\/noticias\/","name":"Not\u00edcias - Franciscanos","description":"Prov\u00edncia Franciscana da Imaculada Concei\u00e7\u00e3o do Brasil - Ordem dos Frades Menores - OFM","potentialAction":[{"@type":"SearchAction","target":{"@type":"EntryPoint","urlTemplate":"https:\/\/franciscanos.org.br\/noticias\/?s={search_term_string}"},"query-input":"required name=search_term_string"}],"inLanguage":"pt-BR"},{"@type":"ImageObject","inLanguage":"pt-BR","@id":"https:\/\/franciscanos.org.br\/noticias\/jesus-nao-veio-para-trazer-a-salvacao-em-um-laboratorio.html#primaryimage","url":"https:\/\/franciscanos.org.br\/noticias\/wp-content\/uploads\/2018\/02\/angelus_040218.jpg","contentUrl":"https:\/\/franciscanos.org.br\/noticias\/wp-content\/uploads\/2018\/02\/angelus_040218.jpg","width":273,"height":171},{"@type":"WebPage","@id":"https:\/\/franciscanos.org.br\/noticias\/jesus-nao-veio-para-trazer-a-salvacao-em-um-laboratorio.html#webpage","url":"https:\/\/franciscanos.org.br\/noticias\/jesus-nao-veio-para-trazer-a-salvacao-em-um-laboratorio.html","name":"\u201cJesus n\u00e3o veio para trazer a salva\u00e7\u00e3o em um laborat\u00f3rio\" - Not\u00edcias - Franciscanos","isPartOf":{"@id":"https:\/\/franciscanos.org.br\/noticias\/#website"},"primaryImageOfPage":{"@id":"https:\/\/franciscanos.org.br\/noticias\/jesus-nao-veio-para-trazer-a-salvacao-em-um-laboratorio.html#primaryimage"},"datePublished":"2018-02-04T17:24:39+00:00","dateModified":"2020-06-07T20:31:09+00:00","author":{"@id":"https:\/\/franciscanos.org.br\/noticias\/#\/schema\/person\/b38fbf43118f02820bd932f2e4b14ad3"},"breadcrumb":{"@id":"https:\/\/franciscanos.org.br\/noticias\/jesus-nao-veio-para-trazer-a-salvacao-em-um-laboratorio.html#breadcrumb"},"inLanguage":"pt-BR","potentialAction":[{"@type":"ReadAction","target":["https:\/\/franciscanos.org.br\/noticias\/jesus-nao-veio-para-trazer-a-salvacao-em-um-laboratorio.html"]}]},{"@type":"BreadcrumbList","@id":"https:\/\/franciscanos.org.br\/noticias\/jesus-nao-veio-para-trazer-a-salvacao-em-um-laboratorio.html#breadcrumb","itemListElement":[{"@type":"ListItem","position":1,"name":"Home","item":"https:\/\/franciscanos.org.br\/noticias"},{"@type":"ListItem","position":2,"name":"\u201cJesus n\u00e3o veio para trazer a salva\u00e7\u00e3o em um laborat\u00f3rio&#8221;"}]},{"@type":"Person","@id":"https:\/\/franciscanos.org.br\/noticias\/#\/schema\/person\/b38fbf43118f02820bd932f2e4b14ad3","name":"admin","image":{"@type":"ImageObject","inLanguage":"pt-BR","@id":"https:\/\/franciscanos.org.br\/noticias\/#\/schema\/person\/image\/","url":"https:\/\/secure.gravatar.com\/avatar\/e8495742d34d0ba6448ea1c628263b3e?s=96&d=mm&r=g","contentUrl":"https:\/\/secure.gravatar.com\/avatar\/e8495742d34d0ba6448ea1c628263b3e?s=96&d=mm&r=g","caption":"admin"},"url":"https:\/\/franciscanos.org.br\/noticias\/author\/admin"}]}},"_links":{"self":[{"href":"https:\/\/franciscanos.org.br\/noticias\/wp-json\/wp\/v2\/posts\/150728"}],"collection":[{"href":"https:\/\/franciscanos.org.br\/noticias\/wp-json\/wp\/v2\/posts"}],"about":[{"href":"https:\/\/franciscanos.org.br\/noticias\/wp-json\/wp\/v2\/types\/post"}],"author":[{"embeddable":true,"href":"https:\/\/franciscanos.org.br\/noticias\/wp-json\/wp\/v2\/users\/1"}],"replies":[{"embeddable":true,"href":"https:\/\/franciscanos.org.br\/noticias\/wp-json\/wp\/v2\/comments?post=150728"}],"version-history":[{"count":1,"href":"https:\/\/franciscanos.org.br\/noticias\/wp-json\/wp\/v2\/posts\/150728\/revisions"}],"predecessor-version":[{"id":225068,"href":"https:\/\/franciscanos.org.br\/noticias\/wp-json\/wp\/v2\/posts\/150728\/revisions\/225068"}],"wp:featuredmedia":[{"embeddable":true,"href":"https:\/\/franciscanos.org.br\/noticias\/wp-json\/wp\/v2\/media\/203269"}],"wp:attachment":[{"href":"https:\/\/franciscanos.org.br\/noticias\/wp-json\/wp\/v2\/media?parent=150728"}],"wp:term":[{"taxonomy":"category","embeddable":true,"href":"https:\/\/franciscanos.org.br\/noticias\/wp-json\/wp\/v2\/categories?post=150728"},{"taxonomy":"post_tag","embeddable":true,"href":"https:\/\/franciscanos.org.br\/noticias\/wp-json\/wp\/v2\/tags?post=150728"}],"curies":[{"name":"wp","href":"https:\/\/api.w.org\/{rel}","templated":true}]}}