{"id":150586,"date":"2018-02-02T09:02:18","date_gmt":"2018-02-02T11:02:18","guid":{"rendered":"http:\/\/franciscanos.org.br\/?p=150586"},"modified":"2019-01-31T14:43:55","modified_gmt":"2019-01-31T16:43:55","slug":"pvf-faz-campanha-em-vila-velha-e-balneario-camboriu","status":"publish","type":"post","link":"https:\/\/franciscanos.org.br\/noticias\/pvf-faz-campanha-em-vila-velha-e-balneario-camboriu.html","title":{"rendered":"PVF faz campanha em Vila Velha e Balne\u00e1rio Cambori\u00fa"},"content":{"rendered":"<p><img loading=\"lazy\" src=\"http:\/\/franciscanos.org.br\/wp-content\/uploads\/2018\/02\/campanha_020218G.jpg\" alt=\"campanha_020218G\" width=\"830\" height=\"400\" \/><\/p>\n<p>Enquanto os term\u00f4metros marcavam temperaturas absurdamente elevadas nesta linda esta\u00e7\u00e3o, os cora\u00e7\u00f5es generosos se multiplicavam nas duas belas Fraternidades do Convento da Penha e Santu\u00e1rio do Divino Espirito Santo em Vila Velha (ES). O <a href=\"http:\/\/www.pvf.com.br\" target=\"_blank\" rel=\"noopener\"><strong>Pr\u00f3-Voca\u00e7\u00f5es e Miss\u00f5es Franciscanas<\/strong><\/a> marcou presen\u00e7a junto ao povo capixaba entre os dias 10 e 14 de janeiro deste ano.<\/p>\n<p>Durante o dia, os convites eram feitos nas missas do Convento. Muitos que por ali passavam se dispuseram a nos ajudar, inclusive com belos relatos sobre sua f\u00e9 em Nossa Senhora da Penha, M\u00e3e e Padroeira do Estado do Esp\u00edrito Santo. Renata Esg\u00e1rio disse que: \u201cn\u00f3s hoje somos os continuadores de Frei Pedro Pal\u00e1cios, que sonhou e come\u00e7ou a realizar tudo isso\u201d. E concluiu: \u201cn\u00f3s que amamos Nossa Senhora e os franciscanos deste lugar, somos as pedras vivas que ajudam a formar os seminaristas e frades franciscanos.\u201d Ela afirmou sentir-se muito feliz por ser uma benfeitora franciscana.<\/p>\n<p><img loading=\"lazy\" class=\"alignleft wp-image-150588\" src=\"http:\/\/franciscanos.org.br\/wp-content\/uploads\/2018\/02\/campanhavv_020218.jpg\" alt=\"campanhavv_020218\" width=\"560\" height=\"420\" \/>A noite ca\u00eda sobre Vila Velha e a gente descia a montanha do Convento para rezar com o povo do Santu\u00e1rio do Divino Esp\u00edrito Santo. Ao entoar os refr\u00f5es, ped\u00edamos que a ternura de Deus viesse nos abra\u00e7ar e a sua bondade infinita nos perdoar, para que pud\u00e9ssemos entregar o nosso cora\u00e7\u00e3o e seguir a Cristo. O povo tamb\u00e9m acolheu benignamente o convite para ser um benfeitor franciscano. Foram muitos os que aceitaram este convite, outros ainda aproveitaram para atualizar seu cadastro e assim voltar a receber nossas correspond\u00eancias, bem como a documenta\u00e7\u00e3o necess\u00e1ria para poder efetuar sua doa\u00e7\u00e3o na rede banc\u00e1ria. Que nossa Senhora da Penha interceda junto a Deus por todos os seus devotos e devotas, para que nunca lhes falte o necess\u00e1rio para a vida.<\/p>\n<p>O tempo n\u00e3o para e as campanhas para novos benfeitores tamb\u00e9m n\u00e3o. Entre os dias 22 e 28 de janeiro, estivemos em Balne\u00e1rio Cambori\u00fa (SC). Fomos acolhidos pelos frades da Fraternidade da Par\u00f3quia Santa In\u00eas. Como de costume, as missas foram bem frequentadas, muitos cora\u00e7\u00f5es atenderam ao convite para ajudar na forma\u00e7\u00e3o de nossos seminaristas e frades que est\u00e3o nas casas de forma\u00e7\u00e3o, bem como na manuten\u00e7\u00e3o da nossa miss\u00e3o em Angola. Foram dias agrad\u00e1veis, de reencontro de pessoas queridas, benfeitores e amigos desta acolhedora cidade. Podemos dizer que Balne\u00e1rio n\u00e3o \u00e9 conhecida somente pelos seus arranha-c\u00e9us, mas por ter um povo de cora\u00e7\u00e3o generoso e acolhedor.<\/p>\n<p>Queremos agradecer aos Freis Paulo Roberto Pereira, Djalmo Fuck e Lad\u00ed Antoniazzi por nos acolherem nas suas fraternidades. A eles e a seus irm\u00e3os, a nossa prece a Deus por intercess\u00e3o de S\u00e3o Francisco e Santa Clara de Assis. Para que sejam bons e dignos pastores junto ao rebanho a eles confiado. Muito obrigado e at\u00e9 a pr\u00f3xima oportunidade de estar entre voc\u00eas.<\/p>\n<p><em>Frei Alexandre Rohling<\/em><\/p>\n","protected":false},"excerpt":{"rendered":"<p>Benfeitores<\/p>\n","protected":false},"author":1,"featured_media":198708,"comment_status":"open","ping_status":"open","sticky":false,"template":"","format":"standard","meta":[],"categories":[1],"tags":[254],"acf":[],"yoast_head":"<!-- This site is optimized with the Yoast SEO plugin v19.2 - https:\/\/yoast.com\/wordpress\/plugins\/seo\/ -->\n<title>PVF faz campanha em Vila Velha e Balne\u00e1rio Cambori\u00fa - Not\u00edcias - Franciscanos<\/title>\n<meta name=\"robots\" content=\"index, follow, max-snippet:-1, max-image-preview:large, max-video-preview:-1\" \/>\n<link rel=\"canonical\" href=\"https:\/\/franciscanos.org.br\/noticias\/pvf-faz-campanha-em-vila-velha-e-balneario-camboriu.html\" \/>\n<meta property=\"og:locale\" content=\"pt_BR\" \/>\n<meta property=\"og:type\" content=\"article\" \/>\n<meta property=\"og:title\" content=\"PVF faz campanha em Vila Velha e Balne\u00e1rio Cambori\u00fa - Not\u00edcias - Franciscanos\" \/>\n<meta property=\"og:description\" content=\"Benfeitores\" \/>\n<meta property=\"og:url\" content=\"https:\/\/franciscanos.org.br\/noticias\/pvf-faz-campanha-em-vila-velha-e-balneario-camboriu.html\" \/>\n<meta property=\"og:site_name\" content=\"Not\u00edcias - Franciscanos\" \/>\n<meta property=\"article:published_time\" content=\"2018-02-02T11:02:18+00:00\" \/>\n<meta property=\"article:modified_time\" content=\"2019-01-31T16:43:55+00:00\" \/>\n<meta property=\"og:image\" content=\"https:\/\/franciscanos.org.br\/noticias\/wp-content\/uploads\/2018\/02\/campanha_020218d.jpg\" \/>\n\t<meta property=\"og:image:width\" content=\"273\" \/>\n\t<meta property=\"og:image:height\" content=\"181\" \/>\n\t<meta property=\"og:image:type\" content=\"image\/jpeg\" \/>\n<meta name=\"author\" content=\"admin\" \/>\n<meta name=\"twitter:card\" content=\"summary_large_image\" \/>\n<meta name=\"twitter:label1\" content=\"Escrito por\" \/>\n\t<meta name=\"twitter:data1\" content=\"admin\" \/>\n\t<meta name=\"twitter:label2\" content=\"Est. tempo de leitura\" \/>\n\t<meta name=\"twitter:data2\" content=\"2 minutos\" \/>\n<script type=\"application\/ld+json\" class=\"yoast-schema-graph\">{\"@context\":\"https:\/\/schema.org\",\"@graph\":[{\"@type\":\"WebSite\",\"@id\":\"https:\/\/franciscanos.org.br\/noticias\/#website\",\"url\":\"https:\/\/franciscanos.org.br\/noticias\/\",\"name\":\"Not\u00edcias - Franciscanos\",\"description\":\"Prov\u00edncia Franciscana da Imaculada Concei\u00e7\u00e3o do Brasil - Ordem dos Frades Menores - OFM\",\"potentialAction\":[{\"@type\":\"SearchAction\",\"target\":{\"@type\":\"EntryPoint\",\"urlTemplate\":\"https:\/\/franciscanos.org.br\/noticias\/?s={search_term_string}\"},\"query-input\":\"required name=search_term_string\"}],\"inLanguage\":\"pt-BR\"},{\"@type\":\"ImageObject\",\"inLanguage\":\"pt-BR\",\"@id\":\"https:\/\/franciscanos.org.br\/noticias\/pvf-faz-campanha-em-vila-velha-e-balneario-camboriu.html#primaryimage\",\"url\":\"https:\/\/franciscanos.org.br\/noticias\/wp-content\/uploads\/2018\/02\/campanha_020218d.jpg\",\"contentUrl\":\"https:\/\/franciscanos.org.br\/noticias\/wp-content\/uploads\/2018\/02\/campanha_020218d.jpg\",\"width\":273,\"height\":181},{\"@type\":\"WebPage\",\"@id\":\"https:\/\/franciscanos.org.br\/noticias\/pvf-faz-campanha-em-vila-velha-e-balneario-camboriu.html#webpage\",\"url\":\"https:\/\/franciscanos.org.br\/noticias\/pvf-faz-campanha-em-vila-velha-e-balneario-camboriu.html\",\"name\":\"PVF faz campanha em Vila Velha e Balne\u00e1rio Cambori\u00fa - Not\u00edcias - Franciscanos\",\"isPartOf\":{\"@id\":\"https:\/\/franciscanos.org.br\/noticias\/#website\"},\"primaryImageOfPage\":{\"@id\":\"https:\/\/franciscanos.org.br\/noticias\/pvf-faz-campanha-em-vila-velha-e-balneario-camboriu.html#primaryimage\"},\"datePublished\":\"2018-02-02T11:02:18+00:00\",\"dateModified\":\"2019-01-31T16:43:55+00:00\",\"author\":{\"@id\":\"https:\/\/franciscanos.org.br\/noticias\/#\/schema\/person\/b38fbf43118f02820bd932f2e4b14ad3\"},\"breadcrumb\":{\"@id\":\"https:\/\/franciscanos.org.br\/noticias\/pvf-faz-campanha-em-vila-velha-e-balneario-camboriu.html#breadcrumb\"},\"inLanguage\":\"pt-BR\",\"potentialAction\":[{\"@type\":\"ReadAction\",\"target\":[\"https:\/\/franciscanos.org.br\/noticias\/pvf-faz-campanha-em-vila-velha-e-balneario-camboriu.html\"]}]},{\"@type\":\"BreadcrumbList\",\"@id\":\"https:\/\/franciscanos.org.br\/noticias\/pvf-faz-campanha-em-vila-velha-e-balneario-camboriu.html#breadcrumb\",\"itemListElement\":[{\"@type\":\"ListItem\",\"position\":1,\"name\":\"Home\",\"item\":\"https:\/\/franciscanos.org.br\/noticias\"},{\"@type\":\"ListItem\",\"position\":2,\"name\":\"PVF faz campanha em Vila Velha e Balne\u00e1rio Cambori\u00fa\"}]},{\"@type\":\"Person\",\"@id\":\"https:\/\/franciscanos.org.br\/noticias\/#\/schema\/person\/b38fbf43118f02820bd932f2e4b14ad3\",\"name\":\"admin\",\"image\":{\"@type\":\"ImageObject\",\"inLanguage\":\"pt-BR\",\"@id\":\"https:\/\/franciscanos.org.br\/noticias\/#\/schema\/person\/image\/\",\"url\":\"https:\/\/secure.gravatar.com\/avatar\/e8495742d34d0ba6448ea1c628263b3e?s=96&d=mm&r=g\",\"contentUrl\":\"https:\/\/secure.gravatar.com\/avatar\/e8495742d34d0ba6448ea1c628263b3e?s=96&d=mm&r=g\",\"caption\":\"admin\"},\"url\":\"https:\/\/franciscanos.org.br\/noticias\/author\/admin\"}]}<\/script>\n<!-- \/ Yoast SEO plugin. -->","yoast_head_json":{"title":"PVF faz campanha em Vila Velha e Balne\u00e1rio Cambori\u00fa - Not\u00edcias - Franciscanos","robots":{"index":"index","follow":"follow","max-snippet":"max-snippet:-1","max-image-preview":"max-image-preview:large","max-video-preview":"max-video-preview:-1"},"canonical":"https:\/\/franciscanos.org.br\/noticias\/pvf-faz-campanha-em-vila-velha-e-balneario-camboriu.html","og_locale":"pt_BR","og_type":"article","og_title":"PVF faz campanha em Vila Velha e Balne\u00e1rio Cambori\u00fa - Not\u00edcias - Franciscanos","og_description":"Benfeitores","og_url":"https:\/\/franciscanos.org.br\/noticias\/pvf-faz-campanha-em-vila-velha-e-balneario-camboriu.html","og_site_name":"Not\u00edcias - Franciscanos","article_published_time":"2018-02-02T11:02:18+00:00","article_modified_time":"2019-01-31T16:43:55+00:00","og_image":[{"width":273,"height":181,"url":"https:\/\/franciscanos.org.br\/noticias\/wp-content\/uploads\/2018\/02\/campanha_020218d.jpg","type":"image\/jpeg"}],"author":"admin","twitter_card":"summary_large_image","twitter_misc":{"Escrito por":"admin","Est. tempo de leitura":"2 minutos"},"schema":{"@context":"https:\/\/schema.org","@graph":[{"@type":"WebSite","@id":"https:\/\/franciscanos.org.br\/noticias\/#website","url":"https:\/\/franciscanos.org.br\/noticias\/","name":"Not\u00edcias - Franciscanos","description":"Prov\u00edncia Franciscana da Imaculada Concei\u00e7\u00e3o do Brasil - Ordem dos Frades Menores - OFM","potentialAction":[{"@type":"SearchAction","target":{"@type":"EntryPoint","urlTemplate":"https:\/\/franciscanos.org.br\/noticias\/?s={search_term_string}"},"query-input":"required name=search_term_string"}],"inLanguage":"pt-BR"},{"@type":"ImageObject","inLanguage":"pt-BR","@id":"https:\/\/franciscanos.org.br\/noticias\/pvf-faz-campanha-em-vila-velha-e-balneario-camboriu.html#primaryimage","url":"https:\/\/franciscanos.org.br\/noticias\/wp-content\/uploads\/2018\/02\/campanha_020218d.jpg","contentUrl":"https:\/\/franciscanos.org.br\/noticias\/wp-content\/uploads\/2018\/02\/campanha_020218d.jpg","width":273,"height":181},{"@type":"WebPage","@id":"https:\/\/franciscanos.org.br\/noticias\/pvf-faz-campanha-em-vila-velha-e-balneario-camboriu.html#webpage","url":"https:\/\/franciscanos.org.br\/noticias\/pvf-faz-campanha-em-vila-velha-e-balneario-camboriu.html","name":"PVF faz campanha em Vila Velha e Balne\u00e1rio Cambori\u00fa - Not\u00edcias - Franciscanos","isPartOf":{"@id":"https:\/\/franciscanos.org.br\/noticias\/#website"},"primaryImageOfPage":{"@id":"https:\/\/franciscanos.org.br\/noticias\/pvf-faz-campanha-em-vila-velha-e-balneario-camboriu.html#primaryimage"},"datePublished":"2018-02-02T11:02:18+00:00","dateModified":"2019-01-31T16:43:55+00:00","author":{"@id":"https:\/\/franciscanos.org.br\/noticias\/#\/schema\/person\/b38fbf43118f02820bd932f2e4b14ad3"},"breadcrumb":{"@id":"https:\/\/franciscanos.org.br\/noticias\/pvf-faz-campanha-em-vila-velha-e-balneario-camboriu.html#breadcrumb"},"inLanguage":"pt-BR","potentialAction":[{"@type":"ReadAction","target":["https:\/\/franciscanos.org.br\/noticias\/pvf-faz-campanha-em-vila-velha-e-balneario-camboriu.html"]}]},{"@type":"BreadcrumbList","@id":"https:\/\/franciscanos.org.br\/noticias\/pvf-faz-campanha-em-vila-velha-e-balneario-camboriu.html#breadcrumb","itemListElement":[{"@type":"ListItem","position":1,"name":"Home","item":"https:\/\/franciscanos.org.br\/noticias"},{"@type":"ListItem","position":2,"name":"PVF faz campanha em Vila Velha e Balne\u00e1rio Cambori\u00fa"}]},{"@type":"Person","@id":"https:\/\/franciscanos.org.br\/noticias\/#\/schema\/person\/b38fbf43118f02820bd932f2e4b14ad3","name":"admin","image":{"@type":"ImageObject","inLanguage":"pt-BR","@id":"https:\/\/franciscanos.org.br\/noticias\/#\/schema\/person\/image\/","url":"https:\/\/secure.gravatar.com\/avatar\/e8495742d34d0ba6448ea1c628263b3e?s=96&d=mm&r=g","contentUrl":"https:\/\/secure.gravatar.com\/avatar\/e8495742d34d0ba6448ea1c628263b3e?s=96&d=mm&r=g","caption":"admin"},"url":"https:\/\/franciscanos.org.br\/noticias\/author\/admin"}]}},"_links":{"self":[{"href":"https:\/\/franciscanos.org.br\/noticias\/wp-json\/wp\/v2\/posts\/150586"}],"collection":[{"href":"https:\/\/franciscanos.org.br\/noticias\/wp-json\/wp\/v2\/posts"}],"about":[{"href":"https:\/\/franciscanos.org.br\/noticias\/wp-json\/wp\/v2\/types\/post"}],"author":[{"embeddable":true,"href":"https:\/\/franciscanos.org.br\/noticias\/wp-json\/wp\/v2\/users\/1"}],"replies":[{"embeddable":true,"href":"https:\/\/franciscanos.org.br\/noticias\/wp-json\/wp\/v2\/comments?post=150586"}],"version-history":[{"count":0,"href":"https:\/\/franciscanos.org.br\/noticias\/wp-json\/wp\/v2\/posts\/150586\/revisions"}],"wp:featuredmedia":[{"embeddable":true,"href":"https:\/\/franciscanos.org.br\/noticias\/wp-json\/wp\/v2\/media\/198708"}],"wp:attachment":[{"href":"https:\/\/franciscanos.org.br\/noticias\/wp-json\/wp\/v2\/media?parent=150586"}],"wp:term":[{"taxonomy":"category","embeddable":true,"href":"https:\/\/franciscanos.org.br\/noticias\/wp-json\/wp\/v2\/categories?post=150586"},{"taxonomy":"post_tag","embeddable":true,"href":"https:\/\/franciscanos.org.br\/noticias\/wp-json\/wp\/v2\/tags?post=150586"}],"curies":[{"name":"wp","href":"https:\/\/api.w.org\/{rel}","templated":true}]}}