{"id":150519,"date":"2018-02-01T15:30:01","date_gmt":"2018-02-01T17:30:01","guid":{"rendered":"http:\/\/franciscanos.org.br\/?p=150519"},"modified":"2019-08-13T08:53:12","modified_gmt":"2019-08-13T11:53:12","slug":"universidade-sao-francisco-tem-novo-reitor","status":"publish","type":"post","link":"https:\/\/franciscanos.org.br\/noticias\/universidade-sao-francisco-tem-novo-reitor.html","title":{"rendered":"Universidade S\u00e3o Francisco tem novo reitor"},"content":{"rendered":"<div><img loading=\"lazy\" class=\"alignright wp-image-150523\" src=\"http:\/\/franciscanos.org.br\/wp-content\/uploads\/2018\/02\/reitor.jpg\" alt=\"reitor\" width=\"411\" height=\"411\" \/><\/div>\n<div>A Universidade S\u00e3o Francisco (USF) nomeou, no m\u00eas de janeiro, seu novo reitor, Frei Gilberto Garcia, para a gest\u00e3o 2018-2021, tendo como vice-reitor Frei Thiago Hayakawa, que tamb\u00e9m \u00e9 diretor presidente da mantenedora Casa Nossa Senhora da Paz \u2013 A\u00e7\u00e3o Social Franciscana (CNSP-ASF).<\/div>\n<div>\n<p class=\"x_MsoNormal\">O comunicado de atribui\u00e7\u00f5es foi realizado pelo chanceler da Universidade, Frei Fid\u00eancio Vanboemmel, OFM. A nova gest\u00e3o realizou encontros, em janeiro, nos campi Bragan\u00e7a Paulista, Itatiba e Campinas. \u201cUma grande honra ter sido convidado a voltar a USF, uma institui\u00e7\u00e3o em que pude aprender muito sobre gest\u00e3o acad\u00eamica. Fico feliz de reencontrar a Universidade, depois de 8 anos, com vigor acad\u00eamico e administrativo.\u00a0 Voltar para essa casa em uma situa\u00e7\u00e3o t\u00e3o favor\u00e1vel s\u00f3 me d\u00e1 otimismo e vontade de compartilhar as li\u00e7\u00f5es aprendidas nos \u00faltimos anos\u201d, afirmou o novo reitor, durante encontro com a comunidade no Campus Campinas.<\/p>\n<p class=\"x_MsoNormal\">Professor Gilberto Garcia foi reitor da USF de 2002 a 2010. Foi\u00a0presidente da Associa\u00e7\u00e3o Brasileira de Universidades Comunit\u00e1rias ABRUC e presidente do Conselho de Reitores das Universidades Brasileiras CRUB. Foi presidente Conselho Nacional de Educa\u00e7\u00e3o (CNE), onde atualmente \u00e9 membro conselheiro da C\u00e2mara de Educa\u00e7\u00e3o Superior, da qual tamb\u00e9m foi presidente. Exerceu igualmente fun\u00e7\u00f5es de reitor em institui\u00e7\u00f5es de ensino como a FAE &#8211; Centro Universit\u00e1rio, no Paran\u00e1 e a Universidade Cat\u00f3lica de Bras\u00edlia (UCB), no Distrito Federal.<\/p>\n<p class=\"x_MsoNormal\">No per\u00edodo em que vem atuando no CNE,\u00a0\u00a0presidiu e ainda preside diferentes comiss\u00f5es sobre normatiza\u00e7\u00f5es do ensino superior brasileiro, criou outras delega\u00e7\u00f5es regulat\u00f3rias e atualmente \u00e9 o relator de comiss\u00f5es importantes como: marco regulat\u00f3rio dos cursos de p\u00f3s-gradua\u00e7\u00e3o lato sensu, marco para a extens\u00e3o, para o voluntariado na educa\u00e7\u00e3o, diretrizes para o ensino religioso no ensino b\u00e1sico e diretrizes curriculares de propaganda e publicidade. O Conselho Nacional de Educa\u00e7\u00e3o \u00e9 um \u00f3rg\u00e3o de Estado com fun\u00e7\u00f5es normativas, consultivas e deliberativas, composto por 24 membros, divididos entre as C\u00e2maras de Educa\u00e7\u00e3o B\u00e1sica e Superior. Os membros do CNE s\u00e3o nomeados pela Presid\u00eancia da Rep\u00fablica.<\/p>\n<p class=\"x_MsoNormal\">Durante o encontro com a comunidade acad\u00eamica, o novo Reitor comentou as principais transforma\u00e7\u00f5es no ensino superior brasileiro nos \u00faltimos 8 anos, destacando o progresso da Educa\u00e7\u00e3o a Dist\u00e2ncia (EAD), a regula\u00e7\u00e3o da extens\u00e3o no Brasil e as mudan\u00e7as no stricto sensu. \u201cAs mudan\u00e7as recentes nos marcos regulat\u00f3rios da educa\u00e7\u00e3o trouxeram profundas mudan\u00e7as para o planejamento das Institui\u00e7\u00f5es de Ensino Superior e, certamente, ir\u00e3o impactar sobre as estrat\u00e9gias da USF\u201d, comentou o professor Gilberto.<\/p>\n<p class=\"x_MsoNormal\"><strong>FONTE: Universidade S\u00e3o Francisco<\/strong><\/p>\n<\/div>\n","protected":false},"excerpt":{"rendered":"<p>Frente da Educa\u00e7\u00e3o<\/p>\n","protected":false},"author":5,"featured_media":194771,"comment_status":"open","ping_status":"open","sticky":false,"template":"","format":"standard","meta":[],"categories":[1],"tags":[354],"acf":[],"yoast_head":"<!-- This site is optimized with the Yoast SEO plugin v19.2 - https:\/\/yoast.com\/wordpress\/plugins\/seo\/ -->\n<title>Universidade S\u00e3o Francisco tem novo reitor - Not\u00edcias - Franciscanos<\/title>\n<meta name=\"robots\" content=\"index, follow, max-snippet:-1, max-image-preview:large, max-video-preview:-1\" \/>\n<link rel=\"canonical\" href=\"https:\/\/franciscanos.org.br\/noticias\/universidade-sao-francisco-tem-novo-reitor.html\" \/>\n<meta property=\"og:locale\" content=\"pt_BR\" \/>\n<meta property=\"og:type\" content=\"article\" \/>\n<meta property=\"og:title\" content=\"Universidade S\u00e3o Francisco tem novo reitor - Not\u00edcias - Franciscanos\" \/>\n<meta property=\"og:description\" content=\"Frente da Educa\u00e7\u00e3o\" \/>\n<meta property=\"og:url\" content=\"https:\/\/franciscanos.org.br\/noticias\/universidade-sao-francisco-tem-novo-reitor.html\" \/>\n<meta property=\"og:site_name\" content=\"Not\u00edcias - Franciscanos\" \/>\n<meta property=\"article:published_time\" content=\"2018-02-01T17:30:01+00:00\" \/>\n<meta property=\"article:modified_time\" content=\"2019-08-13T11:53:12+00:00\" \/>\n<meta property=\"og:image\" content=\"https:\/\/franciscanos.org.br\/noticias\/wp-content\/uploads\/2018\/02\/reitor_170119.jpg\" \/>\n\t<meta property=\"og:image:width\" content=\"273\" \/>\n\t<meta property=\"og:image:height\" content=\"181\" \/>\n\t<meta property=\"og:image:type\" content=\"image\/jpeg\" \/>\n<meta name=\"author\" content=\"freiaugusto\" \/>\n<meta name=\"twitter:card\" content=\"summary_large_image\" \/>\n<meta name=\"twitter:label1\" content=\"Escrito por\" \/>\n\t<meta name=\"twitter:data1\" content=\"freiaugusto\" \/>\n\t<meta name=\"twitter:label2\" content=\"Est. tempo de leitura\" \/>\n\t<meta name=\"twitter:data2\" content=\"2 minutos\" \/>\n<script type=\"application\/ld+json\" class=\"yoast-schema-graph\">{\"@context\":\"https:\/\/schema.org\",\"@graph\":[{\"@type\":\"WebSite\",\"@id\":\"https:\/\/franciscanos.org.br\/noticias\/#website\",\"url\":\"https:\/\/franciscanos.org.br\/noticias\/\",\"name\":\"Not\u00edcias - Franciscanos\",\"description\":\"Prov\u00edncia Franciscana da Imaculada Concei\u00e7\u00e3o do Brasil - Ordem dos Frades Menores - OFM\",\"potentialAction\":[{\"@type\":\"SearchAction\",\"target\":{\"@type\":\"EntryPoint\",\"urlTemplate\":\"https:\/\/franciscanos.org.br\/noticias\/?s={search_term_string}\"},\"query-input\":\"required name=search_term_string\"}],\"inLanguage\":\"pt-BR\"},{\"@type\":\"ImageObject\",\"inLanguage\":\"pt-BR\",\"@id\":\"https:\/\/franciscanos.org.br\/noticias\/universidade-sao-francisco-tem-novo-reitor.html#primaryimage\",\"url\":\"https:\/\/franciscanos.org.br\/noticias\/wp-content\/uploads\/2018\/02\/reitor_170119.jpg\",\"contentUrl\":\"https:\/\/franciscanos.org.br\/noticias\/wp-content\/uploads\/2018\/02\/reitor_170119.jpg\",\"width\":273,\"height\":181},{\"@type\":\"WebPage\",\"@id\":\"https:\/\/franciscanos.org.br\/noticias\/universidade-sao-francisco-tem-novo-reitor.html#webpage\",\"url\":\"https:\/\/franciscanos.org.br\/noticias\/universidade-sao-francisco-tem-novo-reitor.html\",\"name\":\"Universidade S\u00e3o Francisco tem novo reitor - Not\u00edcias - Franciscanos\",\"isPartOf\":{\"@id\":\"https:\/\/franciscanos.org.br\/noticias\/#website\"},\"primaryImageOfPage\":{\"@id\":\"https:\/\/franciscanos.org.br\/noticias\/universidade-sao-francisco-tem-novo-reitor.html#primaryimage\"},\"datePublished\":\"2018-02-01T17:30:01+00:00\",\"dateModified\":\"2019-08-13T11:53:12+00:00\",\"author\":{\"@id\":\"https:\/\/franciscanos.org.br\/noticias\/#\/schema\/person\/37f88f0d111cd5358b12a6556a99eb91\"},\"breadcrumb\":{\"@id\":\"https:\/\/franciscanos.org.br\/noticias\/universidade-sao-francisco-tem-novo-reitor.html#breadcrumb\"},\"inLanguage\":\"pt-BR\",\"potentialAction\":[{\"@type\":\"ReadAction\",\"target\":[\"https:\/\/franciscanos.org.br\/noticias\/universidade-sao-francisco-tem-novo-reitor.html\"]}]},{\"@type\":\"BreadcrumbList\",\"@id\":\"https:\/\/franciscanos.org.br\/noticias\/universidade-sao-francisco-tem-novo-reitor.html#breadcrumb\",\"itemListElement\":[{\"@type\":\"ListItem\",\"position\":1,\"name\":\"Home\",\"item\":\"https:\/\/franciscanos.org.br\/noticias\"},{\"@type\":\"ListItem\",\"position\":2,\"name\":\"Universidade S\u00e3o Francisco tem novo reitor\"}]},{\"@type\":\"Person\",\"@id\":\"https:\/\/franciscanos.org.br\/noticias\/#\/schema\/person\/37f88f0d111cd5358b12a6556a99eb91\",\"name\":\"freiaugusto\",\"image\":{\"@type\":\"ImageObject\",\"inLanguage\":\"pt-BR\",\"@id\":\"https:\/\/franciscanos.org.br\/noticias\/#\/schema\/person\/image\/\",\"url\":\"https:\/\/secure.gravatar.com\/avatar\/9840b940e621801b24f3e6b059efb4b7?s=96&d=mm&r=g\",\"contentUrl\":\"https:\/\/secure.gravatar.com\/avatar\/9840b940e621801b24f3e6b059efb4b7?s=96&d=mm&r=g\",\"caption\":\"freiaugusto\"},\"url\":\"https:\/\/franciscanos.org.br\/noticias\/author\/freiaugusto\"}]}<\/script>\n<!-- \/ Yoast SEO plugin. -->","yoast_head_json":{"title":"Universidade S\u00e3o Francisco tem novo reitor - Not\u00edcias - Franciscanos","robots":{"index":"index","follow":"follow","max-snippet":"max-snippet:-1","max-image-preview":"max-image-preview:large","max-video-preview":"max-video-preview:-1"},"canonical":"https:\/\/franciscanos.org.br\/noticias\/universidade-sao-francisco-tem-novo-reitor.html","og_locale":"pt_BR","og_type":"article","og_title":"Universidade S\u00e3o Francisco tem novo reitor - Not\u00edcias - Franciscanos","og_description":"Frente da Educa\u00e7\u00e3o","og_url":"https:\/\/franciscanos.org.br\/noticias\/universidade-sao-francisco-tem-novo-reitor.html","og_site_name":"Not\u00edcias - Franciscanos","article_published_time":"2018-02-01T17:30:01+00:00","article_modified_time":"2019-08-13T11:53:12+00:00","og_image":[{"width":273,"height":181,"url":"https:\/\/franciscanos.org.br\/noticias\/wp-content\/uploads\/2018\/02\/reitor_170119.jpg","type":"image\/jpeg"}],"author":"freiaugusto","twitter_card":"summary_large_image","twitter_misc":{"Escrito por":"freiaugusto","Est. tempo de leitura":"2 minutos"},"schema":{"@context":"https:\/\/schema.org","@graph":[{"@type":"WebSite","@id":"https:\/\/franciscanos.org.br\/noticias\/#website","url":"https:\/\/franciscanos.org.br\/noticias\/","name":"Not\u00edcias - Franciscanos","description":"Prov\u00edncia Franciscana da Imaculada Concei\u00e7\u00e3o do Brasil - Ordem dos Frades Menores - OFM","potentialAction":[{"@type":"SearchAction","target":{"@type":"EntryPoint","urlTemplate":"https:\/\/franciscanos.org.br\/noticias\/?s={search_term_string}"},"query-input":"required name=search_term_string"}],"inLanguage":"pt-BR"},{"@type":"ImageObject","inLanguage":"pt-BR","@id":"https:\/\/franciscanos.org.br\/noticias\/universidade-sao-francisco-tem-novo-reitor.html#primaryimage","url":"https:\/\/franciscanos.org.br\/noticias\/wp-content\/uploads\/2018\/02\/reitor_170119.jpg","contentUrl":"https:\/\/franciscanos.org.br\/noticias\/wp-content\/uploads\/2018\/02\/reitor_170119.jpg","width":273,"height":181},{"@type":"WebPage","@id":"https:\/\/franciscanos.org.br\/noticias\/universidade-sao-francisco-tem-novo-reitor.html#webpage","url":"https:\/\/franciscanos.org.br\/noticias\/universidade-sao-francisco-tem-novo-reitor.html","name":"Universidade S\u00e3o Francisco tem novo reitor - Not\u00edcias - Franciscanos","isPartOf":{"@id":"https:\/\/franciscanos.org.br\/noticias\/#website"},"primaryImageOfPage":{"@id":"https:\/\/franciscanos.org.br\/noticias\/universidade-sao-francisco-tem-novo-reitor.html#primaryimage"},"datePublished":"2018-02-01T17:30:01+00:00","dateModified":"2019-08-13T11:53:12+00:00","author":{"@id":"https:\/\/franciscanos.org.br\/noticias\/#\/schema\/person\/37f88f0d111cd5358b12a6556a99eb91"},"breadcrumb":{"@id":"https:\/\/franciscanos.org.br\/noticias\/universidade-sao-francisco-tem-novo-reitor.html#breadcrumb"},"inLanguage":"pt-BR","potentialAction":[{"@type":"ReadAction","target":["https:\/\/franciscanos.org.br\/noticias\/universidade-sao-francisco-tem-novo-reitor.html"]}]},{"@type":"BreadcrumbList","@id":"https:\/\/franciscanos.org.br\/noticias\/universidade-sao-francisco-tem-novo-reitor.html#breadcrumb","itemListElement":[{"@type":"ListItem","position":1,"name":"Home","item":"https:\/\/franciscanos.org.br\/noticias"},{"@type":"ListItem","position":2,"name":"Universidade S\u00e3o Francisco tem novo reitor"}]},{"@type":"Person","@id":"https:\/\/franciscanos.org.br\/noticias\/#\/schema\/person\/37f88f0d111cd5358b12a6556a99eb91","name":"freiaugusto","image":{"@type":"ImageObject","inLanguage":"pt-BR","@id":"https:\/\/franciscanos.org.br\/noticias\/#\/schema\/person\/image\/","url":"https:\/\/secure.gravatar.com\/avatar\/9840b940e621801b24f3e6b059efb4b7?s=96&d=mm&r=g","contentUrl":"https:\/\/secure.gravatar.com\/avatar\/9840b940e621801b24f3e6b059efb4b7?s=96&d=mm&r=g","caption":"freiaugusto"},"url":"https:\/\/franciscanos.org.br\/noticias\/author\/freiaugusto"}]}},"_links":{"self":[{"href":"https:\/\/franciscanos.org.br\/noticias\/wp-json\/wp\/v2\/posts\/150519"}],"collection":[{"href":"https:\/\/franciscanos.org.br\/noticias\/wp-json\/wp\/v2\/posts"}],"about":[{"href":"https:\/\/franciscanos.org.br\/noticias\/wp-json\/wp\/v2\/types\/post"}],"author":[{"embeddable":true,"href":"https:\/\/franciscanos.org.br\/noticias\/wp-json\/wp\/v2\/users\/5"}],"replies":[{"embeddable":true,"href":"https:\/\/franciscanos.org.br\/noticias\/wp-json\/wp\/v2\/comments?post=150519"}],"version-history":[{"count":0,"href":"https:\/\/franciscanos.org.br\/noticias\/wp-json\/wp\/v2\/posts\/150519\/revisions"}],"wp:featuredmedia":[{"embeddable":true,"href":"https:\/\/franciscanos.org.br\/noticias\/wp-json\/wp\/v2\/media\/194771"}],"wp:attachment":[{"href":"https:\/\/franciscanos.org.br\/noticias\/wp-json\/wp\/v2\/media?parent=150519"}],"wp:term":[{"taxonomy":"category","embeddable":true,"href":"https:\/\/franciscanos.org.br\/noticias\/wp-json\/wp\/v2\/categories?post=150519"},{"taxonomy":"post_tag","embeddable":true,"href":"https:\/\/franciscanos.org.br\/noticias\/wp-json\/wp\/v2\/tags?post=150519"}],"curies":[{"name":"wp","href":"https:\/\/api.w.org\/{rel}","templated":true}]}}