{"id":150492,"date":"2018-02-01T09:07:26","date_gmt":"2018-02-01T11:07:26","guid":{"rendered":"http:\/\/franciscanos.org.br\/?p=150492"},"modified":"2019-08-07T09:08:00","modified_gmt":"2019-08-07T12:08:00","slug":"tem-inicio-o-ano-capitular-nesta-provincia","status":"publish","type":"post","link":"https:\/\/franciscanos.org.br\/noticias\/tem-inicio-o-ano-capitular-nesta-provincia.html","title":{"rendered":"Tem in\u00edcio o Ano Capitular nesta Prov\u00edncia"},"content":{"rendered":"<div id=\"attachment_150493\" style=\"width: 450px\" class=\"wp-caption alignright\"><img aria-describedby=\"caption-attachment-150493\" loading=\"lazy\" class=\"wp-image-150493\" src=\"http:\/\/franciscanos.org.br\/wp-content\/uploads\/2018\/02\/miguel_010218_1.jpg\" alt=\"miguel_010218_1\" width=\"440\" height=\"458\" \/><p id=\"caption-attachment-150493\" class=\"wp-caption-text\">Frei Frei Miguel Kleinhans, Visitador Geral<\/p><\/div>\n<p><strong>Moacir Beggo<\/strong><\/p>\n<p><strong>S\u00e3o Paulo (SP) &#8211;<\/strong> O Ministro Provincial da Prov\u00edncia Franciscana da Imaculada Concei\u00e7\u00e3o, Frei Fid\u00eancio Vanboemmel, divulgou ontem (31\/01) o decreto de abertura do processo de prepara\u00e7\u00e3o do Cap\u00edtulo Provincial 2018, nomeando e convocando a Comiss\u00e3o Preparat\u00f3ria do Cap\u00edtulo. A partir desta quinta-feira, 1\u00ba de fevereiro, o Visitador Geral, Frei Miguel Kleinhans, inicia seu tempo de visita\u00e7\u00e3o can\u00f4nica \u00e0s Fraternidades da Prov\u00edncia.<\/p>\n<p>Citando as Constitui\u00e7\u00f5es Gerais da Ordem dos Frades Menores, Frei Fid\u00eancio lembrou que o Cap\u00edtulo \u00e9 uma institui\u00e7\u00e3o de maior import\u00e2ncia para a dire\u00e7\u00e3o da vida e da miss\u00e3o dos frades. &#8220;Convoco todos os irm\u00e3os da Prov\u00edncia para, juntos, nos empenharmos na prepara\u00e7\u00e3o do nosso pr\u00f3ximo Cap\u00edtulo Provincial Ordin\u00e1rio e Eletivo&#8221;, decretou o Ministro Provincial. O Cap\u00edtulo ser\u00e1 realizado de 12 a 21 de novembro no Semin\u00e1rio Santo Ant\u00f4nio, em Agudos (SP).<\/p>\n<p>Para este Cap\u00edtulo foi escolhido como tema &#8216;Minoridade Franciscana &#8211; lugar de encontro e comunh\u00e3o&#8217; e lema &#8216;Sejam chamados Irm\u00e3os Menores&#8217;, tendo como inspira\u00e7\u00e3o a Regra n\u00e3o Bulada 6,3. &#8220;Queremos dar prosseguimento \u00e0 proposi\u00e7\u00e3o sexenal do nosso Plano de Evangeliza\u00e7\u00e3o (2016-2021) e retomar o vigor origin\u00e1rio de S\u00e3o Francisco de Assis para vivermos nossa voca\u00e7\u00e3o de Menores nos dias atuais&#8221;, explicou Frei Fid\u00eancio.<\/p>\n<p>&#8220;Que este tempo capitular seja um tempo de renova\u00e7\u00e3o espiritual, tempo de reconcilia\u00e7\u00e3o e perd\u00e3o nas nossas fragilidades humanas, tempo de agradecer a Deus pelo dom dos irm\u00e3os, tempo de rever os nossos compromissos evang\u00e9licos como frades que desejam viver a profecia da Minoridade no mundo de hoje&#8221;, espera Frei Fid\u00eancio.<\/p>\n<h3>\u00a0<strong>VISITADOR GERAL<\/strong><\/h3>\n<p>Frei Miguel Kleinhans, frade da Prov\u00edncia Nossa Senhora da Assun\u00e7\u00e3o, com sede em Bacabal (MA), foi nomeado Visitador Geral para este Cap\u00edtulo Provincial. Natural de B\u00fcren, na Alemanha, onde nasceu no dia 17 de mar\u00e7o de 1958, Frei Miguel ingressou na Ordem dos Frades Menores no dia 9 de outubro de 1977 e professou solenemente no dia 3 de outubro de 1982. Foi ordenado presb\u00edtero no dia 13 de outubro de 1984. Chegou ao Brasil em 4 de fevereiro de 1986. \u00c9 doutorado em Teologia (2014) e reside atualmente na Fraternidade Franciscana Lar S\u00e3o Francisco, onde \u00e9 guardi\u00e3o e mestre do Juniorato. Na Prov\u00edncia \u00e9 Definidor e Secret\u00e1rio da Forma\u00e7\u00e3o e Estudos.<\/p>\n<p>&#8220;Sou frade menor e isto com gosto. Entrei na Ordem no ano 1977 com apenas 18 anos de idade. Naquele tempo, Frei Hermann Schal\u00fcck era o meu Ministro Provincial e me recebeu com muita gratid\u00e3o na Prov\u00edncia da Santa Cruz da Alemanha. Depois do meu noviciado, estudei nas cidades de M\u00fcnster e Freiburg, emiti os votos perp\u00e9tuos e fui ordenado sacerdote j\u00e1 com o projeto de vida da evangeliza\u00e7\u00e3o mission\u00e1ria no Brasil&#8221;, explicou Frei Miguel.<\/p>\n<p>Segundo o frade, sua voca\u00e7\u00e3o \u00e9 fruto de uma educa\u00e7\u00e3o muito cat\u00f3lica, um ambiente familiar simples e devoto. &#8220;Sempre me senti atra\u00eddo pela gra\u00e7a de Deus que atua na pobreza evang\u00e9lica. A Ordem dos Frades Menores realizou &#8211; a meu ver &#8211; este meu ideal melhor. Por isso bati \u00e0 porta dos frades e pedi ingresso&#8221;, conta o frade, que fez a op\u00e7\u00e3o de ser mission\u00e1rio no Brasil quando era estudante de Teologia. &#8220;Em certos momentos me perguntei que forma iria dar \u00e0 minha op\u00e7\u00e3o franciscana ou que projeto de vida iria assumir depois dos votos perp\u00e9tuos. As frequentes visitas dos mission\u00e1rios do Brasil (Cust\u00f3dia de Bacabal) ajudaram-me a tomar uma decis\u00e3o&#8221;, acrescentou.<\/p>\n<p>O servi\u00e7o que exerce como Visitador Geral \u00e9 o primeiro na sua vida religiosa. &#8220;Sou marinheiro de primeira viagem e isto logo na Prov\u00edncia da Imaculada Concei\u00e7\u00e3o, que tem projetos mission\u00e1rios grandes e t\u00e3o bonitos&#8221;, destacou, confessando que sentiu &#8220;aquele aperto no cora\u00e7\u00e3o&#8221;.<\/p>\n<p>Frei Miguel visitar\u00e1 as Fraternidades da Prov\u00edncia de fevereiro a setembro. &#8220;Venho como um irm\u00e3o entre outros irm\u00e3os&#8221;, adiantou. Ele inicia sua visita can\u00f4nica na Fraternidade de Chopinzinho (PR).<\/p>\n","protected":false},"excerpt":{"rendered":"<p>Cap\u00edtulo Provincial<\/p>\n","protected":false},"author":1,"featured_media":209022,"comment_status":"open","ping_status":"open","sticky":false,"template":"","format":"standard","meta":[],"categories":[1],"tags":[1182],"acf":[],"yoast_head":"<!-- This site is optimized with the Yoast SEO plugin v19.2 - https:\/\/yoast.com\/wordpress\/plugins\/seo\/ -->\n<title>Tem in\u00edcio o Ano Capitular nesta Prov\u00edncia - Not\u00edcias - Franciscanos<\/title>\n<meta name=\"robots\" content=\"index, follow, max-snippet:-1, max-image-preview:large, max-video-preview:-1\" \/>\n<link rel=\"canonical\" href=\"https:\/\/franciscanos.org.br\/noticias\/tem-inicio-o-ano-capitular-nesta-provincia.html\" \/>\n<meta property=\"og:locale\" content=\"pt_BR\" \/>\n<meta property=\"og:type\" content=\"article\" \/>\n<meta property=\"og:title\" content=\"Tem in\u00edcio o Ano Capitular nesta Prov\u00edncia - Not\u00edcias - Franciscanos\" \/>\n<meta property=\"og:description\" content=\"Cap\u00edtulo Provincial\" \/>\n<meta property=\"og:url\" content=\"https:\/\/franciscanos.org.br\/noticias\/tem-inicio-o-ano-capitular-nesta-provincia.html\" \/>\n<meta property=\"og:site_name\" content=\"Not\u00edcias - Franciscanos\" \/>\n<meta property=\"article:published_time\" content=\"2018-02-01T11:07:26+00:00\" \/>\n<meta property=\"article:modified_time\" content=\"2019-08-07T12:08:00+00:00\" \/>\n<meta property=\"og:image\" content=\"https:\/\/franciscanos.org.br\/noticias\/wp-content\/uploads\/2018\/02\/miguel_010218_1.jpg\" \/>\n\t<meta property=\"og:image:width\" content=\"273\" \/>\n\t<meta property=\"og:image:height\" content=\"181\" \/>\n\t<meta property=\"og:image:type\" content=\"image\/jpeg\" \/>\n<meta name=\"author\" content=\"admin\" \/>\n<meta name=\"twitter:card\" content=\"summary_large_image\" \/>\n<meta name=\"twitter:label1\" content=\"Escrito por\" \/>\n\t<meta name=\"twitter:data1\" content=\"admin\" \/>\n\t<meta name=\"twitter:label2\" content=\"Est. tempo de leitura\" \/>\n\t<meta name=\"twitter:data2\" content=\"3 minutos\" \/>\n<script type=\"application\/ld+json\" class=\"yoast-schema-graph\">{\"@context\":\"https:\/\/schema.org\",\"@graph\":[{\"@type\":\"WebSite\",\"@id\":\"https:\/\/franciscanos.org.br\/noticias\/#website\",\"url\":\"https:\/\/franciscanos.org.br\/noticias\/\",\"name\":\"Not\u00edcias - Franciscanos\",\"description\":\"Prov\u00edncia Franciscana da Imaculada Concei\u00e7\u00e3o do Brasil - Ordem dos Frades Menores - OFM\",\"potentialAction\":[{\"@type\":\"SearchAction\",\"target\":{\"@type\":\"EntryPoint\",\"urlTemplate\":\"https:\/\/franciscanos.org.br\/noticias\/?s={search_term_string}\"},\"query-input\":\"required name=search_term_string\"}],\"inLanguage\":\"pt-BR\"},{\"@type\":\"ImageObject\",\"inLanguage\":\"pt-BR\",\"@id\":\"https:\/\/franciscanos.org.br\/noticias\/tem-inicio-o-ano-capitular-nesta-provincia.html#primaryimage\",\"url\":\"https:\/\/franciscanos.org.br\/noticias\/wp-content\/uploads\/2018\/02\/miguel_010218_1.jpg\",\"contentUrl\":\"https:\/\/franciscanos.org.br\/noticias\/wp-content\/uploads\/2018\/02\/miguel_010218_1.jpg\",\"width\":273,\"height\":181},{\"@type\":\"WebPage\",\"@id\":\"https:\/\/franciscanos.org.br\/noticias\/tem-inicio-o-ano-capitular-nesta-provincia.html#webpage\",\"url\":\"https:\/\/franciscanos.org.br\/noticias\/tem-inicio-o-ano-capitular-nesta-provincia.html\",\"name\":\"Tem in\u00edcio o Ano Capitular nesta Prov\u00edncia - Not\u00edcias - Franciscanos\",\"isPartOf\":{\"@id\":\"https:\/\/franciscanos.org.br\/noticias\/#website\"},\"primaryImageOfPage\":{\"@id\":\"https:\/\/franciscanos.org.br\/noticias\/tem-inicio-o-ano-capitular-nesta-provincia.html#primaryimage\"},\"datePublished\":\"2018-02-01T11:07:26+00:00\",\"dateModified\":\"2019-08-07T12:08:00+00:00\",\"author\":{\"@id\":\"https:\/\/franciscanos.org.br\/noticias\/#\/schema\/person\/b38fbf43118f02820bd932f2e4b14ad3\"},\"breadcrumb\":{\"@id\":\"https:\/\/franciscanos.org.br\/noticias\/tem-inicio-o-ano-capitular-nesta-provincia.html#breadcrumb\"},\"inLanguage\":\"pt-BR\",\"potentialAction\":[{\"@type\":\"ReadAction\",\"target\":[\"https:\/\/franciscanos.org.br\/noticias\/tem-inicio-o-ano-capitular-nesta-provincia.html\"]}]},{\"@type\":\"BreadcrumbList\",\"@id\":\"https:\/\/franciscanos.org.br\/noticias\/tem-inicio-o-ano-capitular-nesta-provincia.html#breadcrumb\",\"itemListElement\":[{\"@type\":\"ListItem\",\"position\":1,\"name\":\"Home\",\"item\":\"https:\/\/franciscanos.org.br\/noticias\"},{\"@type\":\"ListItem\",\"position\":2,\"name\":\"Tem in\u00edcio o Ano Capitular nesta Prov\u00edncia\"}]},{\"@type\":\"Person\",\"@id\":\"https:\/\/franciscanos.org.br\/noticias\/#\/schema\/person\/b38fbf43118f02820bd932f2e4b14ad3\",\"name\":\"admin\",\"image\":{\"@type\":\"ImageObject\",\"inLanguage\":\"pt-BR\",\"@id\":\"https:\/\/franciscanos.org.br\/noticias\/#\/schema\/person\/image\/\",\"url\":\"https:\/\/secure.gravatar.com\/avatar\/e8495742d34d0ba6448ea1c628263b3e?s=96&d=mm&r=g\",\"contentUrl\":\"https:\/\/secure.gravatar.com\/avatar\/e8495742d34d0ba6448ea1c628263b3e?s=96&d=mm&r=g\",\"caption\":\"admin\"},\"url\":\"https:\/\/franciscanos.org.br\/noticias\/author\/admin\"}]}<\/script>\n<!-- \/ Yoast SEO plugin. -->","yoast_head_json":{"title":"Tem in\u00edcio o Ano Capitular nesta Prov\u00edncia - Not\u00edcias - Franciscanos","robots":{"index":"index","follow":"follow","max-snippet":"max-snippet:-1","max-image-preview":"max-image-preview:large","max-video-preview":"max-video-preview:-1"},"canonical":"https:\/\/franciscanos.org.br\/noticias\/tem-inicio-o-ano-capitular-nesta-provincia.html","og_locale":"pt_BR","og_type":"article","og_title":"Tem in\u00edcio o Ano Capitular nesta Prov\u00edncia - Not\u00edcias - Franciscanos","og_description":"Cap\u00edtulo Provincial","og_url":"https:\/\/franciscanos.org.br\/noticias\/tem-inicio-o-ano-capitular-nesta-provincia.html","og_site_name":"Not\u00edcias - Franciscanos","article_published_time":"2018-02-01T11:07:26+00:00","article_modified_time":"2019-08-07T12:08:00+00:00","og_image":[{"width":273,"height":181,"url":"https:\/\/franciscanos.org.br\/noticias\/wp-content\/uploads\/2018\/02\/miguel_010218_1.jpg","type":"image\/jpeg"}],"author":"admin","twitter_card":"summary_large_image","twitter_misc":{"Escrito por":"admin","Est. tempo de leitura":"3 minutos"},"schema":{"@context":"https:\/\/schema.org","@graph":[{"@type":"WebSite","@id":"https:\/\/franciscanos.org.br\/noticias\/#website","url":"https:\/\/franciscanos.org.br\/noticias\/","name":"Not\u00edcias - Franciscanos","description":"Prov\u00edncia Franciscana da Imaculada Concei\u00e7\u00e3o do Brasil - Ordem dos Frades Menores - OFM","potentialAction":[{"@type":"SearchAction","target":{"@type":"EntryPoint","urlTemplate":"https:\/\/franciscanos.org.br\/noticias\/?s={search_term_string}"},"query-input":"required name=search_term_string"}],"inLanguage":"pt-BR"},{"@type":"ImageObject","inLanguage":"pt-BR","@id":"https:\/\/franciscanos.org.br\/noticias\/tem-inicio-o-ano-capitular-nesta-provincia.html#primaryimage","url":"https:\/\/franciscanos.org.br\/noticias\/wp-content\/uploads\/2018\/02\/miguel_010218_1.jpg","contentUrl":"https:\/\/franciscanos.org.br\/noticias\/wp-content\/uploads\/2018\/02\/miguel_010218_1.jpg","width":273,"height":181},{"@type":"WebPage","@id":"https:\/\/franciscanos.org.br\/noticias\/tem-inicio-o-ano-capitular-nesta-provincia.html#webpage","url":"https:\/\/franciscanos.org.br\/noticias\/tem-inicio-o-ano-capitular-nesta-provincia.html","name":"Tem in\u00edcio o Ano Capitular nesta Prov\u00edncia - Not\u00edcias - Franciscanos","isPartOf":{"@id":"https:\/\/franciscanos.org.br\/noticias\/#website"},"primaryImageOfPage":{"@id":"https:\/\/franciscanos.org.br\/noticias\/tem-inicio-o-ano-capitular-nesta-provincia.html#primaryimage"},"datePublished":"2018-02-01T11:07:26+00:00","dateModified":"2019-08-07T12:08:00+00:00","author":{"@id":"https:\/\/franciscanos.org.br\/noticias\/#\/schema\/person\/b38fbf43118f02820bd932f2e4b14ad3"},"breadcrumb":{"@id":"https:\/\/franciscanos.org.br\/noticias\/tem-inicio-o-ano-capitular-nesta-provincia.html#breadcrumb"},"inLanguage":"pt-BR","potentialAction":[{"@type":"ReadAction","target":["https:\/\/franciscanos.org.br\/noticias\/tem-inicio-o-ano-capitular-nesta-provincia.html"]}]},{"@type":"BreadcrumbList","@id":"https:\/\/franciscanos.org.br\/noticias\/tem-inicio-o-ano-capitular-nesta-provincia.html#breadcrumb","itemListElement":[{"@type":"ListItem","position":1,"name":"Home","item":"https:\/\/franciscanos.org.br\/noticias"},{"@type":"ListItem","position":2,"name":"Tem in\u00edcio o Ano Capitular nesta Prov\u00edncia"}]},{"@type":"Person","@id":"https:\/\/franciscanos.org.br\/noticias\/#\/schema\/person\/b38fbf43118f02820bd932f2e4b14ad3","name":"admin","image":{"@type":"ImageObject","inLanguage":"pt-BR","@id":"https:\/\/franciscanos.org.br\/noticias\/#\/schema\/person\/image\/","url":"https:\/\/secure.gravatar.com\/avatar\/e8495742d34d0ba6448ea1c628263b3e?s=96&d=mm&r=g","contentUrl":"https:\/\/secure.gravatar.com\/avatar\/e8495742d34d0ba6448ea1c628263b3e?s=96&d=mm&r=g","caption":"admin"},"url":"https:\/\/franciscanos.org.br\/noticias\/author\/admin"}]}},"_links":{"self":[{"href":"https:\/\/franciscanos.org.br\/noticias\/wp-json\/wp\/v2\/posts\/150492"}],"collection":[{"href":"https:\/\/franciscanos.org.br\/noticias\/wp-json\/wp\/v2\/posts"}],"about":[{"href":"https:\/\/franciscanos.org.br\/noticias\/wp-json\/wp\/v2\/types\/post"}],"author":[{"embeddable":true,"href":"https:\/\/franciscanos.org.br\/noticias\/wp-json\/wp\/v2\/users\/1"}],"replies":[{"embeddable":true,"href":"https:\/\/franciscanos.org.br\/noticias\/wp-json\/wp\/v2\/comments?post=150492"}],"version-history":[{"count":0,"href":"https:\/\/franciscanos.org.br\/noticias\/wp-json\/wp\/v2\/posts\/150492\/revisions"}],"wp:featuredmedia":[{"embeddable":true,"href":"https:\/\/franciscanos.org.br\/noticias\/wp-json\/wp\/v2\/media\/209022"}],"wp:attachment":[{"href":"https:\/\/franciscanos.org.br\/noticias\/wp-json\/wp\/v2\/media?parent=150492"}],"wp:term":[{"taxonomy":"category","embeddable":true,"href":"https:\/\/franciscanos.org.br\/noticias\/wp-json\/wp\/v2\/categories?post=150492"},{"taxonomy":"post_tag","embeddable":true,"href":"https:\/\/franciscanos.org.br\/noticias\/wp-json\/wp\/v2\/tags?post=150492"}],"curies":[{"name":"wp","href":"https:\/\/api.w.org\/{rel}","templated":true}]}}