{"id":150430,"date":"2018-02-01T08:42:49","date_gmt":"2018-02-01T10:42:49","guid":{"rendered":"http:\/\/franciscanos.org.br\/?p=150430"},"modified":"2020-08-10T15:54:23","modified_gmt":"2020-08-10T18:54:23","slug":"a-beleza-e-a-agonia-do-velho-chico-retratadas-em-exposicao","status":"publish","type":"post","link":"https:\/\/franciscanos.org.br\/noticias\/a-beleza-e-a-agonia-do-velho-chico-retratadas-em-exposicao.html","title":{"rendered":"Beleza e agonia do Velho Chico retratadas em exposi\u00e7\u00e3o"},"content":{"rendered":"<p><img loading=\"lazy\" src=\"http:\/\/franciscanos.org.br\/wp-content\/uploads\/2018\/02\/canta_010218G1.jpg\" alt=\"canta_010218G\" width=\"830\" height=\"420\" \/><\/p>\n<p><strong>S\u00e3o Paulo (SP)<\/strong> \u2013 O Rio S\u00e3o Francisco, com seus mais de 3 mil km de extens\u00e3o, \u00e9 o quinto maior rio do pa\u00eds. Suas \u00e1guas passam por mais de 500 munic\u00edpios, em cinco estados: Minas Gerais, Bahia, Pernambuco, Sergipe e Alagoas. O Velho Chico, como \u00e9 carinhosamente chamado, foi retratado de diversas formas: em poesia, m\u00fasica, novela. O Santu\u00e1rio e Convento S\u00e3o Francisco, no centro de S\u00e3o Paulo, acolheu no m\u00eas de janeiro a mais recente manifesta\u00e7\u00e3o cultural e\u00a0afetiva\u00a0pelo Rio S\u00e3o Francisco.<\/p>\n<p>A exposi\u00e7\u00e3o &#8220;Canta e Chora Francisco&#8221; retrata a rela\u00e7\u00e3o do povo, sobretudo os moradores da Serra da Canastra (MG), onde est\u00e1 localizada a nascente do rio, com as \u00e1guas, os mitos e sobretudo o sofrimento do rio, que sofre as consequ\u00eancias da interven\u00e7\u00e3o humana.<\/p>\n<p><img loading=\"lazy\" class=\"alignleft wp-image-150438\" src=\"http:\/\/franciscanos.org.br\/wp-content\/uploads\/2018\/02\/canta2_010218.jpg\" alt=\"canta2_010218\" width=\"400\" height=\"399\" \/>A exposi\u00e7\u00e3o nasceu a partir do sonho de Sandoval Ferreira, mineiro, antrop\u00f3logo e artista pl\u00e1stico. Ele afirma que em janeiro de 2014 teve um sonho, onde estava no Rio S\u00e3o Francisco e ouviu uma voz vinda do vento, que dizia: \u201cCanta, canta, canta\u201d, seguida de sons de m\u00fasica e da \u00e1gua, vindas da queda da cachoeira Casca d\u2019Anta. Em seguida, outra voz e uma brisa quente disseram: \u201cChora, chora, chora\u201d. No sonho, ele via o fogo, que consumia a mata local. Tr\u00eas dias depois, veio a not\u00edcia de que a nascente do rio havia secado e houve uma grande queimada, que atingiu a fauna e a flora locais.<\/p>\n<p>Na nascente\u00a0h\u00e1 uma imagem de S\u00e3o Francisco de Assis, que d\u00e1 nome ao rio e \u00e9 patrono do meio ambiente. Esta imagem est\u00e1 retratada em tr\u00eas telas trazidas para a exposi\u00e7\u00e3o. S\u00e3o dezenas de telas, entre cl\u00e1ssicas e abstratas, al\u00e9m das esculturas, em sua maioria feitas com troncos de madeira retirados do solo do Rio S\u00e3o Francisco durante este per\u00edodo da seca. Alguns troncos estavam submersos h\u00e1 mais de 500 anos, segundo o curador. Sandoval afirma que n\u00e3o foi feita nenhuma modifica\u00e7\u00e3o na estrutura dos troncos, apenas limpeza e aplica\u00e7\u00e3o de produtos para conserva\u00e7\u00e3o.<\/p>\n<p>Al\u00e9m de trabalhos do curador, a exposi\u00e7\u00e3o traz obras de Jos\u00e9 Limonti J\u00fanior, artista pl\u00e1stico de Ibiraci (MG) e diretor da PROBRIG, Protetores da Bacia do Rio Grande e Magda Belato, de Franca (SP).<\/p>\n<p>Sandoval Ferreira afirma que o objetivo de seu trabalho \u00e9 sensibilizar o visitante para a realidade do Rio S\u00e3o Francisco, despertar para o cuidado com o meio ambiente e evangelizar.<\/p>\n<p>Entre as pe\u00e7as, destaca-se a escultura \u201cIrm\u00e3o Sol\u201d, que est\u00e1 no centro da exposi\u00e7\u00e3o, no teto. Esta foi uma das pe\u00e7as que mais emocionou o franciscano Dom Lu\u00eds Flavio Cappio, bispo da diocese de Barra (BA), quando esteve no Santu\u00e1rio visitando a mostra. O curador afirma que o bispo ficou muito emocionado quando viu o enorme sol, representado na figura, pois recordou a greve de fome que fez em 2005, contra o projeto de transposi\u00e7\u00e3o do Rio S\u00e3o Francisco, pois o sol era muito forte. A imagem tamb\u00e9m fez o franciscano recordar a passagem do encontro de S\u00e3o Francisco de Assis com o Serafim Alado, por causa do formato e das seis pontas que est\u00e3o na pe\u00e7a.<\/p>\n<p>S\u00e3o dezenas de telas e esculturas que retratam n\u00e3o somente a dor e agonia de um rio, mas a beleza da regi\u00e3o, com sua cultura, hist\u00f3rias e a \u00edntima rela\u00e7\u00e3o com a fauna, a flora e as \u00e1guas do Velho Chico.<\/p>\n<p>A exposi\u00e7\u00e3o &#8220;Chora e Canta Francisco&#8221; fica em cartaz at\u00e9 o pr\u00f3ximo domingo (4), no Santu\u00e1rio e Convento S\u00e3o Francisco, no centro de S\u00e3o Paulo. O curador recebeu dois convites para levar a exposi\u00e7\u00e3o para o Rio de Janeiro e Bahia, mas sem data confirmada at\u00e9 o momento.<\/p>\n<p><strong>Santu\u00e1rio e Convento S\u00e3o Francisco<\/strong><br \/>\nLargo S\u00e3o Francisco, 133<br \/>\nCentro, S\u00e3o Paulo \u2013 SP<br \/>\n<a href=\"http:\/\/www.santuariosaofrancisco.com.br\/\" target=\"_blank\" rel=\"noopener noreferrer\">www.santuariosaofrancisco.com.br<\/a><\/p>\n","protected":false},"excerpt":{"rendered":"<p>Convento e Santu\u00e1rio S\u00e3o Francisco<\/p>\n","protected":false},"author":1,"featured_media":217506,"comment_status":"open","ping_status":"open","sticky":false,"template":"","format":"standard","meta":[],"categories":[1],"tags":[312],"acf":[],"yoast_head":"<!-- This site is optimized with the Yoast SEO plugin v19.2 - https:\/\/yoast.com\/wordpress\/plugins\/seo\/ -->\n<title>Beleza e agonia do Velho Chico retratadas em exposi\u00e7\u00e3o - Not\u00edcias - Franciscanos<\/title>\n<meta name=\"robots\" content=\"index, follow, max-snippet:-1, max-image-preview:large, max-video-preview:-1\" \/>\n<link rel=\"canonical\" href=\"https:\/\/franciscanos.org.br\/noticias\/a-beleza-e-a-agonia-do-velho-chico-retratadas-em-exposicao.html\" \/>\n<meta property=\"og:locale\" content=\"pt_BR\" \/>\n<meta property=\"og:type\" content=\"article\" \/>\n<meta property=\"og:title\" content=\"Beleza e agonia do Velho Chico retratadas em exposi\u00e7\u00e3o - Not\u00edcias - Franciscanos\" \/>\n<meta property=\"og:description\" content=\"Convento e Santu\u00e1rio S\u00e3o Francisco\" \/>\n<meta property=\"og:url\" content=\"https:\/\/franciscanos.org.br\/noticias\/a-beleza-e-a-agonia-do-velho-chico-retratadas-em-exposicao.html\" \/>\n<meta property=\"og:site_name\" content=\"Not\u00edcias - Franciscanos\" \/>\n<meta property=\"article:published_time\" content=\"2018-02-01T10:42:49+00:00\" \/>\n<meta property=\"article:modified_time\" content=\"2020-08-10T18:54:23+00:00\" \/>\n<meta property=\"og:image\" content=\"https:\/\/franciscanos.org.br\/noticias\/wp-content\/uploads\/2018\/02\/canta_010218G1.jpg\" \/>\n\t<meta property=\"og:image:width\" content=\"273\" \/>\n\t<meta property=\"og:image:height\" content=\"181\" \/>\n\t<meta property=\"og:image:type\" content=\"image\/jpeg\" \/>\n<meta name=\"author\" content=\"admin\" \/>\n<meta name=\"twitter:card\" content=\"summary_large_image\" \/>\n<meta name=\"twitter:label1\" content=\"Escrito por\" \/>\n\t<meta name=\"twitter:data1\" content=\"admin\" \/>\n\t<meta name=\"twitter:label2\" content=\"Est. tempo de leitura\" \/>\n\t<meta name=\"twitter:data2\" content=\"3 minutos\" \/>\n<script type=\"application\/ld+json\" class=\"yoast-schema-graph\">{\"@context\":\"https:\/\/schema.org\",\"@graph\":[{\"@type\":\"WebSite\",\"@id\":\"https:\/\/franciscanos.org.br\/noticias\/#website\",\"url\":\"https:\/\/franciscanos.org.br\/noticias\/\",\"name\":\"Not\u00edcias - Franciscanos\",\"description\":\"Prov\u00edncia Franciscana da Imaculada Concei\u00e7\u00e3o do Brasil - Ordem dos Frades Menores - OFM\",\"potentialAction\":[{\"@type\":\"SearchAction\",\"target\":{\"@type\":\"EntryPoint\",\"urlTemplate\":\"https:\/\/franciscanos.org.br\/noticias\/?s={search_term_string}\"},\"query-input\":\"required name=search_term_string\"}],\"inLanguage\":\"pt-BR\"},{\"@type\":\"ImageObject\",\"inLanguage\":\"pt-BR\",\"@id\":\"https:\/\/franciscanos.org.br\/noticias\/a-beleza-e-a-agonia-do-velho-chico-retratadas-em-exposicao.html#primaryimage\",\"url\":\"https:\/\/franciscanos.org.br\/noticias\/wp-content\/uploads\/2018\/02\/canta_010218G1.jpg\",\"contentUrl\":\"https:\/\/franciscanos.org.br\/noticias\/wp-content\/uploads\/2018\/02\/canta_010218G1.jpg\",\"width\":273,\"height\":181},{\"@type\":\"WebPage\",\"@id\":\"https:\/\/franciscanos.org.br\/noticias\/a-beleza-e-a-agonia-do-velho-chico-retratadas-em-exposicao.html#webpage\",\"url\":\"https:\/\/franciscanos.org.br\/noticias\/a-beleza-e-a-agonia-do-velho-chico-retratadas-em-exposicao.html\",\"name\":\"Beleza e agonia do Velho Chico retratadas em exposi\u00e7\u00e3o - Not\u00edcias - Franciscanos\",\"isPartOf\":{\"@id\":\"https:\/\/franciscanos.org.br\/noticias\/#website\"},\"primaryImageOfPage\":{\"@id\":\"https:\/\/franciscanos.org.br\/noticias\/a-beleza-e-a-agonia-do-velho-chico-retratadas-em-exposicao.html#primaryimage\"},\"datePublished\":\"2018-02-01T10:42:49+00:00\",\"dateModified\":\"2020-08-10T18:54:23+00:00\",\"author\":{\"@id\":\"https:\/\/franciscanos.org.br\/noticias\/#\/schema\/person\/b38fbf43118f02820bd932f2e4b14ad3\"},\"breadcrumb\":{\"@id\":\"https:\/\/franciscanos.org.br\/noticias\/a-beleza-e-a-agonia-do-velho-chico-retratadas-em-exposicao.html#breadcrumb\"},\"inLanguage\":\"pt-BR\",\"potentialAction\":[{\"@type\":\"ReadAction\",\"target\":[\"https:\/\/franciscanos.org.br\/noticias\/a-beleza-e-a-agonia-do-velho-chico-retratadas-em-exposicao.html\"]}]},{\"@type\":\"BreadcrumbList\",\"@id\":\"https:\/\/franciscanos.org.br\/noticias\/a-beleza-e-a-agonia-do-velho-chico-retratadas-em-exposicao.html#breadcrumb\",\"itemListElement\":[{\"@type\":\"ListItem\",\"position\":1,\"name\":\"Home\",\"item\":\"https:\/\/franciscanos.org.br\/noticias\"},{\"@type\":\"ListItem\",\"position\":2,\"name\":\"Beleza e agonia do Velho Chico retratadas em exposi\u00e7\u00e3o\"}]},{\"@type\":\"Person\",\"@id\":\"https:\/\/franciscanos.org.br\/noticias\/#\/schema\/person\/b38fbf43118f02820bd932f2e4b14ad3\",\"name\":\"admin\",\"image\":{\"@type\":\"ImageObject\",\"inLanguage\":\"pt-BR\",\"@id\":\"https:\/\/franciscanos.org.br\/noticias\/#\/schema\/person\/image\/\",\"url\":\"https:\/\/secure.gravatar.com\/avatar\/e8495742d34d0ba6448ea1c628263b3e?s=96&d=mm&r=g\",\"contentUrl\":\"https:\/\/secure.gravatar.com\/avatar\/e8495742d34d0ba6448ea1c628263b3e?s=96&d=mm&r=g\",\"caption\":\"admin\"},\"url\":\"https:\/\/franciscanos.org.br\/noticias\/author\/admin\"}]}<\/script>\n<!-- \/ Yoast SEO plugin. -->","yoast_head_json":{"title":"Beleza e agonia do Velho Chico retratadas em exposi\u00e7\u00e3o - Not\u00edcias - Franciscanos","robots":{"index":"index","follow":"follow","max-snippet":"max-snippet:-1","max-image-preview":"max-image-preview:large","max-video-preview":"max-video-preview:-1"},"canonical":"https:\/\/franciscanos.org.br\/noticias\/a-beleza-e-a-agonia-do-velho-chico-retratadas-em-exposicao.html","og_locale":"pt_BR","og_type":"article","og_title":"Beleza e agonia do Velho Chico retratadas em exposi\u00e7\u00e3o - Not\u00edcias - Franciscanos","og_description":"Convento e Santu\u00e1rio S\u00e3o Francisco","og_url":"https:\/\/franciscanos.org.br\/noticias\/a-beleza-e-a-agonia-do-velho-chico-retratadas-em-exposicao.html","og_site_name":"Not\u00edcias - Franciscanos","article_published_time":"2018-02-01T10:42:49+00:00","article_modified_time":"2020-08-10T18:54:23+00:00","og_image":[{"width":273,"height":181,"url":"https:\/\/franciscanos.org.br\/noticias\/wp-content\/uploads\/2018\/02\/canta_010218G1.jpg","type":"image\/jpeg"}],"author":"admin","twitter_card":"summary_large_image","twitter_misc":{"Escrito por":"admin","Est. tempo de leitura":"3 minutos"},"schema":{"@context":"https:\/\/schema.org","@graph":[{"@type":"WebSite","@id":"https:\/\/franciscanos.org.br\/noticias\/#website","url":"https:\/\/franciscanos.org.br\/noticias\/","name":"Not\u00edcias - Franciscanos","description":"Prov\u00edncia Franciscana da Imaculada Concei\u00e7\u00e3o do Brasil - Ordem dos Frades Menores - OFM","potentialAction":[{"@type":"SearchAction","target":{"@type":"EntryPoint","urlTemplate":"https:\/\/franciscanos.org.br\/noticias\/?s={search_term_string}"},"query-input":"required name=search_term_string"}],"inLanguage":"pt-BR"},{"@type":"ImageObject","inLanguage":"pt-BR","@id":"https:\/\/franciscanos.org.br\/noticias\/a-beleza-e-a-agonia-do-velho-chico-retratadas-em-exposicao.html#primaryimage","url":"https:\/\/franciscanos.org.br\/noticias\/wp-content\/uploads\/2018\/02\/canta_010218G1.jpg","contentUrl":"https:\/\/franciscanos.org.br\/noticias\/wp-content\/uploads\/2018\/02\/canta_010218G1.jpg","width":273,"height":181},{"@type":"WebPage","@id":"https:\/\/franciscanos.org.br\/noticias\/a-beleza-e-a-agonia-do-velho-chico-retratadas-em-exposicao.html#webpage","url":"https:\/\/franciscanos.org.br\/noticias\/a-beleza-e-a-agonia-do-velho-chico-retratadas-em-exposicao.html","name":"Beleza e agonia do Velho Chico retratadas em exposi\u00e7\u00e3o - Not\u00edcias - Franciscanos","isPartOf":{"@id":"https:\/\/franciscanos.org.br\/noticias\/#website"},"primaryImageOfPage":{"@id":"https:\/\/franciscanos.org.br\/noticias\/a-beleza-e-a-agonia-do-velho-chico-retratadas-em-exposicao.html#primaryimage"},"datePublished":"2018-02-01T10:42:49+00:00","dateModified":"2020-08-10T18:54:23+00:00","author":{"@id":"https:\/\/franciscanos.org.br\/noticias\/#\/schema\/person\/b38fbf43118f02820bd932f2e4b14ad3"},"breadcrumb":{"@id":"https:\/\/franciscanos.org.br\/noticias\/a-beleza-e-a-agonia-do-velho-chico-retratadas-em-exposicao.html#breadcrumb"},"inLanguage":"pt-BR","potentialAction":[{"@type":"ReadAction","target":["https:\/\/franciscanos.org.br\/noticias\/a-beleza-e-a-agonia-do-velho-chico-retratadas-em-exposicao.html"]}]},{"@type":"BreadcrumbList","@id":"https:\/\/franciscanos.org.br\/noticias\/a-beleza-e-a-agonia-do-velho-chico-retratadas-em-exposicao.html#breadcrumb","itemListElement":[{"@type":"ListItem","position":1,"name":"Home","item":"https:\/\/franciscanos.org.br\/noticias"},{"@type":"ListItem","position":2,"name":"Beleza e agonia do Velho Chico retratadas em exposi\u00e7\u00e3o"}]},{"@type":"Person","@id":"https:\/\/franciscanos.org.br\/noticias\/#\/schema\/person\/b38fbf43118f02820bd932f2e4b14ad3","name":"admin","image":{"@type":"ImageObject","inLanguage":"pt-BR","@id":"https:\/\/franciscanos.org.br\/noticias\/#\/schema\/person\/image\/","url":"https:\/\/secure.gravatar.com\/avatar\/e8495742d34d0ba6448ea1c628263b3e?s=96&d=mm&r=g","contentUrl":"https:\/\/secure.gravatar.com\/avatar\/e8495742d34d0ba6448ea1c628263b3e?s=96&d=mm&r=g","caption":"admin"},"url":"https:\/\/franciscanos.org.br\/noticias\/author\/admin"}]}},"_links":{"self":[{"href":"https:\/\/franciscanos.org.br\/noticias\/wp-json\/wp\/v2\/posts\/150430"}],"collection":[{"href":"https:\/\/franciscanos.org.br\/noticias\/wp-json\/wp\/v2\/posts"}],"about":[{"href":"https:\/\/franciscanos.org.br\/noticias\/wp-json\/wp\/v2\/types\/post"}],"author":[{"embeddable":true,"href":"https:\/\/franciscanos.org.br\/noticias\/wp-json\/wp\/v2\/users\/1"}],"replies":[{"embeddable":true,"href":"https:\/\/franciscanos.org.br\/noticias\/wp-json\/wp\/v2\/comments?post=150430"}],"version-history":[{"count":2,"href":"https:\/\/franciscanos.org.br\/noticias\/wp-json\/wp\/v2\/posts\/150430\/revisions"}],"predecessor-version":[{"id":227758,"href":"https:\/\/franciscanos.org.br\/noticias\/wp-json\/wp\/v2\/posts\/150430\/revisions\/227758"}],"wp:featuredmedia":[{"embeddable":true,"href":"https:\/\/franciscanos.org.br\/noticias\/wp-json\/wp\/v2\/media\/217506"}],"wp:attachment":[{"href":"https:\/\/franciscanos.org.br\/noticias\/wp-json\/wp\/v2\/media?parent=150430"}],"wp:term":[{"taxonomy":"category","embeddable":true,"href":"https:\/\/franciscanos.org.br\/noticias\/wp-json\/wp\/v2\/categories?post=150430"},{"taxonomy":"post_tag","embeddable":true,"href":"https:\/\/franciscanos.org.br\/noticias\/wp-json\/wp\/v2\/tags?post=150430"}],"curies":[{"name":"wp","href":"https:\/\/api.w.org\/{rel}","templated":true}]}}