{"id":150341,"date":"2018-01-30T14:22:35","date_gmt":"2018-01-30T16:22:35","guid":{"rendered":"http:\/\/franciscanos.org.br\/?p=150341"},"modified":"2019-02-27T11:36:35","modified_gmt":"2019-02-27T14:36:35","slug":"emocao-e-homenagens-no-adeus-a-tuti-spengler","status":"publish","type":"post","link":"https:\/\/franciscanos.org.br\/noticias\/emocao-e-homenagens-no-adeus-a-tuti-spengler.html","title":{"rendered":"Emo\u00e7\u00e3o e homenagens no adeus a Tuti Spengler"},"content":{"rendered":"<p><img loading=\"lazy\" src=\"http:\/\/franciscanos.org.br\/wp-content\/uploads\/2018\/01\/tuti_300118.jpg\" alt=\"tuti_300118\" width=\"830\" height=\"445\" \/><\/p>\n<p><strong>Gaspar (SC)<\/strong> &#8211; O corpo da franciscana secular Gertrudes Cresc\u00eancia Spengler, carinhosamente chamada de Tuti, foi sepultado nesta ter\u00e7a-feira, 30 de janeiro, no Cemit\u00e9rio Municipal de Gaspar, em Santa Catarina. O bispo diocesano de Blumenau, Dom Rafael Biernaski, presidiu a Missa de Ex\u00e9quias, \u00e0s 10 horas, na Igreja Matriz S\u00e3o Pedro Ap\u00f3stolo de Gaspar.<\/p>\n<p>Apesar do hor\u00e1rio e do per\u00edodo de f\u00e9rias, muitos amigos, franciscanos seculares e fi\u00e9is paroquianos compareceram para prestar a \u00faltima homenagem a Tuti Spengler, que faleceu ontem <strong>(<a href=\"http:\/\/franciscanos.org.br\/?p=150303\">leia a nota do falecimento<\/a>).<\/strong> Dom Rafael explicou j\u00e1 no in\u00edcio da celebra\u00e7\u00e3o a aus\u00eancia de Dom Evaristo Spengler, irm\u00e3o de Tuti, e que ontem foi submetido a um cateterismo em Blumenau. Seu estado de sa\u00fade ainda inspira cuidados.<\/p>\n<p>Dom Rafael acolheu a todos e agradeceu a Deus e a fam\u00edlia pelo exemplo e testemunho da falecida. Falou tamb\u00e9m que a Igreja sempre est\u00e1 presente na vida das pessoas, desde o in\u00edcio com o batismo at\u00e9 a entrega da pessoa a Deus.<\/p>\n<p>Frei Carlos Ignacia, guardi\u00e3o da Fraternidade de Gaspar, fez a encomenda\u00e7\u00e3o e lembrou tamb\u00e9m o quanto Tuti foi importante na comunidade, na Ordem Franciscana Secular e na Fraternidade dos Frades. &#8220;Uma pessoa de f\u00e9 e grande testemunho&#8221;, disse.<\/p>\n<p>Um dos concelebrantes, Frei Germano Guesser passou 12 anos como p\u00e1roco em Gaspar e conheceu bem Tuti e sua fam\u00edlia. Para ele, a terceira franciscana era uma mulher com princ\u00edpios fortes, sempre tendo como par\u00e2metro o Pobrezinho de Assis. &#8220;Na sua vida espalhou os valores que bebeu da fonte de Assis: ternura, solidariedade, humildade, fraternidade, alegria. Tuti viveu tudo isso na simplicidade, no servi\u00e7o e na f\u00e9. Sua simpatia discreta cativava a todos. Foram doze anos em que tive o prazer de conviver com ela. Sempre est\u00e1vamos pr\u00f3ximos. Ela foi para n\u00f3s uma m\u00e3e, uma irm\u00e3, amiga e conselheira. Quando precis\u00e1vamos de um socorro, bastava uma liga\u00e7\u00e3o e a Tuti estava pronta&#8221;, recordou.<\/p>\n<p>Frei Germano falou de sua dedica\u00e7\u00e3o na Par\u00f3quia e na Ordem Franciscana Secular, onde foi ministra local em tr\u00eas mandatos, e por \u00faltimo leu uma pequena mensagem de Frei Almir Guimar\u00e3es, que, como assistente nacional da OFS, era muito pr\u00f3ximo de Tuti:<\/p>\n<p><img loading=\"lazy\" class=\"alignleft wp-image-150344\" src=\"http:\/\/franciscanos.org.br\/wp-content\/uploads\/2018\/01\/tuti_3001.jpg\" alt=\"tuti_3001\" width=\"501\" height=\"334\" \/><em>Tuti, bem querida!<\/em><br \/>\n<em> Teus irm\u00e3os e teus amigos est\u00e3o por perto.<\/em><br \/>\n<em> Est\u00e3o escondidos dentro de teu cora\u00e7\u00e3o.<\/em><br \/>\n<em> Quantas lembran\u00e7as, quantas recorda\u00e7\u00f5es.<\/em><br \/>\n<em> Voc\u00ea sempre presente na vida de tantos.<\/em><br \/>\n<em> Sempre irm\u00e3, sempre amiga, sempre dispon\u00edvel.<\/em><br \/>\n<em> Voc\u00ea sempre soube levar adiante as causas bonitas e nobres.<\/em><br \/>\n<em> Muitos sempre contaram com voc\u00ea.<\/em><br \/>\n<em> N\u00e3o sabemos direito quando termina a viagem da vida, a grande viagem da vida, feita de acertos e de alguns desacertos.<\/em><br \/>\n<em> Ramalhetes de alegria com cores luminosas.<\/em><br \/>\n<em> Buqu\u00eas de tristeza.<\/em><br \/>\n<em> Que l\u00e1 dentro de seu cora\u00e7\u00e3o haja paz.<\/em><br \/>\n<em> Que teu olhar sempre se encontre com o olhar do Ressuscitado.<\/em><br \/>\n<em> Que tenhas certeza da sua presen\u00e7a e possa dizer: \u201c\u00c9 ele. \u00c9 o Senhor que amo e sempre amei!&#8221;<\/em><br \/>\n<em> No cora\u00e7\u00e3o apreens\u00e3o, \u00e9 certo.<\/em><br \/>\n<em> Mas tamb\u00e9m a\u00e7\u00e3o de gra\u00e7as pela sua vida, pelo seu jeito de ser, por tudo o que voc\u00ea representa para seus amigos, para a Par\u00f3quia de S\u00e3o Pedro, para sua fam\u00edlia.<\/em><br \/>\n<em> Que suas dores possam robustecer ainda mais belamente o Corpo M\u00edstico de Cristo.<\/em><br \/>\n<em> Estamos bem perto de seu cora\u00e7\u00e3o.<\/em><\/p>\n<p>Dom Rafael, no final da celebra\u00e7\u00e3o, leu a mensagem de Dom Evaristo.<\/p>\n<p><em>\u201cSenti naquele momento os bra\u00e7os de Deus abertos a acolh\u00ea-la para o abra\u00e7o definitivo em seu Reino. Tuti cumpriu com fidelidade a miss\u00e3o que Deus lhe confiou nessa terra. Sua disposi\u00e7\u00e3o, dizia, era para viver 100 anos, viveu 66, mas com tal intensidade que n\u00e3o podemos duvidar, foi uma vida plena.<\/em><\/p>\n<p><em>Tuti foi uma pessoa humana linda, generosa, fraterna e amiga. Tuti tinha alma franciscana. Passou pelo mundo com simplicidade e humildade, mantendo o foco no essencial, sem se deixar seduzir pelos \u201cencantos\u201d do mundo.<\/em><\/p>\n<p><em>Pensando na Tuti, lembrei hoje de um te\u00f3logo jesu\u00edta que diz que o asceta moderno \u00e9 aquele que entra no Shoping Center e s\u00f3 sai com aquilo que foi comprar. A Tuti n\u00e3o se deixou seduzir pelo consumismo. Foi, por exemplo, a \u00faltima pessoa da fam\u00edlia a ter um celular. Usou do que dispunha n\u00e3o apenas em benef\u00edcio pr\u00f3prio, mas continuamente para partilhar solidariamente com quem precisava.<\/em><\/p>\n<p><em>Tudo isso, \u00e0 luz da f\u00e9, me d\u00e1 uma alegria interior. Faz-me lembrar que \u201cpara os que creem, a vida n\u00e3o \u00e9 tirada, mas transformada\u201d.<\/em><\/p>\n<p><em>Jesus disse que \u201cse o gr\u00e3o de trigo n\u00e3o for lan\u00e7ado \u00e0 terra, n\u00e3o produzir\u00e1 novo fruto\u201d. E que iria na frente preparar um lugar para os que o amam. \u201cNa casa do meu Pai h\u00e1 muitas moradas\u201d. A Tuti j\u00e1 encontrou sua morada no c\u00e9u.<\/em><\/p>\n<p><em>Foi o Senhor quem deu, o Senhor quem levou. Louvado seja o nome do Senhor.<\/em><\/p>\n<p><em>Nesse momento desejaria muito estar com os familiares e amigos nos \u00faltimos momentos, ao lado da nossa Irm\u00e3 Tuti. O m\u00e9dico disse que nesse momento, meu fragilizado cora\u00e7\u00e3o tem que ficar no hospital para ser monitorado por 48 horas. Mas saibam, meu cora\u00e7\u00e3o, minha mente e meu esp\u00edrito est\u00e3o a\u00ed com voc\u00eas e com a Tuti. Fico feliz que Deus me concedeu a gra\u00e7a de passar os \u00faltimos dias ao seu lado.<\/em><\/p>\n<p><em>Minha gratid\u00e3o e meu abra\u00e7o fraterno a todos que nesse momento est\u00e3o unidos \u00e0 Tuti na f\u00e9 e na ora\u00e7\u00e3o&#8221;.<\/em><\/p>\n","protected":false},"excerpt":{"rendered":"<p>OFS<\/p>\n","protected":false},"author":1,"featured_media":200712,"comment_status":"open","ping_status":"open","sticky":false,"template":"","format":"standard","meta":[],"categories":[1],"tags":[1209],"acf":[],"yoast_head":"<!-- This site is optimized with the Yoast SEO plugin v19.2 - https:\/\/yoast.com\/wordpress\/plugins\/seo\/ -->\n<title>Emo\u00e7\u00e3o e homenagens no adeus a Tuti Spengler - Not\u00edcias - Franciscanos<\/title>\n<meta name=\"robots\" content=\"index, follow, max-snippet:-1, max-image-preview:large, max-video-preview:-1\" \/>\n<link rel=\"canonical\" href=\"https:\/\/franciscanos.org.br\/noticias\/emocao-e-homenagens-no-adeus-a-tuti-spengler.html\" \/>\n<meta property=\"og:locale\" content=\"pt_BR\" \/>\n<meta property=\"og:type\" content=\"article\" \/>\n<meta property=\"og:title\" content=\"Emo\u00e7\u00e3o e homenagens no adeus a Tuti Spengler - Not\u00edcias - Franciscanos\" \/>\n<meta property=\"og:description\" content=\"OFS\" \/>\n<meta property=\"og:url\" content=\"https:\/\/franciscanos.org.br\/noticias\/emocao-e-homenagens-no-adeus-a-tuti-spengler.html\" \/>\n<meta property=\"og:site_name\" content=\"Not\u00edcias - Franciscanos\" \/>\n<meta property=\"article:published_time\" content=\"2018-01-30T16:22:35+00:00\" \/>\n<meta property=\"article:modified_time\" content=\"2019-02-27T14:36:35+00:00\" \/>\n<meta property=\"og:image\" content=\"https:\/\/franciscanos.org.br\/noticias\/wp-content\/uploads\/2018\/01\/tuti_300118.jpg\" \/>\n\t<meta property=\"og:image:width\" content=\"273\" \/>\n\t<meta property=\"og:image:height\" content=\"181\" \/>\n\t<meta property=\"og:image:type\" content=\"image\/jpeg\" \/>\n<meta name=\"author\" content=\"admin\" \/>\n<meta name=\"twitter:card\" content=\"summary_large_image\" \/>\n<meta name=\"twitter:label1\" content=\"Escrito por\" \/>\n\t<meta name=\"twitter:data1\" content=\"admin\" \/>\n\t<meta name=\"twitter:label2\" content=\"Est. tempo de leitura\" \/>\n\t<meta name=\"twitter:data2\" content=\"5 minutos\" \/>\n<script type=\"application\/ld+json\" class=\"yoast-schema-graph\">{\"@context\":\"https:\/\/schema.org\",\"@graph\":[{\"@type\":\"WebSite\",\"@id\":\"https:\/\/franciscanos.org.br\/noticias\/#website\",\"url\":\"https:\/\/franciscanos.org.br\/noticias\/\",\"name\":\"Not\u00edcias - Franciscanos\",\"description\":\"Prov\u00edncia Franciscana da Imaculada Concei\u00e7\u00e3o do Brasil - Ordem dos Frades Menores - OFM\",\"potentialAction\":[{\"@type\":\"SearchAction\",\"target\":{\"@type\":\"EntryPoint\",\"urlTemplate\":\"https:\/\/franciscanos.org.br\/noticias\/?s={search_term_string}\"},\"query-input\":\"required name=search_term_string\"}],\"inLanguage\":\"pt-BR\"},{\"@type\":\"ImageObject\",\"inLanguage\":\"pt-BR\",\"@id\":\"https:\/\/franciscanos.org.br\/noticias\/emocao-e-homenagens-no-adeus-a-tuti-spengler.html#primaryimage\",\"url\":\"https:\/\/franciscanos.org.br\/noticias\/wp-content\/uploads\/2018\/01\/tuti_300118.jpg\",\"contentUrl\":\"https:\/\/franciscanos.org.br\/noticias\/wp-content\/uploads\/2018\/01\/tuti_300118.jpg\",\"width\":273,\"height\":181},{\"@type\":\"WebPage\",\"@id\":\"https:\/\/franciscanos.org.br\/noticias\/emocao-e-homenagens-no-adeus-a-tuti-spengler.html#webpage\",\"url\":\"https:\/\/franciscanos.org.br\/noticias\/emocao-e-homenagens-no-adeus-a-tuti-spengler.html\",\"name\":\"Emo\u00e7\u00e3o e homenagens no adeus a Tuti Spengler - Not\u00edcias - Franciscanos\",\"isPartOf\":{\"@id\":\"https:\/\/franciscanos.org.br\/noticias\/#website\"},\"primaryImageOfPage\":{\"@id\":\"https:\/\/franciscanos.org.br\/noticias\/emocao-e-homenagens-no-adeus-a-tuti-spengler.html#primaryimage\"},\"datePublished\":\"2018-01-30T16:22:35+00:00\",\"dateModified\":\"2019-02-27T14:36:35+00:00\",\"author\":{\"@id\":\"https:\/\/franciscanos.org.br\/noticias\/#\/schema\/person\/b38fbf43118f02820bd932f2e4b14ad3\"},\"breadcrumb\":{\"@id\":\"https:\/\/franciscanos.org.br\/noticias\/emocao-e-homenagens-no-adeus-a-tuti-spengler.html#breadcrumb\"},\"inLanguage\":\"pt-BR\",\"potentialAction\":[{\"@type\":\"ReadAction\",\"target\":[\"https:\/\/franciscanos.org.br\/noticias\/emocao-e-homenagens-no-adeus-a-tuti-spengler.html\"]}]},{\"@type\":\"BreadcrumbList\",\"@id\":\"https:\/\/franciscanos.org.br\/noticias\/emocao-e-homenagens-no-adeus-a-tuti-spengler.html#breadcrumb\",\"itemListElement\":[{\"@type\":\"ListItem\",\"position\":1,\"name\":\"Home\",\"item\":\"https:\/\/franciscanos.org.br\/noticias\"},{\"@type\":\"ListItem\",\"position\":2,\"name\":\"Emo\u00e7\u00e3o e homenagens no adeus a Tuti Spengler\"}]},{\"@type\":\"Person\",\"@id\":\"https:\/\/franciscanos.org.br\/noticias\/#\/schema\/person\/b38fbf43118f02820bd932f2e4b14ad3\",\"name\":\"admin\",\"image\":{\"@type\":\"ImageObject\",\"inLanguage\":\"pt-BR\",\"@id\":\"https:\/\/franciscanos.org.br\/noticias\/#\/schema\/person\/image\/\",\"url\":\"https:\/\/secure.gravatar.com\/avatar\/e8495742d34d0ba6448ea1c628263b3e?s=96&d=mm&r=g\",\"contentUrl\":\"https:\/\/secure.gravatar.com\/avatar\/e8495742d34d0ba6448ea1c628263b3e?s=96&d=mm&r=g\",\"caption\":\"admin\"},\"url\":\"https:\/\/franciscanos.org.br\/noticias\/author\/admin\"}]}<\/script>\n<!-- \/ Yoast SEO plugin. -->","yoast_head_json":{"title":"Emo\u00e7\u00e3o e homenagens no adeus a Tuti Spengler - Not\u00edcias - Franciscanos","robots":{"index":"index","follow":"follow","max-snippet":"max-snippet:-1","max-image-preview":"max-image-preview:large","max-video-preview":"max-video-preview:-1"},"canonical":"https:\/\/franciscanos.org.br\/noticias\/emocao-e-homenagens-no-adeus-a-tuti-spengler.html","og_locale":"pt_BR","og_type":"article","og_title":"Emo\u00e7\u00e3o e homenagens no adeus a Tuti Spengler - Not\u00edcias - Franciscanos","og_description":"OFS","og_url":"https:\/\/franciscanos.org.br\/noticias\/emocao-e-homenagens-no-adeus-a-tuti-spengler.html","og_site_name":"Not\u00edcias - Franciscanos","article_published_time":"2018-01-30T16:22:35+00:00","article_modified_time":"2019-02-27T14:36:35+00:00","og_image":[{"width":273,"height":181,"url":"https:\/\/franciscanos.org.br\/noticias\/wp-content\/uploads\/2018\/01\/tuti_300118.jpg","type":"image\/jpeg"}],"author":"admin","twitter_card":"summary_large_image","twitter_misc":{"Escrito por":"admin","Est. tempo de leitura":"5 minutos"},"schema":{"@context":"https:\/\/schema.org","@graph":[{"@type":"WebSite","@id":"https:\/\/franciscanos.org.br\/noticias\/#website","url":"https:\/\/franciscanos.org.br\/noticias\/","name":"Not\u00edcias - Franciscanos","description":"Prov\u00edncia Franciscana da Imaculada Concei\u00e7\u00e3o do Brasil - Ordem dos Frades Menores - OFM","potentialAction":[{"@type":"SearchAction","target":{"@type":"EntryPoint","urlTemplate":"https:\/\/franciscanos.org.br\/noticias\/?s={search_term_string}"},"query-input":"required name=search_term_string"}],"inLanguage":"pt-BR"},{"@type":"ImageObject","inLanguage":"pt-BR","@id":"https:\/\/franciscanos.org.br\/noticias\/emocao-e-homenagens-no-adeus-a-tuti-spengler.html#primaryimage","url":"https:\/\/franciscanos.org.br\/noticias\/wp-content\/uploads\/2018\/01\/tuti_300118.jpg","contentUrl":"https:\/\/franciscanos.org.br\/noticias\/wp-content\/uploads\/2018\/01\/tuti_300118.jpg","width":273,"height":181},{"@type":"WebPage","@id":"https:\/\/franciscanos.org.br\/noticias\/emocao-e-homenagens-no-adeus-a-tuti-spengler.html#webpage","url":"https:\/\/franciscanos.org.br\/noticias\/emocao-e-homenagens-no-adeus-a-tuti-spengler.html","name":"Emo\u00e7\u00e3o e homenagens no adeus a Tuti Spengler - Not\u00edcias - Franciscanos","isPartOf":{"@id":"https:\/\/franciscanos.org.br\/noticias\/#website"},"primaryImageOfPage":{"@id":"https:\/\/franciscanos.org.br\/noticias\/emocao-e-homenagens-no-adeus-a-tuti-spengler.html#primaryimage"},"datePublished":"2018-01-30T16:22:35+00:00","dateModified":"2019-02-27T14:36:35+00:00","author":{"@id":"https:\/\/franciscanos.org.br\/noticias\/#\/schema\/person\/b38fbf43118f02820bd932f2e4b14ad3"},"breadcrumb":{"@id":"https:\/\/franciscanos.org.br\/noticias\/emocao-e-homenagens-no-adeus-a-tuti-spengler.html#breadcrumb"},"inLanguage":"pt-BR","potentialAction":[{"@type":"ReadAction","target":["https:\/\/franciscanos.org.br\/noticias\/emocao-e-homenagens-no-adeus-a-tuti-spengler.html"]}]},{"@type":"BreadcrumbList","@id":"https:\/\/franciscanos.org.br\/noticias\/emocao-e-homenagens-no-adeus-a-tuti-spengler.html#breadcrumb","itemListElement":[{"@type":"ListItem","position":1,"name":"Home","item":"https:\/\/franciscanos.org.br\/noticias"},{"@type":"ListItem","position":2,"name":"Emo\u00e7\u00e3o e homenagens no adeus a Tuti Spengler"}]},{"@type":"Person","@id":"https:\/\/franciscanos.org.br\/noticias\/#\/schema\/person\/b38fbf43118f02820bd932f2e4b14ad3","name":"admin","image":{"@type":"ImageObject","inLanguage":"pt-BR","@id":"https:\/\/franciscanos.org.br\/noticias\/#\/schema\/person\/image\/","url":"https:\/\/secure.gravatar.com\/avatar\/e8495742d34d0ba6448ea1c628263b3e?s=96&d=mm&r=g","contentUrl":"https:\/\/secure.gravatar.com\/avatar\/e8495742d34d0ba6448ea1c628263b3e?s=96&d=mm&r=g","caption":"admin"},"url":"https:\/\/franciscanos.org.br\/noticias\/author\/admin"}]}},"_links":{"self":[{"href":"https:\/\/franciscanos.org.br\/noticias\/wp-json\/wp\/v2\/posts\/150341"}],"collection":[{"href":"https:\/\/franciscanos.org.br\/noticias\/wp-json\/wp\/v2\/posts"}],"about":[{"href":"https:\/\/franciscanos.org.br\/noticias\/wp-json\/wp\/v2\/types\/post"}],"author":[{"embeddable":true,"href":"https:\/\/franciscanos.org.br\/noticias\/wp-json\/wp\/v2\/users\/1"}],"replies":[{"embeddable":true,"href":"https:\/\/franciscanos.org.br\/noticias\/wp-json\/wp\/v2\/comments?post=150341"}],"version-history":[{"count":0,"href":"https:\/\/franciscanos.org.br\/noticias\/wp-json\/wp\/v2\/posts\/150341\/revisions"}],"wp:featuredmedia":[{"embeddable":true,"href":"https:\/\/franciscanos.org.br\/noticias\/wp-json\/wp\/v2\/media\/200712"}],"wp:attachment":[{"href":"https:\/\/franciscanos.org.br\/noticias\/wp-json\/wp\/v2\/media?parent=150341"}],"wp:term":[{"taxonomy":"category","embeddable":true,"href":"https:\/\/franciscanos.org.br\/noticias\/wp-json\/wp\/v2\/categories?post=150341"},{"taxonomy":"post_tag","embeddable":true,"href":"https:\/\/franciscanos.org.br\/noticias\/wp-json\/wp\/v2\/tags?post=150341"}],"curies":[{"name":"wp","href":"https:\/\/api.w.org\/{rel}","templated":true}]}}