{"id":150317,"date":"2018-01-30T08:17:52","date_gmt":"2018-01-30T10:17:52","guid":{"rendered":"http:\/\/franciscanos.org.br\/?p=150317"},"modified":"2020-06-07T17:36:50","modified_gmt":"2020-06-07T20:36:50","slug":"pastores-nao-sejam-rigidos-mas-ternos-e-proximos","status":"publish","type":"post","link":"https:\/\/franciscanos.org.br\/noticias\/pastores-nao-sejam-rigidos-mas-ternos-e-proximos.html","title":{"rendered":"Pastores, n\u00e3o sejam r\u00edgidos mas ternos e pr\u00f3ximos!"},"content":{"rendered":"<p><img loading=\"lazy\" src=\"http:\/\/franciscanos.org.br\/wp-content\/uploads\/2018\/01\/papa_300118.jpg\" alt=\"papa_300118\" width=\"820\" height=\"461\" \/><\/p>\n<p><strong>Cidade do Vaticano<\/strong> &#8211; As atitudes do verdadeiro pastor s\u00e3o aquelas com as quais Jesus acompanhou o seu povo: proximidade e ternura concretas, n\u00e3o rigidez nem julgamento. Esta foi a reflex\u00e3o feita pelo Papa na homilia da Missa celebrada na manh\u00e3 de ter\u00e7a-feira (30\/01) na capela da Casa Santa Marta.<\/p>\n<p>As p\u00e1ginas do Evangelho de Marcos narram dois epis\u00f3dios de cura a serem mais contemplados do que refletidos, disse o Papa, porque indicam \u201ccomo era um dia na vida de Jesus\u201d, modelo de como deveria ser tamb\u00e9m a vida dos pastores, bispos ou sacerdotes. O Ap\u00f3stolo descreve Jesus mais uma vez circundado por uma multid\u00e3o, a multid\u00e3o de pessoas que o seguia\u201d ou pela estrada ou nas margens do mar e com as quais Jesus se preocupava: foi assim que Deus prometeu acompanhar o Seu povo, destacou Francisco, estando no meio dele: &#8220;Jesus n\u00e3o abre um escrit\u00f3rio de aconselhamento espiritual com um cartaz \u2018O profeta recebe segunda, quarta e sexta das 3 \u00e0s 6. A entrada custa tanto ou, se quiserem, podem deixar uma oferta\u201d. N\u00e3o. Jesus n\u00e3o faz assim. Jesus tampouco abriu um consult\u00f3rio m\u00e9dico com o cartaz \u2018Os doentes devem vir tal dia, tal dia, tal dia e ser\u00e3o curados\u2019. Jesus se joga no meio do povo&#8221;.<\/p>\n<p>E \u201cesta \u00e9 a figura de pastor que Jesus nos d\u00e1\u201d, observou Francisco, citando um sacerdote \u201csanto que acompanhava assim o seu povo\u201d e que, \u00e0 noite, por este motivo, estava \u201ccansado\u201d, mas de um \u201ccansa\u00e7o real, n\u00e3o ideal\u201d, \u201cde quem trabalha\u201d e est\u00e1 no meio das pessoas.<\/p>\n<p><strong>Ir ao encontro das dificuldades com ternura<\/strong><\/p>\n<p>Mas o Evangelho de hoje ensina tamb\u00e9m que a multid\u00e3o comprimia e tocava Jesus. Por cinco vezes este verbo aparece na narra\u00e7\u00e3o de Marcos, notou o Papa, destacando que tamb\u00e9m hoje o povo faz assim durante as visitas pastorais, o faz para \u201ctomar gra\u00e7a\u201d e isso o pastor sente. E Jesus jamais se retrai, pelo contr\u00e1rio, \u201cpaga\u201d, inclusive com a \u201cvergonha\u201d e a \u201czombaria\u201d, \u201cpara fazer o bem\u201d. S\u00e3o estes os \u201crastros do modo de agir de Jesus\u201d e, portanto, as \u201catitudes do verdadeiro pastor\u201d: \u201cO pastor \u00e9 ungido com \u00f3leo no dia de sua ordena\u00e7\u00e3o: sacerdotal e episcopal. Mas o verdadeiro \u00f3leo, aquele interior, \u00e9 o \u00f3leo da proximidade e da ternura. O pastor que n\u00e3o sabe se fazer pr\u00f3ximo, falta a ele alguma coisa: talvez seja o dono do campo, mas n\u00e3o \u00e9 um pastor. Um pastor ao qual falta a ternura, ser\u00e1 um r\u00edgido, que bate nas ovelhas. Proximidade e ternura: vemos isso aqui. Assim era Jesus\u201d.<\/p>\n<p>Como Jesus, tamb\u00e9m o pastor \u2013 acrescenta ainda Francisco \u2013 \u201ctermina o seu dia cansado\u201d, cansado de \u201cfazer o bem\u201d, e se o seu comportamento for este, o povo sentir\u00e1 a presen\u00e7a viva de Deus. Disto, eleva-se a ora\u00e7\u00e3o de hoje de Francisco: \u201cHoje poderemos rezar na Missa pelos nossos pastores, para que o Senhor d\u00ea a eles esta gra\u00e7a de caminhar com o povo, estar presente em meio ao povo com tanta ternura, com tanta proximidade. E quando o povo encontra o seu pastor, tem aquele sentimento especial que somente se pode sentir na presen\u00e7a de Deus \u2013 e assim termina a passagem do Evangelho \u2013 \u201cE todos ficaram admirados\u201d. A admira\u00e7\u00e3o de sentir a proximidade e a ternura de Deus no pastor\u201d.<\/p>\n<hr \/>\n<p><em>Fonte: Vatican News<\/em><\/p>\n","protected":false},"excerpt":{"rendered":"<p>Missa em Santa Marta<\/p>\n","protected":false},"author":1,"featured_media":199640,"comment_status":"open","ping_status":"open","sticky":false,"template":"","format":"standard","meta":[],"categories":[1428],"tags":[1586],"acf":[],"yoast_head":"<!-- This site is optimized with the Yoast SEO plugin v19.2 - https:\/\/yoast.com\/wordpress\/plugins\/seo\/ -->\n<title>Pastores, n\u00e3o sejam r\u00edgidos mas ternos e pr\u00f3ximos! - Not\u00edcias - Franciscanos<\/title>\n<meta name=\"robots\" content=\"index, follow, max-snippet:-1, max-image-preview:large, max-video-preview:-1\" \/>\n<link rel=\"canonical\" href=\"https:\/\/franciscanos.org.br\/noticias\/pastores-nao-sejam-rigidos-mas-ternos-e-proximos.html\" \/>\n<meta property=\"og:locale\" content=\"pt_BR\" \/>\n<meta property=\"og:type\" content=\"article\" \/>\n<meta property=\"og:title\" content=\"Pastores, n\u00e3o sejam r\u00edgidos mas ternos e pr\u00f3ximos! - Not\u00edcias - Franciscanos\" \/>\n<meta property=\"og:description\" content=\"Missa em Santa Marta\" \/>\n<meta property=\"og:url\" content=\"https:\/\/franciscanos.org.br\/noticias\/pastores-nao-sejam-rigidos-mas-ternos-e-proximos.html\" \/>\n<meta property=\"og:site_name\" content=\"Not\u00edcias - Franciscanos\" \/>\n<meta property=\"article:published_time\" content=\"2018-01-30T10:17:52+00:00\" \/>\n<meta property=\"article:modified_time\" content=\"2020-06-07T20:36:50+00:00\" \/>\n<meta property=\"og:image\" content=\"https:\/\/franciscanos.org.br\/noticias\/wp-content\/uploads\/2018\/01\/papa_300118.jpg\" \/>\n\t<meta property=\"og:image:width\" content=\"273\" \/>\n\t<meta property=\"og:image:height\" content=\"181\" \/>\n\t<meta property=\"og:image:type\" content=\"image\/jpeg\" \/>\n<meta name=\"author\" content=\"admin\" \/>\n<meta name=\"twitter:card\" content=\"summary_large_image\" \/>\n<meta name=\"twitter:label1\" content=\"Escrito por\" \/>\n\t<meta name=\"twitter:data1\" content=\"admin\" \/>\n\t<meta name=\"twitter:label2\" content=\"Est. tempo de leitura\" \/>\n\t<meta name=\"twitter:data2\" content=\"3 minutos\" \/>\n<script type=\"application\/ld+json\" class=\"yoast-schema-graph\">{\"@context\":\"https:\/\/schema.org\",\"@graph\":[{\"@type\":\"WebSite\",\"@id\":\"https:\/\/franciscanos.org.br\/noticias\/#website\",\"url\":\"https:\/\/franciscanos.org.br\/noticias\/\",\"name\":\"Not\u00edcias - Franciscanos\",\"description\":\"Prov\u00edncia Franciscana da Imaculada Concei\u00e7\u00e3o do Brasil - Ordem dos Frades Menores - OFM\",\"potentialAction\":[{\"@type\":\"SearchAction\",\"target\":{\"@type\":\"EntryPoint\",\"urlTemplate\":\"https:\/\/franciscanos.org.br\/noticias\/?s={search_term_string}\"},\"query-input\":\"required name=search_term_string\"}],\"inLanguage\":\"pt-BR\"},{\"@type\":\"ImageObject\",\"inLanguage\":\"pt-BR\",\"@id\":\"https:\/\/franciscanos.org.br\/noticias\/pastores-nao-sejam-rigidos-mas-ternos-e-proximos.html#primaryimage\",\"url\":\"https:\/\/franciscanos.org.br\/noticias\/wp-content\/uploads\/2018\/01\/papa_300118.jpg\",\"contentUrl\":\"https:\/\/franciscanos.org.br\/noticias\/wp-content\/uploads\/2018\/01\/papa_300118.jpg\",\"width\":273,\"height\":181},{\"@type\":\"WebPage\",\"@id\":\"https:\/\/franciscanos.org.br\/noticias\/pastores-nao-sejam-rigidos-mas-ternos-e-proximos.html#webpage\",\"url\":\"https:\/\/franciscanos.org.br\/noticias\/pastores-nao-sejam-rigidos-mas-ternos-e-proximos.html\",\"name\":\"Pastores, n\u00e3o sejam r\u00edgidos mas ternos e pr\u00f3ximos! - Not\u00edcias - Franciscanos\",\"isPartOf\":{\"@id\":\"https:\/\/franciscanos.org.br\/noticias\/#website\"},\"primaryImageOfPage\":{\"@id\":\"https:\/\/franciscanos.org.br\/noticias\/pastores-nao-sejam-rigidos-mas-ternos-e-proximos.html#primaryimage\"},\"datePublished\":\"2018-01-30T10:17:52+00:00\",\"dateModified\":\"2020-06-07T20:36:50+00:00\",\"author\":{\"@id\":\"https:\/\/franciscanos.org.br\/noticias\/#\/schema\/person\/b38fbf43118f02820bd932f2e4b14ad3\"},\"breadcrumb\":{\"@id\":\"https:\/\/franciscanos.org.br\/noticias\/pastores-nao-sejam-rigidos-mas-ternos-e-proximos.html#breadcrumb\"},\"inLanguage\":\"pt-BR\",\"potentialAction\":[{\"@type\":\"ReadAction\",\"target\":[\"https:\/\/franciscanos.org.br\/noticias\/pastores-nao-sejam-rigidos-mas-ternos-e-proximos.html\"]}]},{\"@type\":\"BreadcrumbList\",\"@id\":\"https:\/\/franciscanos.org.br\/noticias\/pastores-nao-sejam-rigidos-mas-ternos-e-proximos.html#breadcrumb\",\"itemListElement\":[{\"@type\":\"ListItem\",\"position\":1,\"name\":\"Home\",\"item\":\"https:\/\/franciscanos.org.br\/noticias\"},{\"@type\":\"ListItem\",\"position\":2,\"name\":\"Pastores, n\u00e3o sejam r\u00edgidos mas ternos e pr\u00f3ximos!\"}]},{\"@type\":\"Person\",\"@id\":\"https:\/\/franciscanos.org.br\/noticias\/#\/schema\/person\/b38fbf43118f02820bd932f2e4b14ad3\",\"name\":\"admin\",\"image\":{\"@type\":\"ImageObject\",\"inLanguage\":\"pt-BR\",\"@id\":\"https:\/\/franciscanos.org.br\/noticias\/#\/schema\/person\/image\/\",\"url\":\"https:\/\/secure.gravatar.com\/avatar\/e8495742d34d0ba6448ea1c628263b3e?s=96&d=mm&r=g\",\"contentUrl\":\"https:\/\/secure.gravatar.com\/avatar\/e8495742d34d0ba6448ea1c628263b3e?s=96&d=mm&r=g\",\"caption\":\"admin\"},\"url\":\"https:\/\/franciscanos.org.br\/noticias\/author\/admin\"}]}<\/script>\n<!-- \/ Yoast SEO plugin. -->","yoast_head_json":{"title":"Pastores, n\u00e3o sejam r\u00edgidos mas ternos e pr\u00f3ximos! - Not\u00edcias - Franciscanos","robots":{"index":"index","follow":"follow","max-snippet":"max-snippet:-1","max-image-preview":"max-image-preview:large","max-video-preview":"max-video-preview:-1"},"canonical":"https:\/\/franciscanos.org.br\/noticias\/pastores-nao-sejam-rigidos-mas-ternos-e-proximos.html","og_locale":"pt_BR","og_type":"article","og_title":"Pastores, n\u00e3o sejam r\u00edgidos mas ternos e pr\u00f3ximos! - Not\u00edcias - Franciscanos","og_description":"Missa em Santa Marta","og_url":"https:\/\/franciscanos.org.br\/noticias\/pastores-nao-sejam-rigidos-mas-ternos-e-proximos.html","og_site_name":"Not\u00edcias - Franciscanos","article_published_time":"2018-01-30T10:17:52+00:00","article_modified_time":"2020-06-07T20:36:50+00:00","og_image":[{"width":273,"height":181,"url":"https:\/\/franciscanos.org.br\/noticias\/wp-content\/uploads\/2018\/01\/papa_300118.jpg","type":"image\/jpeg"}],"author":"admin","twitter_card":"summary_large_image","twitter_misc":{"Escrito por":"admin","Est. tempo de leitura":"3 minutos"},"schema":{"@context":"https:\/\/schema.org","@graph":[{"@type":"WebSite","@id":"https:\/\/franciscanos.org.br\/noticias\/#website","url":"https:\/\/franciscanos.org.br\/noticias\/","name":"Not\u00edcias - Franciscanos","description":"Prov\u00edncia Franciscana da Imaculada Concei\u00e7\u00e3o do Brasil - Ordem dos Frades Menores - OFM","potentialAction":[{"@type":"SearchAction","target":{"@type":"EntryPoint","urlTemplate":"https:\/\/franciscanos.org.br\/noticias\/?s={search_term_string}"},"query-input":"required name=search_term_string"}],"inLanguage":"pt-BR"},{"@type":"ImageObject","inLanguage":"pt-BR","@id":"https:\/\/franciscanos.org.br\/noticias\/pastores-nao-sejam-rigidos-mas-ternos-e-proximos.html#primaryimage","url":"https:\/\/franciscanos.org.br\/noticias\/wp-content\/uploads\/2018\/01\/papa_300118.jpg","contentUrl":"https:\/\/franciscanos.org.br\/noticias\/wp-content\/uploads\/2018\/01\/papa_300118.jpg","width":273,"height":181},{"@type":"WebPage","@id":"https:\/\/franciscanos.org.br\/noticias\/pastores-nao-sejam-rigidos-mas-ternos-e-proximos.html#webpage","url":"https:\/\/franciscanos.org.br\/noticias\/pastores-nao-sejam-rigidos-mas-ternos-e-proximos.html","name":"Pastores, n\u00e3o sejam r\u00edgidos mas ternos e pr\u00f3ximos! - Not\u00edcias - Franciscanos","isPartOf":{"@id":"https:\/\/franciscanos.org.br\/noticias\/#website"},"primaryImageOfPage":{"@id":"https:\/\/franciscanos.org.br\/noticias\/pastores-nao-sejam-rigidos-mas-ternos-e-proximos.html#primaryimage"},"datePublished":"2018-01-30T10:17:52+00:00","dateModified":"2020-06-07T20:36:50+00:00","author":{"@id":"https:\/\/franciscanos.org.br\/noticias\/#\/schema\/person\/b38fbf43118f02820bd932f2e4b14ad3"},"breadcrumb":{"@id":"https:\/\/franciscanos.org.br\/noticias\/pastores-nao-sejam-rigidos-mas-ternos-e-proximos.html#breadcrumb"},"inLanguage":"pt-BR","potentialAction":[{"@type":"ReadAction","target":["https:\/\/franciscanos.org.br\/noticias\/pastores-nao-sejam-rigidos-mas-ternos-e-proximos.html"]}]},{"@type":"BreadcrumbList","@id":"https:\/\/franciscanos.org.br\/noticias\/pastores-nao-sejam-rigidos-mas-ternos-e-proximos.html#breadcrumb","itemListElement":[{"@type":"ListItem","position":1,"name":"Home","item":"https:\/\/franciscanos.org.br\/noticias"},{"@type":"ListItem","position":2,"name":"Pastores, n\u00e3o sejam r\u00edgidos mas ternos e pr\u00f3ximos!"}]},{"@type":"Person","@id":"https:\/\/franciscanos.org.br\/noticias\/#\/schema\/person\/b38fbf43118f02820bd932f2e4b14ad3","name":"admin","image":{"@type":"ImageObject","inLanguage":"pt-BR","@id":"https:\/\/franciscanos.org.br\/noticias\/#\/schema\/person\/image\/","url":"https:\/\/secure.gravatar.com\/avatar\/e8495742d34d0ba6448ea1c628263b3e?s=96&d=mm&r=g","contentUrl":"https:\/\/secure.gravatar.com\/avatar\/e8495742d34d0ba6448ea1c628263b3e?s=96&d=mm&r=g","caption":"admin"},"url":"https:\/\/franciscanos.org.br\/noticias\/author\/admin"}]}},"_links":{"self":[{"href":"https:\/\/franciscanos.org.br\/noticias\/wp-json\/wp\/v2\/posts\/150317"}],"collection":[{"href":"https:\/\/franciscanos.org.br\/noticias\/wp-json\/wp\/v2\/posts"}],"about":[{"href":"https:\/\/franciscanos.org.br\/noticias\/wp-json\/wp\/v2\/types\/post"}],"author":[{"embeddable":true,"href":"https:\/\/franciscanos.org.br\/noticias\/wp-json\/wp\/v2\/users\/1"}],"replies":[{"embeddable":true,"href":"https:\/\/franciscanos.org.br\/noticias\/wp-json\/wp\/v2\/comments?post=150317"}],"version-history":[{"count":1,"href":"https:\/\/franciscanos.org.br\/noticias\/wp-json\/wp\/v2\/posts\/150317\/revisions"}],"predecessor-version":[{"id":225072,"href":"https:\/\/franciscanos.org.br\/noticias\/wp-json\/wp\/v2\/posts\/150317\/revisions\/225072"}],"wp:featuredmedia":[{"embeddable":true,"href":"https:\/\/franciscanos.org.br\/noticias\/wp-json\/wp\/v2\/media\/199640"}],"wp:attachment":[{"href":"https:\/\/franciscanos.org.br\/noticias\/wp-json\/wp\/v2\/media?parent=150317"}],"wp:term":[{"taxonomy":"category","embeddable":true,"href":"https:\/\/franciscanos.org.br\/noticias\/wp-json\/wp\/v2\/categories?post=150317"},{"taxonomy":"post_tag","embeddable":true,"href":"https:\/\/franciscanos.org.br\/noticias\/wp-json\/wp\/v2\/tags?post=150317"}],"curies":[{"name":"wp","href":"https:\/\/api.w.org\/{rel}","templated":true}]}}