{"id":150260,"date":"2018-02-02T00:18:14","date_gmt":"2018-02-02T02:18:14","guid":{"rendered":"http:\/\/franciscanos.org.br\/?p=150260"},"modified":"2019-10-31T11:10:13","modified_gmt":"2019-10-31T14:10:13","slug":"frei-jose-raimundo-sera-ordenado-diacono-no-dia-3-de-fevereiro","status":"publish","type":"post","link":"https:\/\/franciscanos.org.br\/noticias\/frei-jose-raimundo-sera-ordenado-diacono-no-dia-3-de-fevereiro.html","title":{"rendered":"Frei Jos\u00e9 Raimundo ser\u00e1 ordenado di\u00e1cono dia 3 de fevereiro"},"content":{"rendered":"<p><a href=\"http:\/\/franciscanos.org.br\/wp-content\/uploads\/2018\/01\/jose-raimundo-460.jpg\"><img loading=\"lazy\" class=\"alignright wp-image-150263 \" src=\"http:\/\/franciscanos.org.br\/wp-content\/uploads\/2018\/01\/jose-raimundo-460.jpg\" alt=\"jose-raimundo-460\" width=\"365\" height=\"475\" \/><\/a>Neste dia 3 de fevereiro, Frei Jos\u00e9 Raimundo de Souza ser\u00e1 ordenado di\u00e1cono por Dom Joaquim Wladimir Lopes Dias, bispo da Diocese de Colatina (ES), na Catedral Sagrado Cora\u00e7\u00e3o de Jesus de Colatina (ES), durante a Celebra\u00e7\u00e3o Eucar\u00edstica, \u00e0s 16 horas.<\/p>\n<p>Frei Jos\u00e9 Raimundo nasceu em Mariluz (PR), no dia 21 de junho de 1973. \u00c9 o segundo filho dos quatro de Francisca Maria de Souza e Raimundo Francisco de Souza. Aos cinco anos de idade, mudou-se com seus familiares para Bauru (SP), onde conheceu os Frades Franciscanos desta Prov\u00edncia da Imaculada Concei\u00e7\u00e3o. Depois de fazer acompanhamento com os frades em Bauru, ingressou no Aspirantado de Ituporanga (SC) em 2007, e no Postulantado de Guaratinguet\u00e1 (SP) em 2008. Ingressou no Noviciado de Rodeio (SC) no ano seguinte, onde fez sua primeira profiss\u00e3o aos 3 de janeiro de 2010.<\/p>\n<p>De 2010 a 2012 cursou Filosofia em Curitiba, morando em Rondinha, Campo Largo (PR). Chegou \u00e0 Fraternidade do Sagrado Cora\u00e7\u00e3o de Jesus, em Petr\u00f3polis (RJ), em 2013 para o tempo da Teologia, onde residiu at\u00e9 2014. Foi transferido para Imbari\u00ea, morando nesta casa nos anos de 2015 e 2016. Ao final de 2016 concluiu o curso de Teologia e foi transferido para Colatina (ES), onde reside atualmente.<\/p>\n<p>Para Frei Jos\u00e9, o diaconato \u00e9 o servi\u00e7o que est\u00e1 na din\u00e2mica do Cristo servo e, exerc\u00ea-lo a partir desse princ\u00edpio, significa ser sinal de Cristo que veio para servir. &#8220;Recordo as palavras de S\u00e3o Paulo que inspiram meu futuro minist\u00e9rio: &#8216;Fiz-me servo de todos&#8217; (ICor 9,19), bem como o que disse Francisco de Assis: &#8216;E devem alegrar-se, quando conviverem entre pessoas insignificantes e desprezadas, entre os pobres, fracos, enfermos, leprosos e os que mendigam pela rua&#8217; (RnB IX,2), isso para dizer da disposi\u00e7\u00e3o com que me apresento para o minist\u00e9rio ordenado e o modo como desejo viv\u00ea-lo, isto \u00e9, ser servo de todos, indistintamente, sem, contudo, deixar de seguir a recomenda\u00e7\u00e3o evang\u00e9lica do Ser\u00e1fico Pai de colocar-se, com alegria, ao lado dos mais desfavorecidos do nosso tempo. Trata-se de um ideal que assumo como projeto de vida a ser perseguido e vivido a cada dia&#8221;, prometeu Frei Jos\u00e9.<\/p>\n<p><a href=\"http:\/\/franciscanos.org.br\/wp-content\/uploads\/2018\/01\/jose-raimundo-convite.jpg\"><img loading=\"lazy\" src=\"http:\/\/franciscanos.org.br\/wp-content\/uploads\/2018\/01\/jose-raimundo-convite.jpg\" alt=\"jose-raimundo-convite\" width=\"830\" height=\"458\" \/><\/a><\/p>\n<p>&nbsp;<\/p>\n","protected":false},"excerpt":{"rendered":"<p>SAV<\/p>\n","protected":false},"author":1,"featured_media":213238,"comment_status":"open","ping_status":"open","sticky":false,"template":"","format":"standard","meta":[],"categories":[1],"tags":[275],"acf":[],"yoast_head":"<!-- This site is optimized with the Yoast SEO plugin v19.2 - https:\/\/yoast.com\/wordpress\/plugins\/seo\/ -->\n<title>Frei Jos\u00e9 Raimundo ser\u00e1 ordenado di\u00e1cono dia 3 de fevereiro - Not\u00edcias - Franciscanos<\/title>\n<meta name=\"robots\" content=\"index, follow, max-snippet:-1, max-image-preview:large, max-video-preview:-1\" \/>\n<link rel=\"canonical\" href=\"https:\/\/franciscanos.org.br\/noticias\/frei-jose-raimundo-sera-ordenado-diacono-no-dia-3-de-fevereiro.html\" \/>\n<meta property=\"og:locale\" content=\"pt_BR\" \/>\n<meta property=\"og:type\" content=\"article\" \/>\n<meta property=\"og:title\" content=\"Frei Jos\u00e9 Raimundo ser\u00e1 ordenado di\u00e1cono dia 3 de fevereiro - Not\u00edcias - Franciscanos\" \/>\n<meta property=\"og:description\" content=\"SAV\" \/>\n<meta property=\"og:url\" content=\"https:\/\/franciscanos.org.br\/noticias\/frei-jose-raimundo-sera-ordenado-diacono-no-dia-3-de-fevereiro.html\" \/>\n<meta property=\"og:site_name\" content=\"Not\u00edcias - Franciscanos\" \/>\n<meta property=\"article:published_time\" content=\"2018-02-02T02:18:14+00:00\" \/>\n<meta property=\"article:modified_time\" content=\"2019-10-31T14:10:13+00:00\" \/>\n<meta property=\"og:image\" content=\"https:\/\/franciscanos.org.br\/noticias\/wp-content\/uploads\/2018\/02\/jose-raimundo-460.jpg\" \/>\n\t<meta property=\"og:image:width\" content=\"273\" \/>\n\t<meta property=\"og:image:height\" content=\"181\" \/>\n\t<meta property=\"og:image:type\" content=\"image\/jpeg\" \/>\n<meta name=\"author\" content=\"admin\" \/>\n<meta name=\"twitter:card\" content=\"summary_large_image\" \/>\n<meta name=\"twitter:label1\" content=\"Escrito por\" \/>\n\t<meta name=\"twitter:data1\" content=\"admin\" \/>\n\t<meta name=\"twitter:label2\" content=\"Est. tempo de leitura\" \/>\n\t<meta name=\"twitter:data2\" content=\"2 minutos\" \/>\n<script type=\"application\/ld+json\" class=\"yoast-schema-graph\">{\"@context\":\"https:\/\/schema.org\",\"@graph\":[{\"@type\":\"WebSite\",\"@id\":\"https:\/\/franciscanos.org.br\/noticias\/#website\",\"url\":\"https:\/\/franciscanos.org.br\/noticias\/\",\"name\":\"Not\u00edcias - Franciscanos\",\"description\":\"Prov\u00edncia Franciscana da Imaculada Concei\u00e7\u00e3o do Brasil - Ordem dos Frades Menores - OFM\",\"potentialAction\":[{\"@type\":\"SearchAction\",\"target\":{\"@type\":\"EntryPoint\",\"urlTemplate\":\"https:\/\/franciscanos.org.br\/noticias\/?s={search_term_string}\"},\"query-input\":\"required name=search_term_string\"}],\"inLanguage\":\"pt-BR\"},{\"@type\":\"ImageObject\",\"inLanguage\":\"pt-BR\",\"@id\":\"https:\/\/franciscanos.org.br\/noticias\/frei-jose-raimundo-sera-ordenado-diacono-no-dia-3-de-fevereiro.html#primaryimage\",\"url\":\"https:\/\/franciscanos.org.br\/noticias\/wp-content\/uploads\/2018\/02\/jose-raimundo-460.jpg\",\"contentUrl\":\"https:\/\/franciscanos.org.br\/noticias\/wp-content\/uploads\/2018\/02\/jose-raimundo-460.jpg\",\"width\":273,\"height\":181},{\"@type\":\"WebPage\",\"@id\":\"https:\/\/franciscanos.org.br\/noticias\/frei-jose-raimundo-sera-ordenado-diacono-no-dia-3-de-fevereiro.html#webpage\",\"url\":\"https:\/\/franciscanos.org.br\/noticias\/frei-jose-raimundo-sera-ordenado-diacono-no-dia-3-de-fevereiro.html\",\"name\":\"Frei Jos\u00e9 Raimundo ser\u00e1 ordenado di\u00e1cono dia 3 de fevereiro - Not\u00edcias - Franciscanos\",\"isPartOf\":{\"@id\":\"https:\/\/franciscanos.org.br\/noticias\/#website\"},\"primaryImageOfPage\":{\"@id\":\"https:\/\/franciscanos.org.br\/noticias\/frei-jose-raimundo-sera-ordenado-diacono-no-dia-3-de-fevereiro.html#primaryimage\"},\"datePublished\":\"2018-02-02T02:18:14+00:00\",\"dateModified\":\"2019-10-31T14:10:13+00:00\",\"author\":{\"@id\":\"https:\/\/franciscanos.org.br\/noticias\/#\/schema\/person\/b38fbf43118f02820bd932f2e4b14ad3\"},\"breadcrumb\":{\"@id\":\"https:\/\/franciscanos.org.br\/noticias\/frei-jose-raimundo-sera-ordenado-diacono-no-dia-3-de-fevereiro.html#breadcrumb\"},\"inLanguage\":\"pt-BR\",\"potentialAction\":[{\"@type\":\"ReadAction\",\"target\":[\"https:\/\/franciscanos.org.br\/noticias\/frei-jose-raimundo-sera-ordenado-diacono-no-dia-3-de-fevereiro.html\"]}]},{\"@type\":\"BreadcrumbList\",\"@id\":\"https:\/\/franciscanos.org.br\/noticias\/frei-jose-raimundo-sera-ordenado-diacono-no-dia-3-de-fevereiro.html#breadcrumb\",\"itemListElement\":[{\"@type\":\"ListItem\",\"position\":1,\"name\":\"Home\",\"item\":\"https:\/\/franciscanos.org.br\/noticias\"},{\"@type\":\"ListItem\",\"position\":2,\"name\":\"Frei Jos\u00e9 Raimundo ser\u00e1 ordenado di\u00e1cono dia 3 de fevereiro\"}]},{\"@type\":\"Person\",\"@id\":\"https:\/\/franciscanos.org.br\/noticias\/#\/schema\/person\/b38fbf43118f02820bd932f2e4b14ad3\",\"name\":\"admin\",\"image\":{\"@type\":\"ImageObject\",\"inLanguage\":\"pt-BR\",\"@id\":\"https:\/\/franciscanos.org.br\/noticias\/#\/schema\/person\/image\/\",\"url\":\"https:\/\/secure.gravatar.com\/avatar\/e8495742d34d0ba6448ea1c628263b3e?s=96&d=mm&r=g\",\"contentUrl\":\"https:\/\/secure.gravatar.com\/avatar\/e8495742d34d0ba6448ea1c628263b3e?s=96&d=mm&r=g\",\"caption\":\"admin\"},\"url\":\"https:\/\/franciscanos.org.br\/noticias\/author\/admin\"}]}<\/script>\n<!-- \/ Yoast SEO plugin. -->","yoast_head_json":{"title":"Frei Jos\u00e9 Raimundo ser\u00e1 ordenado di\u00e1cono dia 3 de fevereiro - Not\u00edcias - Franciscanos","robots":{"index":"index","follow":"follow","max-snippet":"max-snippet:-1","max-image-preview":"max-image-preview:large","max-video-preview":"max-video-preview:-1"},"canonical":"https:\/\/franciscanos.org.br\/noticias\/frei-jose-raimundo-sera-ordenado-diacono-no-dia-3-de-fevereiro.html","og_locale":"pt_BR","og_type":"article","og_title":"Frei Jos\u00e9 Raimundo ser\u00e1 ordenado di\u00e1cono dia 3 de fevereiro - Not\u00edcias - Franciscanos","og_description":"SAV","og_url":"https:\/\/franciscanos.org.br\/noticias\/frei-jose-raimundo-sera-ordenado-diacono-no-dia-3-de-fevereiro.html","og_site_name":"Not\u00edcias - Franciscanos","article_published_time":"2018-02-02T02:18:14+00:00","article_modified_time":"2019-10-31T14:10:13+00:00","og_image":[{"width":273,"height":181,"url":"https:\/\/franciscanos.org.br\/noticias\/wp-content\/uploads\/2018\/02\/jose-raimundo-460.jpg","type":"image\/jpeg"}],"author":"admin","twitter_card":"summary_large_image","twitter_misc":{"Escrito por":"admin","Est. tempo de leitura":"2 minutos"},"schema":{"@context":"https:\/\/schema.org","@graph":[{"@type":"WebSite","@id":"https:\/\/franciscanos.org.br\/noticias\/#website","url":"https:\/\/franciscanos.org.br\/noticias\/","name":"Not\u00edcias - Franciscanos","description":"Prov\u00edncia Franciscana da Imaculada Concei\u00e7\u00e3o do Brasil - Ordem dos Frades Menores - OFM","potentialAction":[{"@type":"SearchAction","target":{"@type":"EntryPoint","urlTemplate":"https:\/\/franciscanos.org.br\/noticias\/?s={search_term_string}"},"query-input":"required name=search_term_string"}],"inLanguage":"pt-BR"},{"@type":"ImageObject","inLanguage":"pt-BR","@id":"https:\/\/franciscanos.org.br\/noticias\/frei-jose-raimundo-sera-ordenado-diacono-no-dia-3-de-fevereiro.html#primaryimage","url":"https:\/\/franciscanos.org.br\/noticias\/wp-content\/uploads\/2018\/02\/jose-raimundo-460.jpg","contentUrl":"https:\/\/franciscanos.org.br\/noticias\/wp-content\/uploads\/2018\/02\/jose-raimundo-460.jpg","width":273,"height":181},{"@type":"WebPage","@id":"https:\/\/franciscanos.org.br\/noticias\/frei-jose-raimundo-sera-ordenado-diacono-no-dia-3-de-fevereiro.html#webpage","url":"https:\/\/franciscanos.org.br\/noticias\/frei-jose-raimundo-sera-ordenado-diacono-no-dia-3-de-fevereiro.html","name":"Frei Jos\u00e9 Raimundo ser\u00e1 ordenado di\u00e1cono dia 3 de fevereiro - Not\u00edcias - Franciscanos","isPartOf":{"@id":"https:\/\/franciscanos.org.br\/noticias\/#website"},"primaryImageOfPage":{"@id":"https:\/\/franciscanos.org.br\/noticias\/frei-jose-raimundo-sera-ordenado-diacono-no-dia-3-de-fevereiro.html#primaryimage"},"datePublished":"2018-02-02T02:18:14+00:00","dateModified":"2019-10-31T14:10:13+00:00","author":{"@id":"https:\/\/franciscanos.org.br\/noticias\/#\/schema\/person\/b38fbf43118f02820bd932f2e4b14ad3"},"breadcrumb":{"@id":"https:\/\/franciscanos.org.br\/noticias\/frei-jose-raimundo-sera-ordenado-diacono-no-dia-3-de-fevereiro.html#breadcrumb"},"inLanguage":"pt-BR","potentialAction":[{"@type":"ReadAction","target":["https:\/\/franciscanos.org.br\/noticias\/frei-jose-raimundo-sera-ordenado-diacono-no-dia-3-de-fevereiro.html"]}]},{"@type":"BreadcrumbList","@id":"https:\/\/franciscanos.org.br\/noticias\/frei-jose-raimundo-sera-ordenado-diacono-no-dia-3-de-fevereiro.html#breadcrumb","itemListElement":[{"@type":"ListItem","position":1,"name":"Home","item":"https:\/\/franciscanos.org.br\/noticias"},{"@type":"ListItem","position":2,"name":"Frei Jos\u00e9 Raimundo ser\u00e1 ordenado di\u00e1cono dia 3 de fevereiro"}]},{"@type":"Person","@id":"https:\/\/franciscanos.org.br\/noticias\/#\/schema\/person\/b38fbf43118f02820bd932f2e4b14ad3","name":"admin","image":{"@type":"ImageObject","inLanguage":"pt-BR","@id":"https:\/\/franciscanos.org.br\/noticias\/#\/schema\/person\/image\/","url":"https:\/\/secure.gravatar.com\/avatar\/e8495742d34d0ba6448ea1c628263b3e?s=96&d=mm&r=g","contentUrl":"https:\/\/secure.gravatar.com\/avatar\/e8495742d34d0ba6448ea1c628263b3e?s=96&d=mm&r=g","caption":"admin"},"url":"https:\/\/franciscanos.org.br\/noticias\/author\/admin"}]}},"_links":{"self":[{"href":"https:\/\/franciscanos.org.br\/noticias\/wp-json\/wp\/v2\/posts\/150260"}],"collection":[{"href":"https:\/\/franciscanos.org.br\/noticias\/wp-json\/wp\/v2\/posts"}],"about":[{"href":"https:\/\/franciscanos.org.br\/noticias\/wp-json\/wp\/v2\/types\/post"}],"author":[{"embeddable":true,"href":"https:\/\/franciscanos.org.br\/noticias\/wp-json\/wp\/v2\/users\/1"}],"replies":[{"embeddable":true,"href":"https:\/\/franciscanos.org.br\/noticias\/wp-json\/wp\/v2\/comments?post=150260"}],"version-history":[{"count":0,"href":"https:\/\/franciscanos.org.br\/noticias\/wp-json\/wp\/v2\/posts\/150260\/revisions"}],"wp:featuredmedia":[{"embeddable":true,"href":"https:\/\/franciscanos.org.br\/noticias\/wp-json\/wp\/v2\/media\/213238"}],"wp:attachment":[{"href":"https:\/\/franciscanos.org.br\/noticias\/wp-json\/wp\/v2\/media?parent=150260"}],"wp:term":[{"taxonomy":"category","embeddable":true,"href":"https:\/\/franciscanos.org.br\/noticias\/wp-json\/wp\/v2\/categories?post=150260"},{"taxonomy":"post_tag","embeddable":true,"href":"https:\/\/franciscanos.org.br\/noticias\/wp-json\/wp\/v2\/tags?post=150260"}],"curies":[{"name":"wp","href":"https:\/\/api.w.org\/{rel}","templated":true}]}}