{"id":150130,"date":"2018-01-24T08:38:42","date_gmt":"2018-01-24T10:38:42","guid":{"rendered":"http:\/\/franciscanos.org.br\/?p=150130"},"modified":"2020-06-07T17:43:08","modified_gmt":"2020-06-07T20:43:08","slug":"a-minha-paz-a-cada-um-e-ao-mundo-nesta-iii-guerra-mundial-em-pedacos","status":"publish","type":"post","link":"https:\/\/franciscanos.org.br\/noticias\/a-minha-paz-a-cada-um-e-ao-mundo-nesta-iii-guerra-mundial-em-pedacos.html","title":{"rendered":"&#8220;A paz ao mundo nesta III Guerra Mundial em peda\u00e7os&#8221;"},"content":{"rendered":"<p><img loading=\"lazy\" src=\"http:\/\/franciscanos.org.br\/wp-content\/uploads\/2018\/01\/papa_240118.jpg\" alt=\"papa_240118\" width=\"820\" height=\"545\" \/><\/p>\n<p><strong>Cidade do Vaticano<\/strong> &#8211; O Papa dedicou a Audi\u00eancia Geral desta quarta-feira a sua recente Viagem Apost\u00f3lica ao Chile e Peru. Dirigindo-se aos presentes reunidos na Pra\u00e7a S\u00e3o Pedro, Francisco agradeceu ao Senhor &#8220;porque tudo correu bem. Pude encontrar o povo de Deus em caminho naquelas terras e encorajar o desenvolvimento social destes pa\u00edses&#8221;. O Papa tamb\u00e9m agradeceu \u00e0s autoridades civis e aos bispos que o acolheram com &#8220;tanta aten\u00e7\u00e3o e generosidade, assim como aos colaboradores e volunt\u00e1rios&#8221;, cerca de 20 mil, sobretudo jovens, em cada pa\u00eds.<\/p>\n<p>Francisco estava atento ao que acontecia no Chile antes de sua chegada, quando houve manifesta\u00e7\u00f5es por v\u00e1rios motivos, o que &#8211; disse ele &#8211; &#8220;torna ainda mais atual e vivo&#8221; o lema da visita: &#8220;Dou-vos a minha paz&#8221;. &#8220;A paz n\u00e3o s\u00f3 a cada um de n\u00f3s, mas tamb\u00e9m ao mundo, nesta III Guerra Mundial em peda\u00e7os. Rezem pela paz&#8221;.<\/p>\n<p>O Santo Padre rcordou encontro por encontro. Com as autoridades pol\u00edticas, &#8220;encorajei o caminho da democracia chilena como espa\u00e7o de encontro solid\u00e1rio e capaz de incluir as diversidades&#8221;, indicando como m\u00e9todo &#8220;o caminho da escuta&#8221;, em particular &#8220;dos pobres, dos jovens, dos idosos e dos imigrantes&#8221;, assim como &#8220;a escuta da terra&#8221;.<\/p>\n<p>As Bem-aventuran\u00e7as ressoaram na primeira Missa celebrada pela paz e a justi\u00e7a, especialmente &#8220;Bem-aventurado os pacificadores, porque ser\u00e3o chamados filhos de Deus&#8221;, o que pode ser testemunhado com o &#8220;estilo da proximidade, da partilha, fortalecendo assim, com a gra\u00e7a de Cristo, o tecido da comunidade eclesial e de toda a sociedade&#8221;.<\/p>\n<p>&#8220;Neste estilo de proximidade contam mais os gestos do que as palavras&#8221;, disse o Papa, ao recordar a visita \u00e0 penitenci\u00e1ria feminina em Santiago: &#8220;Os rostos daquelas mulheres, muitas das quais jovens m\u00e3es, com os seus pequenos nos bra\u00e7os, apesar de tudo manifestavam tanta esperan\u00e7a. Encorajei-as a exigir, de si pr\u00f3prias e das institui\u00e7\u00f5es, um s\u00e9rio caminho de prepara\u00e7\u00e3o para a reinser\u00e7\u00e3o, como horizonte que d\u00e1 sentido \u00e0 pena cotidiana&#8221;. E repetiu o que disse naquela ocasi\u00e3o: &#8220;Uma pena sem o horizonte da reinser\u00e7\u00e3o \u00e9 uma tortura infinita&#8221;.<\/p>\n<p><img loading=\"lazy\" src=\"http:\/\/franciscanos.org.br\/wp-content\/uploads\/2018\/01\/papa_240118_3.jpg\" alt=\"papa_240118_3\" width=\"820\" height=\"546\" \/><\/p>\n<p>Francisco recordou que com os sacerdotes e consagrados e com os bispos do Chile viveu dois encontros muito intensos, &#8220;que se tornaram ainda mais fecundos pelo sofrimento compartilhado por algumas feridas que afligem a Igreja naquele pa\u00eds&#8221;. &#8220;Em particular &#8211; precisou &#8211; confirmei os meus irm\u00e3os na rejei\u00e7\u00e3o de qualquer pacto com os abusos sexuais contra menores, e ao mesmo tempo na confian\u00e7a em Deus, que por meio desta dura prova purifica e renova os seus ministros&#8221;.<\/p>\n<p>Ao falar sobre as outras duas missas celebradas no pa\u00eds, o Papa recordou que a celebrada em Araucan\u00eda, &#8220;terra onde habitaram os \u00edndios mapuches, transformou em alegria os dramas e os cansa\u00e7os deste povo, lan\u00e7ando um apelo por uma paz que seja harmonia das diversidades e pela rejei\u00e7\u00e3o de toda viol\u00eancia&#8221;.<\/p>\n<p>J\u00e1 a missa celebrada em Iquique, entre oceano e deserto, &#8220;foi um hino de encontro entre os povos, que se expressa em modo singular na religiosidade popular&#8221;.<\/p>\n<p>Os encontros com os jovens e com a Universidade Cat\u00f3lica do Chile &#8220;responderam ao desafio crucial de oferecer um grande sentido \u00e0 vida das novas gera\u00e7\u00f5es&#8221;.<\/p>\n<p>&#8220;Aos jovens &#8211; recordou o Papa &#8211; deixei a palavra program\u00e1tica de S\u00e3o Alberto Hurtado: &#8220;O que faria Cristo no meu lugar?&#8221;, enquanto na Universidade &#8220;propus um modelo de forma\u00e7\u00e3o integral, que traduz a capacidade cat\u00f3lica em capacidade de participa\u00e7\u00e3o na constru\u00e7\u00e3o de sociedades unidas e plurais, onde os conflitos n\u00e3o sejam ocultados, mas administrados no di\u00e1logo&#8221;. &#8220;H\u00e1 conflitos tamb\u00e9m em casa, que n\u00e3o devem ficar debaixo da cama, mas devem vir \u00e0 luz. O conflito se resolve com o di\u00e1logo.&#8221;<\/p>\n<p><img loading=\"lazy\" src=\"http:\/\/franciscanos.org.br\/wp-content\/uploads\/2018\/01\/papa_240118_2.jpg\" alt=\"papa_240118_2\" width=\"820\" height=\"545\" \/><\/p>\n<p><strong>A VIAGEM AO PERU<\/strong><\/p>\n<p>O Papa passou ent\u00e3o ao Peru, recordando que o lema da visita \u201cUnidos pela esperan\u00e7a&#8221; n\u00e3o significa &#8220;unidos em uma est\u00e9ril uniformidade, mas em toda a riqueza das diferen\u00e7as que herdamos da hist\u00f3ria e da cultura&#8221;. Testemunhou isto &#8220;emblematicamente o encontro com os povos da Amaz\u00f4nia peruana, que deu tamb\u00e9m inicio ao itiner\u00e1rio do S\u00ednodo Panamaz\u00f4nico convocado para outubro de 2019, assim como testemunharam os momentos vividos com a popula\u00e7\u00e3o de Puerto Maldonado e com as crian\u00e7as da Casa de acolhida &#8220;O Pequeno Pr\u00edncipe&#8221;. Juntos dissemos &#8220;n\u00e3o&#8221; \u00e0 coloniza\u00e7\u00e3o econ\u00f4mica e ideol\u00f3gica&#8221;.<\/p>\n<p>O apre\u00e7o pelo &#8220;patrim\u00f4nio ambiental, cultural e espiritual&#8221; do pa\u00eds foi demonstrado pelo Papa ao falar \u00e0s autoridades pol\u00edticas e civis do Peru, chamando a aten\u00e7\u00e3o para duas realidades que o amea\u00e7am de forma mais grave: &#8220;a degrada\u00e7\u00e3o ecol\u00f3gica-social e a corrup\u00e7\u00e3o. &#8220;A corrup\u00e7\u00e3o n\u00e3o acontece s\u00f3 naquelas partes. Tamb\u00e9m aqui! E \u00e9 mais contagiosa do que a gripe. A corrup\u00e7\u00e3o arru\u00edna o cora\u00e7\u00e3o.&#8221;<\/p>\n<p>O Papa ent\u00e3o passou \u00e0 Missa celebrada em Trujillo, cidade duramente atingida pela tempestade \u201cNi\u00f1o costiero\u201d. &#8220;Encorajei a popula\u00e7\u00e3o a reagir a esta, mas tamb\u00e9m a outras tempestades como a delinqu\u00eancia, a falta de educa\u00e7\u00e3o, de trabalho e de moradia segura&#8221;.<\/p>\n<p>Com os sacerdotes e consagrados do norte do Peru, o Papa recordou ter compartilhado &#8220;a alegria do chamado e da miss\u00e3o e a responsabilidade da comunh\u00e3o na Igreja&#8221;, exortando-os &#8220;a serem ricos de mem\u00f3ria e fi\u00e9is \u00e0s suas ra\u00edzes, e entre estas devo\u00e7\u00f5es est\u00e1 a devo\u00e7\u00e3o popular a Virgem Maria&#8221;. Neste sentido, Francisco recordou tamb\u00e9m a celebra\u00e7\u00e3o mariana em que coroou a &#8220;Virgen de la Puerta&#8221;, proclamada &#8220;M\u00e3e da Miseric\u00f3rdia e da Esperan\u00e7a&#8221;.<\/p>\n<p>O dia em Lima, o \u00faltimo da viagem, teve uma \u00eanfase &#8220;espiritual e eclesial&#8221;. &#8220;Um verdadeiro &#8216;pulm\u00e3o&#8217; de f\u00e9 e de ora\u00e7\u00e3o pela Igreja e por toda a sociedade&#8221;, disse o Santo Padre ao referir-se \u00e0s religiosas de vida contemplativa, que encontrou no Santu\u00e1rio \u201cSe\u00f1or de los Milagros\u201d. O Papa fez men\u00e7\u00e3o \u00e0 ora\u00e7\u00e3o de intercess\u00e3o junto aos Santos peruanos, seguida pelo encontro com os bispos, a quem prop\u00f4s o modelo de S\u00e3o Tor\u00edbio de Mongrovejo&#8221;.<\/p>\n<p>Aos jovens peruanos o Papa tamb\u00e9m indicou os Santos &#8220;como homens e mulheres que n\u00e3o perderam tempo em &#8220;maquiar&#8221; a pr\u00f3pria imagem, mas seguiram Cristo&#8221;. Por fim, a Missa conclusiva de sua visita, onde a mensagem de Deus ao seu povo no Chile e no Peru foi &#8220;Convertei-vos e crede no Evangelho&#8221;. &#8220;Assim &#8211; parecia dizer o Senhor &#8211; voc\u00eas receber\u00e3o a paz que eu vos dou e sereis unidos na minha esperan\u00e7a&#8221;.<\/p>\n<hr \/>\n<p><em>Fonte: Vatican News<\/em><\/p>\n","protected":false},"excerpt":{"rendered":"<p>Audi\u00eancia Geral<\/p>\n","protected":false},"author":1,"featured_media":209045,"comment_status":"open","ping_status":"open","sticky":false,"template":"","format":"standard","meta":[],"categories":[1428],"tags":[487],"acf":[],"yoast_head":"<!-- This site is optimized with the Yoast SEO plugin v19.2 - https:\/\/yoast.com\/wordpress\/plugins\/seo\/ -->\n<title>&quot;A paz ao mundo nesta III Guerra Mundial em peda\u00e7os&quot; - Not\u00edcias - Franciscanos<\/title>\n<meta name=\"robots\" content=\"index, follow, max-snippet:-1, max-image-preview:large, max-video-preview:-1\" \/>\n<link rel=\"canonical\" href=\"https:\/\/franciscanos.org.br\/noticias\/a-minha-paz-a-cada-um-e-ao-mundo-nesta-iii-guerra-mundial-em-pedacos.html\" \/>\n<meta property=\"og:locale\" content=\"pt_BR\" \/>\n<meta property=\"og:type\" content=\"article\" \/>\n<meta property=\"og:title\" content=\"&quot;A paz ao mundo nesta III Guerra Mundial em peda\u00e7os&quot; - Not\u00edcias - Franciscanos\" \/>\n<meta property=\"og:description\" content=\"Audi\u00eancia Geral\" \/>\n<meta property=\"og:url\" content=\"https:\/\/franciscanos.org.br\/noticias\/a-minha-paz-a-cada-um-e-ao-mundo-nesta-iii-guerra-mundial-em-pedacos.html\" \/>\n<meta property=\"og:site_name\" content=\"Not\u00edcias - Franciscanos\" \/>\n<meta property=\"article:published_time\" content=\"2018-01-24T10:38:42+00:00\" \/>\n<meta property=\"article:modified_time\" content=\"2020-06-07T20:43:08+00:00\" \/>\n<meta property=\"og:image\" content=\"https:\/\/franciscanos.org.br\/noticias\/wp-content\/uploads\/2018\/01\/papa_240118.jpg\" \/>\n\t<meta property=\"og:image:width\" content=\"273\" \/>\n\t<meta property=\"og:image:height\" content=\"181\" \/>\n\t<meta property=\"og:image:type\" content=\"image\/jpeg\" \/>\n<meta name=\"author\" content=\"admin\" \/>\n<meta name=\"twitter:card\" content=\"summary_large_image\" \/>\n<meta name=\"twitter:label1\" content=\"Escrito por\" \/>\n\t<meta name=\"twitter:data1\" content=\"admin\" \/>\n\t<meta name=\"twitter:label2\" content=\"Est. tempo de leitura\" \/>\n\t<meta name=\"twitter:data2\" content=\"6 minutos\" \/>\n<script type=\"application\/ld+json\" class=\"yoast-schema-graph\">{\"@context\":\"https:\/\/schema.org\",\"@graph\":[{\"@type\":\"WebSite\",\"@id\":\"https:\/\/franciscanos.org.br\/noticias\/#website\",\"url\":\"https:\/\/franciscanos.org.br\/noticias\/\",\"name\":\"Not\u00edcias - Franciscanos\",\"description\":\"Prov\u00edncia Franciscana da Imaculada Concei\u00e7\u00e3o do Brasil - Ordem dos Frades Menores - OFM\",\"potentialAction\":[{\"@type\":\"SearchAction\",\"target\":{\"@type\":\"EntryPoint\",\"urlTemplate\":\"https:\/\/franciscanos.org.br\/noticias\/?s={search_term_string}\"},\"query-input\":\"required name=search_term_string\"}],\"inLanguage\":\"pt-BR\"},{\"@type\":\"ImageObject\",\"inLanguage\":\"pt-BR\",\"@id\":\"https:\/\/franciscanos.org.br\/noticias\/a-minha-paz-a-cada-um-e-ao-mundo-nesta-iii-guerra-mundial-em-pedacos.html#primaryimage\",\"url\":\"https:\/\/franciscanos.org.br\/noticias\/wp-content\/uploads\/2018\/01\/papa_240118.jpg\",\"contentUrl\":\"https:\/\/franciscanos.org.br\/noticias\/wp-content\/uploads\/2018\/01\/papa_240118.jpg\",\"width\":273,\"height\":181},{\"@type\":\"WebPage\",\"@id\":\"https:\/\/franciscanos.org.br\/noticias\/a-minha-paz-a-cada-um-e-ao-mundo-nesta-iii-guerra-mundial-em-pedacos.html#webpage\",\"url\":\"https:\/\/franciscanos.org.br\/noticias\/a-minha-paz-a-cada-um-e-ao-mundo-nesta-iii-guerra-mundial-em-pedacos.html\",\"name\":\"\\\"A paz ao mundo nesta III Guerra Mundial em peda\u00e7os\\\" - Not\u00edcias - Franciscanos\",\"isPartOf\":{\"@id\":\"https:\/\/franciscanos.org.br\/noticias\/#website\"},\"primaryImageOfPage\":{\"@id\":\"https:\/\/franciscanos.org.br\/noticias\/a-minha-paz-a-cada-um-e-ao-mundo-nesta-iii-guerra-mundial-em-pedacos.html#primaryimage\"},\"datePublished\":\"2018-01-24T10:38:42+00:00\",\"dateModified\":\"2020-06-07T20:43:08+00:00\",\"author\":{\"@id\":\"https:\/\/franciscanos.org.br\/noticias\/#\/schema\/person\/b38fbf43118f02820bd932f2e4b14ad3\"},\"breadcrumb\":{\"@id\":\"https:\/\/franciscanos.org.br\/noticias\/a-minha-paz-a-cada-um-e-ao-mundo-nesta-iii-guerra-mundial-em-pedacos.html#breadcrumb\"},\"inLanguage\":\"pt-BR\",\"potentialAction\":[{\"@type\":\"ReadAction\",\"target\":[\"https:\/\/franciscanos.org.br\/noticias\/a-minha-paz-a-cada-um-e-ao-mundo-nesta-iii-guerra-mundial-em-pedacos.html\"]}]},{\"@type\":\"BreadcrumbList\",\"@id\":\"https:\/\/franciscanos.org.br\/noticias\/a-minha-paz-a-cada-um-e-ao-mundo-nesta-iii-guerra-mundial-em-pedacos.html#breadcrumb\",\"itemListElement\":[{\"@type\":\"ListItem\",\"position\":1,\"name\":\"Home\",\"item\":\"https:\/\/franciscanos.org.br\/noticias\"},{\"@type\":\"ListItem\",\"position\":2,\"name\":\"&#8220;A paz ao mundo nesta III Guerra Mundial em peda\u00e7os&#8221;\"}]},{\"@type\":\"Person\",\"@id\":\"https:\/\/franciscanos.org.br\/noticias\/#\/schema\/person\/b38fbf43118f02820bd932f2e4b14ad3\",\"name\":\"admin\",\"image\":{\"@type\":\"ImageObject\",\"inLanguage\":\"pt-BR\",\"@id\":\"https:\/\/franciscanos.org.br\/noticias\/#\/schema\/person\/image\/\",\"url\":\"https:\/\/secure.gravatar.com\/avatar\/e8495742d34d0ba6448ea1c628263b3e?s=96&d=mm&r=g\",\"contentUrl\":\"https:\/\/secure.gravatar.com\/avatar\/e8495742d34d0ba6448ea1c628263b3e?s=96&d=mm&r=g\",\"caption\":\"admin\"},\"url\":\"https:\/\/franciscanos.org.br\/noticias\/author\/admin\"}]}<\/script>\n<!-- \/ Yoast SEO plugin. -->","yoast_head_json":{"title":"\"A paz ao mundo nesta III Guerra Mundial em peda\u00e7os\" - Not\u00edcias - Franciscanos","robots":{"index":"index","follow":"follow","max-snippet":"max-snippet:-1","max-image-preview":"max-image-preview:large","max-video-preview":"max-video-preview:-1"},"canonical":"https:\/\/franciscanos.org.br\/noticias\/a-minha-paz-a-cada-um-e-ao-mundo-nesta-iii-guerra-mundial-em-pedacos.html","og_locale":"pt_BR","og_type":"article","og_title":"\"A paz ao mundo nesta III Guerra Mundial em peda\u00e7os\" - Not\u00edcias - Franciscanos","og_description":"Audi\u00eancia Geral","og_url":"https:\/\/franciscanos.org.br\/noticias\/a-minha-paz-a-cada-um-e-ao-mundo-nesta-iii-guerra-mundial-em-pedacos.html","og_site_name":"Not\u00edcias - Franciscanos","article_published_time":"2018-01-24T10:38:42+00:00","article_modified_time":"2020-06-07T20:43:08+00:00","og_image":[{"width":273,"height":181,"url":"https:\/\/franciscanos.org.br\/noticias\/wp-content\/uploads\/2018\/01\/papa_240118.jpg","type":"image\/jpeg"}],"author":"admin","twitter_card":"summary_large_image","twitter_misc":{"Escrito por":"admin","Est. tempo de leitura":"6 minutos"},"schema":{"@context":"https:\/\/schema.org","@graph":[{"@type":"WebSite","@id":"https:\/\/franciscanos.org.br\/noticias\/#website","url":"https:\/\/franciscanos.org.br\/noticias\/","name":"Not\u00edcias - Franciscanos","description":"Prov\u00edncia Franciscana da Imaculada Concei\u00e7\u00e3o do Brasil - Ordem dos Frades Menores - OFM","potentialAction":[{"@type":"SearchAction","target":{"@type":"EntryPoint","urlTemplate":"https:\/\/franciscanos.org.br\/noticias\/?s={search_term_string}"},"query-input":"required name=search_term_string"}],"inLanguage":"pt-BR"},{"@type":"ImageObject","inLanguage":"pt-BR","@id":"https:\/\/franciscanos.org.br\/noticias\/a-minha-paz-a-cada-um-e-ao-mundo-nesta-iii-guerra-mundial-em-pedacos.html#primaryimage","url":"https:\/\/franciscanos.org.br\/noticias\/wp-content\/uploads\/2018\/01\/papa_240118.jpg","contentUrl":"https:\/\/franciscanos.org.br\/noticias\/wp-content\/uploads\/2018\/01\/papa_240118.jpg","width":273,"height":181},{"@type":"WebPage","@id":"https:\/\/franciscanos.org.br\/noticias\/a-minha-paz-a-cada-um-e-ao-mundo-nesta-iii-guerra-mundial-em-pedacos.html#webpage","url":"https:\/\/franciscanos.org.br\/noticias\/a-minha-paz-a-cada-um-e-ao-mundo-nesta-iii-guerra-mundial-em-pedacos.html","name":"\"A paz ao mundo nesta III Guerra Mundial em peda\u00e7os\" - Not\u00edcias - Franciscanos","isPartOf":{"@id":"https:\/\/franciscanos.org.br\/noticias\/#website"},"primaryImageOfPage":{"@id":"https:\/\/franciscanos.org.br\/noticias\/a-minha-paz-a-cada-um-e-ao-mundo-nesta-iii-guerra-mundial-em-pedacos.html#primaryimage"},"datePublished":"2018-01-24T10:38:42+00:00","dateModified":"2020-06-07T20:43:08+00:00","author":{"@id":"https:\/\/franciscanos.org.br\/noticias\/#\/schema\/person\/b38fbf43118f02820bd932f2e4b14ad3"},"breadcrumb":{"@id":"https:\/\/franciscanos.org.br\/noticias\/a-minha-paz-a-cada-um-e-ao-mundo-nesta-iii-guerra-mundial-em-pedacos.html#breadcrumb"},"inLanguage":"pt-BR","potentialAction":[{"@type":"ReadAction","target":["https:\/\/franciscanos.org.br\/noticias\/a-minha-paz-a-cada-um-e-ao-mundo-nesta-iii-guerra-mundial-em-pedacos.html"]}]},{"@type":"BreadcrumbList","@id":"https:\/\/franciscanos.org.br\/noticias\/a-minha-paz-a-cada-um-e-ao-mundo-nesta-iii-guerra-mundial-em-pedacos.html#breadcrumb","itemListElement":[{"@type":"ListItem","position":1,"name":"Home","item":"https:\/\/franciscanos.org.br\/noticias"},{"@type":"ListItem","position":2,"name":"&#8220;A paz ao mundo nesta III Guerra Mundial em peda\u00e7os&#8221;"}]},{"@type":"Person","@id":"https:\/\/franciscanos.org.br\/noticias\/#\/schema\/person\/b38fbf43118f02820bd932f2e4b14ad3","name":"admin","image":{"@type":"ImageObject","inLanguage":"pt-BR","@id":"https:\/\/franciscanos.org.br\/noticias\/#\/schema\/person\/image\/","url":"https:\/\/secure.gravatar.com\/avatar\/e8495742d34d0ba6448ea1c628263b3e?s=96&d=mm&r=g","contentUrl":"https:\/\/secure.gravatar.com\/avatar\/e8495742d34d0ba6448ea1c628263b3e?s=96&d=mm&r=g","caption":"admin"},"url":"https:\/\/franciscanos.org.br\/noticias\/author\/admin"}]}},"_links":{"self":[{"href":"https:\/\/franciscanos.org.br\/noticias\/wp-json\/wp\/v2\/posts\/150130"}],"collection":[{"href":"https:\/\/franciscanos.org.br\/noticias\/wp-json\/wp\/v2\/posts"}],"about":[{"href":"https:\/\/franciscanos.org.br\/noticias\/wp-json\/wp\/v2\/types\/post"}],"author":[{"embeddable":true,"href":"https:\/\/franciscanos.org.br\/noticias\/wp-json\/wp\/v2\/users\/1"}],"replies":[{"embeddable":true,"href":"https:\/\/franciscanos.org.br\/noticias\/wp-json\/wp\/v2\/comments?post=150130"}],"version-history":[{"count":1,"href":"https:\/\/franciscanos.org.br\/noticias\/wp-json\/wp\/v2\/posts\/150130\/revisions"}],"predecessor-version":[{"id":225077,"href":"https:\/\/franciscanos.org.br\/noticias\/wp-json\/wp\/v2\/posts\/150130\/revisions\/225077"}],"wp:featuredmedia":[{"embeddable":true,"href":"https:\/\/franciscanos.org.br\/noticias\/wp-json\/wp\/v2\/media\/209045"}],"wp:attachment":[{"href":"https:\/\/franciscanos.org.br\/noticias\/wp-json\/wp\/v2\/media?parent=150130"}],"wp:term":[{"taxonomy":"category","embeddable":true,"href":"https:\/\/franciscanos.org.br\/noticias\/wp-json\/wp\/v2\/categories?post=150130"},{"taxonomy":"post_tag","embeddable":true,"href":"https:\/\/franciscanos.org.br\/noticias\/wp-json\/wp\/v2\/tags?post=150130"}],"curies":[{"name":"wp","href":"https:\/\/api.w.org\/{rel}","templated":true}]}}