{"id":150053,"date":"2018-01-23T11:01:49","date_gmt":"2018-01-23T13:01:49","guid":{"rendered":"http:\/\/franciscanos.org.br\/?p=150053"},"modified":"2019-02-27T13:06:10","modified_gmt":"2019-02-27T16:06:10","slug":"angolanos-iniciam-o-noviciado-em-sao-paulo","status":"publish","type":"post","link":"https:\/\/franciscanos.org.br\/noticias\/angolanos-iniciam-o-noviciado-em-sao-paulo.html","title":{"rendered":"Angolanos iniciam o Noviciado em S\u00e3o Paulo"},"content":{"rendered":"<p><img loading=\"lazy\" src=\"http:\/\/franciscanos.org.br\/wp-content\/uploads\/2018\/01\/angolanos_230118_3.jpg\" alt=\"angolanos_230118_3\" width=\"830\" height=\"334\" \/><\/p>\n<p><strong>Frei Augusto Luiz Gabriel (fotos) e Moacir Beggo<\/strong><\/p>\n<p><strong>S\u00e3o Paulo (SP)<\/strong> &#8211; O tempo de Noviciado de sete jovens angolanos teve in\u00edcio nesta ter\u00e7a-feira, dia 23 de janeiro, \u00e0s 7h30, em S\u00e3o Paulo. Frei Abel Ndala Sahuma Nganji, Frei Clementino Samuel Miguel, Frei David Vicente da Concei\u00e7\u00e3o Gaeita, Frei Lucas Eduardo Maur\u00edcio, Frei Luis Ant\u00f3nio Gungo, Frei Silvano Kessongo Pinto Leitura e Frei Val\u00f3dia Jo\u00e3o Manuel Baptista Domingos foram acolhidos pelo Ministro Provincial, Frei Fid\u00eancio Vanboemmel, durante a Ora\u00e7\u00e3o das Laudes, na Par\u00f3quia S\u00e3o Francisco de Assis e Sede Provincial da Prov\u00edncia da Imaculada Concei\u00e7\u00e3o do Brasil, na Vila Clementino, em S\u00e3o Paulo. Eles viajar\u00e3o na quinta-feira para o Noviciado de Rodeio, em Santa Catarina, onde se juntar\u00e3o aos treze novi\u00e7os brasileiros que foram admitidos no \u00faltimo dia 15 de janeiro. As duas celebra\u00e7\u00f5es foram necess\u00e1rias devido ao atraso na documenta\u00e7\u00e3o dos postulantes angolanos.<\/p>\n<p>Antes, \u00e0s 7h00, o Vig\u00e1rio Provincial, Frei C\u00e9sar K\u00fclkamp, presidiu a Celebra\u00e7\u00e3o Eucar\u00edstica, tendo como concelebrantes Frei Fid\u00eancio e Frei Raimundo Oliveira Castro. A exemplo de Rodeio, a celebra\u00e7\u00e3o do rito de Admiss\u00e3o foi simples e muito simb\u00f3lica, principalmente pelo momento em que o novi\u00e7o recebe o h\u00e1bito franciscano, ou &#8220;veste da prova\u00e7\u00e3o&#8221; como dizia S\u00e3o Francisco.<\/p>\n<p>Frei Fid\u00eancio fez sua reflex\u00e3o e motiva\u00e7\u00e3o aos jovens angolanos tendo como base o Testamento de S\u00e3o Francisco, como fez aos novi\u00e7os brasileiros em Rodeio.<br \/>\n&#8220;A nossa lei maior, as Constitui\u00e7\u00f5es Gerais, nos dizem que o Noviciado \u00e9 um per\u00edodo de forma\u00e7\u00e3o mais intenso e tem objetivo fazer com que os novi\u00e7os conhe\u00e7am e experimentem a forma de vida de S\u00e3o Francisco. Ou seja, voc\u00eas n\u00e3o v\u00e3o estar sozinhos. Voc\u00eas formar\u00e3o a turma de 20 novi\u00e7os que v\u00e3o experimentar a forma de vida de S\u00e3o Francisco. Experimentar significa n\u00e3o apenas estar vestido com o h\u00e1bito, mas experimentar aquilo que \u00e9 o cotidiano nosso: a vida de ora\u00e7\u00e3o, a vida de trabalho, a forma\u00e7\u00e3o, a conviv\u00eancia fraterna, as dificuldades que n\u00f3s normalmente enfrentamos como pessoas humanas e as nossas inquieta\u00e7\u00f5es&#8221;, enfatizou Frei Fid\u00eancio.<\/p>\n<p>&#8220;Experimentar n\u00e3o significa uma experi\u00eancia te\u00f3rica. Experimentar significa colocar cora\u00e7\u00e3o, emo\u00e7\u00e3o, colocar a vida dentro de uma fraternidade concreta, que tem Frei Samuel como mestre; Frei Jos\u00e9 como guardi\u00e3o; Frei Rafael; Frei Roz\u00e2ntimo; Frei Pedro da Silva, que vai ajudar voc\u00eas a cantar mais bonito do que j\u00e1 cantam; e que tem Frei Abel Schneider, um frade com mais de 90 anos. \u00c9 uma gra\u00e7a ter um frade com mais de 90 anos porque essa \u00e9 uma realidade das nossas fam\u00edlias. As nossa fam\u00edlias franciscanas s\u00e3o formadas por jovens franciscanos, por pessoas de meia idade, mas \u00e9 formada tamb\u00e9m por pessoas que viveram e testemunharam o seu profetismo franciscano por longos e longos anos em sua vida religiosa. Frei Abel \u00e9 um grande formador. No seu sil\u00eancio, quase n\u00e3o ouve, \u00e9 um b\u00ean\u00e7\u00e3o de Deus&#8221;, incentivou Frei Fid\u00eancio, falando da import\u00e2ncia da vida em fraternidade que v\u00e3o formar a partir de agora no Noviciado.<\/p>\n<p><img loading=\"lazy\" src=\"http:\/\/franciscanos.org.br\/wp-content\/uploads\/2018\/01\/angolanos_230118_1.jpg\" alt=\"angolanos_230118_1\" width=\"830\" height=\"452\" \/><\/p>\n<p>O Mestre do Postulantado em Angola, Frei Marco Ant\u00f4nio dos Santos, que acompanhou esta turma em 2017, chamou diante do Provincial cada um dos novi\u00e7os para que recebessem o h\u00e1bito franciscano, aben\u00e7oado pelo Ministro Provincial. Frei Ivair Bueno de Carvalho, como vice-presidente, representou a Funda\u00e7\u00e3o Imaculada M\u00e3e de Deus de Angola.<\/p>\n<p>No final da celebra\u00e7\u00e3o, Frei Fid\u00eancio apresentou aos angolanos o Mestre Frei Samuel Ferreira de Lima. Disse que ele, como Ministro Provincial, \u00e9 tamb\u00e9m formador, mas no dia a dia este servi\u00e7o ser\u00e1 feito pelo Mestre e a Fraternidade Formadora de Rodeio. A celebra\u00e7\u00e3o terminou com a B\u00ean\u00e7\u00e3o de S\u00e3o Francisco sobre os novi\u00e7os.<\/p>\n<p>&nbsp;<\/p>\n<p><img loading=\"lazy\" src=\"http:\/\/franciscanos.org.br\/wp-content\/uploads\/2018\/01\/angolanos_230118_2.jpg\" alt=\"angolanos_230118_2\" width=\"830\" height=\"582\" \/><\/p>\n<p>Da esq. para dir: Frei Val\u00f3dia, Frei Lu\u00eds, Frei Clementino, Frei Lucas, Frei Abel, Frei David e Frei Silvano.<\/p>\n","protected":false},"excerpt":{"rendered":"<p>Forma\u00e7\u00e3o e Estudos<\/p>\n","protected":false},"author":1,"featured_media":200747,"comment_status":"open","ping_status":"open","sticky":false,"template":"","format":"standard","meta":[],"categories":[1],"tags":[135],"acf":[],"yoast_head":"<!-- This site is optimized with the Yoast SEO plugin v19.2 - https:\/\/yoast.com\/wordpress\/plugins\/seo\/ -->\n<title>Angolanos iniciam o Noviciado em S\u00e3o Paulo - Not\u00edcias - Franciscanos<\/title>\n<meta name=\"robots\" content=\"index, follow, max-snippet:-1, max-image-preview:large, max-video-preview:-1\" \/>\n<link rel=\"canonical\" href=\"https:\/\/franciscanos.org.br\/noticias\/angolanos-iniciam-o-noviciado-em-sao-paulo.html\" \/>\n<meta property=\"og:locale\" content=\"pt_BR\" \/>\n<meta property=\"og:type\" content=\"article\" \/>\n<meta property=\"og:title\" content=\"Angolanos iniciam o Noviciado em S\u00e3o Paulo - Not\u00edcias - Franciscanos\" \/>\n<meta property=\"og:description\" content=\"Forma\u00e7\u00e3o e Estudos\" \/>\n<meta property=\"og:url\" content=\"https:\/\/franciscanos.org.br\/noticias\/angolanos-iniciam-o-noviciado-em-sao-paulo.html\" \/>\n<meta property=\"og:site_name\" content=\"Not\u00edcias - Franciscanos\" \/>\n<meta property=\"article:published_time\" content=\"2018-01-23T13:01:49+00:00\" \/>\n<meta property=\"article:modified_time\" content=\"2019-02-27T16:06:10+00:00\" \/>\n<meta property=\"og:image\" content=\"https:\/\/franciscanos.org.br\/noticias\/wp-content\/uploads\/2018\/01\/angolanos_230118_3.jpg\" \/>\n\t<meta property=\"og:image:width\" content=\"273\" \/>\n\t<meta property=\"og:image:height\" content=\"181\" \/>\n\t<meta property=\"og:image:type\" content=\"image\/jpeg\" \/>\n<meta name=\"author\" content=\"admin\" \/>\n<meta name=\"twitter:card\" content=\"summary_large_image\" \/>\n<meta name=\"twitter:label1\" content=\"Escrito por\" \/>\n\t<meta name=\"twitter:data1\" content=\"admin\" \/>\n\t<meta name=\"twitter:label2\" content=\"Est. tempo de leitura\" \/>\n\t<meta name=\"twitter:data2\" content=\"3 minutos\" \/>\n<script type=\"application\/ld+json\" class=\"yoast-schema-graph\">{\"@context\":\"https:\/\/schema.org\",\"@graph\":[{\"@type\":\"WebSite\",\"@id\":\"https:\/\/franciscanos.org.br\/noticias\/#website\",\"url\":\"https:\/\/franciscanos.org.br\/noticias\/\",\"name\":\"Not\u00edcias - Franciscanos\",\"description\":\"Prov\u00edncia Franciscana da Imaculada Concei\u00e7\u00e3o do Brasil - Ordem dos Frades Menores - OFM\",\"potentialAction\":[{\"@type\":\"SearchAction\",\"target\":{\"@type\":\"EntryPoint\",\"urlTemplate\":\"https:\/\/franciscanos.org.br\/noticias\/?s={search_term_string}\"},\"query-input\":\"required name=search_term_string\"}],\"inLanguage\":\"pt-BR\"},{\"@type\":\"ImageObject\",\"inLanguage\":\"pt-BR\",\"@id\":\"https:\/\/franciscanos.org.br\/noticias\/angolanos-iniciam-o-noviciado-em-sao-paulo.html#primaryimage\",\"url\":\"https:\/\/franciscanos.org.br\/noticias\/wp-content\/uploads\/2018\/01\/angolanos_230118_3.jpg\",\"contentUrl\":\"https:\/\/franciscanos.org.br\/noticias\/wp-content\/uploads\/2018\/01\/angolanos_230118_3.jpg\",\"width\":273,\"height\":181},{\"@type\":\"WebPage\",\"@id\":\"https:\/\/franciscanos.org.br\/noticias\/angolanos-iniciam-o-noviciado-em-sao-paulo.html#webpage\",\"url\":\"https:\/\/franciscanos.org.br\/noticias\/angolanos-iniciam-o-noviciado-em-sao-paulo.html\",\"name\":\"Angolanos iniciam o Noviciado em S\u00e3o Paulo - Not\u00edcias - Franciscanos\",\"isPartOf\":{\"@id\":\"https:\/\/franciscanos.org.br\/noticias\/#website\"},\"primaryImageOfPage\":{\"@id\":\"https:\/\/franciscanos.org.br\/noticias\/angolanos-iniciam-o-noviciado-em-sao-paulo.html#primaryimage\"},\"datePublished\":\"2018-01-23T13:01:49+00:00\",\"dateModified\":\"2019-02-27T16:06:10+00:00\",\"author\":{\"@id\":\"https:\/\/franciscanos.org.br\/noticias\/#\/schema\/person\/b38fbf43118f02820bd932f2e4b14ad3\"},\"breadcrumb\":{\"@id\":\"https:\/\/franciscanos.org.br\/noticias\/angolanos-iniciam-o-noviciado-em-sao-paulo.html#breadcrumb\"},\"inLanguage\":\"pt-BR\",\"potentialAction\":[{\"@type\":\"ReadAction\",\"target\":[\"https:\/\/franciscanos.org.br\/noticias\/angolanos-iniciam-o-noviciado-em-sao-paulo.html\"]}]},{\"@type\":\"BreadcrumbList\",\"@id\":\"https:\/\/franciscanos.org.br\/noticias\/angolanos-iniciam-o-noviciado-em-sao-paulo.html#breadcrumb\",\"itemListElement\":[{\"@type\":\"ListItem\",\"position\":1,\"name\":\"Home\",\"item\":\"https:\/\/franciscanos.org.br\/noticias\"},{\"@type\":\"ListItem\",\"position\":2,\"name\":\"Angolanos iniciam o Noviciado em S\u00e3o Paulo\"}]},{\"@type\":\"Person\",\"@id\":\"https:\/\/franciscanos.org.br\/noticias\/#\/schema\/person\/b38fbf43118f02820bd932f2e4b14ad3\",\"name\":\"admin\",\"image\":{\"@type\":\"ImageObject\",\"inLanguage\":\"pt-BR\",\"@id\":\"https:\/\/franciscanos.org.br\/noticias\/#\/schema\/person\/image\/\",\"url\":\"https:\/\/secure.gravatar.com\/avatar\/e8495742d34d0ba6448ea1c628263b3e?s=96&d=mm&r=g\",\"contentUrl\":\"https:\/\/secure.gravatar.com\/avatar\/e8495742d34d0ba6448ea1c628263b3e?s=96&d=mm&r=g\",\"caption\":\"admin\"},\"url\":\"https:\/\/franciscanos.org.br\/noticias\/author\/admin\"}]}<\/script>\n<!-- \/ Yoast SEO plugin. -->","yoast_head_json":{"title":"Angolanos iniciam o Noviciado em S\u00e3o Paulo - Not\u00edcias - Franciscanos","robots":{"index":"index","follow":"follow","max-snippet":"max-snippet:-1","max-image-preview":"max-image-preview:large","max-video-preview":"max-video-preview:-1"},"canonical":"https:\/\/franciscanos.org.br\/noticias\/angolanos-iniciam-o-noviciado-em-sao-paulo.html","og_locale":"pt_BR","og_type":"article","og_title":"Angolanos iniciam o Noviciado em S\u00e3o Paulo - Not\u00edcias - Franciscanos","og_description":"Forma\u00e7\u00e3o e Estudos","og_url":"https:\/\/franciscanos.org.br\/noticias\/angolanos-iniciam-o-noviciado-em-sao-paulo.html","og_site_name":"Not\u00edcias - Franciscanos","article_published_time":"2018-01-23T13:01:49+00:00","article_modified_time":"2019-02-27T16:06:10+00:00","og_image":[{"width":273,"height":181,"url":"https:\/\/franciscanos.org.br\/noticias\/wp-content\/uploads\/2018\/01\/angolanos_230118_3.jpg","type":"image\/jpeg"}],"author":"admin","twitter_card":"summary_large_image","twitter_misc":{"Escrito por":"admin","Est. tempo de leitura":"3 minutos"},"schema":{"@context":"https:\/\/schema.org","@graph":[{"@type":"WebSite","@id":"https:\/\/franciscanos.org.br\/noticias\/#website","url":"https:\/\/franciscanos.org.br\/noticias\/","name":"Not\u00edcias - Franciscanos","description":"Prov\u00edncia Franciscana da Imaculada Concei\u00e7\u00e3o do Brasil - Ordem dos Frades Menores - OFM","potentialAction":[{"@type":"SearchAction","target":{"@type":"EntryPoint","urlTemplate":"https:\/\/franciscanos.org.br\/noticias\/?s={search_term_string}"},"query-input":"required name=search_term_string"}],"inLanguage":"pt-BR"},{"@type":"ImageObject","inLanguage":"pt-BR","@id":"https:\/\/franciscanos.org.br\/noticias\/angolanos-iniciam-o-noviciado-em-sao-paulo.html#primaryimage","url":"https:\/\/franciscanos.org.br\/noticias\/wp-content\/uploads\/2018\/01\/angolanos_230118_3.jpg","contentUrl":"https:\/\/franciscanos.org.br\/noticias\/wp-content\/uploads\/2018\/01\/angolanos_230118_3.jpg","width":273,"height":181},{"@type":"WebPage","@id":"https:\/\/franciscanos.org.br\/noticias\/angolanos-iniciam-o-noviciado-em-sao-paulo.html#webpage","url":"https:\/\/franciscanos.org.br\/noticias\/angolanos-iniciam-o-noviciado-em-sao-paulo.html","name":"Angolanos iniciam o Noviciado em S\u00e3o Paulo - Not\u00edcias - Franciscanos","isPartOf":{"@id":"https:\/\/franciscanos.org.br\/noticias\/#website"},"primaryImageOfPage":{"@id":"https:\/\/franciscanos.org.br\/noticias\/angolanos-iniciam-o-noviciado-em-sao-paulo.html#primaryimage"},"datePublished":"2018-01-23T13:01:49+00:00","dateModified":"2019-02-27T16:06:10+00:00","author":{"@id":"https:\/\/franciscanos.org.br\/noticias\/#\/schema\/person\/b38fbf43118f02820bd932f2e4b14ad3"},"breadcrumb":{"@id":"https:\/\/franciscanos.org.br\/noticias\/angolanos-iniciam-o-noviciado-em-sao-paulo.html#breadcrumb"},"inLanguage":"pt-BR","potentialAction":[{"@type":"ReadAction","target":["https:\/\/franciscanos.org.br\/noticias\/angolanos-iniciam-o-noviciado-em-sao-paulo.html"]}]},{"@type":"BreadcrumbList","@id":"https:\/\/franciscanos.org.br\/noticias\/angolanos-iniciam-o-noviciado-em-sao-paulo.html#breadcrumb","itemListElement":[{"@type":"ListItem","position":1,"name":"Home","item":"https:\/\/franciscanos.org.br\/noticias"},{"@type":"ListItem","position":2,"name":"Angolanos iniciam o Noviciado em S\u00e3o Paulo"}]},{"@type":"Person","@id":"https:\/\/franciscanos.org.br\/noticias\/#\/schema\/person\/b38fbf43118f02820bd932f2e4b14ad3","name":"admin","image":{"@type":"ImageObject","inLanguage":"pt-BR","@id":"https:\/\/franciscanos.org.br\/noticias\/#\/schema\/person\/image\/","url":"https:\/\/secure.gravatar.com\/avatar\/e8495742d34d0ba6448ea1c628263b3e?s=96&d=mm&r=g","contentUrl":"https:\/\/secure.gravatar.com\/avatar\/e8495742d34d0ba6448ea1c628263b3e?s=96&d=mm&r=g","caption":"admin"},"url":"https:\/\/franciscanos.org.br\/noticias\/author\/admin"}]}},"_links":{"self":[{"href":"https:\/\/franciscanos.org.br\/noticias\/wp-json\/wp\/v2\/posts\/150053"}],"collection":[{"href":"https:\/\/franciscanos.org.br\/noticias\/wp-json\/wp\/v2\/posts"}],"about":[{"href":"https:\/\/franciscanos.org.br\/noticias\/wp-json\/wp\/v2\/types\/post"}],"author":[{"embeddable":true,"href":"https:\/\/franciscanos.org.br\/noticias\/wp-json\/wp\/v2\/users\/1"}],"replies":[{"embeddable":true,"href":"https:\/\/franciscanos.org.br\/noticias\/wp-json\/wp\/v2\/comments?post=150053"}],"version-history":[{"count":0,"href":"https:\/\/franciscanos.org.br\/noticias\/wp-json\/wp\/v2\/posts\/150053\/revisions"}],"wp:featuredmedia":[{"embeddable":true,"href":"https:\/\/franciscanos.org.br\/noticias\/wp-json\/wp\/v2\/media\/200747"}],"wp:attachment":[{"href":"https:\/\/franciscanos.org.br\/noticias\/wp-json\/wp\/v2\/media?parent=150053"}],"wp:term":[{"taxonomy":"category","embeddable":true,"href":"https:\/\/franciscanos.org.br\/noticias\/wp-json\/wp\/v2\/categories?post=150053"},{"taxonomy":"post_tag","embeddable":true,"href":"https:\/\/franciscanos.org.br\/noticias\/wp-json\/wp\/v2\/tags?post=150053"}],"curies":[{"name":"wp","href":"https:\/\/api.w.org\/{rel}","templated":true}]}}