{"id":149921,"date":"2018-01-22T09:52:48","date_gmt":"2018-01-22T11:52:48","guid":{"rendered":"http:\/\/franciscanos.org.br\/?p=149921"},"modified":"2019-01-04T14:35:58","modified_gmt":"2019-01-04T16:35:58","slug":"frei-valdemiro-toma-posse-na-paroquia-de-viana","status":"publish","type":"post","link":"https:\/\/franciscanos.org.br\/noticias\/frei-valdemiro-toma-posse-na-paroquia-de-viana.html","title":{"rendered":"Frei Valdemiro toma posse na Par\u00f3quia de Viana"},"content":{"rendered":"<p><img loading=\"lazy\" class=\"alignleft size-full wp-image-149922\" src=\"http:\/\/franciscanos.org.br\/wp-content\/uploads\/2018\/01\/valdemiro_220118.jpg\" alt=\"valdemiro_220118\" width=\"375\" height=\"500\" \/><strong>Viana (Angola)<\/strong> &#8211; H\u00e1 seis anos que a comunidade Nossa Senhora de F\u00e1tima foi elevada \u00e0 Par\u00f3quia. Desde ent\u00e3o, esta comunidade foi assistida pelos Frades Menores da Funda\u00e7\u00e3o Imaculada M\u00e3e de Deus de Angola. Teve como o primeiro p\u00e1roco Frei Ant\u00f3nio Boaventura Zovo Baza, OFM. No domingo, dia 21 de janeiro, assistiu \u00e0 tomada de posse do seu novo p\u00e1roco, Frei Valdemiro Wastchuk.<\/p>\n<p>Esse momento importante na vida do povo de Deus aconteceu na sede paroquial, durante a solene Celebra\u00e7\u00e3o Eucar\u00edstica das 9 horas, presidida pelo bispo franciscano capuchinho, Dom Joaquim Ferreira Lopes, e contou com a presen\u00e7a de religiosos e religiosas, padres das par\u00f3quias vizinhas e o povo de todas as comunidades que constituem a Par\u00f3quia. Ap\u00f3s a sauda\u00e7\u00e3o inicial do presidente da celebra\u00e7\u00e3o, fez-se a leitura do decreto de nomea\u00e7\u00e3o, seguido da profiss\u00e3o de f\u00e9 proferida pelo neop\u00e1roco. Depois, seguiu-se o rito normal da Missa.<\/p>\n<p><img loading=\"lazy\" class=\"alignright wp-image-149930 \" src=\"http:\/\/franciscanos.org.br\/wp-content\/uploads\/2018\/01\/valdemiro_2201.jpg\" alt=\"valdemiro_2201\" width=\"173\" height=\"190\" \/>Na homilia, o bispo come\u00e7ou agradecendo, de modo geral, aos Frades Menores, na pessoa do Frei Ant\u00f3nio Boaventura Zovo Baza e de outros confrades que comp\u00f5em a Fraternidade Nossa Senhora da Porci\u00fancula, pelo servi\u00e7o que t\u00eam prestado \u00e0 sua Diocese em favor do povo de Deus. E em seguida, deu as boas-vindas ao novo p\u00e1roco. E terminou falando da miss\u00e3o e do papel do P\u00e1roco dentro de uma determinada comunidade. Tudo isso \u00e0 luz das leituras desse dia. Terminada a homilia, Frei Valdemiro renovou suas promessas sacerdotais, respondendo as quest\u00f5es a ele formuladas pelo presidente da celebra\u00e7\u00e3o; e o mesmo o entregou as chaves da igreja, dizendo: \u201c<em>Recebe as chaves da Igreja e cuida da parte do povo de Deus que te \u00e9 confiada. Desempenha com verdadeira caridade e cont\u00ednua alegria a miss\u00e3o de P\u00e1roco, procurando agradar a Cristo, Bom Pastor, do qual foste constitu\u00eddo ministro<\/em>\u201d. O p\u00e1roco proferiu a f\u00f3rmula de juramento, prometendo fidelidade tanto \u00e0 Igreja universal quanto \u00e0 Igreja particular. E enfim, ap\u00f3s a comunh\u00e3o, foi empossado pelo Bispo como p\u00e1roco da Par\u00f3quia Nossa Senhora de F\u00e1tima.<\/p>\n<p><img loading=\"lazy\" src=\"http:\/\/franciscanos.org.br\/wp-content\/uploads\/2018\/01\/valdemiro_220118_1.jpg\" alt=\"valdemiro_220118_1\" width=\"820\" height=\"432\" \/><\/p>\n<p><strong>Por Frei Evaristo Seque Joaquim<\/strong><\/p>\n","protected":false},"excerpt":{"rendered":"<p>Miss\u00e3o de Angola<\/p>\n","protected":false},"author":1,"featured_media":194155,"comment_status":"open","ping_status":"open","sticky":false,"template":"","format":"standard","meta":[],"categories":[1],"tags":[360],"acf":[],"yoast_head":"<!-- This site is optimized with the Yoast SEO plugin v19.2 - https:\/\/yoast.com\/wordpress\/plugins\/seo\/ -->\n<title>Frei Valdemiro toma posse na Par\u00f3quia de Viana - Not\u00edcias - Franciscanos<\/title>\n<meta name=\"robots\" content=\"index, follow, max-snippet:-1, max-image-preview:large, max-video-preview:-1\" \/>\n<link rel=\"canonical\" href=\"https:\/\/franciscanos.org.br\/noticias\/frei-valdemiro-toma-posse-na-paroquia-de-viana.html\" \/>\n<meta property=\"og:locale\" content=\"pt_BR\" \/>\n<meta property=\"og:type\" content=\"article\" \/>\n<meta property=\"og:title\" content=\"Frei Valdemiro toma posse na Par\u00f3quia de Viana - Not\u00edcias - Franciscanos\" \/>\n<meta property=\"og:description\" content=\"Miss\u00e3o de Angola\" \/>\n<meta property=\"og:url\" content=\"https:\/\/franciscanos.org.br\/noticias\/frei-valdemiro-toma-posse-na-paroquia-de-viana.html\" \/>\n<meta property=\"og:site_name\" content=\"Not\u00edcias - Franciscanos\" \/>\n<meta property=\"article:published_time\" content=\"2018-01-22T11:52:48+00:00\" \/>\n<meta property=\"article:modified_time\" content=\"2019-01-04T16:35:58+00:00\" \/>\n<meta property=\"og:image\" content=\"https:\/\/franciscanos.org.br\/noticias\/wp-content\/uploads\/2018\/01\/valdemiro_220118d.jpg\" \/>\n\t<meta property=\"og:image:width\" content=\"273\" \/>\n\t<meta property=\"og:image:height\" content=\"181\" \/>\n\t<meta property=\"og:image:type\" content=\"image\/jpeg\" \/>\n<meta name=\"author\" content=\"admin\" \/>\n<meta name=\"twitter:card\" content=\"summary_large_image\" \/>\n<meta name=\"twitter:label1\" content=\"Escrito por\" \/>\n\t<meta name=\"twitter:data1\" content=\"admin\" \/>\n\t<meta name=\"twitter:label2\" content=\"Est. tempo de leitura\" \/>\n\t<meta name=\"twitter:data2\" content=\"2 minutos\" \/>\n<script type=\"application\/ld+json\" class=\"yoast-schema-graph\">{\"@context\":\"https:\/\/schema.org\",\"@graph\":[{\"@type\":\"WebSite\",\"@id\":\"https:\/\/franciscanos.org.br\/noticias\/#website\",\"url\":\"https:\/\/franciscanos.org.br\/noticias\/\",\"name\":\"Not\u00edcias - Franciscanos\",\"description\":\"Prov\u00edncia Franciscana da Imaculada Concei\u00e7\u00e3o do Brasil - Ordem dos Frades Menores - OFM\",\"potentialAction\":[{\"@type\":\"SearchAction\",\"target\":{\"@type\":\"EntryPoint\",\"urlTemplate\":\"https:\/\/franciscanos.org.br\/noticias\/?s={search_term_string}\"},\"query-input\":\"required name=search_term_string\"}],\"inLanguage\":\"pt-BR\"},{\"@type\":\"ImageObject\",\"inLanguage\":\"pt-BR\",\"@id\":\"https:\/\/franciscanos.org.br\/noticias\/frei-valdemiro-toma-posse-na-paroquia-de-viana.html#primaryimage\",\"url\":\"https:\/\/franciscanos.org.br\/noticias\/wp-content\/uploads\/2018\/01\/valdemiro_220118d.jpg\",\"contentUrl\":\"https:\/\/franciscanos.org.br\/noticias\/wp-content\/uploads\/2018\/01\/valdemiro_220118d.jpg\",\"width\":273,\"height\":181},{\"@type\":\"WebPage\",\"@id\":\"https:\/\/franciscanos.org.br\/noticias\/frei-valdemiro-toma-posse-na-paroquia-de-viana.html#webpage\",\"url\":\"https:\/\/franciscanos.org.br\/noticias\/frei-valdemiro-toma-posse-na-paroquia-de-viana.html\",\"name\":\"Frei Valdemiro toma posse na Par\u00f3quia de Viana - Not\u00edcias - Franciscanos\",\"isPartOf\":{\"@id\":\"https:\/\/franciscanos.org.br\/noticias\/#website\"},\"primaryImageOfPage\":{\"@id\":\"https:\/\/franciscanos.org.br\/noticias\/frei-valdemiro-toma-posse-na-paroquia-de-viana.html#primaryimage\"},\"datePublished\":\"2018-01-22T11:52:48+00:00\",\"dateModified\":\"2019-01-04T16:35:58+00:00\",\"author\":{\"@id\":\"https:\/\/franciscanos.org.br\/noticias\/#\/schema\/person\/b38fbf43118f02820bd932f2e4b14ad3\"},\"breadcrumb\":{\"@id\":\"https:\/\/franciscanos.org.br\/noticias\/frei-valdemiro-toma-posse-na-paroquia-de-viana.html#breadcrumb\"},\"inLanguage\":\"pt-BR\",\"potentialAction\":[{\"@type\":\"ReadAction\",\"target\":[\"https:\/\/franciscanos.org.br\/noticias\/frei-valdemiro-toma-posse-na-paroquia-de-viana.html\"]}]},{\"@type\":\"BreadcrumbList\",\"@id\":\"https:\/\/franciscanos.org.br\/noticias\/frei-valdemiro-toma-posse-na-paroquia-de-viana.html#breadcrumb\",\"itemListElement\":[{\"@type\":\"ListItem\",\"position\":1,\"name\":\"Home\",\"item\":\"https:\/\/franciscanos.org.br\/noticias\"},{\"@type\":\"ListItem\",\"position\":2,\"name\":\"Frei Valdemiro toma posse na Par\u00f3quia de Viana\"}]},{\"@type\":\"Person\",\"@id\":\"https:\/\/franciscanos.org.br\/noticias\/#\/schema\/person\/b38fbf43118f02820bd932f2e4b14ad3\",\"name\":\"admin\",\"image\":{\"@type\":\"ImageObject\",\"inLanguage\":\"pt-BR\",\"@id\":\"https:\/\/franciscanos.org.br\/noticias\/#\/schema\/person\/image\/\",\"url\":\"https:\/\/secure.gravatar.com\/avatar\/e8495742d34d0ba6448ea1c628263b3e?s=96&d=mm&r=g\",\"contentUrl\":\"https:\/\/secure.gravatar.com\/avatar\/e8495742d34d0ba6448ea1c628263b3e?s=96&d=mm&r=g\",\"caption\":\"admin\"},\"url\":\"https:\/\/franciscanos.org.br\/noticias\/author\/admin\"}]}<\/script>\n<!-- \/ Yoast SEO plugin. -->","yoast_head_json":{"title":"Frei Valdemiro toma posse na Par\u00f3quia de Viana - Not\u00edcias - Franciscanos","robots":{"index":"index","follow":"follow","max-snippet":"max-snippet:-1","max-image-preview":"max-image-preview:large","max-video-preview":"max-video-preview:-1"},"canonical":"https:\/\/franciscanos.org.br\/noticias\/frei-valdemiro-toma-posse-na-paroquia-de-viana.html","og_locale":"pt_BR","og_type":"article","og_title":"Frei Valdemiro toma posse na Par\u00f3quia de Viana - Not\u00edcias - Franciscanos","og_description":"Miss\u00e3o de Angola","og_url":"https:\/\/franciscanos.org.br\/noticias\/frei-valdemiro-toma-posse-na-paroquia-de-viana.html","og_site_name":"Not\u00edcias - Franciscanos","article_published_time":"2018-01-22T11:52:48+00:00","article_modified_time":"2019-01-04T16:35:58+00:00","og_image":[{"width":273,"height":181,"url":"https:\/\/franciscanos.org.br\/noticias\/wp-content\/uploads\/2018\/01\/valdemiro_220118d.jpg","type":"image\/jpeg"}],"author":"admin","twitter_card":"summary_large_image","twitter_misc":{"Escrito por":"admin","Est. tempo de leitura":"2 minutos"},"schema":{"@context":"https:\/\/schema.org","@graph":[{"@type":"WebSite","@id":"https:\/\/franciscanos.org.br\/noticias\/#website","url":"https:\/\/franciscanos.org.br\/noticias\/","name":"Not\u00edcias - Franciscanos","description":"Prov\u00edncia Franciscana da Imaculada Concei\u00e7\u00e3o do Brasil - Ordem dos Frades Menores - OFM","potentialAction":[{"@type":"SearchAction","target":{"@type":"EntryPoint","urlTemplate":"https:\/\/franciscanos.org.br\/noticias\/?s={search_term_string}"},"query-input":"required name=search_term_string"}],"inLanguage":"pt-BR"},{"@type":"ImageObject","inLanguage":"pt-BR","@id":"https:\/\/franciscanos.org.br\/noticias\/frei-valdemiro-toma-posse-na-paroquia-de-viana.html#primaryimage","url":"https:\/\/franciscanos.org.br\/noticias\/wp-content\/uploads\/2018\/01\/valdemiro_220118d.jpg","contentUrl":"https:\/\/franciscanos.org.br\/noticias\/wp-content\/uploads\/2018\/01\/valdemiro_220118d.jpg","width":273,"height":181},{"@type":"WebPage","@id":"https:\/\/franciscanos.org.br\/noticias\/frei-valdemiro-toma-posse-na-paroquia-de-viana.html#webpage","url":"https:\/\/franciscanos.org.br\/noticias\/frei-valdemiro-toma-posse-na-paroquia-de-viana.html","name":"Frei Valdemiro toma posse na Par\u00f3quia de Viana - Not\u00edcias - Franciscanos","isPartOf":{"@id":"https:\/\/franciscanos.org.br\/noticias\/#website"},"primaryImageOfPage":{"@id":"https:\/\/franciscanos.org.br\/noticias\/frei-valdemiro-toma-posse-na-paroquia-de-viana.html#primaryimage"},"datePublished":"2018-01-22T11:52:48+00:00","dateModified":"2019-01-04T16:35:58+00:00","author":{"@id":"https:\/\/franciscanos.org.br\/noticias\/#\/schema\/person\/b38fbf43118f02820bd932f2e4b14ad3"},"breadcrumb":{"@id":"https:\/\/franciscanos.org.br\/noticias\/frei-valdemiro-toma-posse-na-paroquia-de-viana.html#breadcrumb"},"inLanguage":"pt-BR","potentialAction":[{"@type":"ReadAction","target":["https:\/\/franciscanos.org.br\/noticias\/frei-valdemiro-toma-posse-na-paroquia-de-viana.html"]}]},{"@type":"BreadcrumbList","@id":"https:\/\/franciscanos.org.br\/noticias\/frei-valdemiro-toma-posse-na-paroquia-de-viana.html#breadcrumb","itemListElement":[{"@type":"ListItem","position":1,"name":"Home","item":"https:\/\/franciscanos.org.br\/noticias"},{"@type":"ListItem","position":2,"name":"Frei Valdemiro toma posse na Par\u00f3quia de Viana"}]},{"@type":"Person","@id":"https:\/\/franciscanos.org.br\/noticias\/#\/schema\/person\/b38fbf43118f02820bd932f2e4b14ad3","name":"admin","image":{"@type":"ImageObject","inLanguage":"pt-BR","@id":"https:\/\/franciscanos.org.br\/noticias\/#\/schema\/person\/image\/","url":"https:\/\/secure.gravatar.com\/avatar\/e8495742d34d0ba6448ea1c628263b3e?s=96&d=mm&r=g","contentUrl":"https:\/\/secure.gravatar.com\/avatar\/e8495742d34d0ba6448ea1c628263b3e?s=96&d=mm&r=g","caption":"admin"},"url":"https:\/\/franciscanos.org.br\/noticias\/author\/admin"}]}},"_links":{"self":[{"href":"https:\/\/franciscanos.org.br\/noticias\/wp-json\/wp\/v2\/posts\/149921"}],"collection":[{"href":"https:\/\/franciscanos.org.br\/noticias\/wp-json\/wp\/v2\/posts"}],"about":[{"href":"https:\/\/franciscanos.org.br\/noticias\/wp-json\/wp\/v2\/types\/post"}],"author":[{"embeddable":true,"href":"https:\/\/franciscanos.org.br\/noticias\/wp-json\/wp\/v2\/users\/1"}],"replies":[{"embeddable":true,"href":"https:\/\/franciscanos.org.br\/noticias\/wp-json\/wp\/v2\/comments?post=149921"}],"version-history":[{"count":0,"href":"https:\/\/franciscanos.org.br\/noticias\/wp-json\/wp\/v2\/posts\/149921\/revisions"}],"wp:featuredmedia":[{"embeddable":true,"href":"https:\/\/franciscanos.org.br\/noticias\/wp-json\/wp\/v2\/media\/194155"}],"wp:attachment":[{"href":"https:\/\/franciscanos.org.br\/noticias\/wp-json\/wp\/v2\/media?parent=149921"}],"wp:term":[{"taxonomy":"category","embeddable":true,"href":"https:\/\/franciscanos.org.br\/noticias\/wp-json\/wp\/v2\/categories?post=149921"},{"taxonomy":"post_tag","embeddable":true,"href":"https:\/\/franciscanos.org.br\/noticias\/wp-json\/wp\/v2\/tags?post=149921"}],"curies":[{"name":"wp","href":"https:\/\/api.w.org\/{rel}","templated":true}]}}