{"id":149749,"date":"2018-01-20T20:42:42","date_gmt":"2018-01-20T22:42:42","guid":{"rendered":"http:\/\/franciscanos.org.br\/?p=149749"},"modified":"2019-08-13T08:52:37","modified_gmt":"2019-08-13T11:52:37","slug":"muita-animacao-no-ultimo-dia-nas-comunidades","status":"publish","type":"post","link":"https:\/\/franciscanos.org.br\/noticias\/muita-animacao-no-ultimo-dia-nas-comunidades.html","title":{"rendered":"Muita anima\u00e7\u00e3o no \u00faltimo dia nas comunidades"},"content":{"rendered":"<p><strong>Frei Augusto Luiz Gabriel e \u00c9rika Augusto<\/strong><\/p>\n<p><strong>Agudos e Bauru (SP) &#8211;<\/strong> Neste s\u00e1bado, 20, continuam as Miss\u00f5es Franciscanas da Juventude nas cidades de Agudos e Bauru (SP). Com o acr\u00e9scimo de um dia de atividades, os participantes puderam permanecer mais tempo nas comunidades e nas fam\u00edlias. Nas edi\u00e7\u00f5es anteriores, era praticamente dedicado apenas um dia para este conv\u00edvio.<\/p>\n<p>Bem cedo, j\u00e1 era poss\u00edvel encontrar os jovens nas atividades. Um grupo ia passando pelas ruas de Agudos, batendo de porta em porta para oferecer uma ora\u00e7\u00e3o, uma palavra de conforto, uma b\u00ean\u00e7\u00e3o. Outro grupo estava na Comunidade Nossa Senhora Aparecida, pertencente \u00e0 Par\u00f3quia S\u00e3o Paulo Ap\u00f3stolo, literalmente com a m\u00e3o na massa. Eles foram convidados a replantar um jardim, que fica na entrada da comunidade. Todos empenhados em deixar o espa\u00e7o ainda mais bonito.<\/p>\n<p>O \u00faltimo dia nas comunidades tamb\u00e9m foi dedicado \u00e0 partilha da experi\u00eancia. Os jovens que estavam na Comunidade S\u00e3o Francisco fizeram um bonito momento de partilha antes do almo\u00e7o. Marcelo Dirksen, de \u00c1guas Mornas (SC), afirma que a experi\u00eancia na miss\u00e3o foi transformadora. Ele partilhou com os jovens que havia passado por um momento pessoal muito dif\u00edcil no \u00faltimo ano, com\u00a0depress\u00e3o. O grupo em que ele estava iria visitar um asilo, mas n\u00e3o foi poss\u00edvel por causa da chuva que caiu no mesmo dia. Os mission\u00e1rios mudaram os planos e foram visitar as fam\u00edlias da regi\u00e3o, e nas casas encontraram muitos idosos. \u201cA fam\u00edlia \u00e0s vezes se abst\u00e9m de fazer alguma coisa, de se divertir, para cuidar do idoso com muito amor e carinho. Em todas as casas que fomos, os idosos estavam bem cuidados, com barba feita, banho tomado\u201d, afirmou o jovem. Para ele, a experi\u00eancia desta realidade confirmou um desejo antigo: cuidar dos pais quando estiverem idosos, mesmo que para isso seja necess\u00e1rio abrir m\u00e3o de muitas coisas, pois a fam\u00edlia \u00e9 a prioridade.<\/p>\n<p>Durante os dois dias em que os jovens estiveram divididos em 32 grupos, os respons\u00e1veis pelo Servi\u00e7o de Anima\u00e7\u00e3o Vocacional (SAV), Frei Diego Melo e Frei Gabriel Dellandrea, ficaram com a miss\u00e3o de visitar todos os grupos para ver como estava a experi\u00eancia e tamb\u00e9m para entregar uma pequena lembran\u00e7a: um tau feito em acr\u00edlico. O gesto era uma surpresa para os jovens, que faziam festa a cada visita dos frades. O tau foi doa\u00e7\u00e3o de uma membro da Ordem Franciscana Secular, que confeccionou cada pe\u00e7a e deu o acabamento.<\/p>\n<p><img loading=\"lazy\" class=\"alignleft wp-image-149775\" src=\"http:\/\/franciscanos.org.br\/wp-content\/uploads\/2018\/01\/missao_200118-141.jpg\" alt=\"missao_200118-14\" width=\"380\" height=\"253\" \/>Em uma das visitas, Frei Gabriel Dellandrea encontrou com o grupo da Matriz S\u00e3o Paulo Ap\u00f3stolo. No grupo estava Alcinei Jos\u00e9 Sentofante, de Chopinzinho. Ele \u00e9 deficiente visual e participa de sua segunda miss\u00e3o. Na casa onde o grupo estava, aconteceu um bonito momento de partilha, pois a anfitri\u00e3 contou que seu marido, j\u00e1 falecido, tamb\u00e9m era deficiente visual. Para ela, a visita foi emocionante, pois n\u00e3o esperava encontrar um deficiente visual entre os mission\u00e1rios. Sentados ao redor da mesa, os jovens puderam ouvir um pouco da realidade do jovem.<\/p>\n<p>Um grupo de 30 jovens mission\u00e1rios marcou presen\u00e7a em assentamentos da cidade de em Agudos (SP). Dentre tantas atividades que estes jovens realizaram, destaca-se a visita e b\u00ean\u00e7\u00e3os das casas e das fam\u00edlias que residem no local, sejam fam\u00edlias j\u00e1 assentadas e as que est\u00e3o na busca de regularizar a situa\u00e7\u00e3o burocr\u00e1tica da terra em que est\u00e3o inseridos. Vit\u00f3ria Colussi, de Conc\u00f3rdia (SC), afirmou que durante estes dias de miss\u00e3o os jovens puderam conhecer o acampamento dos assentados do Movimento dos Sem Terra (MST). \u201cAlgumas fam\u00edlias j\u00e1 est\u00e3o assentadas, j\u00e1 est\u00e3o com as suas casas e suas terras, por\u00e9m algumas fam\u00edlias ainda est\u00e3o lutando pela sua terra. \u00c0s vezes estes acampamentos duram cerca de 10 anos aproximadamente. O MST nessa comunidade est\u00e1 fazendo um trabalho muito importante para com as fam\u00edlias. Foi maravilhoso estar nesse acampamento, nesse assentamento. Como \u00e9 bom ter a solidariedade dentro dessas comunidades\u201d destacou ela.<\/p>\n<p><img loading=\"lazy\" src=\"http:\/\/franciscanos.org.br\/wp-content\/uploads\/2018\/01\/missao_210118.jpg\" alt=\"missao_210118\" width=\"830\" height=\"400\" \/><br \/>\nJ\u00e1 na Par\u00f3quia Santo Ant\u00f4nio, o dia de visitas terminou com uma visita \u00e0 Comunidade Terap\u00eautica Peniel. Todos os jovens que estavam nos grupos da matriz se dirigiram para o local, onde conviveram com os dependentes e tiveram um momento de lazer. A visita terminou de forma animada, com muita comida e m\u00fasica. Em seguida, eles se dirigiram para a Par\u00f3quia, onde fizeram uma breve avalia\u00e7\u00e3o da experi\u00eancia.Frei Gabriel Dellandrea aproveitou o momento para agradecer o p\u00e1roco, Frei Jos\u00e9 Martins Coelho, pelo suporte dado na organiza\u00e7\u00e3o das Miss\u00f5es Franciscanas. O frade agradeceu o convite feito pelo SAV e o apoio da comunidade. \u201cQue voc\u00eas possam retornar para vivenciar em outros momentos o carisma franciscano\u201d, pediu Frei Jos\u00e9 Martins aos jovens.<br \/>\nOs mission\u00e1rios conclu\u00edram a noite nas comunidades com a Eucaristia, \u00e0s 19h. No domingo, os jovens retornam ao Semin\u00e1rio Santo Ant\u00f4nio a partir das 7h para o encerramento das Miss\u00f5es Franciscanas. Haver\u00e1 a Celebra\u00e7\u00e3o Eucar\u00edstica presidida pelo Ministro Provincial, Frei Fid\u00eancio Vanboemmel e, em seguida, um momento de avalia\u00e7\u00e3o e partilha. Ser\u00e1 feito tamb\u00e9m o an\u00fancio de onde acontecer\u00e1 a pr\u00f3xima edi\u00e7\u00e3o das Miss\u00f5es Franciscanas.<\/p>\n<p>&nbsp;<\/p>\n<p style=\"text-align: left;\"><strong>Confira abaixo o boletim do\u00a04\u00ba dia:<\/strong><\/p>\n<p><iframe loading=\"lazy\" src=\"https:\/\/www.youtube.com\/embed\/ropdrcZu5f8\" width=\"100%\" height=\"420\" frameborder=\"0\" allowfullscreen=\"allowfullscreen\"><\/iframe><\/p>\n","protected":false},"excerpt":{"rendered":"<p>Miss\u00f5es Franciscanas da Juventude<\/p>\n","protected":false},"author":5,"featured_media":205842,"comment_status":"open","ping_status":"open","sticky":false,"template":"","format":"standard","meta":[],"categories":[1],"tags":[1206],"acf":[],"yoast_head":"<!-- This site is optimized with the Yoast SEO plugin v19.2 - https:\/\/yoast.com\/wordpress\/plugins\/seo\/ -->\n<title>Muita anima\u00e7\u00e3o no \u00faltimo dia nas comunidades - Not\u00edcias - Franciscanos<\/title>\n<meta name=\"robots\" content=\"index, follow, max-snippet:-1, max-image-preview:large, max-video-preview:-1\" \/>\n<link rel=\"canonical\" href=\"https:\/\/franciscanos.org.br\/noticias\/muita-animacao-no-ultimo-dia-nas-comunidades.html\" \/>\n<meta property=\"og:locale\" content=\"pt_BR\" \/>\n<meta property=\"og:type\" content=\"article\" \/>\n<meta property=\"og:title\" content=\"Muita anima\u00e7\u00e3o no \u00faltimo dia nas comunidades - Not\u00edcias - Franciscanos\" \/>\n<meta property=\"og:description\" content=\"Miss\u00f5es Franciscanas da Juventude\" \/>\n<meta property=\"og:url\" content=\"https:\/\/franciscanos.org.br\/noticias\/muita-animacao-no-ultimo-dia-nas-comunidades.html\" \/>\n<meta property=\"og:site_name\" content=\"Not\u00edcias - Franciscanos\" \/>\n<meta property=\"article:published_time\" content=\"2018-01-20T22:42:42+00:00\" \/>\n<meta property=\"article:modified_time\" content=\"2019-08-13T11:52:37+00:00\" \/>\n<meta property=\"og:image\" content=\"https:\/\/franciscanos.org.br\/noticias\/wp-content\/uploads\/2018\/01\/missao_200118-141.jpg\" \/>\n\t<meta property=\"og:image:width\" content=\"273\" \/>\n\t<meta property=\"og:image:height\" content=\"181\" \/>\n\t<meta property=\"og:image:type\" content=\"image\/jpeg\" \/>\n<meta name=\"author\" content=\"freiaugusto\" \/>\n<meta name=\"twitter:card\" content=\"summary_large_image\" \/>\n<meta name=\"twitter:label1\" content=\"Escrito por\" \/>\n\t<meta name=\"twitter:data1\" content=\"freiaugusto\" \/>\n\t<meta name=\"twitter:label2\" content=\"Est. tempo de leitura\" \/>\n\t<meta name=\"twitter:data2\" content=\"5 minutos\" \/>\n<script type=\"application\/ld+json\" class=\"yoast-schema-graph\">{\"@context\":\"https:\/\/schema.org\",\"@graph\":[{\"@type\":\"WebSite\",\"@id\":\"https:\/\/franciscanos.org.br\/noticias\/#website\",\"url\":\"https:\/\/franciscanos.org.br\/noticias\/\",\"name\":\"Not\u00edcias - Franciscanos\",\"description\":\"Prov\u00edncia Franciscana da Imaculada Concei\u00e7\u00e3o do Brasil - Ordem dos Frades Menores - OFM\",\"potentialAction\":[{\"@type\":\"SearchAction\",\"target\":{\"@type\":\"EntryPoint\",\"urlTemplate\":\"https:\/\/franciscanos.org.br\/noticias\/?s={search_term_string}\"},\"query-input\":\"required name=search_term_string\"}],\"inLanguage\":\"pt-BR\"},{\"@type\":\"ImageObject\",\"inLanguage\":\"pt-BR\",\"@id\":\"https:\/\/franciscanos.org.br\/noticias\/muita-animacao-no-ultimo-dia-nas-comunidades.html#primaryimage\",\"url\":\"https:\/\/franciscanos.org.br\/noticias\/wp-content\/uploads\/2018\/01\/missao_200118-141.jpg\",\"contentUrl\":\"https:\/\/franciscanos.org.br\/noticias\/wp-content\/uploads\/2018\/01\/missao_200118-141.jpg\",\"width\":273,\"height\":181},{\"@type\":\"WebPage\",\"@id\":\"https:\/\/franciscanos.org.br\/noticias\/muita-animacao-no-ultimo-dia-nas-comunidades.html#webpage\",\"url\":\"https:\/\/franciscanos.org.br\/noticias\/muita-animacao-no-ultimo-dia-nas-comunidades.html\",\"name\":\"Muita anima\u00e7\u00e3o no \u00faltimo dia nas comunidades - Not\u00edcias - Franciscanos\",\"isPartOf\":{\"@id\":\"https:\/\/franciscanos.org.br\/noticias\/#website\"},\"primaryImageOfPage\":{\"@id\":\"https:\/\/franciscanos.org.br\/noticias\/muita-animacao-no-ultimo-dia-nas-comunidades.html#primaryimage\"},\"datePublished\":\"2018-01-20T22:42:42+00:00\",\"dateModified\":\"2019-08-13T11:52:37+00:00\",\"author\":{\"@id\":\"https:\/\/franciscanos.org.br\/noticias\/#\/schema\/person\/37f88f0d111cd5358b12a6556a99eb91\"},\"breadcrumb\":{\"@id\":\"https:\/\/franciscanos.org.br\/noticias\/muita-animacao-no-ultimo-dia-nas-comunidades.html#breadcrumb\"},\"inLanguage\":\"pt-BR\",\"potentialAction\":[{\"@type\":\"ReadAction\",\"target\":[\"https:\/\/franciscanos.org.br\/noticias\/muita-animacao-no-ultimo-dia-nas-comunidades.html\"]}]},{\"@type\":\"BreadcrumbList\",\"@id\":\"https:\/\/franciscanos.org.br\/noticias\/muita-animacao-no-ultimo-dia-nas-comunidades.html#breadcrumb\",\"itemListElement\":[{\"@type\":\"ListItem\",\"position\":1,\"name\":\"Home\",\"item\":\"https:\/\/franciscanos.org.br\/noticias\"},{\"@type\":\"ListItem\",\"position\":2,\"name\":\"Muita anima\u00e7\u00e3o no \u00faltimo dia nas comunidades\"}]},{\"@type\":\"Person\",\"@id\":\"https:\/\/franciscanos.org.br\/noticias\/#\/schema\/person\/37f88f0d111cd5358b12a6556a99eb91\",\"name\":\"freiaugusto\",\"image\":{\"@type\":\"ImageObject\",\"inLanguage\":\"pt-BR\",\"@id\":\"https:\/\/franciscanos.org.br\/noticias\/#\/schema\/person\/image\/\",\"url\":\"https:\/\/secure.gravatar.com\/avatar\/9840b940e621801b24f3e6b059efb4b7?s=96&d=mm&r=g\",\"contentUrl\":\"https:\/\/secure.gravatar.com\/avatar\/9840b940e621801b24f3e6b059efb4b7?s=96&d=mm&r=g\",\"caption\":\"freiaugusto\"},\"url\":\"https:\/\/franciscanos.org.br\/noticias\/author\/freiaugusto\"}]}<\/script>\n<!-- \/ Yoast SEO plugin. -->","yoast_head_json":{"title":"Muita anima\u00e7\u00e3o no \u00faltimo dia nas comunidades - Not\u00edcias - Franciscanos","robots":{"index":"index","follow":"follow","max-snippet":"max-snippet:-1","max-image-preview":"max-image-preview:large","max-video-preview":"max-video-preview:-1"},"canonical":"https:\/\/franciscanos.org.br\/noticias\/muita-animacao-no-ultimo-dia-nas-comunidades.html","og_locale":"pt_BR","og_type":"article","og_title":"Muita anima\u00e7\u00e3o no \u00faltimo dia nas comunidades - Not\u00edcias - Franciscanos","og_description":"Miss\u00f5es Franciscanas da Juventude","og_url":"https:\/\/franciscanos.org.br\/noticias\/muita-animacao-no-ultimo-dia-nas-comunidades.html","og_site_name":"Not\u00edcias - Franciscanos","article_published_time":"2018-01-20T22:42:42+00:00","article_modified_time":"2019-08-13T11:52:37+00:00","og_image":[{"width":273,"height":181,"url":"https:\/\/franciscanos.org.br\/noticias\/wp-content\/uploads\/2018\/01\/missao_200118-141.jpg","type":"image\/jpeg"}],"author":"freiaugusto","twitter_card":"summary_large_image","twitter_misc":{"Escrito por":"freiaugusto","Est. tempo de leitura":"5 minutos"},"schema":{"@context":"https:\/\/schema.org","@graph":[{"@type":"WebSite","@id":"https:\/\/franciscanos.org.br\/noticias\/#website","url":"https:\/\/franciscanos.org.br\/noticias\/","name":"Not\u00edcias - Franciscanos","description":"Prov\u00edncia Franciscana da Imaculada Concei\u00e7\u00e3o do Brasil - Ordem dos Frades Menores - OFM","potentialAction":[{"@type":"SearchAction","target":{"@type":"EntryPoint","urlTemplate":"https:\/\/franciscanos.org.br\/noticias\/?s={search_term_string}"},"query-input":"required name=search_term_string"}],"inLanguage":"pt-BR"},{"@type":"ImageObject","inLanguage":"pt-BR","@id":"https:\/\/franciscanos.org.br\/noticias\/muita-animacao-no-ultimo-dia-nas-comunidades.html#primaryimage","url":"https:\/\/franciscanos.org.br\/noticias\/wp-content\/uploads\/2018\/01\/missao_200118-141.jpg","contentUrl":"https:\/\/franciscanos.org.br\/noticias\/wp-content\/uploads\/2018\/01\/missao_200118-141.jpg","width":273,"height":181},{"@type":"WebPage","@id":"https:\/\/franciscanos.org.br\/noticias\/muita-animacao-no-ultimo-dia-nas-comunidades.html#webpage","url":"https:\/\/franciscanos.org.br\/noticias\/muita-animacao-no-ultimo-dia-nas-comunidades.html","name":"Muita anima\u00e7\u00e3o no \u00faltimo dia nas comunidades - Not\u00edcias - Franciscanos","isPartOf":{"@id":"https:\/\/franciscanos.org.br\/noticias\/#website"},"primaryImageOfPage":{"@id":"https:\/\/franciscanos.org.br\/noticias\/muita-animacao-no-ultimo-dia-nas-comunidades.html#primaryimage"},"datePublished":"2018-01-20T22:42:42+00:00","dateModified":"2019-08-13T11:52:37+00:00","author":{"@id":"https:\/\/franciscanos.org.br\/noticias\/#\/schema\/person\/37f88f0d111cd5358b12a6556a99eb91"},"breadcrumb":{"@id":"https:\/\/franciscanos.org.br\/noticias\/muita-animacao-no-ultimo-dia-nas-comunidades.html#breadcrumb"},"inLanguage":"pt-BR","potentialAction":[{"@type":"ReadAction","target":["https:\/\/franciscanos.org.br\/noticias\/muita-animacao-no-ultimo-dia-nas-comunidades.html"]}]},{"@type":"BreadcrumbList","@id":"https:\/\/franciscanos.org.br\/noticias\/muita-animacao-no-ultimo-dia-nas-comunidades.html#breadcrumb","itemListElement":[{"@type":"ListItem","position":1,"name":"Home","item":"https:\/\/franciscanos.org.br\/noticias"},{"@type":"ListItem","position":2,"name":"Muita anima\u00e7\u00e3o no \u00faltimo dia nas comunidades"}]},{"@type":"Person","@id":"https:\/\/franciscanos.org.br\/noticias\/#\/schema\/person\/37f88f0d111cd5358b12a6556a99eb91","name":"freiaugusto","image":{"@type":"ImageObject","inLanguage":"pt-BR","@id":"https:\/\/franciscanos.org.br\/noticias\/#\/schema\/person\/image\/","url":"https:\/\/secure.gravatar.com\/avatar\/9840b940e621801b24f3e6b059efb4b7?s=96&d=mm&r=g","contentUrl":"https:\/\/secure.gravatar.com\/avatar\/9840b940e621801b24f3e6b059efb4b7?s=96&d=mm&r=g","caption":"freiaugusto"},"url":"https:\/\/franciscanos.org.br\/noticias\/author\/freiaugusto"}]}},"_links":{"self":[{"href":"https:\/\/franciscanos.org.br\/noticias\/wp-json\/wp\/v2\/posts\/149749"}],"collection":[{"href":"https:\/\/franciscanos.org.br\/noticias\/wp-json\/wp\/v2\/posts"}],"about":[{"href":"https:\/\/franciscanos.org.br\/noticias\/wp-json\/wp\/v2\/types\/post"}],"author":[{"embeddable":true,"href":"https:\/\/franciscanos.org.br\/noticias\/wp-json\/wp\/v2\/users\/5"}],"replies":[{"embeddable":true,"href":"https:\/\/franciscanos.org.br\/noticias\/wp-json\/wp\/v2\/comments?post=149749"}],"version-history":[{"count":0,"href":"https:\/\/franciscanos.org.br\/noticias\/wp-json\/wp\/v2\/posts\/149749\/revisions"}],"wp:featuredmedia":[{"embeddable":true,"href":"https:\/\/franciscanos.org.br\/noticias\/wp-json\/wp\/v2\/media\/205842"}],"wp:attachment":[{"href":"https:\/\/franciscanos.org.br\/noticias\/wp-json\/wp\/v2\/media?parent=149749"}],"wp:term":[{"taxonomy":"category","embeddable":true,"href":"https:\/\/franciscanos.org.br\/noticias\/wp-json\/wp\/v2\/categories?post=149749"},{"taxonomy":"post_tag","embeddable":true,"href":"https:\/\/franciscanos.org.br\/noticias\/wp-json\/wp\/v2\/tags?post=149749"}],"curies":[{"name":"wp","href":"https:\/\/api.w.org\/{rel}","templated":true}]}}