{"id":149664,"date":"2018-01-20T08:01:03","date_gmt":"2018-01-20T10:01:03","guid":{"rendered":"http:\/\/franciscanos.org.br\/?p=149664"},"modified":"2019-06-11T08:54:17","modified_gmt":"2019-06-11T11:54:17","slug":"dia-de-responder-ao-apelo-vem-e-segue-me","status":"publish","type":"post","link":"https:\/\/franciscanos.org.br\/noticias\/dia-de-responder-ao-apelo-vem-e-segue-me.html","title":{"rendered":"Dia de responder ao apelo: \u201cVem e segue-me\u201d"},"content":{"rendered":"<p><strong>Frei Augusto Luiz Gabriel e \u00c9rika Augusto<\/strong><\/p>\n<p><strong>Agudos e Bauru (SP) &#8211; <\/strong>Os quase 600 jovens mission\u00e1rios, que h\u00e1 dois dias estavam reunidos no Semin\u00e1rio Santo Ant\u00f4nio em Agudos (SP), se dividiram na noite de ontem em 32 grupos para dar in\u00edcio \u00e0 miss\u00e3o propriamente dita. S\u00e3o diversas experi\u00eancias: visitas \u00e0s casas, com\u00e9rcio, pres\u00eddio local, creche, asilo, evangeliza\u00e7\u00e3o nas ruas, hospitais, comunidade terap\u00eautica para dependentes qu\u00edmicos, pintura e reforma de escolas, corte de grama, aldeia ind\u00edgena, assentamento do Movimento dos Sem Terra e outros locais. A ideia \u00e9 que em pequenos grupos, os jovens possam interagir melhor e conhecer a realidade local.<\/p>\n<p>Os grupos est\u00e3o divididos entre 5 par\u00f3quias, quatro delas pertencentes \u00e0 Prov\u00edncia Franciscana. Em Agudos, as par\u00f3quias S\u00e3o Paulo Ap\u00f3stolo e Santo Ant\u00f4nio e, em Bauru, as par\u00f3quias Santo Ant\u00f4nio e Santa Clara. A Par\u00f3quia Nossa Senhora da Assun\u00e7\u00e3o \u00e9 a \u00fanica par\u00f3quia diocesana envolvida diretamente na prepara\u00e7\u00e3o das Miss\u00f5es Franciscanas. O p\u00e1roco, Pe. Rodrigo Sena, afirmou ser uma alegria e privil\u00e9gio receber o grupo dos mission\u00e1rios. O religioso \u00e9 um antigo conhecido das atividades realizadas pelo Servi\u00e7o de Anima\u00e7\u00e3o Vocacional (SAV) da Prov\u00edncia Franciscana. Ele participou de Miss\u00f5es e Caminhadas, e desta vez ajudou na prepara\u00e7\u00e3o, al\u00e9m de acolher em sua par\u00f3quia um grupo de 45 jovens mission\u00e1rios.<\/p>\n<p>Uma das experi\u00eancias mais aguardadas para esta miss\u00e3o foi a Aldeia Ekeru\u00e1, dos \u00edndios Terena. Os jovens chegaram na noite de quinta-feira e foram acolhidos com muita alegria pelos ind\u00edgenas. \u00acPara Julia Pellegrini, de Vila Velha, a experi\u00eancia foi inesquec\u00edvel. \u201cQuando a gente chegou aqui, fomos muito bem recebidos, est\u00e1 sendo uma experi\u00eancia incr\u00edvel, uma das melhores experi\u00eancias que j\u00e1 vivi\u201d, afirmou a jovem. Na sexta-feira, os jovens tiveram um momento de forma\u00e7\u00e3o na escola local. Eles tamb\u00e9m conheceram sobre a culin\u00e1ria e artesanato dos ind\u00edgenas. \u00c0 tarde, eles aprenderam arco e flecha e tiveram os rostos pintados.<\/p>\n<p>No Projeto Can\u00e1, mantido pelos padres marianistas em Ferradura Mirim, os jovens passaram o dia brincando com as crian\u00e7as atendidas pelo projeto. Al\u00e9m das gincanas, os jovens ajudaram na manuten\u00e7\u00e3o do local, cortando a grama e carpindo a \u00e1rea interna e externa.<\/p>\n<p>Confira alguns testemunhos dos jovens em outras experi\u00eancias:<\/p>\n<blockquote><p><em>Hoje tivemos a oportunidade de experienciar em nossas vidas, um dia de adicto na Comunidade Terap\u00eautica Bom Pastor. Aprendemos que a depend\u00eancia n\u00e3o tem origens somente no \u00e1lcool ou nas drogas. O ponto de partida s\u00e3o as car\u00eancias que nos norteiam, seja familiar, afetiva ou social. Todos n\u00f3s sofremos com algum tipo de depend\u00eancia, seja ela expl\u00edcita ou oculta. Muitos foram os sentimentos despertados em n\u00f3s, alegrias, tristezas, vontade de ir para casa, sentimos o mesmo que eles sentem todos os dias durante os seis meses de recupera\u00e7\u00e3o. Testemunhamos irm\u00e3os fortalecidos, mas tamb\u00e9m outros que desistiram no seu primeiro dia de recupera\u00e7\u00e3o. Agradecemos a Deus por esta experi\u00eancia t\u00e3o profunda em nossas vidas, de reconhecer um Deus que n\u00e3o \u00e9 milagreiro, mas que caminha conosco \u00e9 nosso amigo e nos ajuda em nossas curas. A cura passa por um movimento interior que acontece quando reconhecemos que sozinhos n\u00e3o conseguimos. Somos doentes, cegos, machucados, que precisa de ajuda, miseric\u00f3rdia e muito amor.<\/em><br \/>\n<strong>&#8211; Edson Luis Dos Santos, de Balne\u00e1rio Cambori\u00fa (SC), Comunidade Terap\u00eautica Bom Pastor, masculino.<\/strong><\/p>\n<p><em>&#8220;Enquanto fumava a pedra de crack j\u00e1 planejava o que fazer para conseguir a pr\u00f3xima&#8230; Roubar? Traficar? Vender o corpo? Eram as op\u00e7\u00f5es.\u201d<\/em><br \/>\n<em>&#8220;Com 8 meses de gesta\u00e7\u00e3o pulei cercados e invadi terrenos atr\u00e1s do lixo chamado droga.&#8221;<\/em><br \/>\n<em>&#8220;Deus est\u00e1 me mostrando o caminho e vou conseguir, tenho certeza disso.&#8221;Depoimentos como estes encheram nosso cora\u00e7\u00e3o n\u00e3o s\u00f3 de tristeza, ao saber da trajet\u00f3ria de vida de cada dependente qu\u00edmico, mas tamb\u00e9m um sentimento de enorme alegria ao ver e sentir o desejo de mudan\u00e7a em cada uma delas. Desejo este de voltar limpos das drogas para suas fam\u00edlias, desejo de nunca perder a f\u00e9 em Deus e a vontade imensa de que nenhuma pessoa passe por esse mundo obscuro que um dia elas passaram.<\/em><br \/>\n<em>Hist\u00f3rias e relatos de dependentes em est\u00e1gio avan\u00e7ado que marcaram meus dias de miss\u00e3o e minha vida por inteiro.<\/em><br \/>\n<em>Agrade\u00e7o a Deus pela oportunidade de poder ver seu rosto misericordioso diante de cada mulher dependente em busca de uma vida digna e de paz.<\/em><br \/>\n<strong>&#8211; Simone Weber, Santo Amaro da Imperatriz (SC), Comunidade Terap\u00eautica Bom Pastor, feminino.<\/strong><\/p>\n<p><em>A viv\u00eancia que estamos tendo na comunidade S\u00e3o Mateus, pertencente \u00e0 Par\u00f3quia Santa Clara de Bauru, \u00e9 profundamente marcada pela experi\u00eancia do encontro. Encontro com realidades e situa\u00e7\u00f5es que nos mostram a forma de Deus agir nos lugares e hist\u00f3rias em que normalmente n\u00e3o considerar\u00edamos poss\u00edvel a sua presen\u00e7a. V\u00e1rias foram \u00e0s fam\u00edlias que, apesar de toda carga de dor e sofrimento que vivenciam diariamente, nos acolheram com a alegria que s\u00f3 pode vir de Deus. Esta experi\u00eancia de ser acolhido, justamente quando eu pensava que eu \u00e9 que seria o acolhedor, traz \u00e0 tona a verdade que Francisco t\u00e3o fortemente viveu no abra\u00e7o ao leproso, ser \u2018tocado\u2019 por aquele imaginar\u00edamos \u2018tocar\u2019. Encontrar-se com esta experi\u00eancia \u00e9 sentir-se impulsionado a abrir os olhos e os ouvidos do cora\u00e7\u00e3o para ver Deus, que ao mesmo passo que se faz real no grito e na alegria da juventude, se desvela tamb\u00e9m no abra\u00e7o acolhedor de uma fam\u00edlia simples\u201d<\/em><br \/>\n<strong>&#8211; Frei Lucas Moura, Rondinha (PR), Comunidade S\u00e3o Mateus.<\/strong><\/p><\/blockquote>\n<p>As Miss\u00f5es Franciscanas da Juventude acontecem at\u00e9 o pr\u00f3ximo domingo, 21, nas cidades de Agudos e Bauru. Veja mais <a href=\"https:\/\/www.facebook.com\/juventudefranciscanaoficial\/\" target=\"_blank\" rel=\"noopener noreferrer\">na p\u00e1gina do Facebook<\/a>.<\/p>\n<p>Acompanhe o boletim do 3\u00ba dia:<br \/>\n<iframe loading=\"lazy\" src=\"https:\/\/www.youtube.com\/embed\/rkaixBq_Fro\" width=\"100%\" height=\"420\" frameborder=\"0\" allowfullscreen=\"allowfullscreen\"><\/iframe><\/p>\n","protected":false},"excerpt":{"rendered":"<p>Miss\u00f5es Franciscanas da Juventude<\/p>\n","protected":false},"author":1,"featured_media":205844,"comment_status":"open","ping_status":"open","sticky":false,"template":"","format":"standard","meta":[],"categories":[1],"tags":[1206],"acf":[],"yoast_head":"<!-- This site is optimized with the Yoast SEO plugin v19.2 - https:\/\/yoast.com\/wordpress\/plugins\/seo\/ -->\n<title>Dia de responder ao apelo: \u201cVem e segue-me\u201d - Not\u00edcias - Franciscanos<\/title>\n<meta name=\"robots\" content=\"index, follow, max-snippet:-1, max-image-preview:large, max-video-preview:-1\" \/>\n<link rel=\"canonical\" href=\"https:\/\/franciscanos.org.br\/noticias\/dia-de-responder-ao-apelo-vem-e-segue-me.html\" \/>\n<meta property=\"og:locale\" content=\"pt_BR\" \/>\n<meta property=\"og:type\" content=\"article\" \/>\n<meta property=\"og:title\" content=\"Dia de responder ao apelo: \u201cVem e segue-me\u201d - Not\u00edcias - Franciscanos\" \/>\n<meta property=\"og:description\" content=\"Miss\u00f5es Franciscanas da Juventude\" \/>\n<meta property=\"og:url\" content=\"https:\/\/franciscanos.org.br\/noticias\/dia-de-responder-ao-apelo-vem-e-segue-me.html\" \/>\n<meta property=\"og:site_name\" content=\"Not\u00edcias - Franciscanos\" \/>\n<meta property=\"article:published_time\" content=\"2018-01-20T10:01:03+00:00\" \/>\n<meta property=\"article:modified_time\" content=\"2019-06-11T11:54:17+00:00\" \/>\n<meta property=\"og:image\" content=\"https:\/\/franciscanos.org.br\/noticias\/wp-content\/uploads\/2018\/01\/missoes_170118_2.jpg\" \/>\n\t<meta property=\"og:image:width\" content=\"273\" \/>\n\t<meta property=\"og:image:height\" content=\"181\" \/>\n\t<meta property=\"og:image:type\" content=\"image\/jpeg\" \/>\n<meta name=\"author\" content=\"admin\" \/>\n<meta name=\"twitter:card\" content=\"summary_large_image\" \/>\n<meta name=\"twitter:label1\" content=\"Escrito por\" \/>\n\t<meta name=\"twitter:data1\" content=\"admin\" \/>\n\t<meta name=\"twitter:label2\" content=\"Est. tempo de leitura\" \/>\n\t<meta name=\"twitter:data2\" content=\"5 minutos\" \/>\n<script type=\"application\/ld+json\" class=\"yoast-schema-graph\">{\"@context\":\"https:\/\/schema.org\",\"@graph\":[{\"@type\":\"WebSite\",\"@id\":\"https:\/\/franciscanos.org.br\/noticias\/#website\",\"url\":\"https:\/\/franciscanos.org.br\/noticias\/\",\"name\":\"Not\u00edcias - Franciscanos\",\"description\":\"Prov\u00edncia Franciscana da Imaculada Concei\u00e7\u00e3o do Brasil - Ordem dos Frades Menores - OFM\",\"potentialAction\":[{\"@type\":\"SearchAction\",\"target\":{\"@type\":\"EntryPoint\",\"urlTemplate\":\"https:\/\/franciscanos.org.br\/noticias\/?s={search_term_string}\"},\"query-input\":\"required name=search_term_string\"}],\"inLanguage\":\"pt-BR\"},{\"@type\":\"ImageObject\",\"inLanguage\":\"pt-BR\",\"@id\":\"https:\/\/franciscanos.org.br\/noticias\/dia-de-responder-ao-apelo-vem-e-segue-me.html#primaryimage\",\"url\":\"https:\/\/franciscanos.org.br\/noticias\/wp-content\/uploads\/2018\/01\/missoes_170118_2.jpg\",\"contentUrl\":\"https:\/\/franciscanos.org.br\/noticias\/wp-content\/uploads\/2018\/01\/missoes_170118_2.jpg\",\"width\":273,\"height\":181},{\"@type\":\"WebPage\",\"@id\":\"https:\/\/franciscanos.org.br\/noticias\/dia-de-responder-ao-apelo-vem-e-segue-me.html#webpage\",\"url\":\"https:\/\/franciscanos.org.br\/noticias\/dia-de-responder-ao-apelo-vem-e-segue-me.html\",\"name\":\"Dia de responder ao apelo: \u201cVem e segue-me\u201d - Not\u00edcias - Franciscanos\",\"isPartOf\":{\"@id\":\"https:\/\/franciscanos.org.br\/noticias\/#website\"},\"primaryImageOfPage\":{\"@id\":\"https:\/\/franciscanos.org.br\/noticias\/dia-de-responder-ao-apelo-vem-e-segue-me.html#primaryimage\"},\"datePublished\":\"2018-01-20T10:01:03+00:00\",\"dateModified\":\"2019-06-11T11:54:17+00:00\",\"author\":{\"@id\":\"https:\/\/franciscanos.org.br\/noticias\/#\/schema\/person\/b38fbf43118f02820bd932f2e4b14ad3\"},\"breadcrumb\":{\"@id\":\"https:\/\/franciscanos.org.br\/noticias\/dia-de-responder-ao-apelo-vem-e-segue-me.html#breadcrumb\"},\"inLanguage\":\"pt-BR\",\"potentialAction\":[{\"@type\":\"ReadAction\",\"target\":[\"https:\/\/franciscanos.org.br\/noticias\/dia-de-responder-ao-apelo-vem-e-segue-me.html\"]}]},{\"@type\":\"BreadcrumbList\",\"@id\":\"https:\/\/franciscanos.org.br\/noticias\/dia-de-responder-ao-apelo-vem-e-segue-me.html#breadcrumb\",\"itemListElement\":[{\"@type\":\"ListItem\",\"position\":1,\"name\":\"Home\",\"item\":\"https:\/\/franciscanos.org.br\/noticias\"},{\"@type\":\"ListItem\",\"position\":2,\"name\":\"Dia de responder ao apelo: \u201cVem e segue-me\u201d\"}]},{\"@type\":\"Person\",\"@id\":\"https:\/\/franciscanos.org.br\/noticias\/#\/schema\/person\/b38fbf43118f02820bd932f2e4b14ad3\",\"name\":\"admin\",\"image\":{\"@type\":\"ImageObject\",\"inLanguage\":\"pt-BR\",\"@id\":\"https:\/\/franciscanos.org.br\/noticias\/#\/schema\/person\/image\/\",\"url\":\"https:\/\/secure.gravatar.com\/avatar\/e8495742d34d0ba6448ea1c628263b3e?s=96&d=mm&r=g\",\"contentUrl\":\"https:\/\/secure.gravatar.com\/avatar\/e8495742d34d0ba6448ea1c628263b3e?s=96&d=mm&r=g\",\"caption\":\"admin\"},\"url\":\"https:\/\/franciscanos.org.br\/noticias\/author\/admin\"}]}<\/script>\n<!-- \/ Yoast SEO plugin. -->","yoast_head_json":{"title":"Dia de responder ao apelo: \u201cVem e segue-me\u201d - Not\u00edcias - Franciscanos","robots":{"index":"index","follow":"follow","max-snippet":"max-snippet:-1","max-image-preview":"max-image-preview:large","max-video-preview":"max-video-preview:-1"},"canonical":"https:\/\/franciscanos.org.br\/noticias\/dia-de-responder-ao-apelo-vem-e-segue-me.html","og_locale":"pt_BR","og_type":"article","og_title":"Dia de responder ao apelo: \u201cVem e segue-me\u201d - Not\u00edcias - Franciscanos","og_description":"Miss\u00f5es Franciscanas da Juventude","og_url":"https:\/\/franciscanos.org.br\/noticias\/dia-de-responder-ao-apelo-vem-e-segue-me.html","og_site_name":"Not\u00edcias - Franciscanos","article_published_time":"2018-01-20T10:01:03+00:00","article_modified_time":"2019-06-11T11:54:17+00:00","og_image":[{"width":273,"height":181,"url":"https:\/\/franciscanos.org.br\/noticias\/wp-content\/uploads\/2018\/01\/missoes_170118_2.jpg","type":"image\/jpeg"}],"author":"admin","twitter_card":"summary_large_image","twitter_misc":{"Escrito por":"admin","Est. tempo de leitura":"5 minutos"},"schema":{"@context":"https:\/\/schema.org","@graph":[{"@type":"WebSite","@id":"https:\/\/franciscanos.org.br\/noticias\/#website","url":"https:\/\/franciscanos.org.br\/noticias\/","name":"Not\u00edcias - Franciscanos","description":"Prov\u00edncia Franciscana da Imaculada Concei\u00e7\u00e3o do Brasil - Ordem dos Frades Menores - OFM","potentialAction":[{"@type":"SearchAction","target":{"@type":"EntryPoint","urlTemplate":"https:\/\/franciscanos.org.br\/noticias\/?s={search_term_string}"},"query-input":"required name=search_term_string"}],"inLanguage":"pt-BR"},{"@type":"ImageObject","inLanguage":"pt-BR","@id":"https:\/\/franciscanos.org.br\/noticias\/dia-de-responder-ao-apelo-vem-e-segue-me.html#primaryimage","url":"https:\/\/franciscanos.org.br\/noticias\/wp-content\/uploads\/2018\/01\/missoes_170118_2.jpg","contentUrl":"https:\/\/franciscanos.org.br\/noticias\/wp-content\/uploads\/2018\/01\/missoes_170118_2.jpg","width":273,"height":181},{"@type":"WebPage","@id":"https:\/\/franciscanos.org.br\/noticias\/dia-de-responder-ao-apelo-vem-e-segue-me.html#webpage","url":"https:\/\/franciscanos.org.br\/noticias\/dia-de-responder-ao-apelo-vem-e-segue-me.html","name":"Dia de responder ao apelo: \u201cVem e segue-me\u201d - Not\u00edcias - Franciscanos","isPartOf":{"@id":"https:\/\/franciscanos.org.br\/noticias\/#website"},"primaryImageOfPage":{"@id":"https:\/\/franciscanos.org.br\/noticias\/dia-de-responder-ao-apelo-vem-e-segue-me.html#primaryimage"},"datePublished":"2018-01-20T10:01:03+00:00","dateModified":"2019-06-11T11:54:17+00:00","author":{"@id":"https:\/\/franciscanos.org.br\/noticias\/#\/schema\/person\/b38fbf43118f02820bd932f2e4b14ad3"},"breadcrumb":{"@id":"https:\/\/franciscanos.org.br\/noticias\/dia-de-responder-ao-apelo-vem-e-segue-me.html#breadcrumb"},"inLanguage":"pt-BR","potentialAction":[{"@type":"ReadAction","target":["https:\/\/franciscanos.org.br\/noticias\/dia-de-responder-ao-apelo-vem-e-segue-me.html"]}]},{"@type":"BreadcrumbList","@id":"https:\/\/franciscanos.org.br\/noticias\/dia-de-responder-ao-apelo-vem-e-segue-me.html#breadcrumb","itemListElement":[{"@type":"ListItem","position":1,"name":"Home","item":"https:\/\/franciscanos.org.br\/noticias"},{"@type":"ListItem","position":2,"name":"Dia de responder ao apelo: \u201cVem e segue-me\u201d"}]},{"@type":"Person","@id":"https:\/\/franciscanos.org.br\/noticias\/#\/schema\/person\/b38fbf43118f02820bd932f2e4b14ad3","name":"admin","image":{"@type":"ImageObject","inLanguage":"pt-BR","@id":"https:\/\/franciscanos.org.br\/noticias\/#\/schema\/person\/image\/","url":"https:\/\/secure.gravatar.com\/avatar\/e8495742d34d0ba6448ea1c628263b3e?s=96&d=mm&r=g","contentUrl":"https:\/\/secure.gravatar.com\/avatar\/e8495742d34d0ba6448ea1c628263b3e?s=96&d=mm&r=g","caption":"admin"},"url":"https:\/\/franciscanos.org.br\/noticias\/author\/admin"}]}},"_links":{"self":[{"href":"https:\/\/franciscanos.org.br\/noticias\/wp-json\/wp\/v2\/posts\/149664"}],"collection":[{"href":"https:\/\/franciscanos.org.br\/noticias\/wp-json\/wp\/v2\/posts"}],"about":[{"href":"https:\/\/franciscanos.org.br\/noticias\/wp-json\/wp\/v2\/types\/post"}],"author":[{"embeddable":true,"href":"https:\/\/franciscanos.org.br\/noticias\/wp-json\/wp\/v2\/users\/1"}],"replies":[{"embeddable":true,"href":"https:\/\/franciscanos.org.br\/noticias\/wp-json\/wp\/v2\/comments?post=149664"}],"version-history":[{"count":0,"href":"https:\/\/franciscanos.org.br\/noticias\/wp-json\/wp\/v2\/posts\/149664\/revisions"}],"wp:featuredmedia":[{"embeddable":true,"href":"https:\/\/franciscanos.org.br\/noticias\/wp-json\/wp\/v2\/media\/205844"}],"wp:attachment":[{"href":"https:\/\/franciscanos.org.br\/noticias\/wp-json\/wp\/v2\/media?parent=149664"}],"wp:term":[{"taxonomy":"category","embeddable":true,"href":"https:\/\/franciscanos.org.br\/noticias\/wp-json\/wp\/v2\/categories?post=149664"},{"taxonomy":"post_tag","embeddable":true,"href":"https:\/\/franciscanos.org.br\/noticias\/wp-json\/wp\/v2\/tags?post=149664"}],"curies":[{"name":"wp","href":"https:\/\/api.w.org\/{rel}","templated":true}]}}