{"id":149656,"date":"2018-01-19T21:17:22","date_gmt":"2018-01-19T23:17:22","guid":{"rendered":"http:\/\/franciscanos.org.br\/?p=149656"},"modified":"2020-03-05T08:42:50","modified_gmt":"2020-03-05T11:42:50","slug":"aos-67-anos-falece-frei-perceval-canuto","status":"publish","type":"post","link":"https:\/\/franciscanos.org.br\/noticias\/aos-67-anos-falece-frei-perceval-canuto.html","title":{"rendered":"Aos 67 anos, falece Frei Perceval Canuto em Bragan\u00e7a Paulista"},"content":{"rendered":"<p><img loading=\"lazy\" class=\" wp-image-221543 alignright\" src=\"https:\/\/franciscanos.org.br\/noticias\/wp-content\/uploads\/2018\/01\/perceval.jpg\" alt=\"\" width=\"376\" height=\"420\" srcset=\"https:\/\/franciscanos.org.br\/noticias\/wp-content\/uploads\/2018\/01\/perceval.jpg 400w, https:\/\/franciscanos.org.br\/noticias\/wp-content\/uploads\/2018\/01\/perceval-150x168.jpg 150w\" sizes=\"(max-width: 376px) 100vw, 376px\" \/><\/p>\n<p>Faleceu na sexta-feira, dia 19 de janeiro, \u00e0s 17h30, Frei Perceval Canuto Carvalho. Ele estava internado no Hospital S\u00e3o Francisco de Bragan\u00e7a Paulista (SP) devido a um acidente automobil\u00edstico que sofreu no dia 12 de janeiro em Amparo (SP), onde reside na Fraternidade S\u00e3o Benedito.<\/p>\n<p>Frei Perceval retornava da Comunidade da Boa Vereda quando perdeu o controle do ve\u00edculo, saiu da pista e colidiu contra uma \u00e1rvore. Foi socorrido no Hospital Santa Casa Ana Cintra de Amparo, onde passou por acompanhamento m\u00e9dico devido a um corte na testa e tamb\u00e9m para fazer exames. Constatou-se uma pequena hemorragia na cabe\u00e7a ap\u00f3s o laudo. O m\u00e9dico de plant\u00e3o, ent\u00e3o, pediu a transfer\u00eancia de Frei Perceval para outro hospital, onde fossem feito novos exames e se pudesse avaliar seu estado por um neurocirurgi\u00e3o. No s\u00e1bado, 13 de janeiro, ele foi transferido para o Hospital S\u00e3o Francisco de Bragan\u00e7a Paulista. Internado na UTI, fez novos exames e a equipe m\u00e9dica, atrav\u00e9s de nova tomografia, percebeu que a hemorragia tinha parado e n\u00e3o haveria necessidade de interven\u00e7\u00e3o cir\u00fargica.<\/p>\n<p>Embora n\u00e3o se lembrasse do ocorrido, Frei Perceval chegou a apresentar um quadro de melhora e recebeu alta do hospital. Na sexta-feira (19), de manh\u00e3, o guardi\u00e3o da Fraternidade de Amparo, Frei Cl\u00e1udio Broca, foi visit\u00e1-lo e o encontrou relativamente bem. Mas, no final da tarde, Frei Perceval veio a falecer.<\/p>\n<p>Seu corpo voi velado em Amparo e, no domingo, \u00e0s 12 horas, foi celebrada a Missa de Corpo Presente na Igreja Matriz S\u00e3o Benedito. Em seguida, seu corpo foi trasladado para o Convento Santo Ant\u00f4nio (RJ), onde foi sepultado, no dia 22, para facilitar a presen\u00e7a dos familiares que residem no Rio de Janeiro.<\/p>\n<table border=\"1\" width=\"400\" cellspacing=\"3\" cellpadding=\"3\" align=\"right\">\n<tbody>\n<tr>\n<td bgcolor=\"#F2EFFB\">\n<h3><strong>Dados pessoais, forma\u00e7\u00e3o<\/strong><\/h3>\n<p style=\"padding-left: 10px;\"><strong>05.11.1950<\/strong>\u00a0(67 anos) &#8211; nascimento, Triunfo, munic\u00edpio de Campo Grande (RN)<br \/>\nFilho de Josias Canuto da Silva e Antonia Maria de Carvalho<br \/>\nO casal teve 7 filhos, sendo 5 homens e 2 mulheres. Ele \u00e9 o 2\u00b0 na ordem de nascimento.<br \/>\n<strong>20.01.1979<\/strong>\u00a0&#8211; Vesti\u00e7\u00e3o e admiss\u00e3o ao Noviciado franciscano, em Rodeio, SC (39 anos de vida franciscana).<br \/>\n<strong>20.12.1980<\/strong>\u00a0&#8211; Primeira profiss\u00e3o religiosa dos votos tempor\u00e1rios, em Rodeio.<br \/>\n<strong>02.08.1983<\/strong>\u00a0&#8211; Profiss\u00e3o solene dos votos perp\u00e9tuos na Ordem Franciscana.<br \/>\n<strong>15.12.1985<\/strong>\u00a0&#8211; Ordena\u00e7\u00e3o sacerdotal (33 anos de minist\u00e9rio sacerdotal).<\/p>\n<h3><strong>Atividades na Evangeliza\u00e7\u00e3o e Pastoral<\/strong><\/h3>\n<p style=\"padding-left: 10px;\"><strong>18.01.1986<\/strong>\u00a0&#8211; vig\u00e1rio paroquial em Santo Amaro da Imperatriz (SC)<br \/>\n<strong>15.08.1987<\/strong>\u00a0&#8211; Vig\u00e1rio paroquial em Sorocaba (Bom Jesus, SP)<br \/>\n<strong>21.01.1989<\/strong>\u00a0&#8211; P\u00e1roco e diretor da R\u00e1dio em Concei\u00e7\u00e3o de Macabu, Quissam\u00e3 (RJ)<br \/>\n<strong>30.11.1989<\/strong>\u00a0&#8211; Vig\u00e1rio paroquial em Conc\u00f3rdia (SC)<br \/>\n<strong>20.01.1992<\/strong>\u00a0&#8211; Vig\u00e1rio paroquial em Petr\u00f3polis (RJ)<br \/>\n<strong>29.11.1997<\/strong>\u00a0&#8211; Vig\u00e1rio paroquial em S\u00e3o Louren\u00e7o (MG)<br \/>\n<strong>11.03.1999<\/strong>\u00a0&#8211; Vig\u00e1rio Paroquial em Duque de Caxias &#8211; Pilar (RJ)<br \/>\n<strong>07.01.2003<\/strong>\u00a0&#8211; Vig\u00e1rio paroquial em Sorocaba (Bom Jesus dos Aflitos, SP)<br \/>\n<strong>19.03.2004<\/strong>\u00a0&#8211; Assistente da Fraternidade OFS Bom Jesus dos Aflitos em Sorocaba (SP)<br \/>\n<strong>20.12.2006<\/strong>\u00a0&#8211; Vig\u00e1rio paroquial em Paty do Alferes (RJ)<br \/>\n<strong>17.12.2009<\/strong>\u00a0&#8211; Vig\u00e1rio da casa em Paty do Alferes (RJ)<br \/>\n<strong>12.12.2012<\/strong>\u00a0&#8211; Vig\u00e1rio Paroquial em Amparo (SP)<\/p>\n<\/td>\n<\/tr>\n<\/tbody>\n<\/table>\n<h3><strong>O FRADE<\/strong><\/h3>\n<p>Natural de Triunfo, interior do Rio Grande do Norte, Frei Perceval nasceu no seio de uma fam\u00edlia muito religiosa e simples. Segundo ele detalhou na sua ficha autobiogr\u00e1fica, seus pais eram agricultores e, para sustentar sete filhos, a m\u00e3e se desdobrava como costureira, bordadeira, fazia doces, bolos e trabalhos dom\u00e9sticos, principalmente no per\u00edodo da seca, que era muito forte nesta regi\u00e3o. \u201cEla tinha grande atua\u00e7\u00e3o na comunidade. Era catequista, comandava o coral e a liturgia\u201d, conta Frei Perceval. \u201cEu e meus irm\u00e3os acompanh\u00e1vamos mam\u00e3e nas atividades pastorais, mas eu me destacava com mais ardor e sempre afirmava que queria ser padre. Meu pai queria que eu fosse militar\u201d, revelou o frade.<\/p>\n<p>Seu discernimento vocacional, contudo, evidenciou-se quando participou das Santas Miss\u00f5es na sua cidade natal. Os mission\u00e1rios eram franciscanos.<\/p>\n<p>No Nordeste, era devoto de S\u00e3o Francisco das Chagas e quando veio morar em Duque de Caxias, conheceu os Franciscanos desta Prov\u00edncia da Imaculada. \u201cEm Caxias, cantava no Coral Pio X, participava da Ordem Terceira, Congrega\u00e7\u00e3o Mariana, participei da funda\u00e7\u00e3o da Jufra, onde pude aprender bastante para poder ingressar no semin\u00e1rio bem preparado, gra\u00e7as a Deus\u201d, revelou.<br \/>\nSegundo seus confrades, Frei Perceval era uma pessoa alegre, humana, sens\u00edvel e fraterna. Gostava da vida. Destacava-se pelo zelo pastoral e seu comprometimento com as pessoas mais simples e pobres, pr\u00f3prio de um disc\u00edpulo de S\u00e3o Francisco de Assis.<\/p>\n<p>R.I.P<\/p>\n","protected":false},"excerpt":{"rendered":"<p>Luto na Prov\u00edncia<\/p>\n","protected":false},"author":1,"featured_media":216772,"comment_status":"open","ping_status":"open","sticky":false,"template":"","format":"standard","meta":[],"categories":[1],"tags":[1160],"acf":[],"yoast_head":"<!-- This site is optimized with the Yoast SEO plugin v19.2 - https:\/\/yoast.com\/wordpress\/plugins\/seo\/ -->\n<title>Aos 67 anos, falece Frei Perceval Canuto em Bragan\u00e7a Paulista - Not\u00edcias - Franciscanos<\/title>\n<meta name=\"robots\" content=\"index, follow, max-snippet:-1, max-image-preview:large, max-video-preview:-1\" \/>\n<link rel=\"canonical\" href=\"https:\/\/franciscanos.org.br\/noticias\/aos-67-anos-falece-frei-perceval-canuto.html\" \/>\n<meta property=\"og:locale\" content=\"pt_BR\" \/>\n<meta property=\"og:type\" content=\"article\" \/>\n<meta property=\"og:title\" content=\"Aos 67 anos, falece Frei Perceval Canuto em Bragan\u00e7a Paulista - Not\u00edcias - Franciscanos\" \/>\n<meta property=\"og:description\" content=\"Luto na Prov\u00edncia\" \/>\n<meta property=\"og:url\" content=\"https:\/\/franciscanos.org.br\/noticias\/aos-67-anos-falece-frei-perceval-canuto.html\" \/>\n<meta property=\"og:site_name\" content=\"Not\u00edcias - Franciscanos\" \/>\n<meta property=\"article:published_time\" content=\"2018-01-19T23:17:22+00:00\" \/>\n<meta property=\"article:modified_time\" content=\"2020-03-05T11:42:50+00:00\" \/>\n<meta property=\"og:image\" content=\"https:\/\/franciscanos.org.br\/noticias\/wp-content\/uploads\/2018\/01\/PERCEVAL_ALTA.jpg\" \/>\n\t<meta property=\"og:image:width\" content=\"273\" \/>\n\t<meta property=\"og:image:height\" content=\"181\" \/>\n\t<meta property=\"og:image:type\" content=\"image\/jpeg\" \/>\n<meta name=\"author\" content=\"admin\" \/>\n<meta name=\"twitter:card\" content=\"summary_large_image\" \/>\n<meta name=\"twitter:label1\" content=\"Escrito por\" \/>\n\t<meta name=\"twitter:data1\" content=\"admin\" \/>\n\t<meta name=\"twitter:label2\" content=\"Est. tempo de leitura\" \/>\n\t<meta name=\"twitter:data2\" content=\"4 minutos\" \/>\n<script type=\"application\/ld+json\" class=\"yoast-schema-graph\">{\"@context\":\"https:\/\/schema.org\",\"@graph\":[{\"@type\":\"WebSite\",\"@id\":\"https:\/\/franciscanos.org.br\/noticias\/#website\",\"url\":\"https:\/\/franciscanos.org.br\/noticias\/\",\"name\":\"Not\u00edcias - Franciscanos\",\"description\":\"Prov\u00edncia Franciscana da Imaculada Concei\u00e7\u00e3o do Brasil - Ordem dos Frades Menores - OFM\",\"potentialAction\":[{\"@type\":\"SearchAction\",\"target\":{\"@type\":\"EntryPoint\",\"urlTemplate\":\"https:\/\/franciscanos.org.br\/noticias\/?s={search_term_string}\"},\"query-input\":\"required name=search_term_string\"}],\"inLanguage\":\"pt-BR\"},{\"@type\":\"ImageObject\",\"inLanguage\":\"pt-BR\",\"@id\":\"https:\/\/franciscanos.org.br\/noticias\/aos-67-anos-falece-frei-perceval-canuto.html#primaryimage\",\"url\":\"https:\/\/franciscanos.org.br\/noticias\/wp-content\/uploads\/2018\/01\/PERCEVAL_ALTA.jpg\",\"contentUrl\":\"https:\/\/franciscanos.org.br\/noticias\/wp-content\/uploads\/2018\/01\/PERCEVAL_ALTA.jpg\",\"width\":273,\"height\":181},{\"@type\":\"WebPage\",\"@id\":\"https:\/\/franciscanos.org.br\/noticias\/aos-67-anos-falece-frei-perceval-canuto.html#webpage\",\"url\":\"https:\/\/franciscanos.org.br\/noticias\/aos-67-anos-falece-frei-perceval-canuto.html\",\"name\":\"Aos 67 anos, falece Frei Perceval Canuto em Bragan\u00e7a Paulista - Not\u00edcias - Franciscanos\",\"isPartOf\":{\"@id\":\"https:\/\/franciscanos.org.br\/noticias\/#website\"},\"primaryImageOfPage\":{\"@id\":\"https:\/\/franciscanos.org.br\/noticias\/aos-67-anos-falece-frei-perceval-canuto.html#primaryimage\"},\"datePublished\":\"2018-01-19T23:17:22+00:00\",\"dateModified\":\"2020-03-05T11:42:50+00:00\",\"author\":{\"@id\":\"https:\/\/franciscanos.org.br\/noticias\/#\/schema\/person\/b38fbf43118f02820bd932f2e4b14ad3\"},\"breadcrumb\":{\"@id\":\"https:\/\/franciscanos.org.br\/noticias\/aos-67-anos-falece-frei-perceval-canuto.html#breadcrumb\"},\"inLanguage\":\"pt-BR\",\"potentialAction\":[{\"@type\":\"ReadAction\",\"target\":[\"https:\/\/franciscanos.org.br\/noticias\/aos-67-anos-falece-frei-perceval-canuto.html\"]}]},{\"@type\":\"BreadcrumbList\",\"@id\":\"https:\/\/franciscanos.org.br\/noticias\/aos-67-anos-falece-frei-perceval-canuto.html#breadcrumb\",\"itemListElement\":[{\"@type\":\"ListItem\",\"position\":1,\"name\":\"Home\",\"item\":\"https:\/\/franciscanos.org.br\/noticias\"},{\"@type\":\"ListItem\",\"position\":2,\"name\":\"Aos 67 anos, falece Frei Perceval Canuto em Bragan\u00e7a Paulista\"}]},{\"@type\":\"Person\",\"@id\":\"https:\/\/franciscanos.org.br\/noticias\/#\/schema\/person\/b38fbf43118f02820bd932f2e4b14ad3\",\"name\":\"admin\",\"image\":{\"@type\":\"ImageObject\",\"inLanguage\":\"pt-BR\",\"@id\":\"https:\/\/franciscanos.org.br\/noticias\/#\/schema\/person\/image\/\",\"url\":\"https:\/\/secure.gravatar.com\/avatar\/e8495742d34d0ba6448ea1c628263b3e?s=96&d=mm&r=g\",\"contentUrl\":\"https:\/\/secure.gravatar.com\/avatar\/e8495742d34d0ba6448ea1c628263b3e?s=96&d=mm&r=g\",\"caption\":\"admin\"},\"url\":\"https:\/\/franciscanos.org.br\/noticias\/author\/admin\"}]}<\/script>\n<!-- \/ Yoast SEO plugin. -->","yoast_head_json":{"title":"Aos 67 anos, falece Frei Perceval Canuto em Bragan\u00e7a Paulista - Not\u00edcias - Franciscanos","robots":{"index":"index","follow":"follow","max-snippet":"max-snippet:-1","max-image-preview":"max-image-preview:large","max-video-preview":"max-video-preview:-1"},"canonical":"https:\/\/franciscanos.org.br\/noticias\/aos-67-anos-falece-frei-perceval-canuto.html","og_locale":"pt_BR","og_type":"article","og_title":"Aos 67 anos, falece Frei Perceval Canuto em Bragan\u00e7a Paulista - Not\u00edcias - Franciscanos","og_description":"Luto na Prov\u00edncia","og_url":"https:\/\/franciscanos.org.br\/noticias\/aos-67-anos-falece-frei-perceval-canuto.html","og_site_name":"Not\u00edcias - Franciscanos","article_published_time":"2018-01-19T23:17:22+00:00","article_modified_time":"2020-03-05T11:42:50+00:00","og_image":[{"width":273,"height":181,"url":"https:\/\/franciscanos.org.br\/noticias\/wp-content\/uploads\/2018\/01\/PERCEVAL_ALTA.jpg","type":"image\/jpeg"}],"author":"admin","twitter_card":"summary_large_image","twitter_misc":{"Escrito por":"admin","Est. tempo de leitura":"4 minutos"},"schema":{"@context":"https:\/\/schema.org","@graph":[{"@type":"WebSite","@id":"https:\/\/franciscanos.org.br\/noticias\/#website","url":"https:\/\/franciscanos.org.br\/noticias\/","name":"Not\u00edcias - Franciscanos","description":"Prov\u00edncia Franciscana da Imaculada Concei\u00e7\u00e3o do Brasil - Ordem dos Frades Menores - OFM","potentialAction":[{"@type":"SearchAction","target":{"@type":"EntryPoint","urlTemplate":"https:\/\/franciscanos.org.br\/noticias\/?s={search_term_string}"},"query-input":"required name=search_term_string"}],"inLanguage":"pt-BR"},{"@type":"ImageObject","inLanguage":"pt-BR","@id":"https:\/\/franciscanos.org.br\/noticias\/aos-67-anos-falece-frei-perceval-canuto.html#primaryimage","url":"https:\/\/franciscanos.org.br\/noticias\/wp-content\/uploads\/2018\/01\/PERCEVAL_ALTA.jpg","contentUrl":"https:\/\/franciscanos.org.br\/noticias\/wp-content\/uploads\/2018\/01\/PERCEVAL_ALTA.jpg","width":273,"height":181},{"@type":"WebPage","@id":"https:\/\/franciscanos.org.br\/noticias\/aos-67-anos-falece-frei-perceval-canuto.html#webpage","url":"https:\/\/franciscanos.org.br\/noticias\/aos-67-anos-falece-frei-perceval-canuto.html","name":"Aos 67 anos, falece Frei Perceval Canuto em Bragan\u00e7a Paulista - Not\u00edcias - Franciscanos","isPartOf":{"@id":"https:\/\/franciscanos.org.br\/noticias\/#website"},"primaryImageOfPage":{"@id":"https:\/\/franciscanos.org.br\/noticias\/aos-67-anos-falece-frei-perceval-canuto.html#primaryimage"},"datePublished":"2018-01-19T23:17:22+00:00","dateModified":"2020-03-05T11:42:50+00:00","author":{"@id":"https:\/\/franciscanos.org.br\/noticias\/#\/schema\/person\/b38fbf43118f02820bd932f2e4b14ad3"},"breadcrumb":{"@id":"https:\/\/franciscanos.org.br\/noticias\/aos-67-anos-falece-frei-perceval-canuto.html#breadcrumb"},"inLanguage":"pt-BR","potentialAction":[{"@type":"ReadAction","target":["https:\/\/franciscanos.org.br\/noticias\/aos-67-anos-falece-frei-perceval-canuto.html"]}]},{"@type":"BreadcrumbList","@id":"https:\/\/franciscanos.org.br\/noticias\/aos-67-anos-falece-frei-perceval-canuto.html#breadcrumb","itemListElement":[{"@type":"ListItem","position":1,"name":"Home","item":"https:\/\/franciscanos.org.br\/noticias"},{"@type":"ListItem","position":2,"name":"Aos 67 anos, falece Frei Perceval Canuto em Bragan\u00e7a Paulista"}]},{"@type":"Person","@id":"https:\/\/franciscanos.org.br\/noticias\/#\/schema\/person\/b38fbf43118f02820bd932f2e4b14ad3","name":"admin","image":{"@type":"ImageObject","inLanguage":"pt-BR","@id":"https:\/\/franciscanos.org.br\/noticias\/#\/schema\/person\/image\/","url":"https:\/\/secure.gravatar.com\/avatar\/e8495742d34d0ba6448ea1c628263b3e?s=96&d=mm&r=g","contentUrl":"https:\/\/secure.gravatar.com\/avatar\/e8495742d34d0ba6448ea1c628263b3e?s=96&d=mm&r=g","caption":"admin"},"url":"https:\/\/franciscanos.org.br\/noticias\/author\/admin"}]}},"_links":{"self":[{"href":"https:\/\/franciscanos.org.br\/noticias\/wp-json\/wp\/v2\/posts\/149656"}],"collection":[{"href":"https:\/\/franciscanos.org.br\/noticias\/wp-json\/wp\/v2\/posts"}],"about":[{"href":"https:\/\/franciscanos.org.br\/noticias\/wp-json\/wp\/v2\/types\/post"}],"author":[{"embeddable":true,"href":"https:\/\/franciscanos.org.br\/noticias\/wp-json\/wp\/v2\/users\/1"}],"replies":[{"embeddable":true,"href":"https:\/\/franciscanos.org.br\/noticias\/wp-json\/wp\/v2\/comments?post=149656"}],"version-history":[{"count":0,"href":"https:\/\/franciscanos.org.br\/noticias\/wp-json\/wp\/v2\/posts\/149656\/revisions"}],"wp:featuredmedia":[{"embeddable":true,"href":"https:\/\/franciscanos.org.br\/noticias\/wp-json\/wp\/v2\/media\/216772"}],"wp:attachment":[{"href":"https:\/\/franciscanos.org.br\/noticias\/wp-json\/wp\/v2\/media?parent=149656"}],"wp:term":[{"taxonomy":"category","embeddable":true,"href":"https:\/\/franciscanos.org.br\/noticias\/wp-json\/wp\/v2\/categories?post=149656"},{"taxonomy":"post_tag","embeddable":true,"href":"https:\/\/franciscanos.org.br\/noticias\/wp-json\/wp\/v2\/tags?post=149656"}],"curies":[{"name":"wp","href":"https:\/\/api.w.org\/{rel}","templated":true}]}}