{"id":149604,"date":"2018-01-19T08:49:05","date_gmt":"2018-01-19T10:49:05","guid":{"rendered":"http:\/\/franciscanos.org.br\/?p=149604"},"modified":"2019-01-04T14:51:22","modified_gmt":"2019-01-04T16:51:22","slug":"morre-o-bispo-franciscano-dom-celio-de-oliveira-goulart","status":"publish","type":"post","link":"https:\/\/franciscanos.org.br\/noticias\/morre-o-bispo-franciscano-dom-celio-de-oliveira-goulart.html","title":{"rendered":"Falece o bispo franciscano Dom C\u00e9lio de Oliveira Goulart"},"content":{"rendered":"<p><img loading=\"lazy\" src=\"http:\/\/franciscanos.org.br\/wp-content\/uploads\/2018\/01\/celio_190118_1.jpg\" alt=\"celio_190118_1\" width=\"820\" height=\"380\" \/><\/p>\n<blockquote><p>\u201cDisse-lhe Jesus: Eu sou a ressurrei\u00e7\u00e3o e a vida; quem cr\u00ea em mim, ainda que esteja morto, viver\u00e1; e todo aquele que vive, e cr\u00ea em mim , nunca morrer\u00e1!\u201d (Jo 11, 25-26)<\/p><\/blockquote>\n<p>&#8220;Com profundo pesar comunicamos o falecimento de nosso querido pastor, nosso bispo diocesano Dom C\u00e9lio de Oliveira Goulart. O nosso pastor faleceu aproximadamente \u00e0s 2 horas, do dia 19 de janeiro de 2018, na Santa Casa de Miseric\u00f3rdia de S\u00e3o Jo\u00e3o del-Rei, onde estava internado desde o dia 26 de dezembro de 2017. Dom C\u00e9lio lutava contra um c\u00e2ncer desde dezembro de 2016&#8221;, informou em nota Pe. Dirceu de Oliveira Medeiros, Vig\u00e1rio Geral da Diocese.<\/p>\n<p>O vel\u00f3rio ser\u00e1 na Catedral Bas\u00edlica de Nossa Senhora do Pilar. Dia 20, \u00e0s 10 horas, nesta Igreja ser\u00e1 celebrada a Missa de corpo presente, presidida pelo Senhor Arcebispo Metropolitano e concelebrada pelo clero diocesano e demais bispos e padres presentes. Ap\u00f3s esta Missa, o f\u00e9retro seguir\u00e1 para a cidade de Ita\u00fana, onde ser\u00e1 velado na Igreja Matriz de Sant\u2019Ana. Dia 21, ap\u00f3s Missa na Matriz, \u00e0s 10 horas, ser\u00e1 sepultado. Conforme desejo de seus familiares ser\u00e1 sepultado em Ita\u00fana, no jazigo da fam\u00edlia, junto de seus pais.<\/p>\n<p>&#8220;Que o Senhor Ressuscitado, aquele que venceu a morte, o receba no c\u00e9u, junto \u00e0 M\u00e3e de Jesus e do Ser\u00e1fico Pai S\u00e3o Francisco de Assis. Aos seus familiares, \u00e0 Fam\u00edlia Franciscana nossos sentidos e sinceros p\u00easames!&#8221;, pediu Pe. Dirceu.<\/p>\n<p>Dom C\u00e9lio de Oliveira Goulart \u00e9 natural de Piracema. Estudou filosofia no Convento S\u00e3o Boaventura, em Daltro Filho (RS) e no Convento Santa Maria dos Anjos, em Betim (MG). O curso de Teologia foi feito no Convento Santo Ant\u00f4nio, em Divin\u00f3polis (MG), e no Instituto de Teologia da PUC-Minas, em Belo Horizonte (MG). Em 12 de julho de 1969 foi ordenado padre pela Ordem dos Frades Menores (OFM). Em agosto de 1998 foi nomeado bispo da diocese de Leopoldina (MG) e adotou como lema \u201cA cruz \u00e9 a for\u00e7a de Deus\u201d. Em 2003, foi transferido para a diocese de Cachoeiro do Itapemirim. De 2003 a 2007, foi presidente do Regional Leste 2 da Confer\u00eancia Nacional dos Bispos do Brasil (CNBB) de Minas Gerais e Esp\u00edrito Santo e membro do Conselho Permanente da CNBB. Dom C\u00e9lio tomou posse como bispo da diocese de S\u00e3o Jo\u00e3o del-Rei no dia 17 de julho de 2010.<\/p>\n","protected":false},"excerpt":{"rendered":"<p>CFFB<\/p>\n","protected":false},"author":1,"featured_media":187168,"comment_status":"open","ping_status":"open","sticky":false,"template":"","format":"standard","meta":[],"categories":[1],"tags":[1160],"acf":[],"yoast_head":"<!-- This site is optimized with the Yoast SEO plugin v19.2 - https:\/\/yoast.com\/wordpress\/plugins\/seo\/ -->\n<title>Falece o bispo franciscano Dom C\u00e9lio de Oliveira Goulart - Not\u00edcias - Franciscanos<\/title>\n<meta name=\"robots\" content=\"index, follow, max-snippet:-1, max-image-preview:large, max-video-preview:-1\" \/>\n<link rel=\"canonical\" href=\"https:\/\/franciscanos.org.br\/noticias\/morre-o-bispo-franciscano-dom-celio-de-oliveira-goulart.html\" \/>\n<meta property=\"og:locale\" content=\"pt_BR\" \/>\n<meta property=\"og:type\" content=\"article\" \/>\n<meta property=\"og:title\" content=\"Falece o bispo franciscano Dom C\u00e9lio de Oliveira Goulart - Not\u00edcias - Franciscanos\" \/>\n<meta property=\"og:description\" content=\"CFFB\" \/>\n<meta property=\"og:url\" content=\"https:\/\/franciscanos.org.br\/noticias\/morre-o-bispo-franciscano-dom-celio-de-oliveira-goulart.html\" \/>\n<meta property=\"og:site_name\" content=\"Not\u00edcias - Franciscanos\" \/>\n<meta property=\"article:published_time\" content=\"2018-01-19T10:49:05+00:00\" \/>\n<meta property=\"article:modified_time\" content=\"2019-01-04T16:51:22+00:00\" \/>\n<meta property=\"og:image\" content=\"https:\/\/franciscanos.org.br\/noticias\/wp-content\/uploads\/2018\/11\/celio_190118_1-1.jpg\" \/>\n\t<meta property=\"og:image:width\" content=\"820\" \/>\n\t<meta property=\"og:image:height\" content=\"380\" \/>\n\t<meta property=\"og:image:type\" content=\"image\/jpeg\" \/>\n<meta name=\"author\" content=\"admin\" \/>\n<meta name=\"twitter:card\" content=\"summary_large_image\" \/>\n<meta name=\"twitter:label1\" content=\"Escrito por\" \/>\n\t<meta name=\"twitter:data1\" content=\"admin\" \/>\n\t<meta name=\"twitter:label2\" content=\"Est. tempo de leitura\" \/>\n\t<meta name=\"twitter:data2\" content=\"2 minutos\" \/>\n<script type=\"application\/ld+json\" class=\"yoast-schema-graph\">{\"@context\":\"https:\/\/schema.org\",\"@graph\":[{\"@type\":\"WebSite\",\"@id\":\"https:\/\/franciscanos.org.br\/noticias\/#website\",\"url\":\"https:\/\/franciscanos.org.br\/noticias\/\",\"name\":\"Not\u00edcias - Franciscanos\",\"description\":\"Prov\u00edncia Franciscana da Imaculada Concei\u00e7\u00e3o do Brasil - Ordem dos Frades Menores - OFM\",\"potentialAction\":[{\"@type\":\"SearchAction\",\"target\":{\"@type\":\"EntryPoint\",\"urlTemplate\":\"https:\/\/franciscanos.org.br\/noticias\/?s={search_term_string}\"},\"query-input\":\"required name=search_term_string\"}],\"inLanguage\":\"pt-BR\"},{\"@type\":\"ImageObject\",\"inLanguage\":\"pt-BR\",\"@id\":\"https:\/\/franciscanos.org.br\/noticias\/morre-o-bispo-franciscano-dom-celio-de-oliveira-goulart.html#primaryimage\",\"url\":\"https:\/\/franciscanos.org.br\/noticias\/wp-content\/uploads\/2018\/11\/celio_190118_1-1.jpg\",\"contentUrl\":\"https:\/\/franciscanos.org.br\/noticias\/wp-content\/uploads\/2018\/11\/celio_190118_1-1.jpg\",\"width\":820,\"height\":380},{\"@type\":\"WebPage\",\"@id\":\"https:\/\/franciscanos.org.br\/noticias\/morre-o-bispo-franciscano-dom-celio-de-oliveira-goulart.html#webpage\",\"url\":\"https:\/\/franciscanos.org.br\/noticias\/morre-o-bispo-franciscano-dom-celio-de-oliveira-goulart.html\",\"name\":\"Falece o bispo franciscano Dom C\u00e9lio de Oliveira Goulart - Not\u00edcias - Franciscanos\",\"isPartOf\":{\"@id\":\"https:\/\/franciscanos.org.br\/noticias\/#website\"},\"primaryImageOfPage\":{\"@id\":\"https:\/\/franciscanos.org.br\/noticias\/morre-o-bispo-franciscano-dom-celio-de-oliveira-goulart.html#primaryimage\"},\"datePublished\":\"2018-01-19T10:49:05+00:00\",\"dateModified\":\"2019-01-04T16:51:22+00:00\",\"author\":{\"@id\":\"https:\/\/franciscanos.org.br\/noticias\/#\/schema\/person\/b38fbf43118f02820bd932f2e4b14ad3\"},\"breadcrumb\":{\"@id\":\"https:\/\/franciscanos.org.br\/noticias\/morre-o-bispo-franciscano-dom-celio-de-oliveira-goulart.html#breadcrumb\"},\"inLanguage\":\"pt-BR\",\"potentialAction\":[{\"@type\":\"ReadAction\",\"target\":[\"https:\/\/franciscanos.org.br\/noticias\/morre-o-bispo-franciscano-dom-celio-de-oliveira-goulart.html\"]}]},{\"@type\":\"BreadcrumbList\",\"@id\":\"https:\/\/franciscanos.org.br\/noticias\/morre-o-bispo-franciscano-dom-celio-de-oliveira-goulart.html#breadcrumb\",\"itemListElement\":[{\"@type\":\"ListItem\",\"position\":1,\"name\":\"Home\",\"item\":\"https:\/\/franciscanos.org.br\/noticias\"},{\"@type\":\"ListItem\",\"position\":2,\"name\":\"Falece o bispo franciscano Dom C\u00e9lio de Oliveira Goulart\"}]},{\"@type\":\"Person\",\"@id\":\"https:\/\/franciscanos.org.br\/noticias\/#\/schema\/person\/b38fbf43118f02820bd932f2e4b14ad3\",\"name\":\"admin\",\"image\":{\"@type\":\"ImageObject\",\"inLanguage\":\"pt-BR\",\"@id\":\"https:\/\/franciscanos.org.br\/noticias\/#\/schema\/person\/image\/\",\"url\":\"https:\/\/secure.gravatar.com\/avatar\/e8495742d34d0ba6448ea1c628263b3e?s=96&d=mm&r=g\",\"contentUrl\":\"https:\/\/secure.gravatar.com\/avatar\/e8495742d34d0ba6448ea1c628263b3e?s=96&d=mm&r=g\",\"caption\":\"admin\"},\"url\":\"https:\/\/franciscanos.org.br\/noticias\/author\/admin\"}]}<\/script>\n<!-- \/ Yoast SEO plugin. -->","yoast_head_json":{"title":"Falece o bispo franciscano Dom C\u00e9lio de Oliveira Goulart - Not\u00edcias - Franciscanos","robots":{"index":"index","follow":"follow","max-snippet":"max-snippet:-1","max-image-preview":"max-image-preview:large","max-video-preview":"max-video-preview:-1"},"canonical":"https:\/\/franciscanos.org.br\/noticias\/morre-o-bispo-franciscano-dom-celio-de-oliveira-goulart.html","og_locale":"pt_BR","og_type":"article","og_title":"Falece o bispo franciscano Dom C\u00e9lio de Oliveira Goulart - Not\u00edcias - Franciscanos","og_description":"CFFB","og_url":"https:\/\/franciscanos.org.br\/noticias\/morre-o-bispo-franciscano-dom-celio-de-oliveira-goulart.html","og_site_name":"Not\u00edcias - Franciscanos","article_published_time":"2018-01-19T10:49:05+00:00","article_modified_time":"2019-01-04T16:51:22+00:00","og_image":[{"width":820,"height":380,"url":"https:\/\/franciscanos.org.br\/noticias\/wp-content\/uploads\/2018\/11\/celio_190118_1-1.jpg","type":"image\/jpeg"}],"author":"admin","twitter_card":"summary_large_image","twitter_misc":{"Escrito por":"admin","Est. tempo de leitura":"2 minutos"},"schema":{"@context":"https:\/\/schema.org","@graph":[{"@type":"WebSite","@id":"https:\/\/franciscanos.org.br\/noticias\/#website","url":"https:\/\/franciscanos.org.br\/noticias\/","name":"Not\u00edcias - Franciscanos","description":"Prov\u00edncia Franciscana da Imaculada Concei\u00e7\u00e3o do Brasil - Ordem dos Frades Menores - OFM","potentialAction":[{"@type":"SearchAction","target":{"@type":"EntryPoint","urlTemplate":"https:\/\/franciscanos.org.br\/noticias\/?s={search_term_string}"},"query-input":"required name=search_term_string"}],"inLanguage":"pt-BR"},{"@type":"ImageObject","inLanguage":"pt-BR","@id":"https:\/\/franciscanos.org.br\/noticias\/morre-o-bispo-franciscano-dom-celio-de-oliveira-goulart.html#primaryimage","url":"https:\/\/franciscanos.org.br\/noticias\/wp-content\/uploads\/2018\/11\/celio_190118_1-1.jpg","contentUrl":"https:\/\/franciscanos.org.br\/noticias\/wp-content\/uploads\/2018\/11\/celio_190118_1-1.jpg","width":820,"height":380},{"@type":"WebPage","@id":"https:\/\/franciscanos.org.br\/noticias\/morre-o-bispo-franciscano-dom-celio-de-oliveira-goulart.html#webpage","url":"https:\/\/franciscanos.org.br\/noticias\/morre-o-bispo-franciscano-dom-celio-de-oliveira-goulart.html","name":"Falece o bispo franciscano Dom C\u00e9lio de Oliveira Goulart - Not\u00edcias - Franciscanos","isPartOf":{"@id":"https:\/\/franciscanos.org.br\/noticias\/#website"},"primaryImageOfPage":{"@id":"https:\/\/franciscanos.org.br\/noticias\/morre-o-bispo-franciscano-dom-celio-de-oliveira-goulart.html#primaryimage"},"datePublished":"2018-01-19T10:49:05+00:00","dateModified":"2019-01-04T16:51:22+00:00","author":{"@id":"https:\/\/franciscanos.org.br\/noticias\/#\/schema\/person\/b38fbf43118f02820bd932f2e4b14ad3"},"breadcrumb":{"@id":"https:\/\/franciscanos.org.br\/noticias\/morre-o-bispo-franciscano-dom-celio-de-oliveira-goulart.html#breadcrumb"},"inLanguage":"pt-BR","potentialAction":[{"@type":"ReadAction","target":["https:\/\/franciscanos.org.br\/noticias\/morre-o-bispo-franciscano-dom-celio-de-oliveira-goulart.html"]}]},{"@type":"BreadcrumbList","@id":"https:\/\/franciscanos.org.br\/noticias\/morre-o-bispo-franciscano-dom-celio-de-oliveira-goulart.html#breadcrumb","itemListElement":[{"@type":"ListItem","position":1,"name":"Home","item":"https:\/\/franciscanos.org.br\/noticias"},{"@type":"ListItem","position":2,"name":"Falece o bispo franciscano Dom C\u00e9lio de Oliveira Goulart"}]},{"@type":"Person","@id":"https:\/\/franciscanos.org.br\/noticias\/#\/schema\/person\/b38fbf43118f02820bd932f2e4b14ad3","name":"admin","image":{"@type":"ImageObject","inLanguage":"pt-BR","@id":"https:\/\/franciscanos.org.br\/noticias\/#\/schema\/person\/image\/","url":"https:\/\/secure.gravatar.com\/avatar\/e8495742d34d0ba6448ea1c628263b3e?s=96&d=mm&r=g","contentUrl":"https:\/\/secure.gravatar.com\/avatar\/e8495742d34d0ba6448ea1c628263b3e?s=96&d=mm&r=g","caption":"admin"},"url":"https:\/\/franciscanos.org.br\/noticias\/author\/admin"}]}},"_links":{"self":[{"href":"https:\/\/franciscanos.org.br\/noticias\/wp-json\/wp\/v2\/posts\/149604"}],"collection":[{"href":"https:\/\/franciscanos.org.br\/noticias\/wp-json\/wp\/v2\/posts"}],"about":[{"href":"https:\/\/franciscanos.org.br\/noticias\/wp-json\/wp\/v2\/types\/post"}],"author":[{"embeddable":true,"href":"https:\/\/franciscanos.org.br\/noticias\/wp-json\/wp\/v2\/users\/1"}],"replies":[{"embeddable":true,"href":"https:\/\/franciscanos.org.br\/noticias\/wp-json\/wp\/v2\/comments?post=149604"}],"version-history":[{"count":0,"href":"https:\/\/franciscanos.org.br\/noticias\/wp-json\/wp\/v2\/posts\/149604\/revisions"}],"wp:featuredmedia":[{"embeddable":true,"href":"https:\/\/franciscanos.org.br\/noticias\/wp-json\/wp\/v2\/media\/187168"}],"wp:attachment":[{"href":"https:\/\/franciscanos.org.br\/noticias\/wp-json\/wp\/v2\/media?parent=149604"}],"wp:term":[{"taxonomy":"category","embeddable":true,"href":"https:\/\/franciscanos.org.br\/noticias\/wp-json\/wp\/v2\/categories?post=149604"},{"taxonomy":"post_tag","embeddable":true,"href":"https:\/\/franciscanos.org.br\/noticias\/wp-json\/wp\/v2\/tags?post=149604"}],"curies":[{"name":"wp","href":"https:\/\/api.w.org\/{rel}","templated":true}]}}