{"id":149513,"date":"2018-01-19T01:27:54","date_gmt":"2018-01-19T03:27:54","guid":{"rendered":"http:\/\/franciscanos.org.br\/?p=149513"},"modified":"2020-08-10T15:56:34","modified_gmt":"2020-08-10T18:56:34","slug":"juventude-franciscana-parte-em-missao","status":"publish","type":"post","link":"https:\/\/franciscanos.org.br\/noticias\/juventude-franciscana-parte-em-missao.html","title":{"rendered":"Jovens partem em miss\u00e3o no segundo dia"},"content":{"rendered":"<p><strong>Agudos (SP) &#8211;<\/strong> Na quinta-feira, 18, aconteceu o segundo dia das Miss\u00f5es Franciscanas da Juventude. Quase 600 jovens est\u00e3o reunidos desde a manh\u00e3 de quarta-feira no Semin\u00e1rio Santo Ant\u00f4nio, na cidade de Agudos.<\/p>\n<p>Logo no in\u00edcio do dia, os mission\u00e1rios se dirigiram para um dos campos do semin\u00e1rio e l\u00e1 fizeram a prece matinal, com a assessoria de Rosana Padial. Ela falou sobre S\u00e3o Francisco de Assis e sua rela\u00e7\u00e3o com a cria\u00e7\u00e3o. Atrav\u00e9s de passos da dan\u00e7a circular, n\u00e3o houve quem contemplasse e sentisse paz ao vislumbrar a natureza que o Criador j\u00e1 proporcionava no in\u00edcio do dia.<\/p>\n<p><img loading=\"lazy\" class=\"alignleft wp-image-149522\" src=\"http:\/\/franciscanos.org.br\/wp-content\/uploads\/2018\/01\/missao_180118-9.jpg\" alt=\"missao_180118-9\" width=\"360\" height=\"240\" \/>Em seguida, Carlos Neto, da Ordem Franciscana Secular (OFS) de Agudos, falou sobre o tema e o lema desta edi\u00e7\u00e3o, \u201cSenhor, onde est\u00e1 o meu irm\u00e3o? Vem e segue-me\u201d. Ele falou sobre v\u00e1rios aspectos da irmandade e fraternidade, recordando o testamento de S\u00e3o Francisco de Assis, onde ele diz: \u201cE depois que o Senhor me deu irm\u00e3os ningu\u00e9m me mostrou o que eu deveria fazer, mas o Alt\u00edssimo mesmo me revelou que eu devia viver segundo a forma do santo Evangelho\u201d (Testamento de S\u00e3o Francisco \u2013 1226), passando por Caim e Abel e a ruptura da fraternidade. \u201cJesus vem restaurar a fraternidade que havia se perdido h\u00e1 muito tempo atr\u00e1s, nos prim\u00f3rdios, quando a inveja, a gan\u00e2ncia, a sede de poder e indiferen\u00e7a se apossaram do cora\u00e7\u00e3o dos seres humanos. Ningu\u00e9m melhor que Ele para nos falar onde encontrar o nosso irm\u00e3o e como agir com o nosso irm\u00e3o necessitado\u201d, afirmou o jovem. Logo ap\u00f3s, Celenita de Oliveira Coelho, fundadora da Comunidade Terap\u00eautica Bom Pastor, deu seu testemunho. Este \u00e9 um dos locais onde os jovens estar\u00e3o em miss\u00e3o nos pr\u00f3ximos dias.<\/p>\n<p>No final da manh\u00e3, os participantes se dividiram em 15 oficinas, com temas variados. Andr\u00e9 Rohling, de S\u00e3o Bonif\u00e1cio (SC), participou da oficina juventude e arte, que contou com a assessoria de Frei Pedro Pinheiro. Para ele, a oficina foi uma forma de aprender a expressar as emo\u00e7\u00f5es atrav\u00e9s da arte.<\/p>\n<p>Ap\u00f3s o almo\u00e7o, os participantes fizeram uma caminhada a p\u00e9 at\u00e9 o centro da cidade de Agudos. Vestida de colete amarelo, a caravana coloriu o trajeto, levando a paz e o bem pelas ruas agudenses. Foram cerca de 10km, ida e volta. Na frente da Prefeitura Municipal, os jovens fizeram o \u201cflash mob\u201d, com a coreografia do hino das Miss\u00f5es Franciscanas. O prefeito Altair Francisco Silva acolheu os participantes e fez uma prece, falando sobre a paz e a uni\u00e3o entre todas as cren\u00e7as. Em seguida, todos se dirigiram para a Par\u00f3quia S\u00e3o Paulo Ap\u00f3stolo. Na pra\u00e7a, foi plantada uma \u00e1rvore, simbolizando a passagem dos mission\u00e1rios pela cidade. O p\u00e1roco, Frei S\u00edlvio Trindade Werlingue, estava presente, assim como o prefeito.<\/p>\n<p><img loading=\"lazy\" src=\"http:\/\/franciscanos.org.br\/wp-content\/uploads\/2018\/01\/missoes_180118_830_3.jpg\" alt=\"missoes_180118_830_3\" width=\"830\" height=\"400\" \/><\/p>\n<p>Os jovens voltaram caminhando para o Semin\u00e1rio, onde celebraram a Eucaristia no fim da tarde. A missa foi presidida por Frei Diego Melo, coordenador do Servi\u00e7o de Anima\u00e7\u00e3o Vocacional (SAV) e concelebrada por Frei S\u00edlvio Trindade Werlingue, Frei Douglas Machado, Frei Pedro Rodrigues, Frei Carlos Pierezan, Frei Miguel Cruz e Frei Franklin Francisco Silva de Freitas, da Prov\u00edncia S\u00e3o Francisco do Rio Grande do Sul.<\/p>\n<p>Em sua homilia, Frei Carlos Pierezan falou sobre a espiritualidade de miss\u00e3o. Ele afirmou que o Reino de Deus \u00e9 o pr\u00f3prio Jesus, encarnado. \u201cEste projeto chamado Reino de Deus n\u00e3o est\u00e1 escrito em nenhum livro, em nenhum tratado. Ele \u00e9 vida, \u00e9 uma pessoa viva que n\u00f3s chamamos Jesus Cristo. Se n\u00f3s quisermos conhecer o Pai, temos que conhecer Jesus\u201d, exortou.<\/p>\n<p>O frade pediu que os jovens, ao sa\u00edrem em miss\u00e3o, fossem buscar Jesus entre os mais necessitados, citando as periferias existenciais, de que nos fala o Papa Francisco. \u201cVamos com Jesus para as periferias da vida, onde Jesus est\u00e1 crucificado, onde Jesus est\u00e1 sofrendo\u201d, acrescentou. E concluiu a homilia fazendo o envio dos jovens: \u201cN\u00f3s enviamos voc\u00eas! A Igreja envia voc\u00eas hoje, em nome do Pai e do Filho e do Esp\u00edrito Santo\u201d. A prece foi seguida de uma calorosa salva de palmas.<\/p>\n<p>No momento de a\u00e7\u00e3o de gra\u00e7as, Frei Diego Melo chamou todos os religiosos, religiosas, vocacionados e vocacionadas para o presbit\u00e9rio e falou sobre a import\u00e2ncia da presen\u00e7a dos religiosos no meio dos jovens e partilhou o testemunho de muitos jovens que come\u00e7aram sua caminhada vocacional nas experi\u00eancias realizadas pelo SAV, como as miss\u00f5es e caminhadas.<\/p>\n<p>No final da noite, os jovens foram encaminhados para as comunidades, onde far\u00e3o a experi\u00eancia de miss\u00e3o nos pr\u00f3ximos dias. A 5\u00aa edi\u00e7\u00e3o das Miss\u00f5es Franciscanas acontece at\u00e9 o pr\u00f3ximo domingo, 22.<\/p>\n<p style=\"text-align: left;\"><strong>Veja o v\u00eddeo com um resumo deste segundo dia de atividades:<\/strong><\/p>\n<p style=\"text-align: center;\"><strong><iframe loading=\"lazy\" src=\"https:\/\/www.youtube.com\/embed\/LgNEUj6ulJ4\" width=\"100%\" height=\"450\" frameborder=\"0\" allowfullscreen=\"allowfullscreen\"><\/iframe><\/strong><\/p>\n<p><strong>Frei Gabriel Dellandrea, Frei Augusto Luiz Gabriel e \u00c9rika Augusto<\/strong><\/p>\n","protected":false},"excerpt":{"rendered":"<p>Miss\u00f5es Franciscanas da Juventude<\/p>\n","protected":false},"author":1,"featured_media":188689,"comment_status":"open","ping_status":"open","sticky":false,"template":"","format":"standard","meta":[],"categories":[1],"tags":[1206],"acf":[],"yoast_head":"<!-- This site is optimized with the Yoast SEO plugin v19.2 - https:\/\/yoast.com\/wordpress\/plugins\/seo\/ -->\n<title>Jovens partem em miss\u00e3o no segundo dia - Not\u00edcias - Franciscanos<\/title>\n<meta name=\"robots\" content=\"index, follow, max-snippet:-1, max-image-preview:large, max-video-preview:-1\" \/>\n<link rel=\"canonical\" href=\"https:\/\/franciscanos.org.br\/noticias\/juventude-franciscana-parte-em-missao.html\" \/>\n<meta property=\"og:locale\" content=\"pt_BR\" \/>\n<meta property=\"og:type\" content=\"article\" \/>\n<meta property=\"og:title\" content=\"Jovens partem em miss\u00e3o no segundo dia - Not\u00edcias - Franciscanos\" \/>\n<meta property=\"og:description\" content=\"Miss\u00f5es Franciscanas da Juventude\" \/>\n<meta property=\"og:url\" content=\"https:\/\/franciscanos.org.br\/noticias\/juventude-franciscana-parte-em-missao.html\" \/>\n<meta property=\"og:site_name\" content=\"Not\u00edcias - Franciscanos\" \/>\n<meta property=\"article:published_time\" content=\"2018-01-19T03:27:54+00:00\" \/>\n<meta property=\"article:modified_time\" content=\"2020-08-10T18:56:34+00:00\" \/>\n<meta property=\"og:image\" content=\"https:\/\/franciscanos.org.br\/noticias\/wp-content\/uploads\/2018\/11\/missao_180118-9-1.jpg\" \/>\n\t<meta property=\"og:image:width\" content=\"1000\" \/>\n\t<meta property=\"og:image:height\" content=\"667\" \/>\n\t<meta property=\"og:image:type\" content=\"image\/jpeg\" \/>\n<meta name=\"author\" content=\"admin\" \/>\n<meta name=\"twitter:card\" content=\"summary_large_image\" \/>\n<meta name=\"twitter:label1\" content=\"Escrito por\" \/>\n\t<meta name=\"twitter:data1\" content=\"admin\" \/>\n\t<meta name=\"twitter:label2\" content=\"Est. tempo de leitura\" \/>\n\t<meta name=\"twitter:data2\" content=\"4 minutos\" \/>\n<script type=\"application\/ld+json\" class=\"yoast-schema-graph\">{\"@context\":\"https:\/\/schema.org\",\"@graph\":[{\"@type\":\"WebSite\",\"@id\":\"https:\/\/franciscanos.org.br\/noticias\/#website\",\"url\":\"https:\/\/franciscanos.org.br\/noticias\/\",\"name\":\"Not\u00edcias - Franciscanos\",\"description\":\"Prov\u00edncia Franciscana da Imaculada Concei\u00e7\u00e3o do Brasil - Ordem dos Frades Menores - OFM\",\"potentialAction\":[{\"@type\":\"SearchAction\",\"target\":{\"@type\":\"EntryPoint\",\"urlTemplate\":\"https:\/\/franciscanos.org.br\/noticias\/?s={search_term_string}\"},\"query-input\":\"required name=search_term_string\"}],\"inLanguage\":\"pt-BR\"},{\"@type\":\"ImageObject\",\"inLanguage\":\"pt-BR\",\"@id\":\"https:\/\/franciscanos.org.br\/noticias\/juventude-franciscana-parte-em-missao.html#primaryimage\",\"url\":\"https:\/\/franciscanos.org.br\/noticias\/wp-content\/uploads\/2018\/11\/missao_180118-9-1.jpg\",\"contentUrl\":\"https:\/\/franciscanos.org.br\/noticias\/wp-content\/uploads\/2018\/11\/missao_180118-9-1.jpg\",\"width\":1000,\"height\":667},{\"@type\":\"WebPage\",\"@id\":\"https:\/\/franciscanos.org.br\/noticias\/juventude-franciscana-parte-em-missao.html#webpage\",\"url\":\"https:\/\/franciscanos.org.br\/noticias\/juventude-franciscana-parte-em-missao.html\",\"name\":\"Jovens partem em miss\u00e3o no segundo dia - Not\u00edcias - Franciscanos\",\"isPartOf\":{\"@id\":\"https:\/\/franciscanos.org.br\/noticias\/#website\"},\"primaryImageOfPage\":{\"@id\":\"https:\/\/franciscanos.org.br\/noticias\/juventude-franciscana-parte-em-missao.html#primaryimage\"},\"datePublished\":\"2018-01-19T03:27:54+00:00\",\"dateModified\":\"2020-08-10T18:56:34+00:00\",\"author\":{\"@id\":\"https:\/\/franciscanos.org.br\/noticias\/#\/schema\/person\/b38fbf43118f02820bd932f2e4b14ad3\"},\"breadcrumb\":{\"@id\":\"https:\/\/franciscanos.org.br\/noticias\/juventude-franciscana-parte-em-missao.html#breadcrumb\"},\"inLanguage\":\"pt-BR\",\"potentialAction\":[{\"@type\":\"ReadAction\",\"target\":[\"https:\/\/franciscanos.org.br\/noticias\/juventude-franciscana-parte-em-missao.html\"]}]},{\"@type\":\"BreadcrumbList\",\"@id\":\"https:\/\/franciscanos.org.br\/noticias\/juventude-franciscana-parte-em-missao.html#breadcrumb\",\"itemListElement\":[{\"@type\":\"ListItem\",\"position\":1,\"name\":\"Home\",\"item\":\"https:\/\/franciscanos.org.br\/noticias\"},{\"@type\":\"ListItem\",\"position\":2,\"name\":\"Jovens partem em miss\u00e3o no segundo dia\"}]},{\"@type\":\"Person\",\"@id\":\"https:\/\/franciscanos.org.br\/noticias\/#\/schema\/person\/b38fbf43118f02820bd932f2e4b14ad3\",\"name\":\"admin\",\"image\":{\"@type\":\"ImageObject\",\"inLanguage\":\"pt-BR\",\"@id\":\"https:\/\/franciscanos.org.br\/noticias\/#\/schema\/person\/image\/\",\"url\":\"https:\/\/secure.gravatar.com\/avatar\/e8495742d34d0ba6448ea1c628263b3e?s=96&d=mm&r=g\",\"contentUrl\":\"https:\/\/secure.gravatar.com\/avatar\/e8495742d34d0ba6448ea1c628263b3e?s=96&d=mm&r=g\",\"caption\":\"admin\"},\"url\":\"https:\/\/franciscanos.org.br\/noticias\/author\/admin\"}]}<\/script>\n<!-- \/ Yoast SEO plugin. -->","yoast_head_json":{"title":"Jovens partem em miss\u00e3o no segundo dia - Not\u00edcias - Franciscanos","robots":{"index":"index","follow":"follow","max-snippet":"max-snippet:-1","max-image-preview":"max-image-preview:large","max-video-preview":"max-video-preview:-1"},"canonical":"https:\/\/franciscanos.org.br\/noticias\/juventude-franciscana-parte-em-missao.html","og_locale":"pt_BR","og_type":"article","og_title":"Jovens partem em miss\u00e3o no segundo dia - Not\u00edcias - Franciscanos","og_description":"Miss\u00f5es Franciscanas da Juventude","og_url":"https:\/\/franciscanos.org.br\/noticias\/juventude-franciscana-parte-em-missao.html","og_site_name":"Not\u00edcias - Franciscanos","article_published_time":"2018-01-19T03:27:54+00:00","article_modified_time":"2020-08-10T18:56:34+00:00","og_image":[{"width":1000,"height":667,"url":"https:\/\/franciscanos.org.br\/noticias\/wp-content\/uploads\/2018\/11\/missao_180118-9-1.jpg","type":"image\/jpeg"}],"author":"admin","twitter_card":"summary_large_image","twitter_misc":{"Escrito por":"admin","Est. tempo de leitura":"4 minutos"},"schema":{"@context":"https:\/\/schema.org","@graph":[{"@type":"WebSite","@id":"https:\/\/franciscanos.org.br\/noticias\/#website","url":"https:\/\/franciscanos.org.br\/noticias\/","name":"Not\u00edcias - Franciscanos","description":"Prov\u00edncia Franciscana da Imaculada Concei\u00e7\u00e3o do Brasil - Ordem dos Frades Menores - OFM","potentialAction":[{"@type":"SearchAction","target":{"@type":"EntryPoint","urlTemplate":"https:\/\/franciscanos.org.br\/noticias\/?s={search_term_string}"},"query-input":"required name=search_term_string"}],"inLanguage":"pt-BR"},{"@type":"ImageObject","inLanguage":"pt-BR","@id":"https:\/\/franciscanos.org.br\/noticias\/juventude-franciscana-parte-em-missao.html#primaryimage","url":"https:\/\/franciscanos.org.br\/noticias\/wp-content\/uploads\/2018\/11\/missao_180118-9-1.jpg","contentUrl":"https:\/\/franciscanos.org.br\/noticias\/wp-content\/uploads\/2018\/11\/missao_180118-9-1.jpg","width":1000,"height":667},{"@type":"WebPage","@id":"https:\/\/franciscanos.org.br\/noticias\/juventude-franciscana-parte-em-missao.html#webpage","url":"https:\/\/franciscanos.org.br\/noticias\/juventude-franciscana-parte-em-missao.html","name":"Jovens partem em miss\u00e3o no segundo dia - Not\u00edcias - Franciscanos","isPartOf":{"@id":"https:\/\/franciscanos.org.br\/noticias\/#website"},"primaryImageOfPage":{"@id":"https:\/\/franciscanos.org.br\/noticias\/juventude-franciscana-parte-em-missao.html#primaryimage"},"datePublished":"2018-01-19T03:27:54+00:00","dateModified":"2020-08-10T18:56:34+00:00","author":{"@id":"https:\/\/franciscanos.org.br\/noticias\/#\/schema\/person\/b38fbf43118f02820bd932f2e4b14ad3"},"breadcrumb":{"@id":"https:\/\/franciscanos.org.br\/noticias\/juventude-franciscana-parte-em-missao.html#breadcrumb"},"inLanguage":"pt-BR","potentialAction":[{"@type":"ReadAction","target":["https:\/\/franciscanos.org.br\/noticias\/juventude-franciscana-parte-em-missao.html"]}]},{"@type":"BreadcrumbList","@id":"https:\/\/franciscanos.org.br\/noticias\/juventude-franciscana-parte-em-missao.html#breadcrumb","itemListElement":[{"@type":"ListItem","position":1,"name":"Home","item":"https:\/\/franciscanos.org.br\/noticias"},{"@type":"ListItem","position":2,"name":"Jovens partem em miss\u00e3o no segundo dia"}]},{"@type":"Person","@id":"https:\/\/franciscanos.org.br\/noticias\/#\/schema\/person\/b38fbf43118f02820bd932f2e4b14ad3","name":"admin","image":{"@type":"ImageObject","inLanguage":"pt-BR","@id":"https:\/\/franciscanos.org.br\/noticias\/#\/schema\/person\/image\/","url":"https:\/\/secure.gravatar.com\/avatar\/e8495742d34d0ba6448ea1c628263b3e?s=96&d=mm&r=g","contentUrl":"https:\/\/secure.gravatar.com\/avatar\/e8495742d34d0ba6448ea1c628263b3e?s=96&d=mm&r=g","caption":"admin"},"url":"https:\/\/franciscanos.org.br\/noticias\/author\/admin"}]}},"_links":{"self":[{"href":"https:\/\/franciscanos.org.br\/noticias\/wp-json\/wp\/v2\/posts\/149513"}],"collection":[{"href":"https:\/\/franciscanos.org.br\/noticias\/wp-json\/wp\/v2\/posts"}],"about":[{"href":"https:\/\/franciscanos.org.br\/noticias\/wp-json\/wp\/v2\/types\/post"}],"author":[{"embeddable":true,"href":"https:\/\/franciscanos.org.br\/noticias\/wp-json\/wp\/v2\/users\/1"}],"replies":[{"embeddable":true,"href":"https:\/\/franciscanos.org.br\/noticias\/wp-json\/wp\/v2\/comments?post=149513"}],"version-history":[{"count":1,"href":"https:\/\/franciscanos.org.br\/noticias\/wp-json\/wp\/v2\/posts\/149513\/revisions"}],"predecessor-version":[{"id":227759,"href":"https:\/\/franciscanos.org.br\/noticias\/wp-json\/wp\/v2\/posts\/149513\/revisions\/227759"}],"wp:featuredmedia":[{"embeddable":true,"href":"https:\/\/franciscanos.org.br\/noticias\/wp-json\/wp\/v2\/media\/188689"}],"wp:attachment":[{"href":"https:\/\/franciscanos.org.br\/noticias\/wp-json\/wp\/v2\/media?parent=149513"}],"wp:term":[{"taxonomy":"category","embeddable":true,"href":"https:\/\/franciscanos.org.br\/noticias\/wp-json\/wp\/v2\/categories?post=149513"},{"taxonomy":"post_tag","embeddable":true,"href":"https:\/\/franciscanos.org.br\/noticias\/wp-json\/wp\/v2\/tags?post=149513"}],"curies":[{"name":"wp","href":"https:\/\/api.w.org\/{rel}","templated":true}]}}