{"id":149446,"date":"2018-01-18T09:41:06","date_gmt":"2018-01-18T11:41:06","guid":{"rendered":"http:\/\/franciscanos.org.br\/?p=149446"},"modified":"2019-06-11T08:52:06","modified_gmt":"2019-06-11T11:52:06","slug":"seminario-acolhe-600-jovens-missionarios","status":"publish","type":"post","link":"https:\/\/franciscanos.org.br\/noticias\/seminario-acolhe-600-jovens-missionarios.html","title":{"rendered":"Semin\u00e1rio acolhe 600 jovens mission\u00e1rios"},"content":{"rendered":"<p><img loading=\"lazy\" src=\"https:\/\/franciscanos.org.br\/noticias\/wp-content\/uploads\/2018\/01\/missoes_170118_830.jpg\" alt=\"\" width=\"830\" height=\"400\" \/><\/p>\n<p><strong>Frei Augusto Luiz Gabriel e \u00c9rika Augusto<\/strong><\/p>\n<p><strong>Agudos (SP) &#8211;<\/strong> Come\u00e7ou nesta quarta-feira, 17, a 5\u00aa edi\u00e7\u00e3o das Miss\u00f5es Franciscanas da Juventude. A primeira parada\u00a0foi na cidade de Agudos, no Semin\u00e1rio Santo Ant\u00f4nio, que ficou multicolorido desde o in\u00edcio da madrugada. O primeiro grupo chegou antes das 5 da manh\u00e3 e foi recebido com muita alegria. Os volunt\u00e1rios iam chegando aos poucos, para acolher durante todo o dia os quase 600 participantes, vindos dos estados de SP, RJ, ES, SC, PR, RS e um pequeno grupo vindo da Bahia. Jovens, adultos, leigos, religiosas, religiosos e frades\u00a0lotaram\u00a0o Semin\u00e1rio.<\/p>\n<p>Ainda na parte da manh\u00e3, os organizadores\u00a0receberam os participantes e deram as primeiras instru\u00e7\u00f5es. O dia foi dedicado para atividades recreativas, para que os jovens pudessem interagir. Gincanas, jogos de coopera\u00e7\u00e3o e muita disposi\u00e7\u00e3o pelas quadras do local. Nem a chuva, que caiu forte por alguns minutos, foi motivo de des\u00e2nimo. Um banho de chuva coletivo antecipou a festa na piscina, que aconteceu no final da tarde. O sol voltou a brilhar, para alegria dos jovens.<\/p>\n<p>Frei Diego Melo, coordenador do Servi\u00e7o de Anima\u00e7\u00e3o Vocacional (SAV), destaca que uma das mudan\u00e7as para esta edi\u00e7\u00e3o \u00e9 o n\u00famero de dias, que passou de 4 para 5. &#8220;H\u00e1 um dois ou tr\u00eas anos os jovens pediam um tempo maior de miss\u00e3o. Os jovens ter\u00e3o um dia a mais nas comunidades para desenvolver o trabalho e isso significa um tempo maior nas fam\u00edlias que acolhem estes jovens&#8221;, afirmou. Outra novidade para esta edi\u00e7\u00e3o \u00e9 a realiza\u00e7\u00e3o de oficinas tem\u00e1ticas, que acontecem nesta quinta-feira. Os temas s\u00e3o variados e escolhidos pelos jovens e pela comiss\u00e3o organizadora.\u00a0Sexualidade, fam\u00edlia, voca\u00e7\u00e3o, pol\u00edtica, viol\u00eancia, drogas, s\u00e3o alguns temas que ser\u00e3o trabalhados pelos assessores.<\/p>\n<p>Na parte da noite, os participantes foram convidados a um momento de reflex\u00e3o, tendo como base a par\u00e1bola do bom samaritano. Os jovens de Nil\u00f3polis (RJ), fizeram uma bonita encena\u00e7\u00e3o, retratando temas atuais. A cr\u00edtica foi dirigida contra diversos \u201cassaltos\u201d praticados contra os cidad\u00e3os. A corrup\u00e7\u00e3o, o descaso com a sa\u00fade, as diversas formas de discrimina\u00e7\u00e3o, o desemprego, etc. Nesta atualiza\u00e7\u00e3o da par\u00e1bola, n\u00e3o foi o samaritano que resgatou o homem pelo caminho, mas uma m\u00e3e de santo, uma transexual, uma prostituta, um pastor e jovens de grupos cat\u00f3licos.<br \/>\nEm seguida, Frei Gabriel Dellandrea, do SAV, afirmou aos jovens que os r\u00f3tulos que a sociedade coloca nas pessoas impedem de olhar al\u00e9m e perceber a ess\u00eancia de cada um, concluindo a noite com um momento de ora\u00e7\u00e3o e reflex\u00e3o.<\/p>\n<p>A 5\u00aa edi\u00e7\u00e3o das Miss\u00f5es Franciscanas da Juventude acontece at\u00e9 o pr\u00f3ximo domingo, 22. Acompanhe diariamente em nosso site e na p\u00e1gina do <strong><a href=\"https:\/\/web.facebook.com\/juventudefranciscanaoficial\/\" target=\"_blank\" rel=\"noopener noreferrer\">Facebook das Miss\u00f5es Franciscanas<\/a>.<\/strong><\/p>\n<p>Confira o v\u00eddeo com o resumo deste primeiro dia:<br \/>\n<iframe loading=\"lazy\" src=\"https:\/\/www.youtube.com\/embed\/zxe61tOuAZo\" width=\"100%\" height=\"420\" frameborder=\"0\" allowfullscreen=\"allowfullscreen\"><\/iframe><\/p>\n<p>&nbsp;<\/p>\n","protected":false},"excerpt":{"rendered":"<p>Miss\u00f5es Franciscanas  da Juventude<\/p>\n","protected":false},"author":1,"featured_media":205843,"comment_status":"open","ping_status":"open","sticky":false,"template":"","format":"standard","meta":[],"categories":[1],"tags":[1206],"acf":[],"yoast_head":"<!-- This site is optimized with the Yoast SEO plugin v19.2 - https:\/\/yoast.com\/wordpress\/plugins\/seo\/ -->\n<title>Semin\u00e1rio acolhe 600 jovens mission\u00e1rios - Not\u00edcias - Franciscanos<\/title>\n<meta name=\"robots\" content=\"index, follow, max-snippet:-1, max-image-preview:large, max-video-preview:-1\" \/>\n<link rel=\"canonical\" href=\"https:\/\/franciscanos.org.br\/noticias\/seminario-acolhe-600-jovens-missionarios.html\" \/>\n<meta property=\"og:locale\" content=\"pt_BR\" \/>\n<meta property=\"og:type\" content=\"article\" \/>\n<meta property=\"og:title\" content=\"Semin\u00e1rio acolhe 600 jovens mission\u00e1rios - Not\u00edcias - Franciscanos\" \/>\n<meta property=\"og:description\" content=\"Miss\u00f5es Franciscanas da Juventude\" \/>\n<meta property=\"og:url\" content=\"https:\/\/franciscanos.org.br\/noticias\/seminario-acolhe-600-jovens-missionarios.html\" \/>\n<meta property=\"og:site_name\" content=\"Not\u00edcias - Franciscanos\" \/>\n<meta property=\"article:published_time\" content=\"2018-01-18T11:41:06+00:00\" \/>\n<meta property=\"article:modified_time\" content=\"2019-06-11T11:52:06+00:00\" \/>\n<meta property=\"og:image\" content=\"https:\/\/franciscanos.org.br\/noticias\/wp-content\/uploads\/2018\/01\/missoes_170118_830-1.jpg\" \/>\n\t<meta property=\"og:image:width\" content=\"273\" \/>\n\t<meta property=\"og:image:height\" content=\"181\" \/>\n\t<meta property=\"og:image:type\" content=\"image\/jpeg\" \/>\n<meta name=\"author\" content=\"admin\" \/>\n<meta name=\"twitter:card\" content=\"summary_large_image\" \/>\n<meta name=\"twitter:label1\" content=\"Escrito por\" \/>\n\t<meta name=\"twitter:data1\" content=\"admin\" \/>\n\t<meta name=\"twitter:label2\" content=\"Est. tempo de leitura\" \/>\n\t<meta name=\"twitter:data2\" content=\"3 minutos\" \/>\n<script type=\"application\/ld+json\" class=\"yoast-schema-graph\">{\"@context\":\"https:\/\/schema.org\",\"@graph\":[{\"@type\":\"WebSite\",\"@id\":\"https:\/\/franciscanos.org.br\/noticias\/#website\",\"url\":\"https:\/\/franciscanos.org.br\/noticias\/\",\"name\":\"Not\u00edcias - Franciscanos\",\"description\":\"Prov\u00edncia Franciscana da Imaculada Concei\u00e7\u00e3o do Brasil - Ordem dos Frades Menores - OFM\",\"potentialAction\":[{\"@type\":\"SearchAction\",\"target\":{\"@type\":\"EntryPoint\",\"urlTemplate\":\"https:\/\/franciscanos.org.br\/noticias\/?s={search_term_string}\"},\"query-input\":\"required name=search_term_string\"}],\"inLanguage\":\"pt-BR\"},{\"@type\":\"ImageObject\",\"inLanguage\":\"pt-BR\",\"@id\":\"https:\/\/franciscanos.org.br\/noticias\/seminario-acolhe-600-jovens-missionarios.html#primaryimage\",\"url\":\"https:\/\/franciscanos.org.br\/noticias\/wp-content\/uploads\/2018\/01\/missoes_170118_830-1.jpg\",\"contentUrl\":\"https:\/\/franciscanos.org.br\/noticias\/wp-content\/uploads\/2018\/01\/missoes_170118_830-1.jpg\",\"width\":273,\"height\":181},{\"@type\":\"WebPage\",\"@id\":\"https:\/\/franciscanos.org.br\/noticias\/seminario-acolhe-600-jovens-missionarios.html#webpage\",\"url\":\"https:\/\/franciscanos.org.br\/noticias\/seminario-acolhe-600-jovens-missionarios.html\",\"name\":\"Semin\u00e1rio acolhe 600 jovens mission\u00e1rios - Not\u00edcias - Franciscanos\",\"isPartOf\":{\"@id\":\"https:\/\/franciscanos.org.br\/noticias\/#website\"},\"primaryImageOfPage\":{\"@id\":\"https:\/\/franciscanos.org.br\/noticias\/seminario-acolhe-600-jovens-missionarios.html#primaryimage\"},\"datePublished\":\"2018-01-18T11:41:06+00:00\",\"dateModified\":\"2019-06-11T11:52:06+00:00\",\"author\":{\"@id\":\"https:\/\/franciscanos.org.br\/noticias\/#\/schema\/person\/b38fbf43118f02820bd932f2e4b14ad3\"},\"breadcrumb\":{\"@id\":\"https:\/\/franciscanos.org.br\/noticias\/seminario-acolhe-600-jovens-missionarios.html#breadcrumb\"},\"inLanguage\":\"pt-BR\",\"potentialAction\":[{\"@type\":\"ReadAction\",\"target\":[\"https:\/\/franciscanos.org.br\/noticias\/seminario-acolhe-600-jovens-missionarios.html\"]}]},{\"@type\":\"BreadcrumbList\",\"@id\":\"https:\/\/franciscanos.org.br\/noticias\/seminario-acolhe-600-jovens-missionarios.html#breadcrumb\",\"itemListElement\":[{\"@type\":\"ListItem\",\"position\":1,\"name\":\"Home\",\"item\":\"https:\/\/franciscanos.org.br\/noticias\"},{\"@type\":\"ListItem\",\"position\":2,\"name\":\"Semin\u00e1rio acolhe 600 jovens mission\u00e1rios\"}]},{\"@type\":\"Person\",\"@id\":\"https:\/\/franciscanos.org.br\/noticias\/#\/schema\/person\/b38fbf43118f02820bd932f2e4b14ad3\",\"name\":\"admin\",\"image\":{\"@type\":\"ImageObject\",\"inLanguage\":\"pt-BR\",\"@id\":\"https:\/\/franciscanos.org.br\/noticias\/#\/schema\/person\/image\/\",\"url\":\"https:\/\/secure.gravatar.com\/avatar\/e8495742d34d0ba6448ea1c628263b3e?s=96&d=mm&r=g\",\"contentUrl\":\"https:\/\/secure.gravatar.com\/avatar\/e8495742d34d0ba6448ea1c628263b3e?s=96&d=mm&r=g\",\"caption\":\"admin\"},\"url\":\"https:\/\/franciscanos.org.br\/noticias\/author\/admin\"}]}<\/script>\n<!-- \/ Yoast SEO plugin. -->","yoast_head_json":{"title":"Semin\u00e1rio acolhe 600 jovens mission\u00e1rios - Not\u00edcias - Franciscanos","robots":{"index":"index","follow":"follow","max-snippet":"max-snippet:-1","max-image-preview":"max-image-preview:large","max-video-preview":"max-video-preview:-1"},"canonical":"https:\/\/franciscanos.org.br\/noticias\/seminario-acolhe-600-jovens-missionarios.html","og_locale":"pt_BR","og_type":"article","og_title":"Semin\u00e1rio acolhe 600 jovens mission\u00e1rios - Not\u00edcias - Franciscanos","og_description":"Miss\u00f5es Franciscanas da Juventude","og_url":"https:\/\/franciscanos.org.br\/noticias\/seminario-acolhe-600-jovens-missionarios.html","og_site_name":"Not\u00edcias - Franciscanos","article_published_time":"2018-01-18T11:41:06+00:00","article_modified_time":"2019-06-11T11:52:06+00:00","og_image":[{"width":273,"height":181,"url":"https:\/\/franciscanos.org.br\/noticias\/wp-content\/uploads\/2018\/01\/missoes_170118_830-1.jpg","type":"image\/jpeg"}],"author":"admin","twitter_card":"summary_large_image","twitter_misc":{"Escrito por":"admin","Est. tempo de leitura":"3 minutos"},"schema":{"@context":"https:\/\/schema.org","@graph":[{"@type":"WebSite","@id":"https:\/\/franciscanos.org.br\/noticias\/#website","url":"https:\/\/franciscanos.org.br\/noticias\/","name":"Not\u00edcias - Franciscanos","description":"Prov\u00edncia Franciscana da Imaculada Concei\u00e7\u00e3o do Brasil - Ordem dos Frades Menores - OFM","potentialAction":[{"@type":"SearchAction","target":{"@type":"EntryPoint","urlTemplate":"https:\/\/franciscanos.org.br\/noticias\/?s={search_term_string}"},"query-input":"required name=search_term_string"}],"inLanguage":"pt-BR"},{"@type":"ImageObject","inLanguage":"pt-BR","@id":"https:\/\/franciscanos.org.br\/noticias\/seminario-acolhe-600-jovens-missionarios.html#primaryimage","url":"https:\/\/franciscanos.org.br\/noticias\/wp-content\/uploads\/2018\/01\/missoes_170118_830-1.jpg","contentUrl":"https:\/\/franciscanos.org.br\/noticias\/wp-content\/uploads\/2018\/01\/missoes_170118_830-1.jpg","width":273,"height":181},{"@type":"WebPage","@id":"https:\/\/franciscanos.org.br\/noticias\/seminario-acolhe-600-jovens-missionarios.html#webpage","url":"https:\/\/franciscanos.org.br\/noticias\/seminario-acolhe-600-jovens-missionarios.html","name":"Semin\u00e1rio acolhe 600 jovens mission\u00e1rios - Not\u00edcias - Franciscanos","isPartOf":{"@id":"https:\/\/franciscanos.org.br\/noticias\/#website"},"primaryImageOfPage":{"@id":"https:\/\/franciscanos.org.br\/noticias\/seminario-acolhe-600-jovens-missionarios.html#primaryimage"},"datePublished":"2018-01-18T11:41:06+00:00","dateModified":"2019-06-11T11:52:06+00:00","author":{"@id":"https:\/\/franciscanos.org.br\/noticias\/#\/schema\/person\/b38fbf43118f02820bd932f2e4b14ad3"},"breadcrumb":{"@id":"https:\/\/franciscanos.org.br\/noticias\/seminario-acolhe-600-jovens-missionarios.html#breadcrumb"},"inLanguage":"pt-BR","potentialAction":[{"@type":"ReadAction","target":["https:\/\/franciscanos.org.br\/noticias\/seminario-acolhe-600-jovens-missionarios.html"]}]},{"@type":"BreadcrumbList","@id":"https:\/\/franciscanos.org.br\/noticias\/seminario-acolhe-600-jovens-missionarios.html#breadcrumb","itemListElement":[{"@type":"ListItem","position":1,"name":"Home","item":"https:\/\/franciscanos.org.br\/noticias"},{"@type":"ListItem","position":2,"name":"Semin\u00e1rio acolhe 600 jovens mission\u00e1rios"}]},{"@type":"Person","@id":"https:\/\/franciscanos.org.br\/noticias\/#\/schema\/person\/b38fbf43118f02820bd932f2e4b14ad3","name":"admin","image":{"@type":"ImageObject","inLanguage":"pt-BR","@id":"https:\/\/franciscanos.org.br\/noticias\/#\/schema\/person\/image\/","url":"https:\/\/secure.gravatar.com\/avatar\/e8495742d34d0ba6448ea1c628263b3e?s=96&d=mm&r=g","contentUrl":"https:\/\/secure.gravatar.com\/avatar\/e8495742d34d0ba6448ea1c628263b3e?s=96&d=mm&r=g","caption":"admin"},"url":"https:\/\/franciscanos.org.br\/noticias\/author\/admin"}]}},"_links":{"self":[{"href":"https:\/\/franciscanos.org.br\/noticias\/wp-json\/wp\/v2\/posts\/149446"}],"collection":[{"href":"https:\/\/franciscanos.org.br\/noticias\/wp-json\/wp\/v2\/posts"}],"about":[{"href":"https:\/\/franciscanos.org.br\/noticias\/wp-json\/wp\/v2\/types\/post"}],"author":[{"embeddable":true,"href":"https:\/\/franciscanos.org.br\/noticias\/wp-json\/wp\/v2\/users\/1"}],"replies":[{"embeddable":true,"href":"https:\/\/franciscanos.org.br\/noticias\/wp-json\/wp\/v2\/comments?post=149446"}],"version-history":[{"count":0,"href":"https:\/\/franciscanos.org.br\/noticias\/wp-json\/wp\/v2\/posts\/149446\/revisions"}],"wp:featuredmedia":[{"embeddable":true,"href":"https:\/\/franciscanos.org.br\/noticias\/wp-json\/wp\/v2\/media\/205843"}],"wp:attachment":[{"href":"https:\/\/franciscanos.org.br\/noticias\/wp-json\/wp\/v2\/media?parent=149446"}],"wp:term":[{"taxonomy":"category","embeddable":true,"href":"https:\/\/franciscanos.org.br\/noticias\/wp-json\/wp\/v2\/categories?post=149446"},{"taxonomy":"post_tag","embeddable":true,"href":"https:\/\/franciscanos.org.br\/noticias\/wp-json\/wp\/v2\/tags?post=149446"}],"curies":[{"name":"wp","href":"https:\/\/api.w.org\/{rel}","templated":true}]}}