{"id":149271,"date":"2018-01-15T11:51:25","date_gmt":"2018-01-15T13:51:25","guid":{"rendered":"http:\/\/franciscanos.org.br\/?p=149271"},"modified":"2019-02-27T13:04:42","modified_gmt":"2019-02-27T16:04:42","slug":"o-grande-exercicio-de-irmaos-menores","status":"publish","type":"post","link":"https:\/\/franciscanos.org.br\/noticias\/o-grande-exercicio-de-irmaos-menores.html","title":{"rendered":"Noviciado: &#8220;O grande exerc\u00edcio de Irm\u00e3os Menores&#8221;"},"content":{"rendered":"<p>&nbsp;<\/p>\n<p><img loading=\"lazy\" src=\"http:\/\/franciscanos.org.br\/wp-content\/uploads\/2018\/01\/veste_150118_2.jpg\" alt=\"veste_150118_2\" width=\"830\" height=\"592\" \/><\/p>\n<p><strong>Moacir Beggo<\/strong><\/p>\n<p><strong>Rodeio (SC)<\/strong> &#8211; &#8220;N\u00e3o existe fraternidade ideal. A fraternidade ideal \u00e9 aquela que eu vou construir. N\u00e3o \u00e9 a de Vila Velha, a de Guaratinguet\u00e1, Kibala ou a Sede Provincial. A fraternidade ideal \u00e9 a Fraternidade de Rodeio. Esta \u00e9 a Fraternidade. \u00c9 aqui que a gente come\u00e7a a fazer o grande exerc\u00edcio de Irm\u00e3os Menores&#8221;. Tendo como base a leitura do Testamento de S\u00e3o Francisco de Assis, o Ministro Provincial Frei Fid\u00eancio Vanboemmel fez mais do que uma reflex\u00e3o, na manh\u00e3 desta segunda-feira (15\/01), aos treze jovens que fizeram o t\u00e3o sonhado pedido de admiss\u00e3o \u00e0 Ordem dos Frades Menores: Frei Fid\u00eancio tra\u00e7ou as linhas gerais b\u00e1sicas para viver um &#8220;ano de penit\u00eancia&#8221; no Noviciado de Rodeio.<\/p>\n<p><img loading=\"lazy\" class=\"alignleft size-full wp-image-149274\" src=\"http:\/\/franciscanos.org.br\/wp-content\/uploads\/2018\/01\/veste_150118_1.jpg\" alt=\"veste_150118_1\" width=\"375\" height=\"500\" \/>Ap\u00f3s um per\u00edodo de discernimento nas etapas do Aspirantado e do Postulantado, treze jovens brasileiros foram aceitos, com a gra\u00e7a de Deus, pelo Ministro Provincial, representando a Prov\u00edncia Franciscana da Imaculada Concei\u00e7\u00e3o do Brasil. Este rito foi feito durante a Ora\u00e7\u00e3o das Laudes, \u00e0s 7h15, no Noviciado S\u00e3o Jos\u00e9 de Rodeio (SC). Antes, \u00e0s 6h30, Frei Samuel Ferreira de Lima presidiu a Celebra\u00e7\u00e3o Eucar\u00edstica. A celebra\u00e7\u00e3o do rito de Admiss\u00e3o foi simples, de acordo com a programa\u00e7\u00e3o lit\u00fargica da casa, por\u00e9m calorosa e repleta de s\u00edmbolos de uma Ordem religiosa com mais de 800 anos.<\/p>\n<p>Junto com o pedido, o momento mais esperado pelo novi\u00e7o \u00e9 o de vestir o h\u00e1bito de S\u00e3o Francisco de Assis, as vestes da prova\u00e7\u00e3o como chama o santo. &#8220;Veste significa apenas um pano marrom qualquer. Aqui, para Francisco, o h\u00e1bito tem um significado maior, como lembra Tom\u00e1s Celano: um pano em forma de cruz. Nosso h\u00e1bito lembra que mais do que revestir-se com um pano; nos revestimos com a forma da cruz de Nosso Senhor Jesus Cristo e essa Cruz de Jesus Cristo ele encontrou na vida do Santo Evangelho. N\u00e3o importa se esse pano \u00e9 remendado por fora e por dentro. Os remendos nada significam. Importa que esse pano, essa veste, tem o vigor de Deus, a for\u00e7a de Deus, a gra\u00e7a de Deus. Cada vez que nos revestimos com esse pano, lembramos que estamos nos revestindo com a gra\u00e7a, o vigor e a cruz de Cristo&#8221;, ensinou.<\/p>\n<p>Segundo o Ministro Provincial, no Testamento de S\u00e3o Francisco, feito quando j\u00e1 est\u00e1 enfermo no final de sua vida, ele re\u00fane a Fraternidade para retomar aquilo que foi sagrado, aquilo que foi fundamental nas origens. &#8220;Voc\u00eas est\u00e3o, hoje, iniciando o Noviciado como Frades Menores. E \u00e9 bom ouvir aquilo que o Ser\u00e1fico Pai Francisco prioriza como pontos essenciais, aquilo que sempre deve estar na origem de nossa voca\u00e7\u00e3o, n\u00e3o importa a etapa formativa que n\u00f3s estamos vivendo. Pode ser noviciado, pode ser dentro da profiss\u00e3o tempor\u00e1ria, pode ser ao longo dos anos da nossa vida religiosa, nunca podemos perder, como lembra Santa Clara, o ponto de partida. E Francisco aqui coloca nesse ponto de partida, em primeiro lugar, o exerc\u00edcio do caminho penitencial&#8221;, explicou Frei Fid\u00eancio, refor\u00e7ando com a cita\u00e7\u00e3o: &#8220;Foi assim que o Senhor me concedeu a mim, Frei Francisco, iniciar uma vida de penit\u00eancia&#8221;.<\/p>\n<p>Toda a nossa voca\u00e7\u00e3o franciscana, toda nossa vida religiosa &#8211; enfatizou o celebrante &#8211; \u00e9 um caminhar na penit\u00eancia, \u00e9 um caminhar como penitentes. E caminhar na penit\u00eancia significa caminhar numa transfigura\u00e7\u00e3o total, que significa deixar aquilo que aparentemente pode parecer doce aos nossos olhos, para abra\u00e7ar &#8216;o Amado&#8217;, mas talvez o amado da humanidade \u00e9 o doce do olhar de Deus. Por isso, ele cita os leprosos. &#8216;Custava-me olhar para os leprosos, mas o Senhor mesmo me conduziu entre eles e eu tive miseric\u00f3rdia com eles&#8217;. A vida penitencial passa por esta experi\u00eancia: da transforma\u00e7\u00e3o, da transfigura\u00e7\u00e3o do nosso pr\u00f3prio ser, atrav\u00e9s da nossa voca\u00e7\u00e3o e atrav\u00e9s da nossa miss\u00e3o.<\/p>\n<p>Depois, Frei Fid\u00eancio falou da import\u00e2ncia da vida de ora\u00e7\u00e3o para Francisco. &#8220;&#8216;O Senhor me deu tanta f\u00e9 nas igrejas&#8217;. E f\u00e9 nas Igrejas significa ter f\u00e9 na Igreja Una, Santa e Cat\u00f3lica. F\u00e9 nesta Igreja na qual n\u00f3s devemos buscar sempre os elementos essenciais para crescermos na nossa vida orante. F\u00e9 naquilo que a Igreja professa na sua ess\u00eancia&#8221;, acrescentou.<\/p>\n<p>A fraternidade mereceu um grande destaque do Ministro Provincial. &#8220;Essa \u00e9 uma experi\u00eancia de f\u00e9 que n\u00f3s fazemos: &#8216;o Senhor me deu irm\u00e3os&#8217;. Nenhum fez a op\u00e7\u00e3o de viver uns com os outros. Mas Deus nos colocou, gratuitamente, no \u00fanico caminho, no \u00fanico projeto de vida, com hist\u00f3rias diferentes, fam\u00edlias diferentes. Daqui a uns dias v\u00e3o chegar os irm\u00e3os angolanos. Hist\u00f3ria, vidas e culturas diferentes, mas n\u00f3s vamos nos identificar num \u00fanico projeto de Deus e esse projeto de Deus \u00e9 vivido em todas as partes, mas como irm\u00e3os, como fraternidade&#8221;.<\/p>\n<p>&#8220;A nossa vida fraterna, a nossa vida penitencial \u00e9 essa convers\u00e3o ao Santo Evangelho, por isso, Francisco coloca esse vers\u00edculo: &#8216;A vida e a Regra dos Frades Menores \u00e9 essa: Viver o Santo Evangelho de Nosso Senhor Jesus Cristo'&#8221;, recordou.<\/p>\n<p>Nesses pontos essenciais, Frei Fid\u00eancio destacou na vida franciscana a vida em pobreza. &#8220;Francisco lembra como gesto, sinal de pobreza, o trabalho. Para Francisco, o trabalho \u00e9 uma d\u00e1diva. O trabalho nunca deve ser visto como obriga\u00e7\u00e3o, mas a express\u00e3o mais bonita da pobreza&#8221;, sublinhou.<\/p>\n<p>&#8220;N\u00f3s lembramos aqui valores, n\u00e3o somente para voc\u00eas, que est\u00e3o ingressando neste ano de Noviciado, mas para todos n\u00f3s, Frades Menores, no nosso dia a dia. Quando fiz a pergunta a voc\u00eas: &#8216;Irm\u00e3os car\u00edssimos, o que desejais de n\u00f3s?&#8217;, voc\u00eas responderam da seguinte forma: &#8216;Respondendo ao impulso do Esp\u00edrito Santo, desejamos condividir a vida na Fam\u00edlia Franciscana&#8217;. Aqui entra o elemento da Fraternidade. Condividir a vida, a fam\u00edlia. E a fam\u00edlia come\u00e7a numa fraternidade concreta. A Prov\u00edncia \u00e9 muito grande. A Prov\u00edncia tem muitas fraternidades. Qual \u00e9 a fraternidade ideal? N\u00e3o existe fraternidade ideal. A fraternidade ideal \u00e9 aquela que eu vou construir. N\u00e3o \u00e9 a de Vila Velha, n\u00e3o \u00e9 a de Guaratinguet\u00e1, n\u00e3o \u00e9 a de Kibala, n\u00e3o \u00e9 a Sede Provincial. A Fraternidade ideal \u00e9 a fraternidade de Rodeio. Esta \u00e9 a fraternidade. \u00c9 aqui que a gente come\u00e7a a fazer o grande exerc\u00edcio de Irm\u00e3os Menores. Desejando viver a vida como frade menor numa fraternidade real e concreta. N\u00e3o s\u00e3o os irm\u00e3os mais santos, n\u00e3o s\u00e3o os irm\u00e3os mais perfeitos, mas os &#8216;irm\u00e3os que o Senhor nos deu&#8217; para estenderem as m\u00e3os e ajud\u00e1-los neste discernimento de aprofundar esses valores franciscanos&#8221;, disse Frei Fid\u00eancio, lembrando que toda a Fraternidade Provincial \u00e9 respons\u00e1vel para ajudar a trilhar pelo caminho da penit\u00eancia e viver segundo a forma do Santo Evangelho.<\/p>\n<p>&#8220;Desejo um bom e um aben\u00e7oado ano de Noviciado. Que as palavras de S\u00e3o Francisco, no in\u00edcio do Testamento, possam motiv\u00e1-los neste grande exerc\u00edcio!&#8221;, desejou.<\/p>\n<p><strong>COM\u00a0O H\u00c1BITO FRANCISCANO<\/strong><\/p>\n<p><img loading=\"lazy\" src=\"http:\/\/franciscanos.org.br\/wp-content\/uploads\/2018\/01\/veste_150118_4.jpg\" alt=\"veste_150118_4\" width=\"830\" height=\"442\" \/><\/p>\n<p><strong>\u00a0<img loading=\"lazy\" src=\"http:\/\/franciscanos.org.br\/wp-content\/uploads\/2018\/01\/veste_150118_5.jpg\" alt=\"veste_150118_5\" width=\"830\" height=\"482\" \/><\/strong><\/p>\n<p><strong>O RITO DE ADMISS\u00c3O<\/strong><\/p>\n<p>Segundo os documentos da Ordem, esses jovens far\u00e3o um \u201cper\u00edodo de forma\u00e7\u00e3o mais intensa\u201d em Rodeio, tendo como objetivo \u201cfazer com que os novi\u00e7os conhe\u00e7am e experimentem a forma de vida de S\u00e3o Francisco, impregnem mais profundamente a mente e o cora\u00e7\u00e3o de seu esp\u00edrito e, avaliando melhor o chamado do Senhor, comprovem seus prop\u00f3sitos e sua idoneidade\u201d (Constitui\u00e7\u00f5es Gerais da Ordem, art. 152).<\/p>\n<p>Ap\u00f3s a leitura do Testamento de S\u00e3o Francisco, o Mestre do Postulantado, Frei Je\u00e2 Paulo Andrade, que acompanhou esta turma durante o ano de 2017, em Guaratinguet\u00e1-SP, chamou diante do Provincial cada um dos novi\u00e7os que, em seguida, foram acolhidos na Fraternidade Provincial.<\/p>\n<p>O rito da Vesti\u00e7\u00e3o seguiu-se com a b\u00ean\u00e7\u00e3o e entrega dos h\u00e1bitos. Desta forma, Frei Daniel Maciel, Frei \u00c9verton Junior Goschel Broilo, Frei Francisco Teixeira Junior, Frei Franklin Matheus da Costa, Frei Gabriel Nogueira Alves, Guilherme Plotegher Neto, Frei Josielio da Silva Oliveira, Frei Lucas Moreira Almeida, Frei Marcelo Tadeu da Silva Cardoso, Frei Roberto Rocha da Silva, Frei S\u00e9rgio Hide Honna, Frei Thierry Melo de Paula, Frei Yves da Costa Bernardes Leite receberam o h\u00e1bito franciscano das m\u00e3os do Ministro Provincial.<\/p>\n<p>Os<a href=\"http:\/\/franciscanos.org.br\/?p=147947\"> postulantes angolanos <\/a>ser\u00e3o admitidos no dia 23 de janeiro em S\u00e3o Paulo, \u00e0s 7h30, na sede Provincial na Vila Clementino: S\u00e3o eles: Abel Ndala Sahuma Nganji, Clementino Samuel Miguel, David Vicente da Concei\u00e7\u00e3o Gaeita, Lucas Eduardo Maur\u00edcio, Luis Ant\u00f3nio Gungo, Silvano Kessongo Pinto Leitura, Val\u00f3dia Jo\u00e3o Manuel Baptista Domingos. Com esta turma permanecer\u00e1, por alguns meses, o novi\u00e7o Frei Domingos Macuva Paulo (FIMDA) por estar fazendo tratamento de sa\u00fade.<\/p>\n<p>No final, os novi\u00e7os assinaram o livro de atas de Admiss\u00e3o ao Noviciado da Ordem dos Frades Menores.<\/p>\n<p><img loading=\"lazy\" src=\"http:\/\/franciscanos.org.br\/wp-content\/uploads\/2018\/01\/veste_150118_8.jpg\" alt=\"veste_150118_8\" width=\"830\" height=\"396\" \/><\/p>\n<p><strong>HIST\u00d3RIA: O NOVICIADO DE RODEIO<\/strong><\/p>\n<p>A Ordem dos Frades Menores estabeleceu oficialmente sua primeira resid\u00eancia em Rodeio no dia 26 de fevereiro de 1895, quando aqui chegaram quatro frades, liderados por Frei Luc\u00ednio Korte. Poucos anos depois, \u201cpor ato do Ministro Geral da Ordem dos Frades Menores, Frei Alo\u00edsio Lauer, a 15 de junho de 1900, a resid\u00eancia franciscana de Rodeio passou a Convento e Noviciado.<\/p>\n<p>A caminhada do Noviciado, em Rodeio, teve seu in\u00edcio em 3 de outubro de 1901, com a chegada do Pe. Mestre dos Novi\u00e7os, Frei Modesto Bloeink e seus primeiros seis novi\u00e7os: Frei Anselmo Boeckenholt, Frei Bonif\u00e1cio Martinov, Frei Celestino Moldzianowski, Frei Elias Steinruecken, Frei Gabriel Zimmer e Frei Tim\u00f3teo Arens\u201d.<\/p>\n<p>Na Prov\u00edncia restaurada, o noviciado foi institu\u00eddo antes, tendo funcionado, desde maio de 1897, no Convento de Blumenau. Mas desde 1901 permaneceu, quase ininterruptamente em Rodeio. \u201cQuase ininterruptamente\u201d porque, por ordem capitular, por dois anos, em 1911-12, o noviciado passou para o Convento de Curitiba. (\u2026) O Noviciado voltou a Rodeio j\u00e1 em in\u00edcios de 1913.<\/p>\n<p>&nbsp;<\/p>\n","protected":false},"excerpt":{"rendered":"<p>Ministro Provincial acolhe os novi\u00e7os 2018<\/p>\n","protected":false},"author":1,"featured_media":200746,"comment_status":"open","ping_status":"open","sticky":false,"template":"","format":"standard","meta":[],"categories":[1],"tags":[135],"acf":[],"yoast_head":"<!-- This site is optimized with the Yoast SEO plugin v19.2 - https:\/\/yoast.com\/wordpress\/plugins\/seo\/ -->\n<title>Noviciado: &quot;O grande exerc\u00edcio de Irm\u00e3os Menores&quot; - Not\u00edcias - Franciscanos<\/title>\n<meta name=\"robots\" content=\"index, follow, max-snippet:-1, max-image-preview:large, max-video-preview:-1\" \/>\n<link rel=\"canonical\" href=\"https:\/\/franciscanos.org.br\/noticias\/o-grande-exercicio-de-irmaos-menores.html\" \/>\n<meta property=\"og:locale\" content=\"pt_BR\" \/>\n<meta property=\"og:type\" content=\"article\" \/>\n<meta property=\"og:title\" content=\"Noviciado: &quot;O grande exerc\u00edcio de Irm\u00e3os Menores&quot; - Not\u00edcias - Franciscanos\" \/>\n<meta property=\"og:description\" content=\"Ministro Provincial acolhe os novi\u00e7os 2018\" \/>\n<meta property=\"og:url\" content=\"https:\/\/franciscanos.org.br\/noticias\/o-grande-exercicio-de-irmaos-menores.html\" \/>\n<meta property=\"og:site_name\" content=\"Not\u00edcias - Franciscanos\" \/>\n<meta property=\"article:published_time\" content=\"2018-01-15T13:51:25+00:00\" \/>\n<meta property=\"article:modified_time\" content=\"2019-02-27T16:04:42+00:00\" \/>\n<meta property=\"og:image\" content=\"https:\/\/franciscanos.org.br\/noticias\/wp-content\/uploads\/2018\/01\/veste_150118_2.jpg\" \/>\n\t<meta property=\"og:image:width\" content=\"273\" \/>\n\t<meta property=\"og:image:height\" content=\"181\" \/>\n\t<meta property=\"og:image:type\" content=\"image\/jpeg\" \/>\n<meta name=\"author\" content=\"admin\" \/>\n<meta name=\"twitter:card\" content=\"summary_large_image\" \/>\n<meta name=\"twitter:label1\" content=\"Escrito por\" \/>\n\t<meta name=\"twitter:data1\" content=\"admin\" \/>\n\t<meta name=\"twitter:label2\" content=\"Est. tempo de leitura\" \/>\n\t<meta name=\"twitter:data2\" content=\"9 minutos\" \/>\n<script type=\"application\/ld+json\" class=\"yoast-schema-graph\">{\"@context\":\"https:\/\/schema.org\",\"@graph\":[{\"@type\":\"WebSite\",\"@id\":\"https:\/\/franciscanos.org.br\/noticias\/#website\",\"url\":\"https:\/\/franciscanos.org.br\/noticias\/\",\"name\":\"Not\u00edcias - Franciscanos\",\"description\":\"Prov\u00edncia Franciscana da Imaculada Concei\u00e7\u00e3o do Brasil - Ordem dos Frades Menores - OFM\",\"potentialAction\":[{\"@type\":\"SearchAction\",\"target\":{\"@type\":\"EntryPoint\",\"urlTemplate\":\"https:\/\/franciscanos.org.br\/noticias\/?s={search_term_string}\"},\"query-input\":\"required name=search_term_string\"}],\"inLanguage\":\"pt-BR\"},{\"@type\":\"ImageObject\",\"inLanguage\":\"pt-BR\",\"@id\":\"https:\/\/franciscanos.org.br\/noticias\/o-grande-exercicio-de-irmaos-menores.html#primaryimage\",\"url\":\"https:\/\/franciscanos.org.br\/noticias\/wp-content\/uploads\/2018\/01\/veste_150118_2.jpg\",\"contentUrl\":\"https:\/\/franciscanos.org.br\/noticias\/wp-content\/uploads\/2018\/01\/veste_150118_2.jpg\",\"width\":273,\"height\":181},{\"@type\":\"WebPage\",\"@id\":\"https:\/\/franciscanos.org.br\/noticias\/o-grande-exercicio-de-irmaos-menores.html#webpage\",\"url\":\"https:\/\/franciscanos.org.br\/noticias\/o-grande-exercicio-de-irmaos-menores.html\",\"name\":\"Noviciado: \\\"O grande exerc\u00edcio de Irm\u00e3os Menores\\\" - Not\u00edcias - Franciscanos\",\"isPartOf\":{\"@id\":\"https:\/\/franciscanos.org.br\/noticias\/#website\"},\"primaryImageOfPage\":{\"@id\":\"https:\/\/franciscanos.org.br\/noticias\/o-grande-exercicio-de-irmaos-menores.html#primaryimage\"},\"datePublished\":\"2018-01-15T13:51:25+00:00\",\"dateModified\":\"2019-02-27T16:04:42+00:00\",\"author\":{\"@id\":\"https:\/\/franciscanos.org.br\/noticias\/#\/schema\/person\/b38fbf43118f02820bd932f2e4b14ad3\"},\"breadcrumb\":{\"@id\":\"https:\/\/franciscanos.org.br\/noticias\/o-grande-exercicio-de-irmaos-menores.html#breadcrumb\"},\"inLanguage\":\"pt-BR\",\"potentialAction\":[{\"@type\":\"ReadAction\",\"target\":[\"https:\/\/franciscanos.org.br\/noticias\/o-grande-exercicio-de-irmaos-menores.html\"]}]},{\"@type\":\"BreadcrumbList\",\"@id\":\"https:\/\/franciscanos.org.br\/noticias\/o-grande-exercicio-de-irmaos-menores.html#breadcrumb\",\"itemListElement\":[{\"@type\":\"ListItem\",\"position\":1,\"name\":\"Home\",\"item\":\"https:\/\/franciscanos.org.br\/noticias\"},{\"@type\":\"ListItem\",\"position\":2,\"name\":\"Noviciado: &#8220;O grande exerc\u00edcio de Irm\u00e3os Menores&#8221;\"}]},{\"@type\":\"Person\",\"@id\":\"https:\/\/franciscanos.org.br\/noticias\/#\/schema\/person\/b38fbf43118f02820bd932f2e4b14ad3\",\"name\":\"admin\",\"image\":{\"@type\":\"ImageObject\",\"inLanguage\":\"pt-BR\",\"@id\":\"https:\/\/franciscanos.org.br\/noticias\/#\/schema\/person\/image\/\",\"url\":\"https:\/\/secure.gravatar.com\/avatar\/e8495742d34d0ba6448ea1c628263b3e?s=96&d=mm&r=g\",\"contentUrl\":\"https:\/\/secure.gravatar.com\/avatar\/e8495742d34d0ba6448ea1c628263b3e?s=96&d=mm&r=g\",\"caption\":\"admin\"},\"url\":\"https:\/\/franciscanos.org.br\/noticias\/author\/admin\"}]}<\/script>\n<!-- \/ Yoast SEO plugin. -->","yoast_head_json":{"title":"Noviciado: \"O grande exerc\u00edcio de Irm\u00e3os Menores\" - Not\u00edcias - Franciscanos","robots":{"index":"index","follow":"follow","max-snippet":"max-snippet:-1","max-image-preview":"max-image-preview:large","max-video-preview":"max-video-preview:-1"},"canonical":"https:\/\/franciscanos.org.br\/noticias\/o-grande-exercicio-de-irmaos-menores.html","og_locale":"pt_BR","og_type":"article","og_title":"Noviciado: \"O grande exerc\u00edcio de Irm\u00e3os Menores\" - Not\u00edcias - Franciscanos","og_description":"Ministro Provincial acolhe os novi\u00e7os 2018","og_url":"https:\/\/franciscanos.org.br\/noticias\/o-grande-exercicio-de-irmaos-menores.html","og_site_name":"Not\u00edcias - Franciscanos","article_published_time":"2018-01-15T13:51:25+00:00","article_modified_time":"2019-02-27T16:04:42+00:00","og_image":[{"width":273,"height":181,"url":"https:\/\/franciscanos.org.br\/noticias\/wp-content\/uploads\/2018\/01\/veste_150118_2.jpg","type":"image\/jpeg"}],"author":"admin","twitter_card":"summary_large_image","twitter_misc":{"Escrito por":"admin","Est. tempo de leitura":"9 minutos"},"schema":{"@context":"https:\/\/schema.org","@graph":[{"@type":"WebSite","@id":"https:\/\/franciscanos.org.br\/noticias\/#website","url":"https:\/\/franciscanos.org.br\/noticias\/","name":"Not\u00edcias - Franciscanos","description":"Prov\u00edncia Franciscana da Imaculada Concei\u00e7\u00e3o do Brasil - Ordem dos Frades Menores - OFM","potentialAction":[{"@type":"SearchAction","target":{"@type":"EntryPoint","urlTemplate":"https:\/\/franciscanos.org.br\/noticias\/?s={search_term_string}"},"query-input":"required name=search_term_string"}],"inLanguage":"pt-BR"},{"@type":"ImageObject","inLanguage":"pt-BR","@id":"https:\/\/franciscanos.org.br\/noticias\/o-grande-exercicio-de-irmaos-menores.html#primaryimage","url":"https:\/\/franciscanos.org.br\/noticias\/wp-content\/uploads\/2018\/01\/veste_150118_2.jpg","contentUrl":"https:\/\/franciscanos.org.br\/noticias\/wp-content\/uploads\/2018\/01\/veste_150118_2.jpg","width":273,"height":181},{"@type":"WebPage","@id":"https:\/\/franciscanos.org.br\/noticias\/o-grande-exercicio-de-irmaos-menores.html#webpage","url":"https:\/\/franciscanos.org.br\/noticias\/o-grande-exercicio-de-irmaos-menores.html","name":"Noviciado: \"O grande exerc\u00edcio de Irm\u00e3os Menores\" - Not\u00edcias - Franciscanos","isPartOf":{"@id":"https:\/\/franciscanos.org.br\/noticias\/#website"},"primaryImageOfPage":{"@id":"https:\/\/franciscanos.org.br\/noticias\/o-grande-exercicio-de-irmaos-menores.html#primaryimage"},"datePublished":"2018-01-15T13:51:25+00:00","dateModified":"2019-02-27T16:04:42+00:00","author":{"@id":"https:\/\/franciscanos.org.br\/noticias\/#\/schema\/person\/b38fbf43118f02820bd932f2e4b14ad3"},"breadcrumb":{"@id":"https:\/\/franciscanos.org.br\/noticias\/o-grande-exercicio-de-irmaos-menores.html#breadcrumb"},"inLanguage":"pt-BR","potentialAction":[{"@type":"ReadAction","target":["https:\/\/franciscanos.org.br\/noticias\/o-grande-exercicio-de-irmaos-menores.html"]}]},{"@type":"BreadcrumbList","@id":"https:\/\/franciscanos.org.br\/noticias\/o-grande-exercicio-de-irmaos-menores.html#breadcrumb","itemListElement":[{"@type":"ListItem","position":1,"name":"Home","item":"https:\/\/franciscanos.org.br\/noticias"},{"@type":"ListItem","position":2,"name":"Noviciado: &#8220;O grande exerc\u00edcio de Irm\u00e3os Menores&#8221;"}]},{"@type":"Person","@id":"https:\/\/franciscanos.org.br\/noticias\/#\/schema\/person\/b38fbf43118f02820bd932f2e4b14ad3","name":"admin","image":{"@type":"ImageObject","inLanguage":"pt-BR","@id":"https:\/\/franciscanos.org.br\/noticias\/#\/schema\/person\/image\/","url":"https:\/\/secure.gravatar.com\/avatar\/e8495742d34d0ba6448ea1c628263b3e?s=96&d=mm&r=g","contentUrl":"https:\/\/secure.gravatar.com\/avatar\/e8495742d34d0ba6448ea1c628263b3e?s=96&d=mm&r=g","caption":"admin"},"url":"https:\/\/franciscanos.org.br\/noticias\/author\/admin"}]}},"_links":{"self":[{"href":"https:\/\/franciscanos.org.br\/noticias\/wp-json\/wp\/v2\/posts\/149271"}],"collection":[{"href":"https:\/\/franciscanos.org.br\/noticias\/wp-json\/wp\/v2\/posts"}],"about":[{"href":"https:\/\/franciscanos.org.br\/noticias\/wp-json\/wp\/v2\/types\/post"}],"author":[{"embeddable":true,"href":"https:\/\/franciscanos.org.br\/noticias\/wp-json\/wp\/v2\/users\/1"}],"replies":[{"embeddable":true,"href":"https:\/\/franciscanos.org.br\/noticias\/wp-json\/wp\/v2\/comments?post=149271"}],"version-history":[{"count":0,"href":"https:\/\/franciscanos.org.br\/noticias\/wp-json\/wp\/v2\/posts\/149271\/revisions"}],"wp:featuredmedia":[{"embeddable":true,"href":"https:\/\/franciscanos.org.br\/noticias\/wp-json\/wp\/v2\/media\/200746"}],"wp:attachment":[{"href":"https:\/\/franciscanos.org.br\/noticias\/wp-json\/wp\/v2\/media?parent=149271"}],"wp:term":[{"taxonomy":"category","embeddable":true,"href":"https:\/\/franciscanos.org.br\/noticias\/wp-json\/wp\/v2\/categories?post=149271"},{"taxonomy":"post_tag","embeddable":true,"href":"https:\/\/franciscanos.org.br\/noticias\/wp-json\/wp\/v2\/tags?post=149271"}],"curies":[{"name":"wp","href":"https:\/\/api.w.org\/{rel}","templated":true}]}}