{"id":149196,"date":"2018-01-13T21:44:55","date_gmt":"2018-01-13T23:44:55","guid":{"rendered":"http:\/\/franciscanos.org.br\/?p=149196"},"modified":"2019-03-30T13:03:06","modified_gmt":"2019-03-30T16:03:06","slug":"aos-80-anos-falece-frei-faustino-tomelin","status":"publish","type":"post","link":"https:\/\/franciscanos.org.br\/noticias\/aos-80-anos-falece-frei-faustino-tomelin.html","title":{"rendered":"Frei Faustino Tomelin \u00e9 sepultado em Santo Amaro da Imperatriz"},"content":{"rendered":"<p><img loading=\"lazy\" class=\"alignright size-full wp-image-149197\" src=\"http:\/\/franciscanos.org.br\/wp-content\/uploads\/2018\/01\/tomelin_130118.jpg\" alt=\"tomelin_130118\" width=\"451\" height=\"600\" \/>Frei Faustino Tomelin (80 anos) faleceu hoje, 13 de janeiro, \u00e0s 10h40, no Hospital S\u00e3o Jos\u00e9, Crici\u00fama-SC, v\u00edtima de parada card\u00edaca. H\u00e1 uma semana,\u00a0 Frei Faustino sofreu uma queda de sua cadeira de rodas. Ap\u00f3s exames de tomografia e raio X, constatou-se s\u00e9rio problema na coluna. O seu quadro piorou devido a uma parada card\u00edaca sofrida na \u00faltima sexta-feira, ocasi\u00e3o em que lhe foi implantado um marcapasso.<\/p>\n<p>Ap\u00f3s esse procedimento, ele foi sedado e durante esses \u00faltimos dias permaneceu incomunic\u00e1vel, sem rea\u00e7\u00e3o. Nesta manh\u00e3 de s\u00e1bado, Frei Faustino, ent\u00e3o, veio a falecer.<\/p>\n<p><strong>O vel\u00f3rio acontecer\u00e1 a partir das 4 horas desta madrugada na Igreja Matriz de Santo Amaro da Imperatriz (SC), e a Missa de corpo presente, neste domingo, \u00e0s 9h30.<\/strong><\/p>\n<p>Natural de Santa Maria (SC), Frei Faustino nasceu no dia 29 de mar\u00e7o de 1937 e ingressou na Ordem dos Frades Menores no dia 19 de dezembro de 1957.<\/p>\n<p>Ele foi um dos frades que iniciou sua forma\u00e7\u00e3o nos prim\u00f3rdios do Semin\u00e1rio de Agudos. Fez a profiss\u00e3o solene no dia 2 de fevereiro de 1962 e foi ordenado sacerdote no dia 14 de dezembro de 1963.<\/p>\n<p>Sua primeira transfer\u00eancia foi para o Provincialado, no Largo S\u00e3o Francisco, como secret\u00e1rio do Provincial e arquivista. Depois, ficou dois anos em S\u00e3o Louren\u00e7o (MG) e dez anos em Petr\u00f3polis, onde foi com a incumb\u00eancia de criar uma par\u00f3quia modelo.<\/p>\n<p>Eleito Definidor, morou em Florian\u00f3polis e, quando se reelegeu, foi\u00a0 transferido para Niter\u00f3i e Ipanema. Residiu tamb\u00e9m em Ituporanga. Veio para Santo Amaro da Imperatriz em 2001, quando esteve diante do seu maior pesadelo: amputar a perna direita devido a uma queda no canteiro do convento, que estourou veias e tend\u00f5es. &#8220;Era domingo de Ramos. Eu fiquei ainda uma semana com a perna enfaixada at\u00e9 ser operado no s\u00e1bado de aleluia. O m\u00e9dico chegou e me disse que se quisesse salvar a vida e a outra perna, precisava amputar. Eu sentia muita dor e gritava dia e noite. Depois da cirurgia, as dores passaram&#8221;, contou o frade em uma entrevista.<\/p>\n<p>Segundo Frei Tomelin, naquele momento n\u00e3o deu para imaginar as consequ\u00eancias. &#8220;Lembro que me mandaram uma psic\u00f3loga para conversar comigo. Ela disse: \u2018Mandaram-me aqui para falar com o sr\u2019. Dsse-lhe: \u2018Senta a\u00ed. Qual \u00e9 o seu problema?\u2019 (risos)&#8221;, brincou o frade, reconhecendo: &#8220;Depois, quando gente v\u00ea as limita\u00e7\u00f5es, e, muitas vezes, a maneira de ser tratado, \u00e9 duro&#8230;&#8221;<\/p>\n<p>Desde 2001, Frei Faustino foi orientador espiritual da Pastoral da M\u00e3e Peregrina de Sch\u00f6nstatt, quando se iniciou na Par\u00f3quia de Santo Amaro.<\/p>\n<p>Diariamente, Frei Tomelin celebrava a Santa Missa na resid\u00eancia dos frades, onde participavam fi\u00e9is da comunidade. Ele tamb\u00e9m celebrava na matriz e nas comunidades.<\/p>\n<p>Rezemos pelo nosso confrade Frei Faustino para que Deus o acolha em seu Reino e lhe proporcione o descanso merecido!<\/p>\n","protected":false},"excerpt":{"rendered":"<p>Luto na Prov\u00edncia<\/p>\n","protected":false},"author":1,"featured_media":201957,"comment_status":"open","ping_status":"open","sticky":false,"template":"","format":"standard","meta":[],"categories":[1],"tags":[1160],"acf":[],"yoast_head":"<!-- This site is optimized with the Yoast SEO plugin v19.2 - https:\/\/yoast.com\/wordpress\/plugins\/seo\/ -->\n<title>Frei Faustino Tomelin \u00e9 sepultado em Santo Amaro da Imperatriz - Not\u00edcias - Franciscanos<\/title>\n<meta name=\"robots\" content=\"index, follow, max-snippet:-1, max-image-preview:large, max-video-preview:-1\" \/>\n<link rel=\"canonical\" href=\"https:\/\/franciscanos.org.br\/noticias\/aos-80-anos-falece-frei-faustino-tomelin.html\" \/>\n<meta property=\"og:locale\" content=\"pt_BR\" \/>\n<meta property=\"og:type\" content=\"article\" \/>\n<meta property=\"og:title\" content=\"Frei Faustino Tomelin \u00e9 sepultado em Santo Amaro da Imperatriz - Not\u00edcias - Franciscanos\" \/>\n<meta property=\"og:description\" content=\"Luto na Prov\u00edncia\" \/>\n<meta property=\"og:url\" content=\"https:\/\/franciscanos.org.br\/noticias\/aos-80-anos-falece-frei-faustino-tomelin.html\" \/>\n<meta property=\"og:site_name\" content=\"Not\u00edcias - Franciscanos\" \/>\n<meta property=\"article:published_time\" content=\"2018-01-13T23:44:55+00:00\" \/>\n<meta property=\"article:modified_time\" content=\"2019-03-30T16:03:06+00:00\" \/>\n<meta property=\"og:image\" content=\"https:\/\/franciscanos.org.br\/noticias\/wp-content\/uploads\/2018\/01\/tomelin_130118.jpg\" \/>\n\t<meta property=\"og:image:width\" content=\"273\" \/>\n\t<meta property=\"og:image:height\" content=\"181\" \/>\n\t<meta property=\"og:image:type\" content=\"image\/jpeg\" \/>\n<meta name=\"author\" content=\"admin\" \/>\n<meta name=\"twitter:card\" content=\"summary_large_image\" \/>\n<meta name=\"twitter:label1\" content=\"Escrito por\" \/>\n\t<meta name=\"twitter:data1\" content=\"admin\" \/>\n\t<meta name=\"twitter:label2\" content=\"Est. tempo de leitura\" \/>\n\t<meta name=\"twitter:data2\" content=\"2 minutos\" \/>\n<script type=\"application\/ld+json\" class=\"yoast-schema-graph\">{\"@context\":\"https:\/\/schema.org\",\"@graph\":[{\"@type\":\"WebSite\",\"@id\":\"https:\/\/franciscanos.org.br\/noticias\/#website\",\"url\":\"https:\/\/franciscanos.org.br\/noticias\/\",\"name\":\"Not\u00edcias - Franciscanos\",\"description\":\"Prov\u00edncia Franciscana da Imaculada Concei\u00e7\u00e3o do Brasil - Ordem dos Frades Menores - OFM\",\"potentialAction\":[{\"@type\":\"SearchAction\",\"target\":{\"@type\":\"EntryPoint\",\"urlTemplate\":\"https:\/\/franciscanos.org.br\/noticias\/?s={search_term_string}\"},\"query-input\":\"required name=search_term_string\"}],\"inLanguage\":\"pt-BR\"},{\"@type\":\"ImageObject\",\"inLanguage\":\"pt-BR\",\"@id\":\"https:\/\/franciscanos.org.br\/noticias\/aos-80-anos-falece-frei-faustino-tomelin.html#primaryimage\",\"url\":\"https:\/\/franciscanos.org.br\/noticias\/wp-content\/uploads\/2018\/01\/tomelin_130118.jpg\",\"contentUrl\":\"https:\/\/franciscanos.org.br\/noticias\/wp-content\/uploads\/2018\/01\/tomelin_130118.jpg\",\"width\":273,\"height\":181},{\"@type\":\"WebPage\",\"@id\":\"https:\/\/franciscanos.org.br\/noticias\/aos-80-anos-falece-frei-faustino-tomelin.html#webpage\",\"url\":\"https:\/\/franciscanos.org.br\/noticias\/aos-80-anos-falece-frei-faustino-tomelin.html\",\"name\":\"Frei Faustino Tomelin \u00e9 sepultado em Santo Amaro da Imperatriz - Not\u00edcias - Franciscanos\",\"isPartOf\":{\"@id\":\"https:\/\/franciscanos.org.br\/noticias\/#website\"},\"primaryImageOfPage\":{\"@id\":\"https:\/\/franciscanos.org.br\/noticias\/aos-80-anos-falece-frei-faustino-tomelin.html#primaryimage\"},\"datePublished\":\"2018-01-13T23:44:55+00:00\",\"dateModified\":\"2019-03-30T16:03:06+00:00\",\"author\":{\"@id\":\"https:\/\/franciscanos.org.br\/noticias\/#\/schema\/person\/b38fbf43118f02820bd932f2e4b14ad3\"},\"breadcrumb\":{\"@id\":\"https:\/\/franciscanos.org.br\/noticias\/aos-80-anos-falece-frei-faustino-tomelin.html#breadcrumb\"},\"inLanguage\":\"pt-BR\",\"potentialAction\":[{\"@type\":\"ReadAction\",\"target\":[\"https:\/\/franciscanos.org.br\/noticias\/aos-80-anos-falece-frei-faustino-tomelin.html\"]}]},{\"@type\":\"BreadcrumbList\",\"@id\":\"https:\/\/franciscanos.org.br\/noticias\/aos-80-anos-falece-frei-faustino-tomelin.html#breadcrumb\",\"itemListElement\":[{\"@type\":\"ListItem\",\"position\":1,\"name\":\"Home\",\"item\":\"https:\/\/franciscanos.org.br\/noticias\"},{\"@type\":\"ListItem\",\"position\":2,\"name\":\"Frei Faustino Tomelin \u00e9 sepultado em Santo Amaro da Imperatriz\"}]},{\"@type\":\"Person\",\"@id\":\"https:\/\/franciscanos.org.br\/noticias\/#\/schema\/person\/b38fbf43118f02820bd932f2e4b14ad3\",\"name\":\"admin\",\"image\":{\"@type\":\"ImageObject\",\"inLanguage\":\"pt-BR\",\"@id\":\"https:\/\/franciscanos.org.br\/noticias\/#\/schema\/person\/image\/\",\"url\":\"https:\/\/secure.gravatar.com\/avatar\/e8495742d34d0ba6448ea1c628263b3e?s=96&d=mm&r=g\",\"contentUrl\":\"https:\/\/secure.gravatar.com\/avatar\/e8495742d34d0ba6448ea1c628263b3e?s=96&d=mm&r=g\",\"caption\":\"admin\"},\"url\":\"https:\/\/franciscanos.org.br\/noticias\/author\/admin\"}]}<\/script>\n<!-- \/ Yoast SEO plugin. -->","yoast_head_json":{"title":"Frei Faustino Tomelin \u00e9 sepultado em Santo Amaro da Imperatriz - Not\u00edcias - Franciscanos","robots":{"index":"index","follow":"follow","max-snippet":"max-snippet:-1","max-image-preview":"max-image-preview:large","max-video-preview":"max-video-preview:-1"},"canonical":"https:\/\/franciscanos.org.br\/noticias\/aos-80-anos-falece-frei-faustino-tomelin.html","og_locale":"pt_BR","og_type":"article","og_title":"Frei Faustino Tomelin \u00e9 sepultado em Santo Amaro da Imperatriz - Not\u00edcias - Franciscanos","og_description":"Luto na Prov\u00edncia","og_url":"https:\/\/franciscanos.org.br\/noticias\/aos-80-anos-falece-frei-faustino-tomelin.html","og_site_name":"Not\u00edcias - Franciscanos","article_published_time":"2018-01-13T23:44:55+00:00","article_modified_time":"2019-03-30T16:03:06+00:00","og_image":[{"width":273,"height":181,"url":"https:\/\/franciscanos.org.br\/noticias\/wp-content\/uploads\/2018\/01\/tomelin_130118.jpg","type":"image\/jpeg"}],"author":"admin","twitter_card":"summary_large_image","twitter_misc":{"Escrito por":"admin","Est. tempo de leitura":"2 minutos"},"schema":{"@context":"https:\/\/schema.org","@graph":[{"@type":"WebSite","@id":"https:\/\/franciscanos.org.br\/noticias\/#website","url":"https:\/\/franciscanos.org.br\/noticias\/","name":"Not\u00edcias - Franciscanos","description":"Prov\u00edncia Franciscana da Imaculada Concei\u00e7\u00e3o do Brasil - Ordem dos Frades Menores - OFM","potentialAction":[{"@type":"SearchAction","target":{"@type":"EntryPoint","urlTemplate":"https:\/\/franciscanos.org.br\/noticias\/?s={search_term_string}"},"query-input":"required name=search_term_string"}],"inLanguage":"pt-BR"},{"@type":"ImageObject","inLanguage":"pt-BR","@id":"https:\/\/franciscanos.org.br\/noticias\/aos-80-anos-falece-frei-faustino-tomelin.html#primaryimage","url":"https:\/\/franciscanos.org.br\/noticias\/wp-content\/uploads\/2018\/01\/tomelin_130118.jpg","contentUrl":"https:\/\/franciscanos.org.br\/noticias\/wp-content\/uploads\/2018\/01\/tomelin_130118.jpg","width":273,"height":181},{"@type":"WebPage","@id":"https:\/\/franciscanos.org.br\/noticias\/aos-80-anos-falece-frei-faustino-tomelin.html#webpage","url":"https:\/\/franciscanos.org.br\/noticias\/aos-80-anos-falece-frei-faustino-tomelin.html","name":"Frei Faustino Tomelin \u00e9 sepultado em Santo Amaro da Imperatriz - Not\u00edcias - Franciscanos","isPartOf":{"@id":"https:\/\/franciscanos.org.br\/noticias\/#website"},"primaryImageOfPage":{"@id":"https:\/\/franciscanos.org.br\/noticias\/aos-80-anos-falece-frei-faustino-tomelin.html#primaryimage"},"datePublished":"2018-01-13T23:44:55+00:00","dateModified":"2019-03-30T16:03:06+00:00","author":{"@id":"https:\/\/franciscanos.org.br\/noticias\/#\/schema\/person\/b38fbf43118f02820bd932f2e4b14ad3"},"breadcrumb":{"@id":"https:\/\/franciscanos.org.br\/noticias\/aos-80-anos-falece-frei-faustino-tomelin.html#breadcrumb"},"inLanguage":"pt-BR","potentialAction":[{"@type":"ReadAction","target":["https:\/\/franciscanos.org.br\/noticias\/aos-80-anos-falece-frei-faustino-tomelin.html"]}]},{"@type":"BreadcrumbList","@id":"https:\/\/franciscanos.org.br\/noticias\/aos-80-anos-falece-frei-faustino-tomelin.html#breadcrumb","itemListElement":[{"@type":"ListItem","position":1,"name":"Home","item":"https:\/\/franciscanos.org.br\/noticias"},{"@type":"ListItem","position":2,"name":"Frei Faustino Tomelin \u00e9 sepultado em Santo Amaro da Imperatriz"}]},{"@type":"Person","@id":"https:\/\/franciscanos.org.br\/noticias\/#\/schema\/person\/b38fbf43118f02820bd932f2e4b14ad3","name":"admin","image":{"@type":"ImageObject","inLanguage":"pt-BR","@id":"https:\/\/franciscanos.org.br\/noticias\/#\/schema\/person\/image\/","url":"https:\/\/secure.gravatar.com\/avatar\/e8495742d34d0ba6448ea1c628263b3e?s=96&d=mm&r=g","contentUrl":"https:\/\/secure.gravatar.com\/avatar\/e8495742d34d0ba6448ea1c628263b3e?s=96&d=mm&r=g","caption":"admin"},"url":"https:\/\/franciscanos.org.br\/noticias\/author\/admin"}]}},"_links":{"self":[{"href":"https:\/\/franciscanos.org.br\/noticias\/wp-json\/wp\/v2\/posts\/149196"}],"collection":[{"href":"https:\/\/franciscanos.org.br\/noticias\/wp-json\/wp\/v2\/posts"}],"about":[{"href":"https:\/\/franciscanos.org.br\/noticias\/wp-json\/wp\/v2\/types\/post"}],"author":[{"embeddable":true,"href":"https:\/\/franciscanos.org.br\/noticias\/wp-json\/wp\/v2\/users\/1"}],"replies":[{"embeddable":true,"href":"https:\/\/franciscanos.org.br\/noticias\/wp-json\/wp\/v2\/comments?post=149196"}],"version-history":[{"count":0,"href":"https:\/\/franciscanos.org.br\/noticias\/wp-json\/wp\/v2\/posts\/149196\/revisions"}],"wp:featuredmedia":[{"embeddable":true,"href":"https:\/\/franciscanos.org.br\/noticias\/wp-json\/wp\/v2\/media\/201957"}],"wp:attachment":[{"href":"https:\/\/franciscanos.org.br\/noticias\/wp-json\/wp\/v2\/media?parent=149196"}],"wp:term":[{"taxonomy":"category","embeddable":true,"href":"https:\/\/franciscanos.org.br\/noticias\/wp-json\/wp\/v2\/categories?post=149196"},{"taxonomy":"post_tag","embeddable":true,"href":"https:\/\/franciscanos.org.br\/noticias\/wp-json\/wp\/v2\/tags?post=149196"}],"curies":[{"name":"wp","href":"https:\/\/api.w.org\/{rel}","templated":true}]}}