{"id":149066,"date":"2018-01-12T09:14:02","date_gmt":"2018-01-12T11:14:02","guid":{"rendered":"http:\/\/franciscanos.org.br\/?p=149066"},"modified":"2020-06-08T14:59:17","modified_gmt":"2020-06-08T17:59:17","slug":"rezar-com-coragem-nao-como-papagaios","status":"publish","type":"post","link":"https:\/\/franciscanos.org.br\/noticias\/rezar-com-coragem-nao-como-papagaios.html","title":{"rendered":"&#8220;Se uma ora\u00e7\u00e3o n\u00e3o \u00e9 corajosa, n\u00e3o \u00e9 crist\u00e3&#8221;"},"content":{"rendered":"<p><img loading=\"lazy\" src=\"http:\/\/franciscanos.org.br\/wp-content\/uploads\/2017\/06\/marta_090617.jpg\" alt=\"marta_090617\" width=\"820\" height=\"466\" \/><br \/>\n<strong>Cidade do Vaticano<\/strong> &#8211; Como \u00e9 a ora\u00e7\u00e3o no Evangelho daqueles que conseguem obter do Senhor aquilo que pedem? Desta pergunta, partiu a reflex\u00e3o do Papa na homilia da missa celebrada na sexta-feira (12\/01), na Casa Santa Marta.<\/p>\n<p>O Evangelho de Marcos, tanto ontem como hoje, fala de duas curas: a do leproso e a do paral\u00edtico. Ambos rezam para obter a cura, ambos o fazem com f\u00e9: o leproso, destacou o Papa, desafia Jesus com coragem, dizendo: &#8220;Se queres, tens o poder de curar-me!&#8221;. E a resposta do Senhor \u00e9 imediata: &#8220;Eu quero&#8221;. Portanto, tudo \u00e9 poss\u00edvel para quem cr\u00ea, como ensina o Evangelho&#8221;:\u00a0Sempre, quando nos aproximamos do Senhor para pedir algo, se deve partir da f\u00e9 e faz\u00ea-lo na f\u00e9: \u201cEu tenho f\u00e9 que tu podes cura-me, eu creio que tu podes fazer isto\u201d e ter a coragem de desafi\u00e1-lo, como este leproso de ontem, este homem de hoje, este paral\u00edtico de hoje. A ora\u00e7\u00e3o na f\u00e9.<\/p>\n<p><strong>N\u00e3o rezamos como papagaios<\/strong><br \/>\nO Evangelho nos leva portanto a interrogar-nos sobre nosso modo de rezar. N\u00e3o o fazemos como &#8220;papagaios&#8221; e \u201csem interesse&#8221; naquilo que pedimos, mas ao contr\u00e1rio, sugere o Papa, suplicamos o Senhor que \u201cajude a nossa pouca f\u00e9\u201d tamb\u00e9m diante das dificuldades.<\/p>\n<p>De fato, s\u00e3o muitos os epis\u00f3dios do Evangelho em que aproximar-se do Senhor \u00e9 dif\u00edcil para quem se encontra em dificuldades e isso serve de exemplo para cada um de n\u00f3s.<\/p>\n<p>O paralitico, no Evangelho de hoje de Marcos, por exemplo, vem at\u00e9 mesmo baixado do teto para que sua maca chegue at\u00e9 o Senhor que est\u00e1 pregando entre a multid\u00e3o. \u201cA vontade leva a encontrar uma solu\u00e7\u00e3o\u201d, destacou Francisco, faz \u201cir al\u00e9m das dificuldades\u201d:\u00a0Coragem para lutar e chegar ao Senhor. Coragem para ter f\u00e9, no in\u00edcio: \u201cSe tu queres, tens o poder de curar-me. Se tu quiseres, eu creio\u201d. E coragem para aproximar-me do Senhor, quando existem tantas dificuldades. Aquela coragem\u2026 Muitas vezes, \u00e9 preciso paci\u00eancia e saber esperar os tempos, mas n\u00e3o desistir, ir sempre em frente. Mas se eu com f\u00e9 me aproximo do Senhor e digo: \u201cMas se queres, podes me dar esta gra\u00e7a\u201d e depois mas&#8230; como a gra\u00e7a depois de tr\u00eas dias n\u00e3o veio, ent\u00e3o uma outra coisa&#8230;.e me esque\u00e7o. Coragem.<\/p>\n<p><strong>Se a ora\u00e7\u00e3o n\u00e3o \u00e9 corajosa, n\u00e3o \u00e9 crist\u00e3<\/strong><br \/>\nSanta M\u00f4nica, m\u00e3e de Agostinho, rezou e &#8220;chorou muito&#8221; pela convers\u00e3o do seu filho e conseguiu obt\u00ea-la. Ent\u00e3o, o Papa a coloca entre os tantos Santos que tiveram grande coragem em sua f\u00e9. Coragem \u201cpara desafiar o Senhor\u201d, coragem para \u201cacreditar\u201d, mesmo que n\u00e3o se obtenha logo o que se pede, porque na \u201cora\u00e7\u00e3o se joga tudo\u201d e \u201cse a ora\u00e7\u00e3o n\u00e3o \u00e9 corajosa, n\u00e3o \u00e9 crist\u00e3\u201d:\u00a0A ora\u00e7\u00e3o crist\u00e3 nasce da f\u00e9 em Jesus e segue sempre com a f\u00e9, para al\u00e9m das dificuldades. Uma frase para traz\u00ea-la hoje no nosso cora\u00e7\u00e3o nos ajudar\u00e1, do nosso pai Abra\u00e3o, a quem foi prometida a heran\u00e7a, isto \u00e9, ter um filho aos 100 anos. Diz o ap\u00f3stolo Paulo: \u201cCreiam\u201d e com isto foi justificado. A f\u00e9 e \u201cse colocou em caminho\u201d: f\u00e9 e fazer de tudo para chegar \u00e0quela gra\u00e7a que estou pedindo. O Senhor nos disse: \u201cPe\u00e7am e vos ser\u00e1 dado\u201d. Tomemos tamb\u00e9m esta Palavra e tenhamos confian\u00e7a, mas sempre com f\u00e9 e acreditando. Esta \u00e9 a coragem que tem a ora\u00e7\u00e3o crist\u00e3. Se uma ora\u00e7\u00e3o n\u00e3o \u00e9 corajosa, n\u00e3o \u00e9 crist\u00e3.<\/p>\n<hr \/>\n<p><em>Fonte: Vatican News<\/em><\/p>\n","protected":false},"excerpt":{"rendered":"<p>Missa em Santa Marta<\/p>\n","protected":false},"author":1,"featured_media":201933,"comment_status":"open","ping_status":"open","sticky":false,"template":"","format":"standard","meta":[],"categories":[1428],"tags":[1586],"acf":[],"yoast_head":"<!-- This site is optimized with the Yoast SEO plugin v19.2 - https:\/\/yoast.com\/wordpress\/plugins\/seo\/ -->\n<title>&quot;Se uma ora\u00e7\u00e3o n\u00e3o \u00e9 corajosa, n\u00e3o \u00e9 crist\u00e3&quot; - Not\u00edcias - Franciscanos<\/title>\n<meta name=\"robots\" content=\"index, follow, max-snippet:-1, max-image-preview:large, max-video-preview:-1\" \/>\n<link rel=\"canonical\" href=\"https:\/\/franciscanos.org.br\/noticias\/rezar-com-coragem-nao-como-papagaios.html\" \/>\n<meta property=\"og:locale\" content=\"pt_BR\" \/>\n<meta property=\"og:type\" content=\"article\" \/>\n<meta property=\"og:title\" content=\"&quot;Se uma ora\u00e7\u00e3o n\u00e3o \u00e9 corajosa, n\u00e3o \u00e9 crist\u00e3&quot; - Not\u00edcias - Franciscanos\" \/>\n<meta property=\"og:description\" content=\"Missa em Santa Marta\" \/>\n<meta property=\"og:url\" content=\"https:\/\/franciscanos.org.br\/noticias\/rezar-com-coragem-nao-como-papagaios.html\" \/>\n<meta property=\"og:site_name\" content=\"Not\u00edcias - Franciscanos\" \/>\n<meta property=\"article:published_time\" content=\"2018-01-12T11:14:02+00:00\" \/>\n<meta property=\"article:modified_time\" content=\"2020-06-08T17:59:17+00:00\" \/>\n<meta property=\"og:image\" content=\"https:\/\/franciscanos.org.br\/noticias\/wp-content\/uploads\/2018\/01\/marta_090617.jpg\" \/>\n\t<meta property=\"og:image:width\" content=\"273\" \/>\n\t<meta property=\"og:image:height\" content=\"181\" \/>\n\t<meta property=\"og:image:type\" content=\"image\/jpeg\" \/>\n<meta name=\"author\" content=\"admin\" \/>\n<meta name=\"twitter:card\" content=\"summary_large_image\" \/>\n<meta name=\"twitter:label1\" content=\"Escrito por\" \/>\n\t<meta name=\"twitter:data1\" content=\"admin\" \/>\n\t<meta name=\"twitter:label2\" content=\"Est. tempo de leitura\" \/>\n\t<meta name=\"twitter:data2\" content=\"3 minutos\" \/>\n<script type=\"application\/ld+json\" class=\"yoast-schema-graph\">{\"@context\":\"https:\/\/schema.org\",\"@graph\":[{\"@type\":\"WebSite\",\"@id\":\"https:\/\/franciscanos.org.br\/noticias\/#website\",\"url\":\"https:\/\/franciscanos.org.br\/noticias\/\",\"name\":\"Not\u00edcias - Franciscanos\",\"description\":\"Prov\u00edncia Franciscana da Imaculada Concei\u00e7\u00e3o do Brasil - Ordem dos Frades Menores - OFM\",\"potentialAction\":[{\"@type\":\"SearchAction\",\"target\":{\"@type\":\"EntryPoint\",\"urlTemplate\":\"https:\/\/franciscanos.org.br\/noticias\/?s={search_term_string}\"},\"query-input\":\"required name=search_term_string\"}],\"inLanguage\":\"pt-BR\"},{\"@type\":\"ImageObject\",\"inLanguage\":\"pt-BR\",\"@id\":\"https:\/\/franciscanos.org.br\/noticias\/rezar-com-coragem-nao-como-papagaios.html#primaryimage\",\"url\":\"https:\/\/franciscanos.org.br\/noticias\/wp-content\/uploads\/2018\/01\/marta_090617.jpg\",\"contentUrl\":\"https:\/\/franciscanos.org.br\/noticias\/wp-content\/uploads\/2018\/01\/marta_090617.jpg\",\"width\":273,\"height\":181},{\"@type\":\"WebPage\",\"@id\":\"https:\/\/franciscanos.org.br\/noticias\/rezar-com-coragem-nao-como-papagaios.html#webpage\",\"url\":\"https:\/\/franciscanos.org.br\/noticias\/rezar-com-coragem-nao-como-papagaios.html\",\"name\":\"\\\"Se uma ora\u00e7\u00e3o n\u00e3o \u00e9 corajosa, n\u00e3o \u00e9 crist\u00e3\\\" - Not\u00edcias - Franciscanos\",\"isPartOf\":{\"@id\":\"https:\/\/franciscanos.org.br\/noticias\/#website\"},\"primaryImageOfPage\":{\"@id\":\"https:\/\/franciscanos.org.br\/noticias\/rezar-com-coragem-nao-como-papagaios.html#primaryimage\"},\"datePublished\":\"2018-01-12T11:14:02+00:00\",\"dateModified\":\"2020-06-08T17:59:17+00:00\",\"author\":{\"@id\":\"https:\/\/franciscanos.org.br\/noticias\/#\/schema\/person\/b38fbf43118f02820bd932f2e4b14ad3\"},\"breadcrumb\":{\"@id\":\"https:\/\/franciscanos.org.br\/noticias\/rezar-com-coragem-nao-como-papagaios.html#breadcrumb\"},\"inLanguage\":\"pt-BR\",\"potentialAction\":[{\"@type\":\"ReadAction\",\"target\":[\"https:\/\/franciscanos.org.br\/noticias\/rezar-com-coragem-nao-como-papagaios.html\"]}]},{\"@type\":\"BreadcrumbList\",\"@id\":\"https:\/\/franciscanos.org.br\/noticias\/rezar-com-coragem-nao-como-papagaios.html#breadcrumb\",\"itemListElement\":[{\"@type\":\"ListItem\",\"position\":1,\"name\":\"Home\",\"item\":\"https:\/\/franciscanos.org.br\/noticias\"},{\"@type\":\"ListItem\",\"position\":2,\"name\":\"&#8220;Se uma ora\u00e7\u00e3o n\u00e3o \u00e9 corajosa, n\u00e3o \u00e9 crist\u00e3&#8221;\"}]},{\"@type\":\"Person\",\"@id\":\"https:\/\/franciscanos.org.br\/noticias\/#\/schema\/person\/b38fbf43118f02820bd932f2e4b14ad3\",\"name\":\"admin\",\"image\":{\"@type\":\"ImageObject\",\"inLanguage\":\"pt-BR\",\"@id\":\"https:\/\/franciscanos.org.br\/noticias\/#\/schema\/person\/image\/\",\"url\":\"https:\/\/secure.gravatar.com\/avatar\/e8495742d34d0ba6448ea1c628263b3e?s=96&d=mm&r=g\",\"contentUrl\":\"https:\/\/secure.gravatar.com\/avatar\/e8495742d34d0ba6448ea1c628263b3e?s=96&d=mm&r=g\",\"caption\":\"admin\"},\"url\":\"https:\/\/franciscanos.org.br\/noticias\/author\/admin\"}]}<\/script>\n<!-- \/ Yoast SEO plugin. -->","yoast_head_json":{"title":"\"Se uma ora\u00e7\u00e3o n\u00e3o \u00e9 corajosa, n\u00e3o \u00e9 crist\u00e3\" - Not\u00edcias - Franciscanos","robots":{"index":"index","follow":"follow","max-snippet":"max-snippet:-1","max-image-preview":"max-image-preview:large","max-video-preview":"max-video-preview:-1"},"canonical":"https:\/\/franciscanos.org.br\/noticias\/rezar-com-coragem-nao-como-papagaios.html","og_locale":"pt_BR","og_type":"article","og_title":"\"Se uma ora\u00e7\u00e3o n\u00e3o \u00e9 corajosa, n\u00e3o \u00e9 crist\u00e3\" - Not\u00edcias - Franciscanos","og_description":"Missa em Santa Marta","og_url":"https:\/\/franciscanos.org.br\/noticias\/rezar-com-coragem-nao-como-papagaios.html","og_site_name":"Not\u00edcias - Franciscanos","article_published_time":"2018-01-12T11:14:02+00:00","article_modified_time":"2020-06-08T17:59:17+00:00","og_image":[{"width":273,"height":181,"url":"https:\/\/franciscanos.org.br\/noticias\/wp-content\/uploads\/2018\/01\/marta_090617.jpg","type":"image\/jpeg"}],"author":"admin","twitter_card":"summary_large_image","twitter_misc":{"Escrito por":"admin","Est. tempo de leitura":"3 minutos"},"schema":{"@context":"https:\/\/schema.org","@graph":[{"@type":"WebSite","@id":"https:\/\/franciscanos.org.br\/noticias\/#website","url":"https:\/\/franciscanos.org.br\/noticias\/","name":"Not\u00edcias - Franciscanos","description":"Prov\u00edncia Franciscana da Imaculada Concei\u00e7\u00e3o do Brasil - Ordem dos Frades Menores - OFM","potentialAction":[{"@type":"SearchAction","target":{"@type":"EntryPoint","urlTemplate":"https:\/\/franciscanos.org.br\/noticias\/?s={search_term_string}"},"query-input":"required name=search_term_string"}],"inLanguage":"pt-BR"},{"@type":"ImageObject","inLanguage":"pt-BR","@id":"https:\/\/franciscanos.org.br\/noticias\/rezar-com-coragem-nao-como-papagaios.html#primaryimage","url":"https:\/\/franciscanos.org.br\/noticias\/wp-content\/uploads\/2018\/01\/marta_090617.jpg","contentUrl":"https:\/\/franciscanos.org.br\/noticias\/wp-content\/uploads\/2018\/01\/marta_090617.jpg","width":273,"height":181},{"@type":"WebPage","@id":"https:\/\/franciscanos.org.br\/noticias\/rezar-com-coragem-nao-como-papagaios.html#webpage","url":"https:\/\/franciscanos.org.br\/noticias\/rezar-com-coragem-nao-como-papagaios.html","name":"\"Se uma ora\u00e7\u00e3o n\u00e3o \u00e9 corajosa, n\u00e3o \u00e9 crist\u00e3\" - Not\u00edcias - Franciscanos","isPartOf":{"@id":"https:\/\/franciscanos.org.br\/noticias\/#website"},"primaryImageOfPage":{"@id":"https:\/\/franciscanos.org.br\/noticias\/rezar-com-coragem-nao-como-papagaios.html#primaryimage"},"datePublished":"2018-01-12T11:14:02+00:00","dateModified":"2020-06-08T17:59:17+00:00","author":{"@id":"https:\/\/franciscanos.org.br\/noticias\/#\/schema\/person\/b38fbf43118f02820bd932f2e4b14ad3"},"breadcrumb":{"@id":"https:\/\/franciscanos.org.br\/noticias\/rezar-com-coragem-nao-como-papagaios.html#breadcrumb"},"inLanguage":"pt-BR","potentialAction":[{"@type":"ReadAction","target":["https:\/\/franciscanos.org.br\/noticias\/rezar-com-coragem-nao-como-papagaios.html"]}]},{"@type":"BreadcrumbList","@id":"https:\/\/franciscanos.org.br\/noticias\/rezar-com-coragem-nao-como-papagaios.html#breadcrumb","itemListElement":[{"@type":"ListItem","position":1,"name":"Home","item":"https:\/\/franciscanos.org.br\/noticias"},{"@type":"ListItem","position":2,"name":"&#8220;Se uma ora\u00e7\u00e3o n\u00e3o \u00e9 corajosa, n\u00e3o \u00e9 crist\u00e3&#8221;"}]},{"@type":"Person","@id":"https:\/\/franciscanos.org.br\/noticias\/#\/schema\/person\/b38fbf43118f02820bd932f2e4b14ad3","name":"admin","image":{"@type":"ImageObject","inLanguage":"pt-BR","@id":"https:\/\/franciscanos.org.br\/noticias\/#\/schema\/person\/image\/","url":"https:\/\/secure.gravatar.com\/avatar\/e8495742d34d0ba6448ea1c628263b3e?s=96&d=mm&r=g","contentUrl":"https:\/\/secure.gravatar.com\/avatar\/e8495742d34d0ba6448ea1c628263b3e?s=96&d=mm&r=g","caption":"admin"},"url":"https:\/\/franciscanos.org.br\/noticias\/author\/admin"}]}},"_links":{"self":[{"href":"https:\/\/franciscanos.org.br\/noticias\/wp-json\/wp\/v2\/posts\/149066"}],"collection":[{"href":"https:\/\/franciscanos.org.br\/noticias\/wp-json\/wp\/v2\/posts"}],"about":[{"href":"https:\/\/franciscanos.org.br\/noticias\/wp-json\/wp\/v2\/types\/post"}],"author":[{"embeddable":true,"href":"https:\/\/franciscanos.org.br\/noticias\/wp-json\/wp\/v2\/users\/1"}],"replies":[{"embeddable":true,"href":"https:\/\/franciscanos.org.br\/noticias\/wp-json\/wp\/v2\/comments?post=149066"}],"version-history":[{"count":1,"href":"https:\/\/franciscanos.org.br\/noticias\/wp-json\/wp\/v2\/posts\/149066\/revisions"}],"predecessor-version":[{"id":225129,"href":"https:\/\/franciscanos.org.br\/noticias\/wp-json\/wp\/v2\/posts\/149066\/revisions\/225129"}],"wp:featuredmedia":[{"embeddable":true,"href":"https:\/\/franciscanos.org.br\/noticias\/wp-json\/wp\/v2\/media\/201933"}],"wp:attachment":[{"href":"https:\/\/franciscanos.org.br\/noticias\/wp-json\/wp\/v2\/media?parent=149066"}],"wp:term":[{"taxonomy":"category","embeddable":true,"href":"https:\/\/franciscanos.org.br\/noticias\/wp-json\/wp\/v2\/categories?post=149066"},{"taxonomy":"post_tag","embeddable":true,"href":"https:\/\/franciscanos.org.br\/noticias\/wp-json\/wp\/v2\/tags?post=149066"}],"curies":[{"name":"wp","href":"https:\/\/api.w.org\/{rel}","templated":true}]}}