{"id":148995,"date":"2018-01-11T08:35:20","date_gmt":"2018-01-11T10:35:20","guid":{"rendered":"http:\/\/franciscanos.org.br\/?p=148995"},"modified":"2019-02-04T12:12:13","modified_gmt":"2019-02-04T14:12:13","slug":"clarissas-visitam-santuario-e-convento-da-penha","status":"publish","type":"post","link":"https:\/\/franciscanos.org.br\/noticias\/clarissas-visitam-santuario-e-convento-da-penha.html","title":{"rendered":"Clarissas visitam Santu\u00e1rio e Convento da Penha"},"content":{"rendered":"<p><img loading=\"lazy\" src=\"http:\/\/franciscanos.org.br\/wp-content\/uploads\/2018\/01\/clarissas_110118.jpg\" alt=\"clarissas_110118\" width=\"830\" height=\"450\" \/><\/p>\n<p><strong>Vila Velha (ES) &#8211;<\/strong> No dia 10 de janeiro, Vila Velha teve a feliz gra\u00e7a de receber por algumas horas as irm\u00e3s clarissas do Mosteiro da Sant\u00edssima Trindade de Colatina (ES). As irm\u00e3s, sob os cuidados dos Freis Gilson e Paulo, tiveram um dia de passeio e confraterniza\u00e7\u00e3o pelo Santu\u00e1rio, Convento da Penha, Igreja da Prainha e para fechar o dia, a oportunidade de molhar os p\u00e9s nas \u00e1guas da Praia de Itaparica.<\/p>\n<p>As irm\u00e3s clarissas possuem o estilo de vida contemplativa. Seus dias s\u00e3o sustentados pela m\u00edstica da clausura, pelo sil\u00eancio, ora\u00e7\u00e3o e trabalho. Contudo, dentro de um extraordin\u00e1rio pedido, elas podem sair para estar mais pr\u00f3ximas de seus irm\u00e3os franciscanos (OFM). A mesma inten\u00e7\u00e3o \u00e9 argumentada e tem por base o grande e real amor entre as duas ordens, desde o tempo de S\u00e3o Francisco e da pr\u00f3pria Clara de Assis.<\/p>\n<p>O dia de visitas come\u00e7ou pelo Santu\u00e1rio. Ap\u00f3s essa primeira parada, as irm\u00e3s foram ao encontro da Virgem da Penha, l\u00e1 na montanha Sagrada. Junto aos peregrinos, as irm\u00e3s participaram da Santa Missa. Lembrando Mois\u00e9s que, numa passagem do Antigo Testamento fora descrito como aquele que com as m\u00e3os firmes at\u00e9 o p\u00f4r-do-sol, garantiu com que Josu\u00e9 vencesse a batalha (cf. Ex 17.8-13), irm\u00e3 Agnes, superiora do Mosteiro, disso ao povo reunido que, \u201cas Clarissas permanecem com as m\u00e3os erguidas de modo a garantir que todos que est\u00e3o nos afazeres do dia a dia, sejam capazes de vencerem as suas batalhas\u201d, admoestou a freira.<\/p>\n<p>A cada passo dado pelas irm\u00e3s no Convento da Penha, as mesmas eram paradas pelos romeiros pedindo e recomendando mais e mais suas vidas \u00e0s Damas Pobres, filhas de Clara. Atentas e animadas, as irm\u00e3s distribu\u00edam sua aten\u00e7\u00e3o e acolhida a todos os que lhe pediam.<\/p>\n<p>Dando uma passada pelo claustro dos frades do convento da Penha, as irm\u00e3s seguiram animadas para o almo\u00e7o, preparado com carinho pelas volunt\u00e1rias, Val\u00e9ria, Ros\u00e2ngela e Maria Jos\u00e9. Mas antes, as irm\u00e3s deram uma passada na Igreja Matriz, a famosa e antiga igreja da Prainha. Na Matriz, Frei Clar\u00eancio pode acrescentar \u00e0s irm\u00e3s, algumas informa\u00e7\u00f5es acerca da constru\u00e7\u00e3o da igreja. Seguido do almo\u00e7o as irm\u00e3s conheceram o Farol de Santa Luzia, ponto tur\u00edstico da cidade.<\/p>\n<p>Com o Sol que fazia ontem, as irm\u00e3s n\u00e3o puderam sair de Vila Velha sem ao menos colocar os p\u00e9s nas \u00e1guas geladas da Praia de Itaparica. E para driblar o calor, deliciaram-se com picol\u00e9, suco natural e uma gelada \u00e1gua de coco. Essa \u00faltima benesse, a \u00e1gua de coco, fora doada por um benfeitor do Convento da Penha que tem um com\u00e9rcio a beira da Praia.<\/p>\n<p>O simples andar por entre as ruas, o cumprimentar as pessoas que com elas se encontravam e tomar uma \u00e1gua de coco na praia, revelam a humanidade, simplicidade e alegria de todo aquele(a) que dedica seus dias ao chamado de Deus. N\u00e3o h\u00e1 d\u00favidas da alt\u00edssima radicalidade e viv\u00eancia por entre as grades do claustro. Do mesmo modo, n\u00e3o h\u00e1 d\u00favidas do quanto as irm\u00e3s Clarissas confiam e alegram-se com o que um dia prometeram diante de Deus e da Igreja. Portanto, fica o testemunho em vida dessas mulheres que nos garantem as v\u00e1rias vit\u00f3rias por meio de suas intensas preces feitas a Deus, por n\u00f3s.<\/p>\n<p>Somos gratos e felizes por suas vidas, filhas de Claras. Deus as conserve.<\/p>\n<p><a href=\"http:\/\/paroquiadorosario.com\/\" target=\"_blank\" rel=\"noopener\"><strong>Pascom Par\u00f3quia do Ros\u00e1rio<\/strong><\/a><\/p>\n<p><iframe loading=\"lazy\" style=\"border: none; overflow: hidden;\" src=\"https:\/\/www.facebook.com\/plugins\/video.php?href=https%3A%2F%2Fwww.facebook.com%2Fprovinciafranciscana%2Fvideos%2F1667960503293501%2F&amp;show_text=0&amp;width=560\" width=\"560\" height=\"315\" frameborder=\"0\" scrolling=\"no\" allowfullscreen=\"allowfullscreen\"><\/iframe><\/p>\n","protected":false},"excerpt":{"rendered":"<p>Vila Velha (ES)<\/p>\n","protected":false},"author":1,"featured_media":199363,"comment_status":"open","ping_status":"open","sticky":false,"template":"","format":"standard","meta":[],"categories":[1],"tags":[171,248],"acf":[],"yoast_head":"<!-- This site is optimized with the Yoast SEO plugin v19.2 - https:\/\/yoast.com\/wordpress\/plugins\/seo\/ -->\n<title>Clarissas visitam Santu\u00e1rio e Convento da Penha - Not\u00edcias - Franciscanos<\/title>\n<meta name=\"robots\" content=\"index, follow, max-snippet:-1, max-image-preview:large, max-video-preview:-1\" \/>\n<link rel=\"canonical\" href=\"https:\/\/franciscanos.org.br\/noticias\/clarissas-visitam-santuario-e-convento-da-penha.html\" \/>\n<meta property=\"og:locale\" content=\"pt_BR\" \/>\n<meta property=\"og:type\" content=\"article\" \/>\n<meta property=\"og:title\" content=\"Clarissas visitam Santu\u00e1rio e Convento da Penha - Not\u00edcias - Franciscanos\" \/>\n<meta property=\"og:description\" content=\"Vila Velha (ES)\" \/>\n<meta property=\"og:url\" content=\"https:\/\/franciscanos.org.br\/noticias\/clarissas-visitam-santuario-e-convento-da-penha.html\" \/>\n<meta property=\"og:site_name\" content=\"Not\u00edcias - Franciscanos\" \/>\n<meta property=\"article:published_time\" content=\"2018-01-11T10:35:20+00:00\" \/>\n<meta property=\"article:modified_time\" content=\"2019-02-04T14:12:13+00:00\" \/>\n<meta property=\"og:image\" content=\"https:\/\/franciscanos.org.br\/noticias\/wp-content\/uploads\/2018\/01\/clarissas_110118d.jpg\" \/>\n\t<meta property=\"og:image:width\" content=\"273\" \/>\n\t<meta property=\"og:image:height\" content=\"181\" \/>\n\t<meta property=\"og:image:type\" content=\"image\/jpeg\" \/>\n<meta name=\"author\" content=\"admin\" \/>\n<meta name=\"twitter:card\" content=\"summary_large_image\" \/>\n<meta name=\"twitter:label1\" content=\"Escrito por\" \/>\n\t<meta name=\"twitter:data1\" content=\"admin\" \/>\n\t<meta name=\"twitter:label2\" content=\"Est. tempo de leitura\" \/>\n\t<meta name=\"twitter:data2\" content=\"3 minutos\" \/>\n<script type=\"application\/ld+json\" class=\"yoast-schema-graph\">{\"@context\":\"https:\/\/schema.org\",\"@graph\":[{\"@type\":\"WebSite\",\"@id\":\"https:\/\/franciscanos.org.br\/noticias\/#website\",\"url\":\"https:\/\/franciscanos.org.br\/noticias\/\",\"name\":\"Not\u00edcias - Franciscanos\",\"description\":\"Prov\u00edncia Franciscana da Imaculada Concei\u00e7\u00e3o do Brasil - Ordem dos Frades Menores - OFM\",\"potentialAction\":[{\"@type\":\"SearchAction\",\"target\":{\"@type\":\"EntryPoint\",\"urlTemplate\":\"https:\/\/franciscanos.org.br\/noticias\/?s={search_term_string}\"},\"query-input\":\"required name=search_term_string\"}],\"inLanguage\":\"pt-BR\"},{\"@type\":\"ImageObject\",\"inLanguage\":\"pt-BR\",\"@id\":\"https:\/\/franciscanos.org.br\/noticias\/clarissas-visitam-santuario-e-convento-da-penha.html#primaryimage\",\"url\":\"https:\/\/franciscanos.org.br\/noticias\/wp-content\/uploads\/2018\/01\/clarissas_110118d.jpg\",\"contentUrl\":\"https:\/\/franciscanos.org.br\/noticias\/wp-content\/uploads\/2018\/01\/clarissas_110118d.jpg\",\"width\":273,\"height\":181},{\"@type\":\"WebPage\",\"@id\":\"https:\/\/franciscanos.org.br\/noticias\/clarissas-visitam-santuario-e-convento-da-penha.html#webpage\",\"url\":\"https:\/\/franciscanos.org.br\/noticias\/clarissas-visitam-santuario-e-convento-da-penha.html\",\"name\":\"Clarissas visitam Santu\u00e1rio e Convento da Penha - Not\u00edcias - Franciscanos\",\"isPartOf\":{\"@id\":\"https:\/\/franciscanos.org.br\/noticias\/#website\"},\"primaryImageOfPage\":{\"@id\":\"https:\/\/franciscanos.org.br\/noticias\/clarissas-visitam-santuario-e-convento-da-penha.html#primaryimage\"},\"datePublished\":\"2018-01-11T10:35:20+00:00\",\"dateModified\":\"2019-02-04T14:12:13+00:00\",\"author\":{\"@id\":\"https:\/\/franciscanos.org.br\/noticias\/#\/schema\/person\/b38fbf43118f02820bd932f2e4b14ad3\"},\"breadcrumb\":{\"@id\":\"https:\/\/franciscanos.org.br\/noticias\/clarissas-visitam-santuario-e-convento-da-penha.html#breadcrumb\"},\"inLanguage\":\"pt-BR\",\"potentialAction\":[{\"@type\":\"ReadAction\",\"target\":[\"https:\/\/franciscanos.org.br\/noticias\/clarissas-visitam-santuario-e-convento-da-penha.html\"]}]},{\"@type\":\"BreadcrumbList\",\"@id\":\"https:\/\/franciscanos.org.br\/noticias\/clarissas-visitam-santuario-e-convento-da-penha.html#breadcrumb\",\"itemListElement\":[{\"@type\":\"ListItem\",\"position\":1,\"name\":\"Home\",\"item\":\"https:\/\/franciscanos.org.br\/noticias\"},{\"@type\":\"ListItem\",\"position\":2,\"name\":\"Clarissas visitam Santu\u00e1rio e Convento da Penha\"}]},{\"@type\":\"Person\",\"@id\":\"https:\/\/franciscanos.org.br\/noticias\/#\/schema\/person\/b38fbf43118f02820bd932f2e4b14ad3\",\"name\":\"admin\",\"image\":{\"@type\":\"ImageObject\",\"inLanguage\":\"pt-BR\",\"@id\":\"https:\/\/franciscanos.org.br\/noticias\/#\/schema\/person\/image\/\",\"url\":\"https:\/\/secure.gravatar.com\/avatar\/e8495742d34d0ba6448ea1c628263b3e?s=96&d=mm&r=g\",\"contentUrl\":\"https:\/\/secure.gravatar.com\/avatar\/e8495742d34d0ba6448ea1c628263b3e?s=96&d=mm&r=g\",\"caption\":\"admin\"},\"url\":\"https:\/\/franciscanos.org.br\/noticias\/author\/admin\"}]}<\/script>\n<!-- \/ Yoast SEO plugin. -->","yoast_head_json":{"title":"Clarissas visitam Santu\u00e1rio e Convento da Penha - Not\u00edcias - Franciscanos","robots":{"index":"index","follow":"follow","max-snippet":"max-snippet:-1","max-image-preview":"max-image-preview:large","max-video-preview":"max-video-preview:-1"},"canonical":"https:\/\/franciscanos.org.br\/noticias\/clarissas-visitam-santuario-e-convento-da-penha.html","og_locale":"pt_BR","og_type":"article","og_title":"Clarissas visitam Santu\u00e1rio e Convento da Penha - Not\u00edcias - Franciscanos","og_description":"Vila Velha (ES)","og_url":"https:\/\/franciscanos.org.br\/noticias\/clarissas-visitam-santuario-e-convento-da-penha.html","og_site_name":"Not\u00edcias - Franciscanos","article_published_time":"2018-01-11T10:35:20+00:00","article_modified_time":"2019-02-04T14:12:13+00:00","og_image":[{"width":273,"height":181,"url":"https:\/\/franciscanos.org.br\/noticias\/wp-content\/uploads\/2018\/01\/clarissas_110118d.jpg","type":"image\/jpeg"}],"author":"admin","twitter_card":"summary_large_image","twitter_misc":{"Escrito por":"admin","Est. tempo de leitura":"3 minutos"},"schema":{"@context":"https:\/\/schema.org","@graph":[{"@type":"WebSite","@id":"https:\/\/franciscanos.org.br\/noticias\/#website","url":"https:\/\/franciscanos.org.br\/noticias\/","name":"Not\u00edcias - Franciscanos","description":"Prov\u00edncia Franciscana da Imaculada Concei\u00e7\u00e3o do Brasil - Ordem dos Frades Menores - OFM","potentialAction":[{"@type":"SearchAction","target":{"@type":"EntryPoint","urlTemplate":"https:\/\/franciscanos.org.br\/noticias\/?s={search_term_string}"},"query-input":"required name=search_term_string"}],"inLanguage":"pt-BR"},{"@type":"ImageObject","inLanguage":"pt-BR","@id":"https:\/\/franciscanos.org.br\/noticias\/clarissas-visitam-santuario-e-convento-da-penha.html#primaryimage","url":"https:\/\/franciscanos.org.br\/noticias\/wp-content\/uploads\/2018\/01\/clarissas_110118d.jpg","contentUrl":"https:\/\/franciscanos.org.br\/noticias\/wp-content\/uploads\/2018\/01\/clarissas_110118d.jpg","width":273,"height":181},{"@type":"WebPage","@id":"https:\/\/franciscanos.org.br\/noticias\/clarissas-visitam-santuario-e-convento-da-penha.html#webpage","url":"https:\/\/franciscanos.org.br\/noticias\/clarissas-visitam-santuario-e-convento-da-penha.html","name":"Clarissas visitam Santu\u00e1rio e Convento da Penha - Not\u00edcias - Franciscanos","isPartOf":{"@id":"https:\/\/franciscanos.org.br\/noticias\/#website"},"primaryImageOfPage":{"@id":"https:\/\/franciscanos.org.br\/noticias\/clarissas-visitam-santuario-e-convento-da-penha.html#primaryimage"},"datePublished":"2018-01-11T10:35:20+00:00","dateModified":"2019-02-04T14:12:13+00:00","author":{"@id":"https:\/\/franciscanos.org.br\/noticias\/#\/schema\/person\/b38fbf43118f02820bd932f2e4b14ad3"},"breadcrumb":{"@id":"https:\/\/franciscanos.org.br\/noticias\/clarissas-visitam-santuario-e-convento-da-penha.html#breadcrumb"},"inLanguage":"pt-BR","potentialAction":[{"@type":"ReadAction","target":["https:\/\/franciscanos.org.br\/noticias\/clarissas-visitam-santuario-e-convento-da-penha.html"]}]},{"@type":"BreadcrumbList","@id":"https:\/\/franciscanos.org.br\/noticias\/clarissas-visitam-santuario-e-convento-da-penha.html#breadcrumb","itemListElement":[{"@type":"ListItem","position":1,"name":"Home","item":"https:\/\/franciscanos.org.br\/noticias"},{"@type":"ListItem","position":2,"name":"Clarissas visitam Santu\u00e1rio e Convento da Penha"}]},{"@type":"Person","@id":"https:\/\/franciscanos.org.br\/noticias\/#\/schema\/person\/b38fbf43118f02820bd932f2e4b14ad3","name":"admin","image":{"@type":"ImageObject","inLanguage":"pt-BR","@id":"https:\/\/franciscanos.org.br\/noticias\/#\/schema\/person\/image\/","url":"https:\/\/secure.gravatar.com\/avatar\/e8495742d34d0ba6448ea1c628263b3e?s=96&d=mm&r=g","contentUrl":"https:\/\/secure.gravatar.com\/avatar\/e8495742d34d0ba6448ea1c628263b3e?s=96&d=mm&r=g","caption":"admin"},"url":"https:\/\/franciscanos.org.br\/noticias\/author\/admin"}]}},"_links":{"self":[{"href":"https:\/\/franciscanos.org.br\/noticias\/wp-json\/wp\/v2\/posts\/148995"}],"collection":[{"href":"https:\/\/franciscanos.org.br\/noticias\/wp-json\/wp\/v2\/posts"}],"about":[{"href":"https:\/\/franciscanos.org.br\/noticias\/wp-json\/wp\/v2\/types\/post"}],"author":[{"embeddable":true,"href":"https:\/\/franciscanos.org.br\/noticias\/wp-json\/wp\/v2\/users\/1"}],"replies":[{"embeddable":true,"href":"https:\/\/franciscanos.org.br\/noticias\/wp-json\/wp\/v2\/comments?post=148995"}],"version-history":[{"count":0,"href":"https:\/\/franciscanos.org.br\/noticias\/wp-json\/wp\/v2\/posts\/148995\/revisions"}],"wp:featuredmedia":[{"embeddable":true,"href":"https:\/\/franciscanos.org.br\/noticias\/wp-json\/wp\/v2\/media\/199363"}],"wp:attachment":[{"href":"https:\/\/franciscanos.org.br\/noticias\/wp-json\/wp\/v2\/media?parent=148995"}],"wp:term":[{"taxonomy":"category","embeddable":true,"href":"https:\/\/franciscanos.org.br\/noticias\/wp-json\/wp\/v2\/categories?post=148995"},{"taxonomy":"post_tag","embeddable":true,"href":"https:\/\/franciscanos.org.br\/noticias\/wp-json\/wp\/v2\/tags?post=148995"}],"curies":[{"name":"wp","href":"https:\/\/api.w.org\/{rel}","templated":true}]}}