{"id":148889,"date":"2018-01-09T09:15:14","date_gmt":"2018-01-09T11:15:14","guid":{"rendered":"http:\/\/franciscanos.org.br\/?p=148889"},"modified":"2020-06-08T15:03:43","modified_gmt":"2020-06-08T18:03:43","slug":"vida-dupla-dos-pastores-e-ferida-na-igreja","status":"publish","type":"post","link":"https:\/\/franciscanos.org.br\/noticias\/vida-dupla-dos-pastores-e-ferida-na-igreja.html","title":{"rendered":"Vida dupla dos pastores \u00e9 ferida na Igreja"},"content":{"rendered":"<p><img loading=\"lazy\" src=\"http:\/\/franciscanos.org.br\/wp-content\/uploads\/2018\/01\/marta_090118G.jpg\" alt=\"marta_090118G\" width=\"830\" height=\"400\" \/><\/p>\n<p><strong>Cidade do Vaticano<\/strong> &#8211; Como\u00e7\u00e3o, proximidade e coer\u00eancia. Essas s\u00e3o as caracter\u00edsticas do pastor e da sua \u201cautoridade\u201d, nas palavras do Papa na missa esta manh\u00e3 na Casa Santa Marta. Comentando o Evangelho do dia, de Marcos, dedicado a Jesus que ensinava \u201ccomo quem tem autoridade\u201d, Francisco explicou que se trata de um \u201censinamento novo\u201d: a \u201cnovidade\u201d de Cristo \u00e9 justamente o \u201cdom da autoridade\u201d recebido pelo Pai.<\/p>\n<p>Diante dos ensinamentos dos escribas, dos doutores da lei, que mesmo \u201cdizendo a verdade\u201d, evidenciou o Papa, as pessoas \u201cpensavam a outra coisa\u201d, porque o que diziam \u201cn\u00e3o chegava ao cora\u00e7\u00e3o\u201d: ensinavam \u201cda c\u00e1tedra e n\u00e3o se importavam com as pessoas\u201d.<\/p>\n<p>Ao inv\u00e9s, acrescentou Francisco, \u201co ensinamento de Jesus provoca o estupor, movimento no cora\u00e7\u00e3o\u201d, porque aquilo que \u201cd\u00e1 autoridade\u201d \u00e9 precisamente a proximidade e Jesus \u201ctinha autoridade porque se aproximava das pessoas\u201d, entendia os problemas, dores e pecados:\u00a0\u201cPorque estava pr\u00f3ximo, entendia; mas acolhia, curava e ensinava com proximidade. Aquilo que d\u00e1 autoridade a um pastor ou desperta a autoridade que \u00e9 dada pelo Pai \u00e9 a proximidade: proximidade a Deus na ora\u00e7\u00e3o \u2013 um pastor que n\u00e3o reza, um pastor que n\u00e3o busca Deus perdeu a proximidade das pessoas. O pastor separado das pessoas n\u00e3o chega a elas com a mensagem. Proximidade, esta dupla proximidade. Esta \u00e9 a un\u00e7\u00e3o do pastor que se comove diante do dom de Deus na ora\u00e7\u00e3o, e se pode comover diante dos pecados, do problema, das doen\u00e7as das pessoas: deixa comover o pastor\u201d.<\/p>\n<p>Os escribas, prosseguiu o Papa, tinham perdido a \u201ccapacidade\u201d de se comover justamente porque \u201cn\u00e3o estavam nem pr\u00f3ximos das pessoas nem de Deus\u201d. E quando se perde esta proximidade, destacou Francisco, o pastor acaba \u201cna incoer\u00eancia de vida\u201d.<\/p>\n<p>Jesus \u00e9 claro nisto: \u201cFa\u00e7am aquilo que dizem\u201d \u2013 digam a verdade \u2013 \u201cmas n\u00e3o aquilo que fazem\u201d:\u00a0\u201cA vida dupla. \u00c9 duro ver pastores com vida dupla: \u00e9 uma ferida na Igreja. Os pastores doentes, que perderam a autoridade e seguem em frente com esta vida dupla. Existem tantas maneiras para levar em frente esta vida dupla: mas \u00e9 dupla&#8230; E Jesus \u00e9 muito forte com eles. N\u00e3o somente diz \u00e0s pessoas para ouvi-los, mas\u00a0para n\u00e3o fazer aquilo que fazem, mas o que diz a eles? \u201cMas voc\u00eas s\u00e3o sepulcros caiados\u201d: bel\u00edssimos na doutrina, por fora. Mas por dentro, podrid\u00e3o. Este \u00e9 o fim do pastor que n\u00e3o tem proximidade com Deus na ora\u00e7\u00e3o e com as pessoas na compaix\u00e3o\u201d.<\/p>\n<p>Francisco cita a primeira leitura e reprop\u00f5e a figura de Ana, que ora ao Senhor pedindo para ter um filho homem, e do sacerdote, o \u201cvelho Eli\u201d, que \u201cera um fraco, havia perdido a proximidade com Deus e com as pessoas\u201d: havia considerado que Ana estava embriagada. Ela pelo contr\u00e1rio, estava rezando em seu cora\u00e7\u00e3o, movendo somente os l\u00e1bios.<\/p>\n<p>Foi ela a explicar a Eli estar \u201camargurada\u201d e a falar foi o \u201cexcesso\u201d de sua \u201cdor\u201d e de sua \u201cang\u00fastia\u201d.<\/p>\n<p>E enquanto ela falava, Eli \u201cfoi capaz de aproximar-se daquele cora\u00e7\u00e3o\u201d, at\u00e9 dizer para ir em paz: \u201cVai em paz e que o Deus de Israel te conceda o que lhe pediste\u201d.<\/p>\n<p>Deu-se conta \u2013 observa o Papa \u2013 \u201cde ter errado e brotou de seu cora\u00e7\u00e3o a b\u00ean\u00e7\u00e3o e a profecia\u201d, porque depois Ana deu \u00e0 luz a Samuel:\u00a0\u201cEu diria aos pastores que viveram a vida separados de Deus e do povo, das pessoas: \u201cMas, n\u00e3o percam a esperan\u00e7a. Sempre existe a possibilidade. Para isto foi suficiente olhar, aproximar-se a uma mulher, ouvi-la e despertar a autoridade para aben\u00e7oar e profetizar; a profecia foi feita e o filho da mulher veio\u201d. A autoridade: a autoridade, dom de Deus. Somente vem d\u2019Ele. E Jesus a d\u00e1 aos seus. Autoridade no falar, que vem da proximidade com Deus e com as pessoas, as duas coisas sempre juntas. Autoridade que \u00e9 coer\u00eancia, n\u00e3o dupla vida. \u00c9 autoridade, e se um pastor a perde, que ao menos n\u00e3o perca a esperan\u00e7a, como Eli: sempre h\u00e1 tempo para aproximar-se e despertar a autoridade e a profecia\u201d.<\/p>\n<hr \/>\n<p><em>Fonte: Vatican News<\/em><\/p>\n","protected":false},"excerpt":{"rendered":"<p>Missa em Santa Marta<\/p>\n","protected":false},"author":1,"featured_media":202977,"comment_status":"open","ping_status":"open","sticky":false,"template":"","format":"standard","meta":[],"categories":[1428],"tags":[1586],"acf":[],"yoast_head":"<!-- This site is optimized with the Yoast SEO plugin v19.2 - https:\/\/yoast.com\/wordpress\/plugins\/seo\/ -->\n<title>Vida dupla dos pastores \u00e9 ferida na Igreja - Not\u00edcias - Franciscanos<\/title>\n<meta name=\"robots\" content=\"index, follow, max-snippet:-1, max-image-preview:large, max-video-preview:-1\" \/>\n<link rel=\"canonical\" href=\"https:\/\/franciscanos.org.br\/noticias\/vida-dupla-dos-pastores-e-ferida-na-igreja.html\" \/>\n<meta property=\"og:locale\" content=\"pt_BR\" \/>\n<meta property=\"og:type\" content=\"article\" \/>\n<meta property=\"og:title\" content=\"Vida dupla dos pastores \u00e9 ferida na Igreja - Not\u00edcias - Franciscanos\" \/>\n<meta property=\"og:description\" content=\"Missa em Santa Marta\" \/>\n<meta property=\"og:url\" content=\"https:\/\/franciscanos.org.br\/noticias\/vida-dupla-dos-pastores-e-ferida-na-igreja.html\" \/>\n<meta property=\"og:site_name\" content=\"Not\u00edcias - Franciscanos\" \/>\n<meta property=\"article:published_time\" content=\"2018-01-09T11:15:14+00:00\" \/>\n<meta property=\"article:modified_time\" content=\"2020-06-08T18:03:43+00:00\" \/>\n<meta property=\"og:image\" content=\"https:\/\/franciscanos.org.br\/noticias\/wp-content\/uploads\/2018\/01\/marta_090118G.jpg\" \/>\n\t<meta property=\"og:image:width\" content=\"273\" \/>\n\t<meta property=\"og:image:height\" content=\"181\" \/>\n\t<meta property=\"og:image:type\" content=\"image\/jpeg\" \/>\n<meta name=\"author\" content=\"admin\" \/>\n<meta name=\"twitter:card\" content=\"summary_large_image\" \/>\n<meta name=\"twitter:label1\" content=\"Escrito por\" \/>\n\t<meta name=\"twitter:data1\" content=\"admin\" \/>\n\t<meta name=\"twitter:label2\" content=\"Est. tempo de leitura\" \/>\n\t<meta name=\"twitter:data2\" content=\"4 minutos\" \/>\n<script type=\"application\/ld+json\" class=\"yoast-schema-graph\">{\"@context\":\"https:\/\/schema.org\",\"@graph\":[{\"@type\":\"WebSite\",\"@id\":\"https:\/\/franciscanos.org.br\/noticias\/#website\",\"url\":\"https:\/\/franciscanos.org.br\/noticias\/\",\"name\":\"Not\u00edcias - Franciscanos\",\"description\":\"Prov\u00edncia Franciscana da Imaculada Concei\u00e7\u00e3o do Brasil - Ordem dos Frades Menores - OFM\",\"potentialAction\":[{\"@type\":\"SearchAction\",\"target\":{\"@type\":\"EntryPoint\",\"urlTemplate\":\"https:\/\/franciscanos.org.br\/noticias\/?s={search_term_string}\"},\"query-input\":\"required name=search_term_string\"}],\"inLanguage\":\"pt-BR\"},{\"@type\":\"ImageObject\",\"inLanguage\":\"pt-BR\",\"@id\":\"https:\/\/franciscanos.org.br\/noticias\/vida-dupla-dos-pastores-e-ferida-na-igreja.html#primaryimage\",\"url\":\"https:\/\/franciscanos.org.br\/noticias\/wp-content\/uploads\/2018\/01\/marta_090118G.jpg\",\"contentUrl\":\"https:\/\/franciscanos.org.br\/noticias\/wp-content\/uploads\/2018\/01\/marta_090118G.jpg\",\"width\":273,\"height\":181},{\"@type\":\"WebPage\",\"@id\":\"https:\/\/franciscanos.org.br\/noticias\/vida-dupla-dos-pastores-e-ferida-na-igreja.html#webpage\",\"url\":\"https:\/\/franciscanos.org.br\/noticias\/vida-dupla-dos-pastores-e-ferida-na-igreja.html\",\"name\":\"Vida dupla dos pastores \u00e9 ferida na Igreja - Not\u00edcias - Franciscanos\",\"isPartOf\":{\"@id\":\"https:\/\/franciscanos.org.br\/noticias\/#website\"},\"primaryImageOfPage\":{\"@id\":\"https:\/\/franciscanos.org.br\/noticias\/vida-dupla-dos-pastores-e-ferida-na-igreja.html#primaryimage\"},\"datePublished\":\"2018-01-09T11:15:14+00:00\",\"dateModified\":\"2020-06-08T18:03:43+00:00\",\"author\":{\"@id\":\"https:\/\/franciscanos.org.br\/noticias\/#\/schema\/person\/b38fbf43118f02820bd932f2e4b14ad3\"},\"breadcrumb\":{\"@id\":\"https:\/\/franciscanos.org.br\/noticias\/vida-dupla-dos-pastores-e-ferida-na-igreja.html#breadcrumb\"},\"inLanguage\":\"pt-BR\",\"potentialAction\":[{\"@type\":\"ReadAction\",\"target\":[\"https:\/\/franciscanos.org.br\/noticias\/vida-dupla-dos-pastores-e-ferida-na-igreja.html\"]}]},{\"@type\":\"BreadcrumbList\",\"@id\":\"https:\/\/franciscanos.org.br\/noticias\/vida-dupla-dos-pastores-e-ferida-na-igreja.html#breadcrumb\",\"itemListElement\":[{\"@type\":\"ListItem\",\"position\":1,\"name\":\"Home\",\"item\":\"https:\/\/franciscanos.org.br\/noticias\"},{\"@type\":\"ListItem\",\"position\":2,\"name\":\"Vida dupla dos pastores \u00e9 ferida na Igreja\"}]},{\"@type\":\"Person\",\"@id\":\"https:\/\/franciscanos.org.br\/noticias\/#\/schema\/person\/b38fbf43118f02820bd932f2e4b14ad3\",\"name\":\"admin\",\"image\":{\"@type\":\"ImageObject\",\"inLanguage\":\"pt-BR\",\"@id\":\"https:\/\/franciscanos.org.br\/noticias\/#\/schema\/person\/image\/\",\"url\":\"https:\/\/secure.gravatar.com\/avatar\/e8495742d34d0ba6448ea1c628263b3e?s=96&d=mm&r=g\",\"contentUrl\":\"https:\/\/secure.gravatar.com\/avatar\/e8495742d34d0ba6448ea1c628263b3e?s=96&d=mm&r=g\",\"caption\":\"admin\"},\"url\":\"https:\/\/franciscanos.org.br\/noticias\/author\/admin\"}]}<\/script>\n<!-- \/ Yoast SEO plugin. -->","yoast_head_json":{"title":"Vida dupla dos pastores \u00e9 ferida na Igreja - Not\u00edcias - Franciscanos","robots":{"index":"index","follow":"follow","max-snippet":"max-snippet:-1","max-image-preview":"max-image-preview:large","max-video-preview":"max-video-preview:-1"},"canonical":"https:\/\/franciscanos.org.br\/noticias\/vida-dupla-dos-pastores-e-ferida-na-igreja.html","og_locale":"pt_BR","og_type":"article","og_title":"Vida dupla dos pastores \u00e9 ferida na Igreja - Not\u00edcias - Franciscanos","og_description":"Missa em Santa Marta","og_url":"https:\/\/franciscanos.org.br\/noticias\/vida-dupla-dos-pastores-e-ferida-na-igreja.html","og_site_name":"Not\u00edcias - Franciscanos","article_published_time":"2018-01-09T11:15:14+00:00","article_modified_time":"2020-06-08T18:03:43+00:00","og_image":[{"width":273,"height":181,"url":"https:\/\/franciscanos.org.br\/noticias\/wp-content\/uploads\/2018\/01\/marta_090118G.jpg","type":"image\/jpeg"}],"author":"admin","twitter_card":"summary_large_image","twitter_misc":{"Escrito por":"admin","Est. tempo de leitura":"4 minutos"},"schema":{"@context":"https:\/\/schema.org","@graph":[{"@type":"WebSite","@id":"https:\/\/franciscanos.org.br\/noticias\/#website","url":"https:\/\/franciscanos.org.br\/noticias\/","name":"Not\u00edcias - Franciscanos","description":"Prov\u00edncia Franciscana da Imaculada Concei\u00e7\u00e3o do Brasil - Ordem dos Frades Menores - OFM","potentialAction":[{"@type":"SearchAction","target":{"@type":"EntryPoint","urlTemplate":"https:\/\/franciscanos.org.br\/noticias\/?s={search_term_string}"},"query-input":"required name=search_term_string"}],"inLanguage":"pt-BR"},{"@type":"ImageObject","inLanguage":"pt-BR","@id":"https:\/\/franciscanos.org.br\/noticias\/vida-dupla-dos-pastores-e-ferida-na-igreja.html#primaryimage","url":"https:\/\/franciscanos.org.br\/noticias\/wp-content\/uploads\/2018\/01\/marta_090118G.jpg","contentUrl":"https:\/\/franciscanos.org.br\/noticias\/wp-content\/uploads\/2018\/01\/marta_090118G.jpg","width":273,"height":181},{"@type":"WebPage","@id":"https:\/\/franciscanos.org.br\/noticias\/vida-dupla-dos-pastores-e-ferida-na-igreja.html#webpage","url":"https:\/\/franciscanos.org.br\/noticias\/vida-dupla-dos-pastores-e-ferida-na-igreja.html","name":"Vida dupla dos pastores \u00e9 ferida na Igreja - Not\u00edcias - Franciscanos","isPartOf":{"@id":"https:\/\/franciscanos.org.br\/noticias\/#website"},"primaryImageOfPage":{"@id":"https:\/\/franciscanos.org.br\/noticias\/vida-dupla-dos-pastores-e-ferida-na-igreja.html#primaryimage"},"datePublished":"2018-01-09T11:15:14+00:00","dateModified":"2020-06-08T18:03:43+00:00","author":{"@id":"https:\/\/franciscanos.org.br\/noticias\/#\/schema\/person\/b38fbf43118f02820bd932f2e4b14ad3"},"breadcrumb":{"@id":"https:\/\/franciscanos.org.br\/noticias\/vida-dupla-dos-pastores-e-ferida-na-igreja.html#breadcrumb"},"inLanguage":"pt-BR","potentialAction":[{"@type":"ReadAction","target":["https:\/\/franciscanos.org.br\/noticias\/vida-dupla-dos-pastores-e-ferida-na-igreja.html"]}]},{"@type":"BreadcrumbList","@id":"https:\/\/franciscanos.org.br\/noticias\/vida-dupla-dos-pastores-e-ferida-na-igreja.html#breadcrumb","itemListElement":[{"@type":"ListItem","position":1,"name":"Home","item":"https:\/\/franciscanos.org.br\/noticias"},{"@type":"ListItem","position":2,"name":"Vida dupla dos pastores \u00e9 ferida na Igreja"}]},{"@type":"Person","@id":"https:\/\/franciscanos.org.br\/noticias\/#\/schema\/person\/b38fbf43118f02820bd932f2e4b14ad3","name":"admin","image":{"@type":"ImageObject","inLanguage":"pt-BR","@id":"https:\/\/franciscanos.org.br\/noticias\/#\/schema\/person\/image\/","url":"https:\/\/secure.gravatar.com\/avatar\/e8495742d34d0ba6448ea1c628263b3e?s=96&d=mm&r=g","contentUrl":"https:\/\/secure.gravatar.com\/avatar\/e8495742d34d0ba6448ea1c628263b3e?s=96&d=mm&r=g","caption":"admin"},"url":"https:\/\/franciscanos.org.br\/noticias\/author\/admin"}]}},"_links":{"self":[{"href":"https:\/\/franciscanos.org.br\/noticias\/wp-json\/wp\/v2\/posts\/148889"}],"collection":[{"href":"https:\/\/franciscanos.org.br\/noticias\/wp-json\/wp\/v2\/posts"}],"about":[{"href":"https:\/\/franciscanos.org.br\/noticias\/wp-json\/wp\/v2\/types\/post"}],"author":[{"embeddable":true,"href":"https:\/\/franciscanos.org.br\/noticias\/wp-json\/wp\/v2\/users\/1"}],"replies":[{"embeddable":true,"href":"https:\/\/franciscanos.org.br\/noticias\/wp-json\/wp\/v2\/comments?post=148889"}],"version-history":[{"count":1,"href":"https:\/\/franciscanos.org.br\/noticias\/wp-json\/wp\/v2\/posts\/148889\/revisions"}],"predecessor-version":[{"id":225135,"href":"https:\/\/franciscanos.org.br\/noticias\/wp-json\/wp\/v2\/posts\/148889\/revisions\/225135"}],"wp:featuredmedia":[{"embeddable":true,"href":"https:\/\/franciscanos.org.br\/noticias\/wp-json\/wp\/v2\/media\/202977"}],"wp:attachment":[{"href":"https:\/\/franciscanos.org.br\/noticias\/wp-json\/wp\/v2\/media?parent=148889"}],"wp:term":[{"taxonomy":"category","embeddable":true,"href":"https:\/\/franciscanos.org.br\/noticias\/wp-json\/wp\/v2\/categories?post=148889"},{"taxonomy":"post_tag","embeddable":true,"href":"https:\/\/franciscanos.org.br\/noticias\/wp-json\/wp\/v2\/tags?post=148889"}],"curies":[{"name":"wp","href":"https:\/\/api.w.org\/{rel}","templated":true}]}}