{"id":148556,"date":"2018-01-05T09:37:53","date_gmt":"2018-01-05T11:37:53","guid":{"rendered":"http:\/\/franciscanos.org.br\/?p=148556"},"modified":"2019-01-04T15:44:55","modified_gmt":"2019-01-04T17:44:55","slug":"provincia-santo-antonio-inicia-capitulo-provincial","status":"publish","type":"post","link":"https:\/\/franciscanos.org.br\/noticias\/provincia-santo-antonio-inicia-capitulo-provincial.html","title":{"rendered":"Prov\u00edncia Santo Ant\u00f4nio inicia Cap\u00edtulo Provincial"},"content":{"rendered":"<p><strong><img loading=\"lazy\" class=\"alignleft size-full wp-image-190982\" src=\"https:\/\/franciscanos.org.br\/noticias\/wp-content\/uploads\/2018\/01\/capitulo_0501181.jpg\" alt=\"\" width=\"830\" height=\"307\" srcset=\"https:\/\/franciscanos.org.br\/noticias\/wp-content\/uploads\/2018\/01\/capitulo_0501181.jpg 830w, https:\/\/franciscanos.org.br\/noticias\/wp-content\/uploads\/2018\/01\/capitulo_0501181-450x166.jpg 450w, https:\/\/franciscanos.org.br\/noticias\/wp-content\/uploads\/2018\/01\/capitulo_0501181-768x284.jpg 768w, https:\/\/franciscanos.org.br\/noticias\/wp-content\/uploads\/2018\/01\/capitulo_0501181-150x55.jpg 150w\" sizes=\"(max-width: 830px) 100vw, 830px\" \/>Lagoa Seca (PB) &#8211;\u00a0<\/strong>Na manh\u00e3 de quinta feira (04\/01) no Convento Santo Antonio, em Lagoa Seca (PB), com a celebra\u00e7\u00e3o da Santa Missa presidida pelo Bispo diocesano de Campina Grande, Dom Dulc\u00eanio Fontes, a Prov\u00edncia Franciscana de Santo Antonio do Brasil deu in\u00edcio a mais Cap\u00edtulo Provincial, que ter\u00e1 por objetivo avaliar a caminhada do ultimo tri\u00eanio e eleger o novo governo provincial.<\/p>\n<p>Em sua homilia, Dom Dulc\u00eanio Fontes enfatizou que os disc\u00edpulos, ao ouvir a voz de Jesus, o seguiam, assim como os disc\u00edpulos de Jo\u00e3o, como nos mostra o Evangelho desta quinta-feira que antecede a Epifania (Jo 1, 35-42). N\u00f3s tamb\u00e9m seguimos Jesus atrav\u00e9s de nossa experi\u00eancia pessoal com Cristo; a Vida Religiosa \u00e9 uma resposta radical ao chamado de Deus e somos chamados a uma nova vida. Nesse sentido, Dom Dulc\u00eanio nos motivou a recordar o exemplo de nosso Pai Ser\u00e1fico S\u00e3o Francisco de Assis que valorizava o ser do frade menor, pautado na pr\u00e1tica do santo Evangelho e seu an\u00fancio. Por fim, exortou os frades capitulares que nestes dias ir\u00e3o eleger o Ministro Provincial e o Definit\u00f3rio, a n\u00e3o estar submetidos apenas a uma autoridade ou a uma estrutura, mas sim a buscar a comunh\u00e3o, a uni\u00e3o entre n\u00f3s, deixando de ser apenas uma rela\u00e7\u00e3o de obedi\u00eancia ao novo Governo Provincial, mas sendo tamb\u00e9m uma comunh\u00e3o de vida. Devemos nos colocar a caminho do desejo de Deus que \u00e9 a uni\u00e3o. A unidade da Prov\u00edncia \u00e9 um testemunho para o mundo.<\/p>\n<p>Seguindo a pauta do dia, ap\u00f3s o caf\u00e9 da manh\u00e3, deu-se in\u00edcio aos trabalhos do primeiro dia do cap\u00edtulo. Frei Fabiano Aguilar, Visitador Geral e Presidente do Cap\u00edtulo, foi acolhido pela coordena\u00e7\u00e3o do Cap\u00edtulo. Frei Wellington Buarque, coordenador do Cap\u00edtulo, leu a carta de nomea\u00e7\u00e3o do Visitador Geral feita pelo Definit\u00f3rio Geral. Em seguida foi lido o Regimento interno do Cap\u00edtulo, feitas as devidas altera\u00e7\u00f5es e aprovado pelos capitulares.<\/p>\n<p>Na pauta do dia, os capitulares foram assessorados por irm\u00e3 \u00c1urea Marques, da Congrega\u00e7\u00e3o das Irm\u00e3s do Bom Pastor, que foi convidada para refletir sobre o lema do Cap\u00edtulo: \u201cPermanece conosco, Senhor\u201d (Lc 24, 29 \u2013 33), que relata sobre os disc\u00edpulos de Ema\u00fas. Irm\u00e3 \u00c1urea iniciou sua fala recordando sobre o caminho de Francisco proposto pela sociedade da \u00e9poca, proposto pelos seus pais, pelas suas paix\u00f5es e desejos, que lhes levou por um caminho. Ap\u00f3s o doce olhar de Jesus, Francisco descobre outros caminhos, baseados na vontade de Deus atrav\u00e9s do olhar do leproso. Tamb\u00e9m n\u00f3s devemos sentir o olhar penetrante de Jesus, no olhar dos pobres.<br \/>\nN\u00f3s j\u00e1 temos muitos olhares condenat\u00f3rios, de exclus\u00e3o, difamat\u00f3rios, no curso do caminho, diante disso, dentro de nosso carisma somos convidados a renovar nosso olhar misericordioso para com o mundo, assemelhando ao olhar misericordioso de Jesus e da Virgem Maria.<\/p>\n<p>A assessora nos fez um questionamento: Como fazer deste cap\u00edtulo uma experi\u00eancia de ressurrei\u00e7\u00e3o, o que precisa morrer em n\u00f3s e o que precisa ressuscitar? A exemplo dos disc\u00edpulos, chamados a fazer a mem\u00f3ria de Jesus em nossa miss\u00e3o, em nossa espiritualidade, em nossas comunidades, em nossa hist\u00f3ria, em nossa caminhada. Jesus escolhe o caminho como lugar do encontro entre os disc\u00edpulos e Ele mesmo. O caminho se torna o lugar privilegiado do aprendizado de Jesus, \u00e9 necess\u00e1rio aprender no caminho com Jesus presente na realidade do povo.<\/p>\n<p>Os trabalhos do dia foram encerrados com a ora\u00e7\u00e3o das V\u00e9speras e segue em atividades at\u00e9 o pr\u00f3ximo dia 10 de janeiro.<\/p>\n<p>Acompanhe as fotos na p\u00e1gina da Prov\u00edncia Franciscana de Santo Antonio do Brasil:\u00a0<strong><a href=\"https:\/\/www.facebook.com\/ofmsantoantonio\/\" target=\"_blank\" rel=\"noopener\">https:\/\/www.facebook.com\/ofmsantoantonio\/<\/a><\/strong><\/p>\n<p><strong>Frei Marcondes &#8211;<\/strong>\u00a0<em><a href=\"http:\/\/www.ofmsantoantonio.org\" target=\"_blank\" rel=\"noopener\">www.ofmsantoantonio.org<\/a><\/em><\/p>\n","protected":false},"excerpt":{"rendered":"<p>CFMB<\/p>\n","protected":false},"author":1,"featured_media":190983,"comment_status":"open","ping_status":"open","sticky":false,"template":"","format":"standard","meta":[],"categories":[1],"tags":[240],"acf":[],"yoast_head":"<!-- This site is optimized with the Yoast SEO plugin v19.2 - https:\/\/yoast.com\/wordpress\/plugins\/seo\/ -->\n<title>Prov\u00edncia Santo Ant\u00f4nio inicia Cap\u00edtulo Provincial - Not\u00edcias - Franciscanos<\/title>\n<meta name=\"robots\" content=\"index, follow, max-snippet:-1, max-image-preview:large, max-video-preview:-1\" \/>\n<link rel=\"canonical\" href=\"https:\/\/franciscanos.org.br\/noticias\/provincia-santo-antonio-inicia-capitulo-provincial.html\" \/>\n<meta property=\"og:locale\" content=\"pt_BR\" \/>\n<meta property=\"og:type\" content=\"article\" \/>\n<meta property=\"og:title\" content=\"Prov\u00edncia Santo Ant\u00f4nio inicia Cap\u00edtulo Provincial - Not\u00edcias - Franciscanos\" \/>\n<meta property=\"og:description\" content=\"CFMB\" \/>\n<meta property=\"og:url\" content=\"https:\/\/franciscanos.org.br\/noticias\/provincia-santo-antonio-inicia-capitulo-provincial.html\" \/>\n<meta property=\"og:site_name\" content=\"Not\u00edcias - Franciscanos\" \/>\n<meta property=\"article:published_time\" content=\"2018-01-05T11:37:53+00:00\" \/>\n<meta property=\"article:modified_time\" content=\"2019-01-04T17:44:55+00:00\" \/>\n<meta property=\"og:image\" content=\"https:\/\/franciscanos.org.br\/noticias\/wp-content\/uploads\/2018\/01\/capituloSA_050118_1.jpg\" \/>\n\t<meta property=\"og:image:width\" content=\"273\" \/>\n\t<meta property=\"og:image:height\" content=\"181\" \/>\n\t<meta property=\"og:image:type\" content=\"image\/jpeg\" \/>\n<meta name=\"author\" content=\"admin\" \/>\n<meta name=\"twitter:card\" content=\"summary_large_image\" \/>\n<meta name=\"twitter:label1\" content=\"Escrito por\" \/>\n\t<meta name=\"twitter:data1\" content=\"admin\" \/>\n\t<meta name=\"twitter:label2\" content=\"Est. tempo de leitura\" \/>\n\t<meta name=\"twitter:data2\" content=\"3 minutos\" \/>\n<script type=\"application\/ld+json\" class=\"yoast-schema-graph\">{\"@context\":\"https:\/\/schema.org\",\"@graph\":[{\"@type\":\"WebSite\",\"@id\":\"https:\/\/franciscanos.org.br\/noticias\/#website\",\"url\":\"https:\/\/franciscanos.org.br\/noticias\/\",\"name\":\"Not\u00edcias - Franciscanos\",\"description\":\"Prov\u00edncia Franciscana da Imaculada Concei\u00e7\u00e3o do Brasil - Ordem dos Frades Menores - OFM\",\"potentialAction\":[{\"@type\":\"SearchAction\",\"target\":{\"@type\":\"EntryPoint\",\"urlTemplate\":\"https:\/\/franciscanos.org.br\/noticias\/?s={search_term_string}\"},\"query-input\":\"required name=search_term_string\"}],\"inLanguage\":\"pt-BR\"},{\"@type\":\"ImageObject\",\"inLanguage\":\"pt-BR\",\"@id\":\"https:\/\/franciscanos.org.br\/noticias\/provincia-santo-antonio-inicia-capitulo-provincial.html#primaryimage\",\"url\":\"https:\/\/franciscanos.org.br\/noticias\/wp-content\/uploads\/2018\/01\/capituloSA_050118_1.jpg\",\"contentUrl\":\"https:\/\/franciscanos.org.br\/noticias\/wp-content\/uploads\/2018\/01\/capituloSA_050118_1.jpg\",\"width\":273,\"height\":181},{\"@type\":\"WebPage\",\"@id\":\"https:\/\/franciscanos.org.br\/noticias\/provincia-santo-antonio-inicia-capitulo-provincial.html#webpage\",\"url\":\"https:\/\/franciscanos.org.br\/noticias\/provincia-santo-antonio-inicia-capitulo-provincial.html\",\"name\":\"Prov\u00edncia Santo Ant\u00f4nio inicia Cap\u00edtulo Provincial - Not\u00edcias - Franciscanos\",\"isPartOf\":{\"@id\":\"https:\/\/franciscanos.org.br\/noticias\/#website\"},\"primaryImageOfPage\":{\"@id\":\"https:\/\/franciscanos.org.br\/noticias\/provincia-santo-antonio-inicia-capitulo-provincial.html#primaryimage\"},\"datePublished\":\"2018-01-05T11:37:53+00:00\",\"dateModified\":\"2019-01-04T17:44:55+00:00\",\"author\":{\"@id\":\"https:\/\/franciscanos.org.br\/noticias\/#\/schema\/person\/b38fbf43118f02820bd932f2e4b14ad3\"},\"breadcrumb\":{\"@id\":\"https:\/\/franciscanos.org.br\/noticias\/provincia-santo-antonio-inicia-capitulo-provincial.html#breadcrumb\"},\"inLanguage\":\"pt-BR\",\"potentialAction\":[{\"@type\":\"ReadAction\",\"target\":[\"https:\/\/franciscanos.org.br\/noticias\/provincia-santo-antonio-inicia-capitulo-provincial.html\"]}]},{\"@type\":\"BreadcrumbList\",\"@id\":\"https:\/\/franciscanos.org.br\/noticias\/provincia-santo-antonio-inicia-capitulo-provincial.html#breadcrumb\",\"itemListElement\":[{\"@type\":\"ListItem\",\"position\":1,\"name\":\"Home\",\"item\":\"https:\/\/franciscanos.org.br\/noticias\"},{\"@type\":\"ListItem\",\"position\":2,\"name\":\"Prov\u00edncia Santo Ant\u00f4nio inicia Cap\u00edtulo Provincial\"}]},{\"@type\":\"Person\",\"@id\":\"https:\/\/franciscanos.org.br\/noticias\/#\/schema\/person\/b38fbf43118f02820bd932f2e4b14ad3\",\"name\":\"admin\",\"image\":{\"@type\":\"ImageObject\",\"inLanguage\":\"pt-BR\",\"@id\":\"https:\/\/franciscanos.org.br\/noticias\/#\/schema\/person\/image\/\",\"url\":\"https:\/\/secure.gravatar.com\/avatar\/e8495742d34d0ba6448ea1c628263b3e?s=96&d=mm&r=g\",\"contentUrl\":\"https:\/\/secure.gravatar.com\/avatar\/e8495742d34d0ba6448ea1c628263b3e?s=96&d=mm&r=g\",\"caption\":\"admin\"},\"url\":\"https:\/\/franciscanos.org.br\/noticias\/author\/admin\"}]}<\/script>\n<!-- \/ Yoast SEO plugin. -->","yoast_head_json":{"title":"Prov\u00edncia Santo Ant\u00f4nio inicia Cap\u00edtulo Provincial - Not\u00edcias - Franciscanos","robots":{"index":"index","follow":"follow","max-snippet":"max-snippet:-1","max-image-preview":"max-image-preview:large","max-video-preview":"max-video-preview:-1"},"canonical":"https:\/\/franciscanos.org.br\/noticias\/provincia-santo-antonio-inicia-capitulo-provincial.html","og_locale":"pt_BR","og_type":"article","og_title":"Prov\u00edncia Santo Ant\u00f4nio inicia Cap\u00edtulo Provincial - Not\u00edcias - Franciscanos","og_description":"CFMB","og_url":"https:\/\/franciscanos.org.br\/noticias\/provincia-santo-antonio-inicia-capitulo-provincial.html","og_site_name":"Not\u00edcias - Franciscanos","article_published_time":"2018-01-05T11:37:53+00:00","article_modified_time":"2019-01-04T17:44:55+00:00","og_image":[{"width":273,"height":181,"url":"https:\/\/franciscanos.org.br\/noticias\/wp-content\/uploads\/2018\/01\/capituloSA_050118_1.jpg","type":"image\/jpeg"}],"author":"admin","twitter_card":"summary_large_image","twitter_misc":{"Escrito por":"admin","Est. tempo de leitura":"3 minutos"},"schema":{"@context":"https:\/\/schema.org","@graph":[{"@type":"WebSite","@id":"https:\/\/franciscanos.org.br\/noticias\/#website","url":"https:\/\/franciscanos.org.br\/noticias\/","name":"Not\u00edcias - Franciscanos","description":"Prov\u00edncia Franciscana da Imaculada Concei\u00e7\u00e3o do Brasil - Ordem dos Frades Menores - OFM","potentialAction":[{"@type":"SearchAction","target":{"@type":"EntryPoint","urlTemplate":"https:\/\/franciscanos.org.br\/noticias\/?s={search_term_string}"},"query-input":"required name=search_term_string"}],"inLanguage":"pt-BR"},{"@type":"ImageObject","inLanguage":"pt-BR","@id":"https:\/\/franciscanos.org.br\/noticias\/provincia-santo-antonio-inicia-capitulo-provincial.html#primaryimage","url":"https:\/\/franciscanos.org.br\/noticias\/wp-content\/uploads\/2018\/01\/capituloSA_050118_1.jpg","contentUrl":"https:\/\/franciscanos.org.br\/noticias\/wp-content\/uploads\/2018\/01\/capituloSA_050118_1.jpg","width":273,"height":181},{"@type":"WebPage","@id":"https:\/\/franciscanos.org.br\/noticias\/provincia-santo-antonio-inicia-capitulo-provincial.html#webpage","url":"https:\/\/franciscanos.org.br\/noticias\/provincia-santo-antonio-inicia-capitulo-provincial.html","name":"Prov\u00edncia Santo Ant\u00f4nio inicia Cap\u00edtulo Provincial - Not\u00edcias - Franciscanos","isPartOf":{"@id":"https:\/\/franciscanos.org.br\/noticias\/#website"},"primaryImageOfPage":{"@id":"https:\/\/franciscanos.org.br\/noticias\/provincia-santo-antonio-inicia-capitulo-provincial.html#primaryimage"},"datePublished":"2018-01-05T11:37:53+00:00","dateModified":"2019-01-04T17:44:55+00:00","author":{"@id":"https:\/\/franciscanos.org.br\/noticias\/#\/schema\/person\/b38fbf43118f02820bd932f2e4b14ad3"},"breadcrumb":{"@id":"https:\/\/franciscanos.org.br\/noticias\/provincia-santo-antonio-inicia-capitulo-provincial.html#breadcrumb"},"inLanguage":"pt-BR","potentialAction":[{"@type":"ReadAction","target":["https:\/\/franciscanos.org.br\/noticias\/provincia-santo-antonio-inicia-capitulo-provincial.html"]}]},{"@type":"BreadcrumbList","@id":"https:\/\/franciscanos.org.br\/noticias\/provincia-santo-antonio-inicia-capitulo-provincial.html#breadcrumb","itemListElement":[{"@type":"ListItem","position":1,"name":"Home","item":"https:\/\/franciscanos.org.br\/noticias"},{"@type":"ListItem","position":2,"name":"Prov\u00edncia Santo Ant\u00f4nio inicia Cap\u00edtulo Provincial"}]},{"@type":"Person","@id":"https:\/\/franciscanos.org.br\/noticias\/#\/schema\/person\/b38fbf43118f02820bd932f2e4b14ad3","name":"admin","image":{"@type":"ImageObject","inLanguage":"pt-BR","@id":"https:\/\/franciscanos.org.br\/noticias\/#\/schema\/person\/image\/","url":"https:\/\/secure.gravatar.com\/avatar\/e8495742d34d0ba6448ea1c628263b3e?s=96&d=mm&r=g","contentUrl":"https:\/\/secure.gravatar.com\/avatar\/e8495742d34d0ba6448ea1c628263b3e?s=96&d=mm&r=g","caption":"admin"},"url":"https:\/\/franciscanos.org.br\/noticias\/author\/admin"}]}},"_links":{"self":[{"href":"https:\/\/franciscanos.org.br\/noticias\/wp-json\/wp\/v2\/posts\/148556"}],"collection":[{"href":"https:\/\/franciscanos.org.br\/noticias\/wp-json\/wp\/v2\/posts"}],"about":[{"href":"https:\/\/franciscanos.org.br\/noticias\/wp-json\/wp\/v2\/types\/post"}],"author":[{"embeddable":true,"href":"https:\/\/franciscanos.org.br\/noticias\/wp-json\/wp\/v2\/users\/1"}],"replies":[{"embeddable":true,"href":"https:\/\/franciscanos.org.br\/noticias\/wp-json\/wp\/v2\/comments?post=148556"}],"version-history":[{"count":0,"href":"https:\/\/franciscanos.org.br\/noticias\/wp-json\/wp\/v2\/posts\/148556\/revisions"}],"wp:featuredmedia":[{"embeddable":true,"href":"https:\/\/franciscanos.org.br\/noticias\/wp-json\/wp\/v2\/media\/190983"}],"wp:attachment":[{"href":"https:\/\/franciscanos.org.br\/noticias\/wp-json\/wp\/v2\/media?parent=148556"}],"wp:term":[{"taxonomy":"category","embeddable":true,"href":"https:\/\/franciscanos.org.br\/noticias\/wp-json\/wp\/v2\/categories?post=148556"},{"taxonomy":"post_tag","embeddable":true,"href":"https:\/\/franciscanos.org.br\/noticias\/wp-json\/wp\/v2\/tags?post=148556"}],"curies":[{"name":"wp","href":"https:\/\/api.w.org\/{rel}","templated":true}]}}