{"id":148552,"date":"2018-01-05T08:40:37","date_gmt":"2018-01-05T10:40:37","guid":{"rendered":"http:\/\/franciscanos.org.br\/?p=148552"},"modified":"2020-06-08T15:07:38","modified_gmt":"2020-06-08T18:07:38","slug":"em-janeiro-rezar-pelas-minorias-religiosas-da-asia","status":"publish","type":"post","link":"https:\/\/franciscanos.org.br\/noticias\/em-janeiro-rezar-pelas-minorias-religiosas-da-asia.html","title":{"rendered":"Em janeiro, rezar pelas minorias religiosas da \u00c1sia"},"content":{"rendered":"<p><strong><img loading=\"lazy\" src=\"http:\/\/franciscanos.org.br\/wp-content\/uploads\/2016\/11\/videodopapa_041116_g.jpg\" alt=\"videodopapa_041116_g\" width=\"830\" height=\"321\" \/><\/strong><\/p>\n<p><strong>Cidade do Vaticano &#8211;<\/strong>\u00a0Na primeira edi\u00e7\u00e3o do ano de \u2018O V\u00eddeo do Papa\u2019, realizado pela Rede Mundial de Ora\u00e7\u00e3o do Papa, Francisco nos chama a respeitar as minorias religiosas na \u00c1sia. Tamb\u00e9m clama por uma verdadeira liberdade na pr\u00e1tica da f\u00e9 neste continente.<\/p>\n<p>Como fez em 2016 e em 2017, o Papa inicia 2018 compartilhando suas inten\u00e7\u00f5es mensais atrav\u00e9s de \u2018O V\u00eddeo do Papa\u2019. Na primeira edi\u00e7\u00e3o do ano, Francisco nos pede para respeitar e proteger os crist\u00e3os e todas as minorias religiosas da \u00c1sia. Al\u00e9m disso, enfatiza a import\u00e2ncia de garantir que esses grupos religiosos possam viver sua f\u00e9 com absoluta liberdade em cada um dos pa\u00edses do continente.<\/p>\n<p>\u201cPe\u00e7amos por todos eles, para que, nos pa\u00edses asi\u00e1ticos, os crist\u00e3os, como tamb\u00e9m as outras minorias religiosas, possam viver sua f\u00e9 com toda liberdade\u201d, afirma o Papa. \u201cColoquemo-nos ao lado dos homens e mulheres que lutam por n\u00e3o renunciar \u00e0 sua identidade religiosa\u201d, acrescenta.<\/p>\n<p>Com mais de 43 milh\u00f5es de km2, a \u00c1sia \u00e9 o maior continente do mundo e abriga in\u00fameras minorias religiosas. Muitas delas convivem, mas em algumas regi\u00f5es existem enfrentamentos e persegui\u00e7\u00f5es religiosas.<\/p>\n<p>\u201cNo variado mundo cultural da \u00c1sia, a Igreja enfrenta muitos riscos e sua tarefa \u00e9 ainda mais dif\u00edcil pelo fato de ser minoria\u201d, afirmou o Papa. \u201cEsses riscos, esses desafios, s\u00e3o compartilhados com outras tradi\u00e7\u00f5es religiosas minorit\u00e1rias \u00e0s quais nos une em um desejo de sabedoria, verdade e santidade\u201d, completa.<\/p>\n<p><iframe loading=\"lazy\" src=\"https:\/\/www.youtube.com\/embed\/XlwEFyNBF5w\" width=\"100%\" height=\"420\" frameborder=\"0\" allowfullscreen=\"allowfullscreen\"><\/iframe><br \/>\n<strong>O V\u00eddeo do Papa<\/strong><br \/>\nAs inten\u00e7\u00f5es de ora\u00e7\u00e3o s\u00e3o confiadas mensalmente \u00e0 Rede Mundial de Ora\u00e7\u00e3o do Papa. O V\u00eddeo do Papa \u00e9 produzido pela La Machi Comunica\u00e7\u00e3o para Boas Causas com o apoio da Companhia de Jesus, IndigoMusic, GettyImagesLatam, Doppler Email Marketing e a colabora\u00e7\u00e3o do Vatican Media. Tem tamb\u00e9m como parceiro de m\u00eddia Aleteia. Desde seu lan\u00e7amento em janeiro de 2016, teve mais de 19 milh\u00f5es de visualiza\u00e7\u00f5es em suas redes pr\u00f3prias.<\/p>\n<p>O V\u00eddeo do Papa \u00e9 uma iniciativa global, promovida pela Rede Mundial de Ora\u00e7\u00e3o do Papa (Apostolado da Ora\u00e7\u00e3o), para colaborar na difus\u00e3o das inten\u00e7\u00f5es mensais do Santo Padre sobre os desafios da humanidade. Conta com o apoio do Vatican Media, \u00fanico propriet\u00e1rio dos direitos de imagem do Papa.<\/p>\n<p>&nbsp;<\/p>\n","protected":false},"excerpt":{"rendered":"<p>O V\u00eddeo do Papa<\/p>\n","protected":false},"author":1,"featured_media":189806,"comment_status":"open","ping_status":"open","sticky":false,"template":"","format":"standard","meta":[],"categories":[1428],"tags":[55],"acf":[],"yoast_head":"<!-- This site is optimized with the Yoast SEO plugin v19.2 - https:\/\/yoast.com\/wordpress\/plugins\/seo\/ -->\n<title>Em janeiro, rezar pelas minorias religiosas da \u00c1sia - Not\u00edcias - Franciscanos<\/title>\n<meta name=\"robots\" content=\"index, follow, max-snippet:-1, max-image-preview:large, max-video-preview:-1\" \/>\n<link rel=\"canonical\" href=\"https:\/\/franciscanos.org.br\/noticias\/em-janeiro-rezar-pelas-minorias-religiosas-da-asia.html\" \/>\n<meta property=\"og:locale\" content=\"pt_BR\" \/>\n<meta property=\"og:type\" content=\"article\" \/>\n<meta property=\"og:title\" content=\"Em janeiro, rezar pelas minorias religiosas da \u00c1sia - Not\u00edcias - Franciscanos\" \/>\n<meta property=\"og:description\" content=\"O V\u00eddeo do Papa\" \/>\n<meta property=\"og:url\" content=\"https:\/\/franciscanos.org.br\/noticias\/em-janeiro-rezar-pelas-minorias-religiosas-da-asia.html\" \/>\n<meta property=\"og:site_name\" content=\"Not\u00edcias - Franciscanos\" \/>\n<meta property=\"article:published_time\" content=\"2018-01-05T10:40:37+00:00\" \/>\n<meta property=\"article:modified_time\" content=\"2020-06-08T18:07:38+00:00\" \/>\n<meta property=\"og:image\" content=\"https:\/\/franciscanos.org.br\/noticias\/wp-content\/uploads\/2018\/11\/videodopapa_041116_g-4.jpg\" \/>\n\t<meta property=\"og:image:width\" content=\"830\" \/>\n\t<meta property=\"og:image:height\" content=\"321\" \/>\n\t<meta property=\"og:image:type\" content=\"image\/jpeg\" \/>\n<meta name=\"author\" content=\"admin\" \/>\n<meta name=\"twitter:card\" content=\"summary_large_image\" \/>\n<meta name=\"twitter:label1\" content=\"Escrito por\" \/>\n\t<meta name=\"twitter:data1\" content=\"admin\" \/>\n\t<meta name=\"twitter:label2\" content=\"Est. tempo de leitura\" \/>\n\t<meta name=\"twitter:data2\" content=\"2 minutos\" \/>\n<script type=\"application\/ld+json\" class=\"yoast-schema-graph\">{\"@context\":\"https:\/\/schema.org\",\"@graph\":[{\"@type\":\"WebSite\",\"@id\":\"https:\/\/franciscanos.org.br\/noticias\/#website\",\"url\":\"https:\/\/franciscanos.org.br\/noticias\/\",\"name\":\"Not\u00edcias - Franciscanos\",\"description\":\"Prov\u00edncia Franciscana da Imaculada Concei\u00e7\u00e3o do Brasil - Ordem dos Frades Menores - OFM\",\"potentialAction\":[{\"@type\":\"SearchAction\",\"target\":{\"@type\":\"EntryPoint\",\"urlTemplate\":\"https:\/\/franciscanos.org.br\/noticias\/?s={search_term_string}\"},\"query-input\":\"required name=search_term_string\"}],\"inLanguage\":\"pt-BR\"},{\"@type\":\"ImageObject\",\"inLanguage\":\"pt-BR\",\"@id\":\"https:\/\/franciscanos.org.br\/noticias\/em-janeiro-rezar-pelas-minorias-religiosas-da-asia.html#primaryimage\",\"url\":\"https:\/\/franciscanos.org.br\/noticias\/wp-content\/uploads\/2018\/11\/videodopapa_041116_g-4.jpg\",\"contentUrl\":\"https:\/\/franciscanos.org.br\/noticias\/wp-content\/uploads\/2018\/11\/videodopapa_041116_g-4.jpg\",\"width\":830,\"height\":321},{\"@type\":\"WebPage\",\"@id\":\"https:\/\/franciscanos.org.br\/noticias\/em-janeiro-rezar-pelas-minorias-religiosas-da-asia.html#webpage\",\"url\":\"https:\/\/franciscanos.org.br\/noticias\/em-janeiro-rezar-pelas-minorias-religiosas-da-asia.html\",\"name\":\"Em janeiro, rezar pelas minorias religiosas da \u00c1sia - Not\u00edcias - Franciscanos\",\"isPartOf\":{\"@id\":\"https:\/\/franciscanos.org.br\/noticias\/#website\"},\"primaryImageOfPage\":{\"@id\":\"https:\/\/franciscanos.org.br\/noticias\/em-janeiro-rezar-pelas-minorias-religiosas-da-asia.html#primaryimage\"},\"datePublished\":\"2018-01-05T10:40:37+00:00\",\"dateModified\":\"2020-06-08T18:07:38+00:00\",\"author\":{\"@id\":\"https:\/\/franciscanos.org.br\/noticias\/#\/schema\/person\/b38fbf43118f02820bd932f2e4b14ad3\"},\"breadcrumb\":{\"@id\":\"https:\/\/franciscanos.org.br\/noticias\/em-janeiro-rezar-pelas-minorias-religiosas-da-asia.html#breadcrumb\"},\"inLanguage\":\"pt-BR\",\"potentialAction\":[{\"@type\":\"ReadAction\",\"target\":[\"https:\/\/franciscanos.org.br\/noticias\/em-janeiro-rezar-pelas-minorias-religiosas-da-asia.html\"]}]},{\"@type\":\"BreadcrumbList\",\"@id\":\"https:\/\/franciscanos.org.br\/noticias\/em-janeiro-rezar-pelas-minorias-religiosas-da-asia.html#breadcrumb\",\"itemListElement\":[{\"@type\":\"ListItem\",\"position\":1,\"name\":\"Home\",\"item\":\"https:\/\/franciscanos.org.br\/noticias\"},{\"@type\":\"ListItem\",\"position\":2,\"name\":\"Em janeiro, rezar pelas minorias religiosas da \u00c1sia\"}]},{\"@type\":\"Person\",\"@id\":\"https:\/\/franciscanos.org.br\/noticias\/#\/schema\/person\/b38fbf43118f02820bd932f2e4b14ad3\",\"name\":\"admin\",\"image\":{\"@type\":\"ImageObject\",\"inLanguage\":\"pt-BR\",\"@id\":\"https:\/\/franciscanos.org.br\/noticias\/#\/schema\/person\/image\/\",\"url\":\"https:\/\/secure.gravatar.com\/avatar\/e8495742d34d0ba6448ea1c628263b3e?s=96&d=mm&r=g\",\"contentUrl\":\"https:\/\/secure.gravatar.com\/avatar\/e8495742d34d0ba6448ea1c628263b3e?s=96&d=mm&r=g\",\"caption\":\"admin\"},\"url\":\"https:\/\/franciscanos.org.br\/noticias\/author\/admin\"}]}<\/script>\n<!-- \/ Yoast SEO plugin. -->","yoast_head_json":{"title":"Em janeiro, rezar pelas minorias religiosas da \u00c1sia - Not\u00edcias - Franciscanos","robots":{"index":"index","follow":"follow","max-snippet":"max-snippet:-1","max-image-preview":"max-image-preview:large","max-video-preview":"max-video-preview:-1"},"canonical":"https:\/\/franciscanos.org.br\/noticias\/em-janeiro-rezar-pelas-minorias-religiosas-da-asia.html","og_locale":"pt_BR","og_type":"article","og_title":"Em janeiro, rezar pelas minorias religiosas da \u00c1sia - Not\u00edcias - Franciscanos","og_description":"O V\u00eddeo do Papa","og_url":"https:\/\/franciscanos.org.br\/noticias\/em-janeiro-rezar-pelas-minorias-religiosas-da-asia.html","og_site_name":"Not\u00edcias - Franciscanos","article_published_time":"2018-01-05T10:40:37+00:00","article_modified_time":"2020-06-08T18:07:38+00:00","og_image":[{"width":830,"height":321,"url":"https:\/\/franciscanos.org.br\/noticias\/wp-content\/uploads\/2018\/11\/videodopapa_041116_g-4.jpg","type":"image\/jpeg"}],"author":"admin","twitter_card":"summary_large_image","twitter_misc":{"Escrito por":"admin","Est. tempo de leitura":"2 minutos"},"schema":{"@context":"https:\/\/schema.org","@graph":[{"@type":"WebSite","@id":"https:\/\/franciscanos.org.br\/noticias\/#website","url":"https:\/\/franciscanos.org.br\/noticias\/","name":"Not\u00edcias - Franciscanos","description":"Prov\u00edncia Franciscana da Imaculada Concei\u00e7\u00e3o do Brasil - Ordem dos Frades Menores - OFM","potentialAction":[{"@type":"SearchAction","target":{"@type":"EntryPoint","urlTemplate":"https:\/\/franciscanos.org.br\/noticias\/?s={search_term_string}"},"query-input":"required name=search_term_string"}],"inLanguage":"pt-BR"},{"@type":"ImageObject","inLanguage":"pt-BR","@id":"https:\/\/franciscanos.org.br\/noticias\/em-janeiro-rezar-pelas-minorias-religiosas-da-asia.html#primaryimage","url":"https:\/\/franciscanos.org.br\/noticias\/wp-content\/uploads\/2018\/11\/videodopapa_041116_g-4.jpg","contentUrl":"https:\/\/franciscanos.org.br\/noticias\/wp-content\/uploads\/2018\/11\/videodopapa_041116_g-4.jpg","width":830,"height":321},{"@type":"WebPage","@id":"https:\/\/franciscanos.org.br\/noticias\/em-janeiro-rezar-pelas-minorias-religiosas-da-asia.html#webpage","url":"https:\/\/franciscanos.org.br\/noticias\/em-janeiro-rezar-pelas-minorias-religiosas-da-asia.html","name":"Em janeiro, rezar pelas minorias religiosas da \u00c1sia - Not\u00edcias - Franciscanos","isPartOf":{"@id":"https:\/\/franciscanos.org.br\/noticias\/#website"},"primaryImageOfPage":{"@id":"https:\/\/franciscanos.org.br\/noticias\/em-janeiro-rezar-pelas-minorias-religiosas-da-asia.html#primaryimage"},"datePublished":"2018-01-05T10:40:37+00:00","dateModified":"2020-06-08T18:07:38+00:00","author":{"@id":"https:\/\/franciscanos.org.br\/noticias\/#\/schema\/person\/b38fbf43118f02820bd932f2e4b14ad3"},"breadcrumb":{"@id":"https:\/\/franciscanos.org.br\/noticias\/em-janeiro-rezar-pelas-minorias-religiosas-da-asia.html#breadcrumb"},"inLanguage":"pt-BR","potentialAction":[{"@type":"ReadAction","target":["https:\/\/franciscanos.org.br\/noticias\/em-janeiro-rezar-pelas-minorias-religiosas-da-asia.html"]}]},{"@type":"BreadcrumbList","@id":"https:\/\/franciscanos.org.br\/noticias\/em-janeiro-rezar-pelas-minorias-religiosas-da-asia.html#breadcrumb","itemListElement":[{"@type":"ListItem","position":1,"name":"Home","item":"https:\/\/franciscanos.org.br\/noticias"},{"@type":"ListItem","position":2,"name":"Em janeiro, rezar pelas minorias religiosas da \u00c1sia"}]},{"@type":"Person","@id":"https:\/\/franciscanos.org.br\/noticias\/#\/schema\/person\/b38fbf43118f02820bd932f2e4b14ad3","name":"admin","image":{"@type":"ImageObject","inLanguage":"pt-BR","@id":"https:\/\/franciscanos.org.br\/noticias\/#\/schema\/person\/image\/","url":"https:\/\/secure.gravatar.com\/avatar\/e8495742d34d0ba6448ea1c628263b3e?s=96&d=mm&r=g","contentUrl":"https:\/\/secure.gravatar.com\/avatar\/e8495742d34d0ba6448ea1c628263b3e?s=96&d=mm&r=g","caption":"admin"},"url":"https:\/\/franciscanos.org.br\/noticias\/author\/admin"}]}},"_links":{"self":[{"href":"https:\/\/franciscanos.org.br\/noticias\/wp-json\/wp\/v2\/posts\/148552"}],"collection":[{"href":"https:\/\/franciscanos.org.br\/noticias\/wp-json\/wp\/v2\/posts"}],"about":[{"href":"https:\/\/franciscanos.org.br\/noticias\/wp-json\/wp\/v2\/types\/post"}],"author":[{"embeddable":true,"href":"https:\/\/franciscanos.org.br\/noticias\/wp-json\/wp\/v2\/users\/1"}],"replies":[{"embeddable":true,"href":"https:\/\/franciscanos.org.br\/noticias\/wp-json\/wp\/v2\/comments?post=148552"}],"version-history":[{"count":1,"href":"https:\/\/franciscanos.org.br\/noticias\/wp-json\/wp\/v2\/posts\/148552\/revisions"}],"predecessor-version":[{"id":225140,"href":"https:\/\/franciscanos.org.br\/noticias\/wp-json\/wp\/v2\/posts\/148552\/revisions\/225140"}],"wp:featuredmedia":[{"embeddable":true,"href":"https:\/\/franciscanos.org.br\/noticias\/wp-json\/wp\/v2\/media\/189806"}],"wp:attachment":[{"href":"https:\/\/franciscanos.org.br\/noticias\/wp-json\/wp\/v2\/media?parent=148552"}],"wp:term":[{"taxonomy":"category","embeddable":true,"href":"https:\/\/franciscanos.org.br\/noticias\/wp-json\/wp\/v2\/categories?post=148552"},{"taxonomy":"post_tag","embeddable":true,"href":"https:\/\/franciscanos.org.br\/noticias\/wp-json\/wp\/v2\/tags?post=148552"}],"curies":[{"name":"wp","href":"https:\/\/api.w.org\/{rel}","templated":true}]}}