{"id":148201,"date":"2018-01-17T00:06:01","date_gmt":"2018-01-17T02:06:01","guid":{"rendered":"http:\/\/franciscanos.org.br\/?p=148201"},"modified":"2019-01-04T15:03:34","modified_gmt":"2019-01-04T17:03:34","slug":"agudos-e-bauru-acolhem-600-jovens","status":"publish","type":"post","link":"https:\/\/franciscanos.org.br\/noticias\/agudos-e-bauru-acolhem-600-jovens.html","title":{"rendered":"Come\u00e7am as Miss\u00f5es Franciscanas da Juventude"},"content":{"rendered":"<p><strong>Frei Diego Atalino de Melo, ofm<\/strong><\/p>\n<p>\u201cJovens, quis que estiv\u00e9sseis no centro da aten\u00e7\u00e3o, porque trago-vos no cora\u00e7\u00e3o\u201d. Certamente essas palavras do Papa Francisco, por ocasi\u00e3o da convoca\u00e7\u00e3o do S\u00ednodo da Juventude, tamb\u00e9m expressam aquilo que tem sido a juventude para a nossa Prov\u00edncia: uma prioridade, um investimento e uma op\u00e7\u00e3o afetiva e efetiva.<\/p>\n<p>Tal centralidade da juventude tem se revelado no acompanhamento de in\u00fameros grupos de jovens espalhados pela nossa Prov\u00edncia, no cuidado e dedica\u00e7\u00e3o de nossos confrades em estar pr\u00f3ximos a eles, escut\u00e1-los, entend\u00ea-los e acompanh\u00e1-los nessa fase de suas vidas, onde \u2018se concentram os maiores problemas e desafios, mas, tamb\u00e9m, \u00e9 a fase de maior energia, criatividade, generosidade e potencial para o engajamento. (Evangeliza\u00e7\u00e3o da Juventude: desafios e perspectivas pastorais. Documentos da CNBB 85, 26).<\/p>\n<p>Assim, as Miss\u00f5es Franciscanas da Juventude tamb\u00e9m s\u00e3o fruto dessa bonita caminhada que est\u00e1 acontecendo no cotidiano de nossas par\u00f3quias e fraternidades. Para muitos de nossos frades e para centenas de jovens, o m\u00eas de janeiro j\u00e1 tem se tornado uma refer\u00eancia de encontro, celebra\u00e7\u00e3o, miss\u00e3o e evangeliza\u00e7\u00e3o, quando alguns dias de suas f\u00e9rias s\u00e3o dedicados para anunciar a Boa Nova de Jesus e experimentar a alegria de serem mission\u00e1rios franciscanos.<\/p>\n<p><a href=\"https:\/\/soundcloud.com\/provincia-franciscana\/hino-oficial-missoes-franciscanas-da-juventude-2018?in=provincia-franciscana\/sets\/missoes-franciscanas-da\" target=\"_blank\" rel=\"noopener\"><strong> OU\u00c7A O HINO OFICIAL DAS MISS\u00d5ES\u00a0FRANCISCANAS DA JUVENTUDE 2018<\/strong><\/a><\/p>\n<p>Nesse ano de 2018 chegamos \u00e0 quinta edi\u00e7\u00e3o das Miss\u00f5es, que acontecer\u00e3o nas cidades de Agudos e Bauru, de 17 a 21 de janeiro, e que mais uma vez surpreende pela grande ades\u00e3o, contando com a participa\u00e7\u00e3o de aproximadamente 600 jovens, 25 frades e 9 irm\u00e3s, provindos das mais distintas partes de nossa Prov\u00edncia. Para acolher toda essa turma, foi criada uma comiss\u00e3o central com representantes das Par\u00f3quias Santo Ant\u00f4nio e S\u00e3o Paulo, de Agudos, Par\u00f3quias Santa Clara e Santo Ant\u00f4nio, de Bauru, mais a par\u00f3quia diocesana Nossa Senhora da Assun\u00e7\u00e3o, que acolher\u00e3o nossos jovens e que desde j\u00e1 formam uma verdadeira fam\u00edlia, dando um testemunho mission\u00e1rio de uni\u00e3o, troca de experi\u00eancias, partilha e integra\u00e7\u00e3o. Tamb\u00e9m est\u00e3o como nossas parceiras 3 comunidades de assentamento do MST, 1 cl\u00ednica de reabilita\u00e7\u00e3o de dependentes qu\u00edmicos, 1 aldeia ind\u00edgena e mais 1 projeto social para crian\u00e7as em situa\u00e7\u00e3o de vulnerabilidade social, al\u00e9m do Semin\u00e1rio Santo Ant\u00f4nio, que n\u00e3o est\u00e1 medindo esfor\u00e7os para bem acolher essa verdadeira multid\u00e3o de jovens.<\/p>\n<p>Com essa grande comiss\u00e3o formada por mais de 70 jovens e adultos, estamos trabalhando intensamente desde maio, pensando, refletindo e articulando in\u00fameras iniciativas mission\u00e1rias para que os jovens possam exercer o seu protagonismo na miss\u00e3o. Al\u00e9m disso, com esse grupo, tivemos a preocupa\u00e7\u00e3o de n\u00e3o s\u00f3 t\u00ea-los como \u2018for\u00e7a de trabalho\u2019, mas como pr\u00f3prio campo de miss\u00e3o. Assim, al\u00e9m de todas as reuni\u00f5es, tivemos dois momentos fortes de forma\u00e7\u00e3o e espiritualidade: um acampamento franciscano somente para os jovens, realizado em outubro; e um retiro para toda a equipe (jovens e adultos), realizado em novembro. A inten\u00e7\u00e3o desses dois encontros foi a de cuidar dos cuidadores, oferecendo forma\u00e7\u00e3o, espiritualidade, aprofundamento e aten\u00e7\u00e3o para aqueles que estar\u00e3o recebendo nossos jovens mission\u00e1rios.<\/p>\n<p><img loading=\"lazy\" class=\"alignright size-full wp-image-148205\" src=\"http:\/\/franciscanos.org.br\/wp-content\/uploads\/2018\/01\/mfj_020118-400-a.jpg\" alt=\"mfj_020118-400-a\" width=\"400\" height=\"643\" \/>Toda a programa\u00e7\u00e3o dessas Miss\u00f5es foi sendo constru\u00edda coletivamente, juntando a experi\u00eancia das edi\u00e7\u00f5es passadas com as demandas pr\u00f3prias das comunidades que ir\u00e3o receber os jovens, de modo que nesse ano teremos as seguintes novidades:<\/p>\n<p>A pedido dos pr\u00f3prios jovens, aumentamos o per\u00edodo das Miss\u00f5es de 4 para 5 dias, de modo que eles ter\u00e3o mais tempo para a conviv\u00eancia com as fam\u00edlias e tamb\u00e9m com a comunidade que os acolhe.<\/p>\n<p>Para que as Miss\u00f5es sejam tamb\u00e9m um momento de forma\u00e7\u00e3o, ser\u00e1 oferecido o aprofundamento de temas pertinentes \u00e0 juventude atrav\u00e9s das seguintes oficinas: sexualidade, faculdade, depress\u00e3o, arte, discernimento vocacional, namoro e matrim\u00f4nio, pol\u00edtica, espiritualidade franciscana, devo\u00e7\u00e3o mariana, fam\u00edlia, m\u00eddias sociais, periferias existenciais, ecumenismo e di\u00e1logo inter-religioso, e protagonismo leigo.<\/p>\n<p>Com o objetivo de incentivar a troca de experi\u00eancias e o di\u00e1logo com outras culturas, 45 jovens ser\u00e3o acolhidos na Aldeia ind\u00edgena dos \u00edndios Terena, em Ava\u00ed, onde ter\u00e3o a oportunidade de aprofundar um pouco mais sobre a quest\u00e3o ind\u00edgena, conhecendo sua cultura e seus costumes atrav\u00e9s de uma verdadeira experi\u00eancia de imers\u00e3o.<\/p>\n<p>O <a href=\"https:\/\/play.google.com\/store\/apps\/details?id=com.minhaparoquia.pfimaculada&amp;hl=pt_BR\" target=\"_blank\" rel=\"noopener\"><strong>Aplicativo das Miss\u00f5es<\/strong><\/a>, j\u00e1 utilizado na \u00faltima edi\u00e7\u00e3o, foi aprimorado e atualizado para que os jovens tenham acesso a todas as informa\u00e7\u00f5es e detalhes, bem como possam entrar em contato conosco para solicitar um acompanhamento vocacional. Ali\u00e1s, a experi\u00eancia da \u00faltima edi\u00e7\u00e3o mostrou que o contato vocacional \u00e9 muito mais r\u00e1pido e f\u00e1cil pelo aplicativo do que pelo e-mail convencional.<\/p>\n<p>Por fim, a expectativa dessas Miss\u00f5es Franciscanas da Juventude \u00e9 a de que nossos jovens possam matar a sua sede de Deus, de verdadeiras experi\u00eancias sagradas e profundas, de encontros e rela\u00e7\u00f5es que marquem suas vidas, de atividades que enobre\u00e7am e qualifiquem suas exist\u00eancias, de palavras e testemunhos que lhes sirvam de norte, de uma alegria verdadeira e saud\u00e1vel, de um contato com a beleza de nosso carisma franciscano e de nossa fraternidade, de poderem compreender melhor o chamado de Deus para suas vidas e encontrarem a sua voca\u00e7\u00e3o, de reflex\u00f5es e forma\u00e7\u00f5es que lhes tirem do senso comum e lhes apontem um caminho, de um protagonismo e de uma evangeliza\u00e7\u00e3o da juventude feita pelos pr\u00f3prios jovens.<\/p>\n<p>Que o bom Deus nos ajude a acolher com alegria e fraternidade a esses tantos jovens que certamente procuram em nossas Miss\u00f5es muitas respostas para suas vidas, e que S\u00e3o Francisco nos inspire sempre mais a sermos verdadeiros mission\u00e1rios e evangelizadores.<\/p>\n<p><a href=\"http:\/\/franciscanos.org.br\/wp-content\/uploads\/2018\/01\/mfj_020118-830.jpg\"><img loading=\"lazy\" src=\"http:\/\/franciscanos.org.br\/wp-content\/uploads\/2018\/01\/mfj_020118-830.jpg\" alt=\"mfj_020118-830\" width=\"830\" height=\"458\" \/><\/a><\/p>\n<h3><strong>Programa\u00e7\u00e3o:<\/strong><\/h3>\n<p><strong>17\/01 &#8211; QUARTA-FEIRA<\/strong><\/p>\n<p style=\"padding-left: 30px;\">10h00 &#8211; Abertura Oficial\u00a0da V MFJ<br \/>\n12h00 &#8211; Almo\u00e7o<br \/>\n13h00 &#8211; Forma\u00e7\u00e3o para os guardi\u00e3es (l\u00edderes de cada grupo)<br \/>\n14h00 &#8211; Integra\u00e7\u00e3o do grupo atrav\u00e9s do esporte, din\u00e2micas e gincanas<br \/>\n16h30 &#8211; Pool party (festa\u00a0na piscina)<br \/>\n19h30 &#8211; Jantar<br \/>\n21h00 &#8211; Ora\u00e7\u00e3o da noite\u00a0e M\u00edstica<\/p>\n<p><strong>18\/01 \u2013 QUINTA-FEIRA<\/strong><\/p>\n<p style=\"padding-left: 30px;\">07h00 &#8211; Caf\u00e9 da manh\u00e3<br \/>\n08h00 &#8211; Dan\u00e7a circular<br \/>\n09h00 &#8211; Forma\u00e7\u00e3o sobre<br \/>\no tema das Miss\u00f5es<br \/>\n10h30 &#8211; Oficinas tem\u00e1ticas<br \/>\n12h00 &#8211; Almo\u00e7o<br \/>\n14h00 &#8211; Caminhada Franciscana at\u00e9 o centro de Agudos (Flash Mob)<br \/>\n17h30 &#8211; Missa de envio para\u00a0as comunidades<br \/>\n19h30 &#8211; Sa\u00edda para as comunidades<\/p>\n<p><strong>19 e 20\/01 \u2013 SEXTA-FEIRA e S\u00c1BADO<\/strong><\/p>\n<p style=\"padding-left: 30px;\">Dias de atividades e miss\u00f5es com programa\u00e7\u00e3o de acordo com a demanda de cada comunidade<\/p>\n<p><strong>21\/01 &#8211; DOMINGO<\/strong><\/p>\n<p style=\"padding-left: 30px;\">07h30 &#8211; Chegada no Semin\u00e1rio<br \/>\n08h00 &#8211; Missa de encerramento com Frei Fid\u00eancio Vanboemmel<br \/>\n10h30 &#8211; Testemunhos, agradecimentos\u00a0e an\u00fancio da\u00a0pr\u00f3xima MFJ;<br \/>\n13h00 &#8211; Almo\u00e7o de encerramento<\/p>\n<p><strong>Ou\u00e7a o hino:<\/strong><\/p>\n<p><iframe loading=\"lazy\" src=\"https:\/\/w.soundcloud.com\/player\/?url=https%3A\/\/api.soundcloud.com\/tracks\/359961590&amp;color=%23ff5500&amp;auto_play=false&amp;hide_related=false&amp;show_comments=true&amp;show_user=true&amp;show_reposts=false&amp;show_teaser=true&amp;visual=true\" width=\"100%\" height=\"300\" frameborder=\"no\" scrolling=\"no\"><\/iframe><\/p>\n<p><a href=\"http:\/\/franciscanos.org.br\/wp-content\/uploads\/2018\/01\/mfj_020118-box.jpg\"><img loading=\"lazy\" src=\"http:\/\/franciscanos.org.br\/wp-content\/uploads\/2018\/01\/mfj_020118-box.jpg\" alt=\"mfj_020118-box\" width=\"830\" height=\"821\" \/><\/a><\/p>\n","protected":false},"excerpt":{"rendered":"<p>Miss\u00f5es Franciscanas<\/p>\n","protected":false},"author":1,"featured_media":194190,"comment_status":"open","ping_status":"open","sticky":false,"template":"","format":"standard","meta":[],"categories":[1],"tags":[1206],"acf":[],"yoast_head":"<!-- This site is optimized with the Yoast SEO plugin v19.2 - https:\/\/yoast.com\/wordpress\/plugins\/seo\/ -->\n<title>Come\u00e7am as Miss\u00f5es Franciscanas da Juventude - Not\u00edcias - Franciscanos<\/title>\n<meta name=\"robots\" content=\"index, follow, max-snippet:-1, max-image-preview:large, max-video-preview:-1\" \/>\n<link rel=\"canonical\" href=\"https:\/\/franciscanos.org.br\/noticias\/agudos-e-bauru-acolhem-600-jovens.html\" \/>\n<meta property=\"og:locale\" content=\"pt_BR\" \/>\n<meta property=\"og:type\" content=\"article\" \/>\n<meta property=\"og:title\" content=\"Come\u00e7am as Miss\u00f5es Franciscanas da Juventude - Not\u00edcias - Franciscanos\" \/>\n<meta property=\"og:description\" content=\"Miss\u00f5es Franciscanas\" \/>\n<meta property=\"og:url\" content=\"https:\/\/franciscanos.org.br\/noticias\/agudos-e-bauru-acolhem-600-jovens.html\" \/>\n<meta property=\"og:site_name\" content=\"Not\u00edcias - Franciscanos\" \/>\n<meta property=\"article:published_time\" content=\"2018-01-17T02:06:01+00:00\" \/>\n<meta property=\"article:modified_time\" content=\"2019-01-04T17:03:34+00:00\" \/>\n<meta property=\"og:image\" content=\"https:\/\/franciscanos.org.br\/noticias\/wp-content\/uploads\/2018\/01\/missao_040119.jpg\" \/>\n\t<meta property=\"og:image:width\" content=\"273\" \/>\n\t<meta property=\"og:image:height\" content=\"181\" \/>\n\t<meta property=\"og:image:type\" content=\"image\/jpeg\" \/>\n<meta name=\"author\" content=\"admin\" \/>\n<meta name=\"twitter:card\" content=\"summary_large_image\" \/>\n<meta name=\"twitter:label1\" content=\"Escrito por\" \/>\n\t<meta name=\"twitter:data1\" content=\"admin\" \/>\n\t<meta name=\"twitter:label2\" content=\"Est. tempo de leitura\" \/>\n\t<meta name=\"twitter:data2\" content=\"6 minutos\" \/>\n<script type=\"application\/ld+json\" class=\"yoast-schema-graph\">{\"@context\":\"https:\/\/schema.org\",\"@graph\":[{\"@type\":\"WebSite\",\"@id\":\"https:\/\/franciscanos.org.br\/noticias\/#website\",\"url\":\"https:\/\/franciscanos.org.br\/noticias\/\",\"name\":\"Not\u00edcias - Franciscanos\",\"description\":\"Prov\u00edncia Franciscana da Imaculada Concei\u00e7\u00e3o do Brasil - Ordem dos Frades Menores - OFM\",\"potentialAction\":[{\"@type\":\"SearchAction\",\"target\":{\"@type\":\"EntryPoint\",\"urlTemplate\":\"https:\/\/franciscanos.org.br\/noticias\/?s={search_term_string}\"},\"query-input\":\"required name=search_term_string\"}],\"inLanguage\":\"pt-BR\"},{\"@type\":\"ImageObject\",\"inLanguage\":\"pt-BR\",\"@id\":\"https:\/\/franciscanos.org.br\/noticias\/agudos-e-bauru-acolhem-600-jovens.html#primaryimage\",\"url\":\"https:\/\/franciscanos.org.br\/noticias\/wp-content\/uploads\/2018\/01\/missao_040119.jpg\",\"contentUrl\":\"https:\/\/franciscanos.org.br\/noticias\/wp-content\/uploads\/2018\/01\/missao_040119.jpg\",\"width\":273,\"height\":181},{\"@type\":\"WebPage\",\"@id\":\"https:\/\/franciscanos.org.br\/noticias\/agudos-e-bauru-acolhem-600-jovens.html#webpage\",\"url\":\"https:\/\/franciscanos.org.br\/noticias\/agudos-e-bauru-acolhem-600-jovens.html\",\"name\":\"Come\u00e7am as Miss\u00f5es Franciscanas da Juventude - Not\u00edcias - Franciscanos\",\"isPartOf\":{\"@id\":\"https:\/\/franciscanos.org.br\/noticias\/#website\"},\"primaryImageOfPage\":{\"@id\":\"https:\/\/franciscanos.org.br\/noticias\/agudos-e-bauru-acolhem-600-jovens.html#primaryimage\"},\"datePublished\":\"2018-01-17T02:06:01+00:00\",\"dateModified\":\"2019-01-04T17:03:34+00:00\",\"author\":{\"@id\":\"https:\/\/franciscanos.org.br\/noticias\/#\/schema\/person\/b38fbf43118f02820bd932f2e4b14ad3\"},\"breadcrumb\":{\"@id\":\"https:\/\/franciscanos.org.br\/noticias\/agudos-e-bauru-acolhem-600-jovens.html#breadcrumb\"},\"inLanguage\":\"pt-BR\",\"potentialAction\":[{\"@type\":\"ReadAction\",\"target\":[\"https:\/\/franciscanos.org.br\/noticias\/agudos-e-bauru-acolhem-600-jovens.html\"]}]},{\"@type\":\"BreadcrumbList\",\"@id\":\"https:\/\/franciscanos.org.br\/noticias\/agudos-e-bauru-acolhem-600-jovens.html#breadcrumb\",\"itemListElement\":[{\"@type\":\"ListItem\",\"position\":1,\"name\":\"Home\",\"item\":\"https:\/\/franciscanos.org.br\/noticias\"},{\"@type\":\"ListItem\",\"position\":2,\"name\":\"Come\u00e7am as Miss\u00f5es Franciscanas da Juventude\"}]},{\"@type\":\"Person\",\"@id\":\"https:\/\/franciscanos.org.br\/noticias\/#\/schema\/person\/b38fbf43118f02820bd932f2e4b14ad3\",\"name\":\"admin\",\"image\":{\"@type\":\"ImageObject\",\"inLanguage\":\"pt-BR\",\"@id\":\"https:\/\/franciscanos.org.br\/noticias\/#\/schema\/person\/image\/\",\"url\":\"https:\/\/secure.gravatar.com\/avatar\/e8495742d34d0ba6448ea1c628263b3e?s=96&d=mm&r=g\",\"contentUrl\":\"https:\/\/secure.gravatar.com\/avatar\/e8495742d34d0ba6448ea1c628263b3e?s=96&d=mm&r=g\",\"caption\":\"admin\"},\"url\":\"https:\/\/franciscanos.org.br\/noticias\/author\/admin\"}]}<\/script>\n<!-- \/ Yoast SEO plugin. -->","yoast_head_json":{"title":"Come\u00e7am as Miss\u00f5es Franciscanas da Juventude - Not\u00edcias - Franciscanos","robots":{"index":"index","follow":"follow","max-snippet":"max-snippet:-1","max-image-preview":"max-image-preview:large","max-video-preview":"max-video-preview:-1"},"canonical":"https:\/\/franciscanos.org.br\/noticias\/agudos-e-bauru-acolhem-600-jovens.html","og_locale":"pt_BR","og_type":"article","og_title":"Come\u00e7am as Miss\u00f5es Franciscanas da Juventude - Not\u00edcias - Franciscanos","og_description":"Miss\u00f5es Franciscanas","og_url":"https:\/\/franciscanos.org.br\/noticias\/agudos-e-bauru-acolhem-600-jovens.html","og_site_name":"Not\u00edcias - Franciscanos","article_published_time":"2018-01-17T02:06:01+00:00","article_modified_time":"2019-01-04T17:03:34+00:00","og_image":[{"width":273,"height":181,"url":"https:\/\/franciscanos.org.br\/noticias\/wp-content\/uploads\/2018\/01\/missao_040119.jpg","type":"image\/jpeg"}],"author":"admin","twitter_card":"summary_large_image","twitter_misc":{"Escrito por":"admin","Est. tempo de leitura":"6 minutos"},"schema":{"@context":"https:\/\/schema.org","@graph":[{"@type":"WebSite","@id":"https:\/\/franciscanos.org.br\/noticias\/#website","url":"https:\/\/franciscanos.org.br\/noticias\/","name":"Not\u00edcias - Franciscanos","description":"Prov\u00edncia Franciscana da Imaculada Concei\u00e7\u00e3o do Brasil - Ordem dos Frades Menores - OFM","potentialAction":[{"@type":"SearchAction","target":{"@type":"EntryPoint","urlTemplate":"https:\/\/franciscanos.org.br\/noticias\/?s={search_term_string}"},"query-input":"required name=search_term_string"}],"inLanguage":"pt-BR"},{"@type":"ImageObject","inLanguage":"pt-BR","@id":"https:\/\/franciscanos.org.br\/noticias\/agudos-e-bauru-acolhem-600-jovens.html#primaryimage","url":"https:\/\/franciscanos.org.br\/noticias\/wp-content\/uploads\/2018\/01\/missao_040119.jpg","contentUrl":"https:\/\/franciscanos.org.br\/noticias\/wp-content\/uploads\/2018\/01\/missao_040119.jpg","width":273,"height":181},{"@type":"WebPage","@id":"https:\/\/franciscanos.org.br\/noticias\/agudos-e-bauru-acolhem-600-jovens.html#webpage","url":"https:\/\/franciscanos.org.br\/noticias\/agudos-e-bauru-acolhem-600-jovens.html","name":"Come\u00e7am as Miss\u00f5es Franciscanas da Juventude - Not\u00edcias - Franciscanos","isPartOf":{"@id":"https:\/\/franciscanos.org.br\/noticias\/#website"},"primaryImageOfPage":{"@id":"https:\/\/franciscanos.org.br\/noticias\/agudos-e-bauru-acolhem-600-jovens.html#primaryimage"},"datePublished":"2018-01-17T02:06:01+00:00","dateModified":"2019-01-04T17:03:34+00:00","author":{"@id":"https:\/\/franciscanos.org.br\/noticias\/#\/schema\/person\/b38fbf43118f02820bd932f2e4b14ad3"},"breadcrumb":{"@id":"https:\/\/franciscanos.org.br\/noticias\/agudos-e-bauru-acolhem-600-jovens.html#breadcrumb"},"inLanguage":"pt-BR","potentialAction":[{"@type":"ReadAction","target":["https:\/\/franciscanos.org.br\/noticias\/agudos-e-bauru-acolhem-600-jovens.html"]}]},{"@type":"BreadcrumbList","@id":"https:\/\/franciscanos.org.br\/noticias\/agudos-e-bauru-acolhem-600-jovens.html#breadcrumb","itemListElement":[{"@type":"ListItem","position":1,"name":"Home","item":"https:\/\/franciscanos.org.br\/noticias"},{"@type":"ListItem","position":2,"name":"Come\u00e7am as Miss\u00f5es Franciscanas da Juventude"}]},{"@type":"Person","@id":"https:\/\/franciscanos.org.br\/noticias\/#\/schema\/person\/b38fbf43118f02820bd932f2e4b14ad3","name":"admin","image":{"@type":"ImageObject","inLanguage":"pt-BR","@id":"https:\/\/franciscanos.org.br\/noticias\/#\/schema\/person\/image\/","url":"https:\/\/secure.gravatar.com\/avatar\/e8495742d34d0ba6448ea1c628263b3e?s=96&d=mm&r=g","contentUrl":"https:\/\/secure.gravatar.com\/avatar\/e8495742d34d0ba6448ea1c628263b3e?s=96&d=mm&r=g","caption":"admin"},"url":"https:\/\/franciscanos.org.br\/noticias\/author\/admin"}]}},"_links":{"self":[{"href":"https:\/\/franciscanos.org.br\/noticias\/wp-json\/wp\/v2\/posts\/148201"}],"collection":[{"href":"https:\/\/franciscanos.org.br\/noticias\/wp-json\/wp\/v2\/posts"}],"about":[{"href":"https:\/\/franciscanos.org.br\/noticias\/wp-json\/wp\/v2\/types\/post"}],"author":[{"embeddable":true,"href":"https:\/\/franciscanos.org.br\/noticias\/wp-json\/wp\/v2\/users\/1"}],"replies":[{"embeddable":true,"href":"https:\/\/franciscanos.org.br\/noticias\/wp-json\/wp\/v2\/comments?post=148201"}],"version-history":[{"count":0,"href":"https:\/\/franciscanos.org.br\/noticias\/wp-json\/wp\/v2\/posts\/148201\/revisions"}],"wp:featuredmedia":[{"embeddable":true,"href":"https:\/\/franciscanos.org.br\/noticias\/wp-json\/wp\/v2\/media\/194190"}],"wp:attachment":[{"href":"https:\/\/franciscanos.org.br\/noticias\/wp-json\/wp\/v2\/media?parent=148201"}],"wp:term":[{"taxonomy":"category","embeddable":true,"href":"https:\/\/franciscanos.org.br\/noticias\/wp-json\/wp\/v2\/categories?post=148201"},{"taxonomy":"post_tag","embeddable":true,"href":"https:\/\/franciscanos.org.br\/noticias\/wp-json\/wp\/v2\/tags?post=148201"}],"curies":[{"name":"wp","href":"https:\/\/api.w.org\/{rel}","templated":true}]}}