{"id":148168,"date":"2018-08-11T08:36:32","date_gmt":"2018-08-11T11:36:32","guid":{"rendered":"http:\/\/franciscanos.org.br\/?p=148168"},"modified":"2019-10-30T10:48:40","modified_gmt":"2019-10-30T13:48:40","slug":"clarissas-celebram-90-anos-do-mosteiro-da-gavea","status":"publish","type":"post","link":"https:\/\/franciscanos.org.br\/noticias\/clarissas-celebram-90-anos-do-mosteiro-da-gavea.html","title":{"rendered":"Clarissas encerram neste domingo jubileu do Mosteiro da G\u00e1vea"},"content":{"rendered":"<blockquote><p><img loading=\"lazy\" class=\"alignnone size-full wp-image-212908\" src=\"https:\/\/franciscanos.org.br\/noticias\/wp-content\/uploads\/2018\/08\/gavea_3010.jpg\" alt=\"\" width=\"890\" height=\"590\" srcset=\"https:\/\/franciscanos.org.br\/noticias\/wp-content\/uploads\/2018\/08\/gavea_3010.jpg 890w, https:\/\/franciscanos.org.br\/noticias\/wp-content\/uploads\/2018\/08\/gavea_3010-450x298.jpg 450w, https:\/\/franciscanos.org.br\/noticias\/wp-content\/uploads\/2018\/08\/gavea_3010-768x509.jpg 768w, https:\/\/franciscanos.org.br\/noticias\/wp-content\/uploads\/2018\/08\/gavea_3010-150x99.jpg 150w\" sizes=\"(max-width: 890px) 100vw, 890px\" \/><\/p>\n<p>Em 19 de maio de 1855, o Minist\u00e9rio da Justi\u00e7a do Imp\u00e9rio proibia, em absoluto, a recep\u00e7\u00e3o de novi\u00e7os em todas as ordens religiosas no Brasil. A Ordem de Santa Clara (OSC), que estava no Brasil desde 1677, n\u00e3o ficou de fora desta persegui\u00e7\u00e3o at\u00e9 o falecimento da \u00faltima Clarissa em 1915. Mas h\u00e1 90 anos, as Damas Pobres de S\u00e3o Dami\u00e3o estavam de volta ao pa\u00eds com a funda\u00e7\u00e3o do Mosteiro da G\u00e1vea. Como conta nesta entrevista a <strong>Abadessa do Mosteiro de Nossa Senhora dos Anjos, Madre Maria Pac\u00edfica<\/strong>, esse retorno se deu no dia 25 de setembro de 1928. As celebra\u00e7\u00f5es deste Jubileu de 90 anos da restaura\u00e7\u00e3o do Carisma Clariano no Brasil j\u00e1 come\u00e7aram em 2017 e continuar\u00e3o at\u00e9 este domingo, 12 de agosto de 2018. A restaura\u00e7\u00e3o da Ordem de Santa Clara no Brasil, segundo a Abadessa, foi poss\u00edvel gra\u00e7as a oito irm\u00e3s Clarissas da Alemanha: Madre Maria Ser\u00e1fica, Irm\u00e3 Maria Juliana, Irm\u00e3 Maria Boaventura, Irm\u00e3 Maria Clara, Irm\u00e3 Maria Agnela, Irm\u00e3 Maria Columba, Irm\u00e3 Maria Imaculada e Irm\u00e3 Maria Terezinha, sendo que Irm\u00e3 Maria Ros\u00e1ria veio se juntar-se \u00e0s fundadoras em 1934.<\/p>\n<p>Foi a partir deste Mosteiro que a espiritualidade de Santa Clara floresceu no pa\u00eds. Essa constru\u00e7\u00e3o no morro da G\u00e1vea \u00e9 hoje um o\u00e1sis de paz em meio \u00e0 inseguran\u00e7a promovida pelo tr\u00e1fico na vizinha Rocinha. O reflexo est\u00e1 no aumento de pedidos de ora\u00e7\u00f5es que chegam \u00e0s 26 irm\u00e3s que formam a Fraternidade da Rua Jequitib\u00e1.<\/p>\n<p>A rotina da vida contemplativa \u00e9 feita de muita ora\u00e7\u00e3o e trabalho. \u201cA partir das 21 horas nos revezamos na adora\u00e7\u00e3o ao Sant\u00edssimo\u201d, conta Madre Maria Pac\u00edfica. Das irm\u00e3s, apenas quatro t\u00eam permiss\u00e3o para sair do claustro para ir ao banco, \u00e0 farm\u00e1cia, ao mercado ou ao correio, por exemplo. No interior da clausura, s\u00f3 m\u00e9dicos est\u00e3o autorizados a entrar e os frades, como o guardi\u00e3o do Convento Santo Ant\u00f4nio, Frei Jos\u00e9 Pereira, e o assistente espiritual, Frei Almir Guimar\u00e3es. Hoje, elas tamb\u00e9m aproveitam a facilidade do mundo virtual, atrav\u00e9s de e-mail, site e mais recentemente o aplicativo Whatsapp, que ajudam na marca\u00e7\u00e3o de consultas com o m\u00e9dico e auxilia nos problemas urgentes. R\u00e1dio, jornais e TV raramente est\u00e3o no cotidiano das irm\u00e3s. Madre Maria Pac\u00edfica conta com a ajuda de duas irm\u00e3s secret\u00e1rias para auxili\u00e1-la. A verdade \u00e9 que o mundo virtual n\u00e3o chega a encantar as Clarissas: \u201cPreferimos estar conectadas com o mundo espiritual\u201d, decreta Madre Maria Pac\u00edfica.<\/p>\n<p>No trabalho, as irm\u00e3s se revezam para limpar o vertical pr\u00e9dio do mosteiro &#8211; no centro do claustro h\u00e1 um cemit\u00e9rio com 12 jazigos -, cuidam da horta, de onde tiram parte do sustento e produzem artesanatos, como velas, para ajudar nas finan\u00e7as, que tamb\u00e9m s\u00e3o completadas com doa\u00e7\u00f5es de amigos e benfeitores do Mosteiro.<\/p>\n<p>Madre Maria Pac\u00edfica de Jesus Crucificado completou no \u00faltimo dia 13 de maio 62 anos de vida religiosa. Nasceu em 1934, h\u00e1 83 anos, na cidade de Andradas, no Sul de Minas Gerais, onde foi batizada como Gl\u00e1ucia Garcia de Almeida. Ingressou na Ordem de Santa Clara em 1955, aos 20 anos.<\/p>\n<p><img loading=\"lazy\" class=\"alignnone size-full wp-image-212909\" src=\"https:\/\/franciscanos.org.br\/noticias\/wp-content\/uploads\/2018\/08\/gavea_3010_1.jpg\" alt=\"\" width=\"890\" height=\"590\" srcset=\"https:\/\/franciscanos.org.br\/noticias\/wp-content\/uploads\/2018\/08\/gavea_3010_1.jpg 890w, https:\/\/franciscanos.org.br\/noticias\/wp-content\/uploads\/2018\/08\/gavea_3010_1-450x298.jpg 450w, https:\/\/franciscanos.org.br\/noticias\/wp-content\/uploads\/2018\/08\/gavea_3010_1-768x509.jpg 768w, https:\/\/franciscanos.org.br\/noticias\/wp-content\/uploads\/2018\/08\/gavea_3010_1-150x99.jpg 150w\" sizes=\"(max-width: 890px) 100vw, 890px\" \/><\/p><\/blockquote>\n<p><strong>Site Franciscanoss &#8211; Como a Ordem de Santa Clara chegou ao Brasil? <\/strong><br \/>\n<strong>Madre Maria Pac\u00edfica<\/strong> &#8211; As Clarissas foram as primeiras religiosas a se estabelecerem no Brasil, solicitadas pela C\u00e2mara, nobreza e povo da Bahia, que desejavam religiosas de S\u00e3o Francisco, pois suas filhas aspiravam ou eram encaminhadas para a vida consagrada. Viajar para Portugal, atravessar o mar, implicava nos perigos de naufr\u00e1gio, pirataria etc&#8230; Aos 9 de mar\u00e7o de 1677, chegaram de \u00c9vora (Portugal) as quatro monjas fundadoras do Imperial Convento de Santa do Desterro, que em breve floresceu, tornando-se uma comunidade numerosa. A persegui\u00e7\u00e3o religiosa contra os Institutos Religiosos, que atingiu o auge em 1855, fechando os noviciados das casas religiosas em todo o territ\u00f3rio nacional, fez com que se extinguisse o Mosteiro. Em 1915 falecia a \u00faltima Clarissa. Por treze anos n\u00e3o houve nenhum mosteiro clariano em nosso pa\u00eds, at\u00e9 que, em 1928, o antigo tronco refloresceu com a funda\u00e7\u00e3o, no Rio de Janeiro, cujos 90 anos estamos celebrando.<\/p>\n<p><strong>Site Franciscanos<\/strong>\u00a0&#8211; <strong>Como nasceu o Convento da G\u00e1vea? Qual sua import\u00e2ncia para o carisma clariano e franciscano no Brasil?<\/strong><br \/>\n<strong>Madre Maria Pac\u00edfica<\/strong>\u00a0&#8211; No dia 25 de setembro de 1928, por iniciativa da Prov\u00edncia Franciscana da Imaculada, ap\u00f3s uma longa e feliz viagem de navio, aportaram no Rio de Janeiro as oito Irm\u00e3s &#8211; vindas de D\u00fcsseldorf, Alemanha &#8211; escolhidas para restaurar a Ordem de Santa Clara no Brasil, com a funda\u00e7\u00e3o do Mosteiro Nossa Senhora dos Anjos da Porci\u00fancula. Foram recebidas festivamente pelos frades, religiosos e religiosas de numerosas Congrega\u00e7\u00f5es e por v\u00e1rias senhoras da sociedade carioca, que as levaram para a Igreja paroquial de Ipanema, onde se oficiou o solene \u201cTe Deum\u201d.<br \/>\nEstabeleceram-se, inicialmente, em uma pequena casa no Leblon, onde hoje se localiza a Par\u00f3quia Santa M\u00f4nica, dos Padres Agostinianos. Depois, com muita dificuldade, adquiriram esse terreno numa \u00e1rea ent\u00e3o rural, \u00e0 Rua do Jequitib\u00e1, 41, na G\u00e1vea, onde, com o passar dos tempos, conseguiram erguer na colina, com grandes sacrif\u00edcios, o atual e singular Mosteiro vertical. Deste lugar, brotaram 5 novas funda\u00e7\u00f5es mon\u00e1sticas que, com suas filiais e ramifica\u00e7\u00f5es, somam hoje 20 claustros clarianos no Brasil, na maioria descendendo praticamente de nossa Porci\u00fancula.<\/p>\n<p><strong>Site Franciscanos<\/strong>\u00a0&#8211;<strong> Qual a import\u00e2ncia deste Mosteiro para o carisma clariano e franciscano no Brasil?<\/strong><br \/>\n<strong>Madre Maria Pac\u00edfica<\/strong>\u00a0&#8211; Penso que a import\u00e2ncia deste nosso Mosteiro \u00e9 justamente de ser o primeiro da restaura\u00e7\u00e3o da Ordem e, por isso, muitas madres e formadoras continuam a nos consultar a respeito de tradi\u00e7\u00f5es e costumes. Aqui renovou-se a chama ser\u00e1fica, que, com a b\u00ean\u00e7\u00e3o do Alt\u00edssimo, desdobrou-se em novas funda\u00e7\u00f5es e tem ajudado a tantos irm\u00e3os e irm\u00e3s da I e da III Ordem a experimentar a riqueza desse carisma iniciado pela M\u00e3e Santa Clara, pois como ela escreve em seu Testamento: \u201cO Senhor nos chamou a ser exemplo e espelho\u201d.<\/p>\n<p><strong>Site Franciscanos<\/strong>\u00a0&#8211;<strong> Qual o significado de celebrar o Jubileu<\/strong>?<br \/>\n<strong>Madre Maria Pac\u00edfica\u00a0<\/strong>&#8211; Celebrar o Jubileu dos 90 anos de funda\u00e7\u00e3o desse nosso querido Mosteiro significa para n\u00f3s, primeiramente, render gra\u00e7as e gl\u00f3ria a Deus, de Quem procede, na express\u00e3o da M\u00e3e Santa Clara, toda d\u00e1diva e todo dom perfeito. Depois, gratid\u00e3o \u00e0s nossas queridas Irm\u00e3s fundadoras, que deixaram p\u00e1tria, fam\u00edlia, mosteiro e tudo o que lhes era mais caro para nunca mais retornar. Em meio a tantos sacrif\u00edcios, compraram este terreno, constru\u00edram este Mosteiro e nos deixaram s\u00f3lido alicerce na tradi\u00e7\u00e3o de t\u00e3o preciosa espiritualidade. Gratid\u00e3o tamb\u00e9m por tantas irm\u00e3s queridas, que ao longo desses 90 anos, aqui deixaram a marca de seu trabalho, de sua ora\u00e7\u00e3o, de sua imola\u00e7\u00e3o, pensando muito especialmente nas que daqui sa\u00edram para fundar outros Mosteiros, construindo novos tronos de adora\u00e7\u00e3o para Jesus e irradiando a espiritualidade clariana. Tamb\u00e9m, gratid\u00e3o por todos os amigos e benfeitores que, nessas nove d\u00e9cadas ajudaram e continuam ajudando a manter essa casa de ora\u00e7\u00e3o, nomeadamente os queridos padres que aqui celebram e nos alimentam com o P\u00e3o da Vida e da Palavra.<\/p>\n<p><strong>Site Franciscanos<\/strong>\u00a0&#8211; <strong>Hoje, como \u00e9 a vida no convento: quantas Irm\u00e3s fazem parte da Fraternidade; como \u00e9 a vida de ora\u00e7\u00e3o e trabalho<\/strong>?<br \/>\n<strong>Madre Maria Pac\u00edfica<\/strong>\u00a0&#8211; Somos 26 Irm\u00e3s. Uma anci\u00e3 de 96 anos est\u00e1 hospitalizada e bem fragilizada. No mais, todas trabalham, na medida de suas possibilidades, mesmo as octogen\u00e1rias. No Mosteiro, ningu\u00e9m se aposenta!<br \/>\nA M\u00e3e Santa Clara cultivou profundo amor a Jesus Sacramentado! S\u00e3o Jo\u00e3o Paulo II escreveu: \u201cNa verdade, toda a vida de Clara era uma Eucaristia!\u201d. A seu exemplo, as Clarissas cultivam a devo\u00e7\u00e3o eucar\u00edstica, revezando-se em adora\u00e7\u00e3o ao Sant\u00edssimo Sacramento, exposto, diariamente em nossos mosteiros. Oram e intercedem por toda a humanidade, nomeadamente pelos que se recomendam \u00e0s preces da comunidade. S\u00e3o sete horas de ora\u00e7\u00e3o, intercaladas com os trabalhos. As irm\u00e3s aplicam-se em ganhar o necess\u00e1rio para seu sustento e a manuten\u00e7\u00e3o da casa com seu trabalho humilde de cada dia. Dedicam-se \u00e0 confec\u00e7\u00e3o de alfaias, imagens, velas, cart\u00f5es, convites e lembran\u00e7as para casamentos, batizados, Primeira Eucaristia e bodas, al\u00e9m de outros trabalhos manuais em pintura, bordado e artesanato. As mesmas m\u00e3os que trabalham na enxada, plantando e cultivando a terra pela manh\u00e3, \u00e0 tarde bordam, pintam e exercitam seus talentos nos mais delicados trabalhos. Contudo, sempre contam com o aux\u00edlio de amigos dedicados e generosos benfeitores que, pela miseric\u00f3rdia divina, nunca faltam.<\/p>\n<div id=\"attachment_212915\" style=\"width: 510px\" class=\"wp-caption alignright\"><img aria-describedby=\"caption-attachment-212915\" loading=\"lazy\" class=\"wp-image-212915 size-full\" src=\"https:\/\/franciscanos.org.br\/noticias\/wp-content\/uploads\/2018\/08\/gavea_3010_2.jpg\" alt=\"\" width=\"500\" height=\"331\" srcset=\"https:\/\/franciscanos.org.br\/noticias\/wp-content\/uploads\/2018\/08\/gavea_3010_2.jpg 500w, https:\/\/franciscanos.org.br\/noticias\/wp-content\/uploads\/2018\/08\/gavea_3010_2-450x298.jpg 450w, https:\/\/franciscanos.org.br\/noticias\/wp-content\/uploads\/2018\/08\/gavea_3010_2-150x99.jpg 150w\" sizes=\"(max-width: 500px) 100vw, 500px\" \/><p id=\"caption-attachment-212915\" class=\"wp-caption-text\"><em>Terreno onde foi constru\u00eddo o Convento<\/em><\/p><\/div>\n<p><strong>Site Franciscanos<\/strong>\u00a0&#8211; <strong>Como o Convento sobreviveu e sobrevive nestes 90 anos?<\/strong><br \/>\n<strong>Madre Maria Pac\u00edfica<\/strong>\u00a0&#8211; No in\u00edcio, para comprar o terreno e pagar as presta\u00e7\u00f5es, bem como para a constru\u00e7\u00e3o, as irm\u00e3s faziam longos ser\u00f5es, confeccionando paramentos para uma f\u00e1brica de S\u00e3o Paulo. Naturalmente que a Divina Provid\u00eancia sempre veio em aux\u00edlio, atrav\u00e9s de amigos e benfeitores. Particularmente, Frei Rog\u00e9rio Neuhaus, OFM, de santa mem\u00f3ria. Em tempos de grandes necessidades, pudemos contar, mais especificamente, com muitos outros frades, nomeadamente, Frei Heliodoro M\u00fcller, Frei Leovigildo Balestiere, Frei Fortunato Sturm, Frei Bernardo Hoelscher, Frei Eckart H\u00f6fling, e todos os nossos padres guardi\u00e3es do Convento Santo Ant\u00f4nio, nas \u00faltimas d\u00e9cadas, t\u00eam sido muito atenciosos e sol\u00edcitos: Frei Edgar Weist, Frei Ivo Theiss, Frei Clar\u00eancio Neotti e Frei Jos\u00e9 Pereira.<br \/>\nAs Irm\u00e3s Pobres de Santa Clara, em fidelidade \u00e0 santa pobreza, vivem cada dia como as aves do c\u00e9u e os l\u00edrios do campo, totalmente entregues \u00e0 Provid\u00eancia do Pai, que a todos sustenta e ampara com ternura. \u00c9 verdadeiro milagre do bom Deus. Trabalham, como todos os pobres, para ganhar o p\u00e3o de cada dia, e, quando lhes \u00e9 poss\u00edvel, seguindo a perfei\u00e7\u00e3o evang\u00e9lica, partilham com os mais necessitados as doa\u00e7\u00f5es que recebem.<\/p>\n<p><strong>Site Franciscanos<\/strong>\u00a0&#8211; <strong>Como \u00e9 feito o trabalho vocacional para a vida contemplativa?<\/strong><br \/>\n<strong>Madre Maria Pac\u00edfica<\/strong>\u00a0&#8211; Jesus disse: \u201cVinde e vede!\u201d. N\u00e3o temos f\u00f3rmula pronta! Costumo dizer que cada voca\u00e7\u00e3o \u00e9 um romance divino! O saudoso Frei Desid\u00e9rio Kalverkamp dizia que \u00e9 necess\u00e1rio conviver para saber. Temos um folder vocacional bem simples. Normalmente, as candidatas t\u00eam um primeiro contato por e-mail, carta, ou telefone. Ao responder convidamos para conhecer o Mosteiro, passar um dia, rezar com as irm\u00e3s, conversar. Assim vamos nos conhecendo e podemos ter no\u00e7\u00e3o se h\u00e1 sinais aut\u00eanticos de voca\u00e7\u00e3o. Quando a jovem j\u00e1 participa de encontro vocacional, tem orienta\u00e7\u00e3o de um diretor espiritual, ou do p\u00e1roco, fica mais f\u00e1cil. Vamos dando a conhecer o carisma atrav\u00e9s de col\u00f3quios, de livros. Assim vamos acompanhando e, conforme o desenvolvimento de cada uma, marcamos o ingresso. Depois, s\u00e3o 6 anos de forma\u00e7\u00e3o, tempo suficiente para discernir, aprofundar, decidir e a comunidade saber se a candidata est\u00e1 apta.<\/p>\n<p><strong>Site Franciscanos<\/strong>\u00a0&#8211; <strong>Como a vida contemplativa se relaciona com o mundo virtual?<\/strong><br \/>\n<strong>Madre Maria Pac\u00edfica<\/strong>\u00a0&#8211; Praticamente \u00e9 s\u00f3 o estritamente necess\u00e1rio. Temos apenas um site e um e-mail que serve tamb\u00e9m para divulgar nossa Ordem e nossos trabalhos. Agora, tamb\u00e9m por quest\u00f5es de economia, aceitamos um celular com <em>whatsapp<\/em>. Para falar com m\u00e9dicos, resolver assuntos urgentes, facilita muito. Muitas pessoas nos escrevem pedindo ora\u00e7\u00f5es pelo site, por e-mail ou pelo whatsapp. Na medida do poss\u00edvel, respondo, tendo duas irm\u00e3s que ajudam na Secretaria. Se n\u00e3o h\u00e1 uma necessidade maior, abrimos e-mail pela manh\u00e3 e \u00e0 noite; respondemos o que \u00e9 poss\u00edvel, e colocamos junto aos demais pedidos de intercess\u00e3o. Usamos a internet para pesquisas, no tocante \u00e0 forma\u00e7\u00e3o. Acompanhamos um pouco os pronunciamentos e todas as viagens do Papa. Diariamente, abrimos o site da Prov\u00edncia da Imaculada para enriquecer-nos com a espiritualidade e ter conhecimento das not\u00edcias, j\u00e1 que devemos estar sempre na intercess\u00e3o pelos irm\u00e3os. No mais, preferimos estar conectadas com o mundo espiritual.<\/p>\n<p>&nbsp;<\/p>\n<p><strong>Site Franciscanos<\/strong>\u00a0&#8211; <strong>Como a Sra. define a Vida Contemplativa?<\/strong><br \/>\n<strong>Madre Maria Pac\u00edfica<\/strong>\u00a0&#8211; A M\u00e3e Santa Clara apresenta Jesus como um Espelho. No Testamento escreve que \u201co pr\u00f3prio Filho de Deus fez-se para n\u00f3s o Caminho e foi este Caminho que nosso bem-aventurado Pai S\u00e3o Francisco nos ensinou por palavras e exemplos. Penso que a vida contemplativa \u00e9 espelhar-se nesse Modelo; seguir o Mestre, observar seus mandamentos, viver com Ele e Nele! \u00c9 acess\u00edvel para todos! Costumo escrever para as postulantes quando chegam, em forma de ora\u00e7\u00e3o: \u201cPensai em mim, Jesus &#8230; \u00c9 viver em Cristo Jesus, nosso ador\u00e1vel e muito amado Salvador\u201d.<\/p>\n<p><strong>Site Franciscanos<\/strong>\u00a0&#8211; <strong>Concluindo, deixe-nos uma mensagem sobre este Jubileu e a import\u00e2ncia da espiritualidade clariana para o mundo de hoje<\/strong>.<br \/>\n<strong>Madre Maria Pac\u00edfica<\/strong>&#8211; Celebrar um Jubileu, como tempo de gra\u00e7a, \u00e9 sempre um chamado \u00e0 renova\u00e7\u00e3o. Esta \u00e9 a gra\u00e7a que pe\u00e7o para nossa comunidade, a fim de que possamos testemunhar ao mundo de hoje a alegria do Evangelho do Amor misericordioso de Jesus.<br \/>\nA espiritualidade clariana para o mundo de hoje \u00e9 o que foi no s\u00e9culo XIII. No mundo de ent\u00e3o havia guerras, injusti\u00e7as, cobi\u00e7a, desamor, rivalidades, etc. Clara fez a sua parte. Escolheu viver o Evangelho. E tornou-se uma fonte cristalina no seio da Igreja. Quebrou o vaso de alabastro de seu corpo fr\u00e1gil, na ora\u00e7\u00e3o, penit\u00eancia e recolhimento do seu Mosteiro e seu perfume inundou toda a Igreja. A humanidade contempor\u00e2nea sofre dos mesmos males. Est\u00e1 farta de belos discursos. Acredito que a import\u00e2ncia de nossa espiritualidade \u00e9 marcada na medida em que nos esfor\u00e7amos para viver com maior autenticidade nossa voca\u00e7\u00e3o. Somos sinais de esperan\u00e7a para o mundo. Em seu encontro com as Clarissas, na Fazenda Esperan\u00e7a, em Guaratinguet\u00e1, o Papa Bento XVI nos pediu para sermos \u201cembaixadoras da esperan\u00e7a!\u201d \u00c9 sendo o que a Igreja nos pede que cumpriremos nossa miss\u00e3o. \u201ccomo sustent\u00e1culos dos membros fr\u00e1geis e abatidos do Corpo M\u00edstico de Cristo\u201d, como se expressa a M\u00e3e Santa Clara.<\/p>\n<hr \/>\n<p><strong>\u00a0 A COLUNA-MESTRA DO JUBILEU<\/strong><\/p>\n<div id=\"attachment_212922\" style=\"width: 460px\" class=\"wp-caption alignleft\"><img aria-describedby=\"caption-attachment-212922\" loading=\"lazy\" class=\"wp-image-212922 size-full\" src=\"https:\/\/franciscanos.org.br\/noticias\/wp-content\/uploads\/2018\/08\/gavea_3010_3.jpg\" alt=\"\" width=\"450\" height=\"504\" srcset=\"https:\/\/franciscanos.org.br\/noticias\/wp-content\/uploads\/2018\/08\/gavea_3010_3.jpg 450w, https:\/\/franciscanos.org.br\/noticias\/wp-content\/uploads\/2018\/08\/gavea_3010_3-402x450.jpg 402w, https:\/\/franciscanos.org.br\/noticias\/wp-content\/uploads\/2018\/08\/gavea_3010_3-150x168.jpg 150w\" sizes=\"(max-width: 450px) 100vw, 450px\" \/><p id=\"caption-attachment-212922\" class=\"wp-caption-text\"><em>Madre Maria Pac\u00edfica no in\u00edcio de sua vida consagrada<\/em><\/p><\/div>\n<p>No \u201cO\u00e1sis da G\u00e1vea\u201d, a coluna-mestra do Jubileu de 90 anos tem um nome: Madre Abadessa Maria Pac\u00edfica de Jesus Crucificado. A sua face, que ganha destaque no meio ao v\u00e9u marrom do h\u00e1bito de Santa Clara, revela uma mulher forte e ao mesmo tempo suave, culta, nobre, simples e atenciosa. Segundo suas irm\u00e3s de claustro, incans\u00e1vel no servi\u00e7o \u00e0 Comunidade, tanto que \u00e9 a primeira a se levantar e a \u00faltima a se deitar. Reserva pouco tempo para si e se doa, sem reservas, para a fraternidade. Quando suas irm\u00e3s a lembram que precisa se cuidar, tem como resposta que empresta de S\u00e3o Paulo: \u201cimpendam et super impendam\u201d (Eu me gastarei e desgastarei pelo Senhor, por v\u00f3s e por todos).<\/p>\n<p>Essa lideran\u00e7a come\u00e7ou e se formou no ber\u00e7o cuidado pelo m\u00e9dico Joaquim Albino de Almeida e da ex\u00edmia pianista Juracy Garcia de Almeida, tradicional Fam\u00edlia Sul mineira, de Muzambinho e Machado, a terra do caf\u00e9. Antes de se encantar pelo projeto de Clara e Francisco, Gl\u00e1ucia Garcia de Almeida, a segunda dos sete filhos do casal, destacava-se nos estudos no Col\u00e9gio Imaculada Concei\u00e7\u00e3o, das Religiosas Concepcionistas do Ensino e no curso de l\u00ednguas neo-latinas. Aos 18 anos, a morte repentina do pai a leva, pelo luto, afastar-se dos compromissos e festas sociais. Usa sua lideran\u00e7a para a\u00e7\u00f5es sociais e religiosas, como a catequese. No cora\u00e7\u00e3o de Gl\u00e1ucia, algo come\u00e7ava a mudar. E n\u00e3o eram os pretendentes e os apelos mundanos do mundo. Comentando com um sacerdote o desejo de ser monja, ele lhe deu a autobiografia de Santa Terezinha, em franc\u00eas, onde se encontrava uma estampa de \u201cSoeur Marie C\u00e8line de la Pr\u00e8sentation, Vi\u00e8rge Clarisse\u201d. \u201cLembro-me que quando cheguei em casa, olhei as montanhas e pensei: \u2018Tudo foi feito pra Ele por Ele. Ele \u00e9 o centro de tudo\u2019. A partir da\u00ed, tudo mudou na minha vida. Quando ia tocar o piano, sentia a presen\u00e7a de Deus do meu lado. A minha vida come\u00e7ou a se transformar, t\u00e3o forte era o apelo para segui-Lo\u201d, revela. Foi o que faltava para procurar um Mosteiro de Santa Clara. Familiares, mestras e amigos tentaram dissuadi-la de que poderia fazer uma brilhante carreira no magist\u00e9rio e na m\u00fasica. O seu projeto, contudo, era outro: dedicar-se inteiramente ao Senhor. N\u00e3o foi f\u00e1cil deixar a fam\u00edlia que tanto amava, mas aos 20 anos, no dia 3 de maio de 1955, voou para o Rio, em companhia de sua irm\u00e3 Nilza, para conhecer a Porci\u00fancula da G\u00e1vea, onde iniciaria mais tarde o seu postulantado.<\/p>\n<p>Na festa da Sagrada Fam\u00edlia, no dia 8 de janeiro de 1956, recebeu o burel de Santa Clara, em uma celebra\u00e7\u00e3o presidida pelo ent\u00e3o Cardeal Dom Jaime de Barros C\u00e2mara. Na Epifania do Senhor, no ano seguinte, fez sua Profiss\u00e3o de Votos Tempor\u00e1rios, e aos 10 de janeiro de 1960 emitiu os votos solenes nas m\u00e3os do Cardeal Dom Jaime. N\u00e3o demorou muito para receber a incumb\u00eancia de formar as novi\u00e7as, ao mesmo tempo em que fazia parte do Conselho mon\u00e1stico. Nem por isso deixou de lado o pesado trabalho bra\u00e7al no vasto e montanhoso terreno do Mosteiro. Ficou \u00e0 frente do Noviciado at\u00e9 1970, quando foi eleita Abadessa, a primeira brasileira a ocupar este cargo no Mosteiro de Nossa Senhora dos Anjos.<\/p>\n<p>Muito culta, apreciadora de m\u00fasica cl\u00e1ssica, tem grande conhecimento da Ordem e profunda espiritualidade, e destaca-se pelo zelo \u00e0 Sagrada Liturgia.<br \/>\nSua lideran\u00e7a, esp\u00edrito empreendedor e din\u00e2mico, confirma-se nas sucessivas reelei\u00e7\u00f5es &#8211; com exce\u00e7\u00e3o da pausa de um tri\u00eanio &#8211; ao posto de Madre Abadessa, cargo que ocupa at\u00e9 hoje. \u201cCom 80 anos, estou idosa para este servi\u00e7o, mas as irm\u00e3s t\u00eam muita confian\u00e7a em mim\u201d, observa. Suas obras n\u00e3o se limitaram \u00e0 grande reforma e amplia\u00e7\u00e3o do Mosteiro, mas se estenderam pelo pa\u00eds com as funda\u00e7\u00f5es dos Mosteiros, como a primeira em Belo Horizonte, em 1973, e a funda\u00e7\u00e3o catarinense do Mosteiro Nazar\u00e9, coordenando a constru\u00e7\u00e3o e transfer\u00eancia da Comunidade para a cidade serrana de Lages, que ficou sob sua dire\u00e7\u00e3o at\u00e9 1979. Depois vieram os Mosteiros de Caic\u00f3 (RN), An\u00e1polis (GO), Dourados (MS) e, por \u00faltimo, o Mosteiro de Bras\u00edlia. Foi tamb\u00e9m, por 15 anos, coordenadora geral da Uni\u00e3o dos Mosteiros Clarianos no Brasil, presidindo v\u00e1rios encontros de Abadessas e Mestras, juntamente com Frei Bernardo Holscher. Para suas irm\u00e3s, sobrinhos e netos, ela \u00e9 a \u201cMatriarca\u201d da fam\u00edlia, mas para as irm\u00e3s do claustro, grande exemplo e modelo da pobreza evang\u00e9lica.<\/p>\n<hr \/>\n<p><img loading=\"lazy\" class=\"size-full wp-image-212942 aligncenter\" src=\"https:\/\/franciscanos.org.br\/noticias\/wp-content\/uploads\/2018\/08\/gavea_3010_4.jpg\" alt=\"\" width=\"890\" height=\"635\" srcset=\"https:\/\/franciscanos.org.br\/noticias\/wp-content\/uploads\/2018\/08\/gavea_3010_4.jpg 890w, https:\/\/franciscanos.org.br\/noticias\/wp-content\/uploads\/2018\/08\/gavea_3010_4-450x321.jpg 450w, https:\/\/franciscanos.org.br\/noticias\/wp-content\/uploads\/2018\/08\/gavea_3010_4-768x548.jpg 768w, https:\/\/franciscanos.org.br\/noticias\/wp-content\/uploads\/2018\/08\/gavea_3010_4-150x107.jpg 150w\" sizes=\"(max-width: 890px) 100vw, 890px\" \/><\/p>\n<p>&nbsp;<\/p>\n<h3>OS PASSOS PARA SER CLARISSA<\/h3>\n<p>A Ordem de Santa Clara foi fundada por S\u00e3o Francisco e Santa Clara de Assis. Dentro da Fam\u00edlia Franciscana, as Irm\u00e3s Clarissas formam o ramo orante e contemplativo. Sua consagra\u00e7\u00e3o a Deus est\u00e1 voltada para o sil\u00eancio, para a busca da<br \/>\nintimidade com Deus. \u00c9 o seu modo de servir \u00e0 Igreja e aos irm\u00e3os.<\/p>\n<p style=\"padding-left: 30px;\"><strong>1\u00ba passo:<\/strong> A jovem vocacionada mant\u00e9m contato com um dos Mosteiros das Clarissas at\u00e9 o ingresso. \u00c9 uma fase importante de discernimento em que ter\u00e1 acompanhamento vocacional. A candidata pode escrever, telefonar ou visitar o Mosteiro. Esse tempo perdura quanto for necess\u00e1rio e a candidata n\u00e3o tem nenhum compromisso com o Mosteiro, pois est\u00e1 discernindo a sua voca\u00e7\u00e3o.<\/p>\n<p style=\"padding-left: 30px;\"><strong>2\u00ba passo<\/strong>: A candidata ingressa no Postulantado, um tempo de forma\u00e7\u00e3o para a vida clariana, que tem a dura\u00e7\u00e3o de um ano, mas que pode ser prolongado se necess\u00e1rio.<\/p>\n<p style=\"padding-left: 30px;\"><strong>3\u00ba passo:<\/strong> Conclu\u00eddo o tempo de Postulantado, numa cerim\u00f4nia muito familiar, a jovem recebe o h\u00e1bito clariano. Inicia, ent\u00e3o, o tempo do Noviciado, onde vai aprofundar a espiritualidade no ideal abra\u00e7ado. Trata-se de um tempo de prova\u00e7\u00e3o para a profiss\u00e3o dos votos na Ordem de Santa Clara.<\/p>\n<p style=\"padding-left: 30px;\"><strong>4\u00ba passo:<\/strong> Terminado o Noviciado, que dura dois anos (tamb\u00e9m pode ser prolongado), a novi\u00e7a, com plena liberdade, far\u00e1 os votos tempor\u00e1rios de castidade, obedi\u00eancia e pobreza, vivendo na clausura por tr\u00eas anos. Este per\u00edodo \u00e9 chamado de Juniorato e pode ser prolongado por mais tr\u00eas anos.<\/p>\n<p style=\"padding-left: 30px;\"><strong>5\u00ba passo:<\/strong> A \u00faltima etapa na caminhada formativa da clarissa \u00e9 a profiss\u00e3o perp\u00e9tua. Com os votos solenes, a clarissa \u00e9 integrada definitivamente na Ordem de Santa Clara, prometendo fidelidade como resposta ao amor incondicional de Deus. As irm\u00e3s que ingressam num mosteiro clariano permanecem em geral at\u00e9 o fim de suas vidas no mesmo Mosteiro. Somente partem para outro no caso de haver uma nova funda\u00e7\u00e3o ou for transferida para prestar aux\u00edlio em outro Mosteiro.<\/p>\n<p><strong>Entrevista a Moacir Beggo<\/strong><\/p>\n<hr \/>\n<p><strong>MOSTEIRO DE NOSSA SENHORA DOS ANJOS DAS IRM\u00c3S CLARISSAS<\/strong><\/p>\n<p><strong>Rua do Jequitib\u00e1, 41, G\u00e1vea<\/strong><br \/>\n<strong>CEP 22470-110 &#8211; Rio de Janeiro &#8211; RJ<\/strong><br \/>\n<strong>Tels: (21) 2274-3147 ou 2529-2310<\/strong><br \/>\n<a href=\"www.irmasclarissas.org.br\" target=\"_blank\" rel=\"noopener noreferrer\"><strong>www.irmasclarissas.org.br<\/strong><\/a><br \/>\n<a href=\"mailto:irmasclarissas@gmail.com\" target=\"_blank\" rel=\"noopener noreferrer\"><strong>irmasclarissas@gmail.com<\/strong><\/a><\/p>\n","protected":false},"excerpt":{"rendered":"<p>Ano Jubilar das Irm\u00e3s Clarissas da G\u00e1vea<\/p>\n","protected":false},"author":1,"featured_media":201054,"comment_status":"open","ping_status":"open","sticky":false,"template":"","format":"standard","meta":[],"categories":[1],"tags":[171,1183],"acf":[],"yoast_head":"<!-- This site is optimized with the Yoast SEO plugin v19.2 - https:\/\/yoast.com\/wordpress\/plugins\/seo\/ -->\n<title>Clarissas encerram neste domingo jubileu do Mosteiro da G\u00e1vea - Not\u00edcias - Franciscanos<\/title>\n<meta name=\"robots\" content=\"index, follow, max-snippet:-1, max-image-preview:large, max-video-preview:-1\" \/>\n<link rel=\"canonical\" href=\"https:\/\/franciscanos.org.br\/noticias\/clarissas-celebram-90-anos-do-mosteiro-da-gavea.html\" \/>\n<meta property=\"og:locale\" content=\"pt_BR\" \/>\n<meta property=\"og:type\" content=\"article\" \/>\n<meta property=\"og:title\" content=\"Clarissas encerram neste domingo jubileu do Mosteiro da G\u00e1vea - Not\u00edcias - Franciscanos\" \/>\n<meta property=\"og:description\" content=\"Ano Jubilar das Irm\u00e3s Clarissas da G\u00e1vea\" \/>\n<meta property=\"og:url\" content=\"https:\/\/franciscanos.org.br\/noticias\/clarissas-celebram-90-anos-do-mosteiro-da-gavea.html\" \/>\n<meta property=\"og:site_name\" content=\"Not\u00edcias - Franciscanos\" \/>\n<meta property=\"article:published_time\" content=\"2018-08-11T11:36:32+00:00\" \/>\n<meta property=\"article:modified_time\" content=\"2019-10-30T13:48:40+00:00\" \/>\n<meta property=\"og:image\" content=\"https:\/\/franciscanos.org.br\/noticias\/wp-content\/uploads\/2018\/08\/gavea_020118_1.jpg\" \/>\n\t<meta property=\"og:image:width\" content=\"273\" \/>\n\t<meta property=\"og:image:height\" content=\"181\" \/>\n\t<meta property=\"og:image:type\" content=\"image\/jpeg\" \/>\n<meta name=\"author\" content=\"admin\" \/>\n<meta name=\"twitter:card\" content=\"summary_large_image\" \/>\n<meta name=\"twitter:label1\" content=\"Escrito por\" \/>\n\t<meta name=\"twitter:data1\" content=\"admin\" \/>\n\t<meta name=\"twitter:label2\" content=\"Est. tempo de leitura\" \/>\n\t<meta name=\"twitter:data2\" content=\"18 minutos\" \/>\n<script type=\"application\/ld+json\" class=\"yoast-schema-graph\">{\"@context\":\"https:\/\/schema.org\",\"@graph\":[{\"@type\":\"WebSite\",\"@id\":\"https:\/\/franciscanos.org.br\/noticias\/#website\",\"url\":\"https:\/\/franciscanos.org.br\/noticias\/\",\"name\":\"Not\u00edcias - Franciscanos\",\"description\":\"Prov\u00edncia Franciscana da Imaculada Concei\u00e7\u00e3o do Brasil - Ordem dos Frades Menores - OFM\",\"potentialAction\":[{\"@type\":\"SearchAction\",\"target\":{\"@type\":\"EntryPoint\",\"urlTemplate\":\"https:\/\/franciscanos.org.br\/noticias\/?s={search_term_string}\"},\"query-input\":\"required name=search_term_string\"}],\"inLanguage\":\"pt-BR\"},{\"@type\":\"ImageObject\",\"inLanguage\":\"pt-BR\",\"@id\":\"https:\/\/franciscanos.org.br\/noticias\/clarissas-celebram-90-anos-do-mosteiro-da-gavea.html#primaryimage\",\"url\":\"https:\/\/franciscanos.org.br\/noticias\/wp-content\/uploads\/2018\/08\/gavea_020118_1.jpg\",\"contentUrl\":\"https:\/\/franciscanos.org.br\/noticias\/wp-content\/uploads\/2018\/08\/gavea_020118_1.jpg\",\"width\":273,\"height\":181},{\"@type\":\"WebPage\",\"@id\":\"https:\/\/franciscanos.org.br\/noticias\/clarissas-celebram-90-anos-do-mosteiro-da-gavea.html#webpage\",\"url\":\"https:\/\/franciscanos.org.br\/noticias\/clarissas-celebram-90-anos-do-mosteiro-da-gavea.html\",\"name\":\"Clarissas encerram neste domingo jubileu do Mosteiro da G\u00e1vea - Not\u00edcias - Franciscanos\",\"isPartOf\":{\"@id\":\"https:\/\/franciscanos.org.br\/noticias\/#website\"},\"primaryImageOfPage\":{\"@id\":\"https:\/\/franciscanos.org.br\/noticias\/clarissas-celebram-90-anos-do-mosteiro-da-gavea.html#primaryimage\"},\"datePublished\":\"2018-08-11T11:36:32+00:00\",\"dateModified\":\"2019-10-30T13:48:40+00:00\",\"author\":{\"@id\":\"https:\/\/franciscanos.org.br\/noticias\/#\/schema\/person\/b38fbf43118f02820bd932f2e4b14ad3\"},\"breadcrumb\":{\"@id\":\"https:\/\/franciscanos.org.br\/noticias\/clarissas-celebram-90-anos-do-mosteiro-da-gavea.html#breadcrumb\"},\"inLanguage\":\"pt-BR\",\"potentialAction\":[{\"@type\":\"ReadAction\",\"target\":[\"https:\/\/franciscanos.org.br\/noticias\/clarissas-celebram-90-anos-do-mosteiro-da-gavea.html\"]}]},{\"@type\":\"BreadcrumbList\",\"@id\":\"https:\/\/franciscanos.org.br\/noticias\/clarissas-celebram-90-anos-do-mosteiro-da-gavea.html#breadcrumb\",\"itemListElement\":[{\"@type\":\"ListItem\",\"position\":1,\"name\":\"Home\",\"item\":\"https:\/\/franciscanos.org.br\/noticias\"},{\"@type\":\"ListItem\",\"position\":2,\"name\":\"Clarissas encerram neste domingo jubileu do Mosteiro da G\u00e1vea\"}]},{\"@type\":\"Person\",\"@id\":\"https:\/\/franciscanos.org.br\/noticias\/#\/schema\/person\/b38fbf43118f02820bd932f2e4b14ad3\",\"name\":\"admin\",\"image\":{\"@type\":\"ImageObject\",\"inLanguage\":\"pt-BR\",\"@id\":\"https:\/\/franciscanos.org.br\/noticias\/#\/schema\/person\/image\/\",\"url\":\"https:\/\/secure.gravatar.com\/avatar\/e8495742d34d0ba6448ea1c628263b3e?s=96&d=mm&r=g\",\"contentUrl\":\"https:\/\/secure.gravatar.com\/avatar\/e8495742d34d0ba6448ea1c628263b3e?s=96&d=mm&r=g\",\"caption\":\"admin\"},\"url\":\"https:\/\/franciscanos.org.br\/noticias\/author\/admin\"}]}<\/script>\n<!-- \/ Yoast SEO plugin. -->","yoast_head_json":{"title":"Clarissas encerram neste domingo jubileu do Mosteiro da G\u00e1vea - Not\u00edcias - Franciscanos","robots":{"index":"index","follow":"follow","max-snippet":"max-snippet:-1","max-image-preview":"max-image-preview:large","max-video-preview":"max-video-preview:-1"},"canonical":"https:\/\/franciscanos.org.br\/noticias\/clarissas-celebram-90-anos-do-mosteiro-da-gavea.html","og_locale":"pt_BR","og_type":"article","og_title":"Clarissas encerram neste domingo jubileu do Mosteiro da G\u00e1vea - Not\u00edcias - Franciscanos","og_description":"Ano Jubilar das Irm\u00e3s Clarissas da G\u00e1vea","og_url":"https:\/\/franciscanos.org.br\/noticias\/clarissas-celebram-90-anos-do-mosteiro-da-gavea.html","og_site_name":"Not\u00edcias - Franciscanos","article_published_time":"2018-08-11T11:36:32+00:00","article_modified_time":"2019-10-30T13:48:40+00:00","og_image":[{"width":273,"height":181,"url":"https:\/\/franciscanos.org.br\/noticias\/wp-content\/uploads\/2018\/08\/gavea_020118_1.jpg","type":"image\/jpeg"}],"author":"admin","twitter_card":"summary_large_image","twitter_misc":{"Escrito por":"admin","Est. tempo de leitura":"18 minutos"},"schema":{"@context":"https:\/\/schema.org","@graph":[{"@type":"WebSite","@id":"https:\/\/franciscanos.org.br\/noticias\/#website","url":"https:\/\/franciscanos.org.br\/noticias\/","name":"Not\u00edcias - Franciscanos","description":"Prov\u00edncia Franciscana da Imaculada Concei\u00e7\u00e3o do Brasil - Ordem dos Frades Menores - OFM","potentialAction":[{"@type":"SearchAction","target":{"@type":"EntryPoint","urlTemplate":"https:\/\/franciscanos.org.br\/noticias\/?s={search_term_string}"},"query-input":"required name=search_term_string"}],"inLanguage":"pt-BR"},{"@type":"ImageObject","inLanguage":"pt-BR","@id":"https:\/\/franciscanos.org.br\/noticias\/clarissas-celebram-90-anos-do-mosteiro-da-gavea.html#primaryimage","url":"https:\/\/franciscanos.org.br\/noticias\/wp-content\/uploads\/2018\/08\/gavea_020118_1.jpg","contentUrl":"https:\/\/franciscanos.org.br\/noticias\/wp-content\/uploads\/2018\/08\/gavea_020118_1.jpg","width":273,"height":181},{"@type":"WebPage","@id":"https:\/\/franciscanos.org.br\/noticias\/clarissas-celebram-90-anos-do-mosteiro-da-gavea.html#webpage","url":"https:\/\/franciscanos.org.br\/noticias\/clarissas-celebram-90-anos-do-mosteiro-da-gavea.html","name":"Clarissas encerram neste domingo jubileu do Mosteiro da G\u00e1vea - Not\u00edcias - Franciscanos","isPartOf":{"@id":"https:\/\/franciscanos.org.br\/noticias\/#website"},"primaryImageOfPage":{"@id":"https:\/\/franciscanos.org.br\/noticias\/clarissas-celebram-90-anos-do-mosteiro-da-gavea.html#primaryimage"},"datePublished":"2018-08-11T11:36:32+00:00","dateModified":"2019-10-30T13:48:40+00:00","author":{"@id":"https:\/\/franciscanos.org.br\/noticias\/#\/schema\/person\/b38fbf43118f02820bd932f2e4b14ad3"},"breadcrumb":{"@id":"https:\/\/franciscanos.org.br\/noticias\/clarissas-celebram-90-anos-do-mosteiro-da-gavea.html#breadcrumb"},"inLanguage":"pt-BR","potentialAction":[{"@type":"ReadAction","target":["https:\/\/franciscanos.org.br\/noticias\/clarissas-celebram-90-anos-do-mosteiro-da-gavea.html"]}]},{"@type":"BreadcrumbList","@id":"https:\/\/franciscanos.org.br\/noticias\/clarissas-celebram-90-anos-do-mosteiro-da-gavea.html#breadcrumb","itemListElement":[{"@type":"ListItem","position":1,"name":"Home","item":"https:\/\/franciscanos.org.br\/noticias"},{"@type":"ListItem","position":2,"name":"Clarissas encerram neste domingo jubileu do Mosteiro da G\u00e1vea"}]},{"@type":"Person","@id":"https:\/\/franciscanos.org.br\/noticias\/#\/schema\/person\/b38fbf43118f02820bd932f2e4b14ad3","name":"admin","image":{"@type":"ImageObject","inLanguage":"pt-BR","@id":"https:\/\/franciscanos.org.br\/noticias\/#\/schema\/person\/image\/","url":"https:\/\/secure.gravatar.com\/avatar\/e8495742d34d0ba6448ea1c628263b3e?s=96&d=mm&r=g","contentUrl":"https:\/\/secure.gravatar.com\/avatar\/e8495742d34d0ba6448ea1c628263b3e?s=96&d=mm&r=g","caption":"admin"},"url":"https:\/\/franciscanos.org.br\/noticias\/author\/admin"}]}},"_links":{"self":[{"href":"https:\/\/franciscanos.org.br\/noticias\/wp-json\/wp\/v2\/posts\/148168"}],"collection":[{"href":"https:\/\/franciscanos.org.br\/noticias\/wp-json\/wp\/v2\/posts"}],"about":[{"href":"https:\/\/franciscanos.org.br\/noticias\/wp-json\/wp\/v2\/types\/post"}],"author":[{"embeddable":true,"href":"https:\/\/franciscanos.org.br\/noticias\/wp-json\/wp\/v2\/users\/1"}],"replies":[{"embeddable":true,"href":"https:\/\/franciscanos.org.br\/noticias\/wp-json\/wp\/v2\/comments?post=148168"}],"version-history":[{"count":0,"href":"https:\/\/franciscanos.org.br\/noticias\/wp-json\/wp\/v2\/posts\/148168\/revisions"}],"wp:featuredmedia":[{"embeddable":true,"href":"https:\/\/franciscanos.org.br\/noticias\/wp-json\/wp\/v2\/media\/201054"}],"wp:attachment":[{"href":"https:\/\/franciscanos.org.br\/noticias\/wp-json\/wp\/v2\/media?parent=148168"}],"wp:term":[{"taxonomy":"category","embeddable":true,"href":"https:\/\/franciscanos.org.br\/noticias\/wp-json\/wp\/v2\/categories?post=148168"},{"taxonomy":"post_tag","embeddable":true,"href":"https:\/\/franciscanos.org.br\/noticias\/wp-json\/wp\/v2\/tags?post=148168"}],"curies":[{"name":"wp","href":"https:\/\/api.w.org\/{rel}","templated":true}]}}