{"id":148098,"date":"2017-12-27T14:56:47","date_gmt":"2017-12-27T16:56:47","guid":{"rendered":"http:\/\/franciscanos.org.br\/?p=148098"},"modified":"2020-06-08T15:20:37","modified_gmt":"2020-06-08T18:20:37","slug":"papa-na-audiencia-jesus-e-o-centro-contra-a-desnaturalizacao-do-natal","status":"publish","type":"post","link":"https:\/\/franciscanos.org.br\/noticias\/papa-na-audiencia-jesus-e-o-centro-contra-a-desnaturalizacao-do-natal.html","title":{"rendered":"Jesus \u00e9 o centro contra a desnaturaliza\u00e7\u00e3o do Natal"},"content":{"rendered":"<p><img loading=\"lazy\" src=\"http:\/\/franciscanos.org.br\/wp-content\/uploads\/2017\/12\/audiencia_271217.jpg\" alt=\"audiencia_271217\" width=\"820\" height=\"495\" \/><\/p>\n<p><strong>Cidade do Vaticano &#8211;<\/strong> O Papa recebeu cerca de sete mil peregrinos na Sala Paulo VI para a \u00faltima Audi\u00eancia Geral do ano de 2017. Em sua catequese, Francisco aprofundou o significado do Natal, isto \u00e9, o nascimento de Jesus. Para o Pont\u00edfice, estamos vivendo uma esp\u00e9cie de desnaturaliza\u00e7\u00e3o do Natal: em nome do falso respeito por quem n\u00e3o \u00e9 crist\u00e3o, elimina-se da festa toda refer\u00eancia ao nascimento de Jesus. \u201cSem Jesus n\u00e3o h\u00e1 Natal\u201d, recordou.<\/p>\n<p>Deus se fez homem de maneira surpreendente: nasceu de uma pobre jovem desconhecida, que d\u00e1 \u00e0 luz numa estrebaria, somente com a ajuda do marido.<\/p>\n<p>O mundo n\u00e3o se deu conta de nada, mas os anjos exultaram no C\u00e9u! E \u00e9 assim que o Filho de Deus se apresenta tamb\u00e9m hoje a n\u00f3s: como o dom de Deus para a humanidade, que est\u00e1 imergida na noite e no torpor da sonol\u00eancia.<\/p>\n<p>\u201cE ainda hoje assistimos ao fato de que com frequ\u00eancia a humanidade prefere a escurid\u00e3o, porque sabe que a luz desvelaria todas aquelas a\u00e7\u00f5es e aqueles pensamentos que nos fariam envergonhar. Assim, se prefere permanecer nas trevas e n\u00e3o reverter os pr\u00f3prios h\u00e1bitos errados\u201d.<\/p>\n<p><img loading=\"lazy\" src=\"http:\/\/franciscanos.org.br\/wp-content\/uploads\/2017\/12\/audiencia_271217_3.jpg\" alt=\"audiencia_271217_3\" width=\"820\" height=\"520\" \/><\/p>\n<p>Jesus \u00e9 um dom de Deus para n\u00f3s, que deve ser acolhido como Ele nos ensinou: tornando-nos diariamente um dom para as pessoas que cruzam nossa vida. Por isso mesmo, no Natal, trocamos presentes entre n\u00f3s. Mas, para n\u00f3s, o verdadeiro dom \u00e9 Jesus.<\/p>\n<p>E, por fim, um \u00faltimo aspecto importante: no Natal, podemos ver que a hist\u00f3ria humana, aquela movida pelos poderosos deste mundo, \u00e9 visitada pela hist\u00f3ria de Deus.<\/p>\n<p>\u201cCom os pequeninos e os desprezados, Jesus estabelece uma amizade que continua no tempo e que nutre a esperan\u00e7a por um futuro melhor\u201d. Com eles, em todos os tempos, prosseguiu Francisco, Deus quer construir um mundo novo, um mundo em que n\u00e3o existam mais pessoas rejeitadas, maltratadas e indigentes.<\/p>\n<p>\u201cQueridos irm\u00e3os e irm\u00e3s, nesses dias abramos a mente e o cora\u00e7\u00e3o para acolher esta gra\u00e7a. Jesus \u00e9 dom de Deus para n\u00f3s e, se O acolhermos, tamb\u00e9m n\u00f3s podemos nos tornar dom para os outros, antes de tudo para aqueles que jamais experimentaram aten\u00e7\u00e3o e ternura. E quantas pessoas em suas vidas nunca sentiram um carinho, uma aten\u00e7\u00e3o de amor, um gesto de ternura&#8230; O Natal nos leva a fazer isso. Assim, Jesus vem nascer na vida de cada um de n\u00f3s e, atrav\u00e9s de n\u00f3s, continua a ser dom de salva\u00e7\u00e3o para os pequeninos e os exclu\u00eddos.\u201d<\/p>\n<p>Como na semana passada, no final da Audi\u00eancia o Papa assistiu a um espet\u00e1culo circense, desta vez do Golden Circus de Liana Orfei.<\/p>\n<hr \/>\n<p><em>Fonte: Vatican News<\/em><\/p>\n","protected":false},"excerpt":{"rendered":"<p>Audiencia Geral<\/p>\n","protected":false},"author":1,"featured_media":187142,"comment_status":"open","ping_status":"open","sticky":false,"template":"","format":"standard","meta":[],"categories":[1428],"tags":[487],"acf":[],"yoast_head":"<!-- This site is optimized with the Yoast SEO plugin v19.2 - https:\/\/yoast.com\/wordpress\/plugins\/seo\/ -->\n<title>Jesus \u00e9 o centro contra a desnaturaliza\u00e7\u00e3o do Natal - Not\u00edcias - Franciscanos<\/title>\n<meta name=\"robots\" content=\"index, follow, max-snippet:-1, max-image-preview:large, max-video-preview:-1\" \/>\n<link rel=\"canonical\" href=\"https:\/\/franciscanos.org.br\/noticias\/papa-na-audiencia-jesus-e-o-centro-contra-a-desnaturalizacao-do-natal.html\" \/>\n<meta property=\"og:locale\" content=\"pt_BR\" \/>\n<meta property=\"og:type\" content=\"article\" \/>\n<meta property=\"og:title\" content=\"Jesus \u00e9 o centro contra a desnaturaliza\u00e7\u00e3o do Natal - Not\u00edcias - Franciscanos\" \/>\n<meta property=\"og:description\" content=\"Audiencia Geral\" \/>\n<meta property=\"og:url\" content=\"https:\/\/franciscanos.org.br\/noticias\/papa-na-audiencia-jesus-e-o-centro-contra-a-desnaturalizacao-do-natal.html\" \/>\n<meta property=\"og:site_name\" content=\"Not\u00edcias - Franciscanos\" \/>\n<meta property=\"article:published_time\" content=\"2017-12-27T16:56:47+00:00\" \/>\n<meta property=\"article:modified_time\" content=\"2020-06-08T18:20:37+00:00\" \/>\n<meta property=\"og:image\" content=\"https:\/\/franciscanos.org.br\/noticias\/wp-content\/uploads\/2018\/11\/audiencia_271217-1.jpg\" \/>\n\t<meta property=\"og:image:width\" content=\"820\" \/>\n\t<meta property=\"og:image:height\" content=\"495\" \/>\n\t<meta property=\"og:image:type\" content=\"image\/jpeg\" \/>\n<meta name=\"author\" content=\"admin\" \/>\n<meta name=\"twitter:card\" content=\"summary_large_image\" \/>\n<meta name=\"twitter:label1\" content=\"Escrito por\" \/>\n\t<meta name=\"twitter:data1\" content=\"admin\" \/>\n\t<meta name=\"twitter:label2\" content=\"Est. tempo de leitura\" \/>\n\t<meta name=\"twitter:data2\" content=\"2 minutos\" \/>\n<script type=\"application\/ld+json\" class=\"yoast-schema-graph\">{\"@context\":\"https:\/\/schema.org\",\"@graph\":[{\"@type\":\"WebSite\",\"@id\":\"https:\/\/franciscanos.org.br\/noticias\/#website\",\"url\":\"https:\/\/franciscanos.org.br\/noticias\/\",\"name\":\"Not\u00edcias - Franciscanos\",\"description\":\"Prov\u00edncia Franciscana da Imaculada Concei\u00e7\u00e3o do Brasil - Ordem dos Frades Menores - OFM\",\"potentialAction\":[{\"@type\":\"SearchAction\",\"target\":{\"@type\":\"EntryPoint\",\"urlTemplate\":\"https:\/\/franciscanos.org.br\/noticias\/?s={search_term_string}\"},\"query-input\":\"required name=search_term_string\"}],\"inLanguage\":\"pt-BR\"},{\"@type\":\"ImageObject\",\"inLanguage\":\"pt-BR\",\"@id\":\"https:\/\/franciscanos.org.br\/noticias\/papa-na-audiencia-jesus-e-o-centro-contra-a-desnaturalizacao-do-natal.html#primaryimage\",\"url\":\"https:\/\/franciscanos.org.br\/noticias\/wp-content\/uploads\/2018\/11\/audiencia_271217-1.jpg\",\"contentUrl\":\"https:\/\/franciscanos.org.br\/noticias\/wp-content\/uploads\/2018\/11\/audiencia_271217-1.jpg\",\"width\":820,\"height\":495},{\"@type\":\"WebPage\",\"@id\":\"https:\/\/franciscanos.org.br\/noticias\/papa-na-audiencia-jesus-e-o-centro-contra-a-desnaturalizacao-do-natal.html#webpage\",\"url\":\"https:\/\/franciscanos.org.br\/noticias\/papa-na-audiencia-jesus-e-o-centro-contra-a-desnaturalizacao-do-natal.html\",\"name\":\"Jesus \u00e9 o centro contra a desnaturaliza\u00e7\u00e3o do Natal - Not\u00edcias - Franciscanos\",\"isPartOf\":{\"@id\":\"https:\/\/franciscanos.org.br\/noticias\/#website\"},\"primaryImageOfPage\":{\"@id\":\"https:\/\/franciscanos.org.br\/noticias\/papa-na-audiencia-jesus-e-o-centro-contra-a-desnaturalizacao-do-natal.html#primaryimage\"},\"datePublished\":\"2017-12-27T16:56:47+00:00\",\"dateModified\":\"2020-06-08T18:20:37+00:00\",\"author\":{\"@id\":\"https:\/\/franciscanos.org.br\/noticias\/#\/schema\/person\/b38fbf43118f02820bd932f2e4b14ad3\"},\"breadcrumb\":{\"@id\":\"https:\/\/franciscanos.org.br\/noticias\/papa-na-audiencia-jesus-e-o-centro-contra-a-desnaturalizacao-do-natal.html#breadcrumb\"},\"inLanguage\":\"pt-BR\",\"potentialAction\":[{\"@type\":\"ReadAction\",\"target\":[\"https:\/\/franciscanos.org.br\/noticias\/papa-na-audiencia-jesus-e-o-centro-contra-a-desnaturalizacao-do-natal.html\"]}]},{\"@type\":\"BreadcrumbList\",\"@id\":\"https:\/\/franciscanos.org.br\/noticias\/papa-na-audiencia-jesus-e-o-centro-contra-a-desnaturalizacao-do-natal.html#breadcrumb\",\"itemListElement\":[{\"@type\":\"ListItem\",\"position\":1,\"name\":\"Home\",\"item\":\"https:\/\/franciscanos.org.br\/noticias\"},{\"@type\":\"ListItem\",\"position\":2,\"name\":\"Jesus \u00e9 o centro contra a desnaturaliza\u00e7\u00e3o do Natal\"}]},{\"@type\":\"Person\",\"@id\":\"https:\/\/franciscanos.org.br\/noticias\/#\/schema\/person\/b38fbf43118f02820bd932f2e4b14ad3\",\"name\":\"admin\",\"image\":{\"@type\":\"ImageObject\",\"inLanguage\":\"pt-BR\",\"@id\":\"https:\/\/franciscanos.org.br\/noticias\/#\/schema\/person\/image\/\",\"url\":\"https:\/\/secure.gravatar.com\/avatar\/e8495742d34d0ba6448ea1c628263b3e?s=96&d=mm&r=g\",\"contentUrl\":\"https:\/\/secure.gravatar.com\/avatar\/e8495742d34d0ba6448ea1c628263b3e?s=96&d=mm&r=g\",\"caption\":\"admin\"},\"url\":\"https:\/\/franciscanos.org.br\/noticias\/author\/admin\"}]}<\/script>\n<!-- \/ Yoast SEO plugin. -->","yoast_head_json":{"title":"Jesus \u00e9 o centro contra a desnaturaliza\u00e7\u00e3o do Natal - Not\u00edcias - Franciscanos","robots":{"index":"index","follow":"follow","max-snippet":"max-snippet:-1","max-image-preview":"max-image-preview:large","max-video-preview":"max-video-preview:-1"},"canonical":"https:\/\/franciscanos.org.br\/noticias\/papa-na-audiencia-jesus-e-o-centro-contra-a-desnaturalizacao-do-natal.html","og_locale":"pt_BR","og_type":"article","og_title":"Jesus \u00e9 o centro contra a desnaturaliza\u00e7\u00e3o do Natal - Not\u00edcias - Franciscanos","og_description":"Audiencia Geral","og_url":"https:\/\/franciscanos.org.br\/noticias\/papa-na-audiencia-jesus-e-o-centro-contra-a-desnaturalizacao-do-natal.html","og_site_name":"Not\u00edcias - Franciscanos","article_published_time":"2017-12-27T16:56:47+00:00","article_modified_time":"2020-06-08T18:20:37+00:00","og_image":[{"width":820,"height":495,"url":"https:\/\/franciscanos.org.br\/noticias\/wp-content\/uploads\/2018\/11\/audiencia_271217-1.jpg","type":"image\/jpeg"}],"author":"admin","twitter_card":"summary_large_image","twitter_misc":{"Escrito por":"admin","Est. tempo de leitura":"2 minutos"},"schema":{"@context":"https:\/\/schema.org","@graph":[{"@type":"WebSite","@id":"https:\/\/franciscanos.org.br\/noticias\/#website","url":"https:\/\/franciscanos.org.br\/noticias\/","name":"Not\u00edcias - Franciscanos","description":"Prov\u00edncia Franciscana da Imaculada Concei\u00e7\u00e3o do Brasil - Ordem dos Frades Menores - OFM","potentialAction":[{"@type":"SearchAction","target":{"@type":"EntryPoint","urlTemplate":"https:\/\/franciscanos.org.br\/noticias\/?s={search_term_string}"},"query-input":"required name=search_term_string"}],"inLanguage":"pt-BR"},{"@type":"ImageObject","inLanguage":"pt-BR","@id":"https:\/\/franciscanos.org.br\/noticias\/papa-na-audiencia-jesus-e-o-centro-contra-a-desnaturalizacao-do-natal.html#primaryimage","url":"https:\/\/franciscanos.org.br\/noticias\/wp-content\/uploads\/2018\/11\/audiencia_271217-1.jpg","contentUrl":"https:\/\/franciscanos.org.br\/noticias\/wp-content\/uploads\/2018\/11\/audiencia_271217-1.jpg","width":820,"height":495},{"@type":"WebPage","@id":"https:\/\/franciscanos.org.br\/noticias\/papa-na-audiencia-jesus-e-o-centro-contra-a-desnaturalizacao-do-natal.html#webpage","url":"https:\/\/franciscanos.org.br\/noticias\/papa-na-audiencia-jesus-e-o-centro-contra-a-desnaturalizacao-do-natal.html","name":"Jesus \u00e9 o centro contra a desnaturaliza\u00e7\u00e3o do Natal - Not\u00edcias - Franciscanos","isPartOf":{"@id":"https:\/\/franciscanos.org.br\/noticias\/#website"},"primaryImageOfPage":{"@id":"https:\/\/franciscanos.org.br\/noticias\/papa-na-audiencia-jesus-e-o-centro-contra-a-desnaturalizacao-do-natal.html#primaryimage"},"datePublished":"2017-12-27T16:56:47+00:00","dateModified":"2020-06-08T18:20:37+00:00","author":{"@id":"https:\/\/franciscanos.org.br\/noticias\/#\/schema\/person\/b38fbf43118f02820bd932f2e4b14ad3"},"breadcrumb":{"@id":"https:\/\/franciscanos.org.br\/noticias\/papa-na-audiencia-jesus-e-o-centro-contra-a-desnaturalizacao-do-natal.html#breadcrumb"},"inLanguage":"pt-BR","potentialAction":[{"@type":"ReadAction","target":["https:\/\/franciscanos.org.br\/noticias\/papa-na-audiencia-jesus-e-o-centro-contra-a-desnaturalizacao-do-natal.html"]}]},{"@type":"BreadcrumbList","@id":"https:\/\/franciscanos.org.br\/noticias\/papa-na-audiencia-jesus-e-o-centro-contra-a-desnaturalizacao-do-natal.html#breadcrumb","itemListElement":[{"@type":"ListItem","position":1,"name":"Home","item":"https:\/\/franciscanos.org.br\/noticias"},{"@type":"ListItem","position":2,"name":"Jesus \u00e9 o centro contra a desnaturaliza\u00e7\u00e3o do Natal"}]},{"@type":"Person","@id":"https:\/\/franciscanos.org.br\/noticias\/#\/schema\/person\/b38fbf43118f02820bd932f2e4b14ad3","name":"admin","image":{"@type":"ImageObject","inLanguage":"pt-BR","@id":"https:\/\/franciscanos.org.br\/noticias\/#\/schema\/person\/image\/","url":"https:\/\/secure.gravatar.com\/avatar\/e8495742d34d0ba6448ea1c628263b3e?s=96&d=mm&r=g","contentUrl":"https:\/\/secure.gravatar.com\/avatar\/e8495742d34d0ba6448ea1c628263b3e?s=96&d=mm&r=g","caption":"admin"},"url":"https:\/\/franciscanos.org.br\/noticias\/author\/admin"}]}},"_links":{"self":[{"href":"https:\/\/franciscanos.org.br\/noticias\/wp-json\/wp\/v2\/posts\/148098"}],"collection":[{"href":"https:\/\/franciscanos.org.br\/noticias\/wp-json\/wp\/v2\/posts"}],"about":[{"href":"https:\/\/franciscanos.org.br\/noticias\/wp-json\/wp\/v2\/types\/post"}],"author":[{"embeddable":true,"href":"https:\/\/franciscanos.org.br\/noticias\/wp-json\/wp\/v2\/users\/1"}],"replies":[{"embeddable":true,"href":"https:\/\/franciscanos.org.br\/noticias\/wp-json\/wp\/v2\/comments?post=148098"}],"version-history":[{"count":1,"href":"https:\/\/franciscanos.org.br\/noticias\/wp-json\/wp\/v2\/posts\/148098\/revisions"}],"predecessor-version":[{"id":225145,"href":"https:\/\/franciscanos.org.br\/noticias\/wp-json\/wp\/v2\/posts\/148098\/revisions\/225145"}],"wp:featuredmedia":[{"embeddable":true,"href":"https:\/\/franciscanos.org.br\/noticias\/wp-json\/wp\/v2\/media\/187142"}],"wp:attachment":[{"href":"https:\/\/franciscanos.org.br\/noticias\/wp-json\/wp\/v2\/media?parent=148098"}],"wp:term":[{"taxonomy":"category","embeddable":true,"href":"https:\/\/franciscanos.org.br\/noticias\/wp-json\/wp\/v2\/categories?post=148098"},{"taxonomy":"post_tag","embeddable":true,"href":"https:\/\/franciscanos.org.br\/noticias\/wp-json\/wp\/v2\/tags?post=148098"}],"curies":[{"name":"wp","href":"https:\/\/api.w.org\/{rel}","templated":true}]}}