{"id":148089,"date":"2017-12-27T06:37:51","date_gmt":"2017-12-27T08:37:51","guid":{"rendered":"http:\/\/franciscanos.org.br\/?p=148089"},"modified":"2020-06-08T15:22:05","modified_gmt":"2020-06-08T18:22:05","slug":"a-mensagem-de-jesus-e-desconfortavel-e-nos-incomoda","status":"publish","type":"post","link":"https:\/\/franciscanos.org.br\/noticias\/a-mensagem-de-jesus-e-desconfortavel-e-nos-incomoda.html","title":{"rendered":"A mensagem de Jesus \u00e9 desconfort\u00e1vel e incomoda"},"content":{"rendered":"<p><img loading=\"lazy\" src=\"http:\/\/franciscanos.org.br\/wp-content\/uploads\/2017\/12\/papa_271217.jpg\" alt=\"papa_271217\" width=\"820\" height=\"440\" \/><\/p>\n<p><strong>Cidade do Vaticano<\/strong> &#8211; O Papa Francisco convida os crist\u00e3os a \u201cacolherem Jesus como Senhor da nossa vida e a nos tornarmos suas corajosas testemunhas, prontas a pagar pessoalmente o pre\u00e7o da fidelidade ao Evangelho\u201d. O Santo Padre rezou ao meio-dia desta ter\u00e7a-feira, 26 de dezembro a ora\u00e7\u00e3o mariana do Angelus com os fi\u00e9is reunidos na Pra\u00e7a S\u00e3o Pedro. Depois de ter celebrado o nascimento de Jesus sobre a terra, hoje \u2013 recordou o Santo Padre \u2013 celebramos o nascimento ao c\u00e9u de Santo Est\u00eav\u00e3o, o primeiro m\u00e1rtir.<\/p>\n<p>O Pont\u00edfice destacou no in\u00edcio da sua alocu\u00e7\u00e3o proferida da janela dos aposentos Pontif\u00edcios que a primeira vista poderia parecer que entre as duas recorr\u00eancias n\u00e3o exista uma liga\u00e7\u00e3o, na realidade existe, e \u00e9 muito forte.<\/p>\n<p>Recordando que na liturgia de Natal ouvimos a proclama\u00e7\u00e3o \u201cO Verbo se fez carne e veio habitar entre n\u00f3s\u201d, Santo Est\u00eav\u00e3o \u2013 continuou o Papa \u2013, colocou os l\u00edderes do seu povo em crise, porque \u201ccheio de f\u00e9 e do Esp\u00edrito Santo\u201d, ele firmemente acreditava e professava a presen\u00e7a nova de Deus entre os homens; ele sabia que o verdadeiro templo de Deus \u00e9 agora Jesus, Verbo eterno que veio morar entre n\u00f3s, que se fez em tudo como n\u00f3s, exceto no pecado. Mas Est\u00eav\u00e3o \u00e9 acusado de pregar a destrui\u00e7\u00e3o do templo de Jerusal\u00e9m. A acusa\u00e7\u00e3o que fazem contra ele \u00e9 de ter afirmado que \u201cJesus, este Nazareno, destruir\u00e1 este lugar e mudar os costumes que Mois\u00e9s nos transmitiu\u201d.<\/p>\n<p>\u201c Na verdade, a mensagem de Jesus \u00e9 desconfort\u00e1vel e nos incomoda, porque desafia o poder religioso mundano e provoca as consci\u00eancias. \u201d<\/p>\n<p>&#8220;Ap\u00f3s a sua vinda, \u00e9 necess\u00e1rio converter-se, mudar a mentalidade, renunciar a pensar como antes\u201d.\u00a0Estev\u00e3o \u2013 disse o Papa \u2013 esteve ancorado \u00e0 mensagem de Jesus at\u00e9 sua morte. Suas \u00faltimas palavras: \u201cSenhor Jesus, acolhe o meu esp\u00edrito\u201d e \u201cSenhor, n\u00e3o lhes atribua esse pecado\u201d, s\u00e3o o eco fiel daquelas pronunciadas por Jesus na cruz: \u201cPai, nas Tuas m\u00e3os entrego o meu esp\u00edrito\u201d e \u201cPai, perdoa-lhes porque n\u00e3o sabem o que fazem\u201d. As palavras de Est\u00eav\u00e3o s\u00f3 foram poss\u00edveis porque o Filho de Deus veio sobre a terra, morreu e ressuscitou por n\u00f3s; antes desses eventos eram express\u00f5es humanamente impens\u00e1veis.<\/p>\n<p><strong>Jesus \u00e9 nosso mediador<\/strong><\/p>\n<p>\u201c Cristo ressuscitado, de fato, \u00e9 o Senhor, e \u00e9 o \u00fanico mediador entre Deus e os homens, n\u00e3o s\u00f3 na hora da nossa morte, mas tamb\u00e9m em cada momento da vida: sem Ele n\u00e3o podemos fazer nada\u201d. Portanto, &#8211; continuou o Papa \u2013 n\u00f3s tamb\u00e9m, diante do Menino Jesus no pres\u00e9pio, podemos rezar a ele assim: \u201cSenhor Jesus, a Ti confiamos nosso esp\u00edrito, acolha-o, para que a nossa exist\u00eancia seja, de fato, uma vida boa de acordo com o Evangelho\u201d.<\/p>\n<p>Jesus \u00e9 nosso mediador e reconcilia-nos n\u00e3o s\u00f3 com o Pai, mas tamb\u00e9m entre n\u00f3s. Ele \u00e9 a fonte do amor, que nos abre \u00e0 comunh\u00e3o com nossos irm\u00e3os, eliminando todo conflito e ressentimento.<\/p>\n<p>Pe\u00e7amos a Jesus, &#8211; acrescentou o Pont\u00edfice, nascido por n\u00f3s, que nos ajude a assumir essa dupla atitude de confian\u00e7a no Pai e de amor pelo pr\u00f3ximo; \u00e9 uma atitude que transforma a vida e a torna mais bonita e frut\u00edfera.<\/p>\n<p>Na conclus\u00e3o de suas palavras uma s\u00faplica a Nossa Senhora: \u201c A Maria, M\u00e3e do Redentor e Rainha dos m\u00e1rtires, elevamos com confian\u00e7a a nossa ora\u00e7\u00e3o, para que nos ajude a acolher Jesus como o Senhor da nossa vida e a nos tornarmos suas corajosas testemunhas, prontas a pagar pessoalmente o pre\u00e7o da fidelidade ao Evangelho. \u201d<\/p>\n<p>Ap\u00f3s o Angelus o Papa \u2013 no clima de alegria crist\u00e3, que emana do Nata de Jesus \u2013 saudou os fi\u00e9is agradecendo a presen\u00e7a deles. \u201cA todos voc\u00eas, que vieram da It\u00e1lia e de diversos pa\u00edses, renovo o meu desejo de paz e serenidade: sejam estes, para voc\u00eas e suas fam\u00edlias, dias em que voc\u00eas possam desfrutar da beleza de estarem juntos sentindo que Jesus est\u00e1 no meio de n\u00f3s\u201d.<\/p>\n<p>Uma sauda\u00e7\u00e3o especial ainda aos fi\u00e9is da Peregrina\u00e7\u00e3o nacional ucraniana: aben\u00e7oo todos voc\u00eas e seu pa\u00eds, disse o Papa.<\/p>\n<p>Francisco recordou que nas \u00faltimas semanas recebeu muitas mensagens de felicita\u00e7\u00f5es. N\u00e3o sedo poss\u00edvel responder a cada uma, expresso hoje meus sinceros agradecimentos a todos, especialmente pelo presente da ora\u00e7\u00e3o. Muito obrigado! Que o Senhor os recompense com sua generosidade!<\/p>\n<p>Boas festas, finalizou o Papa, pedindo para que n\u00e3o se esque\u00e7am de rezar por ele, acrescentando o tradicional, bom almo\u00e7o.<\/p>\n<hr \/>\n<p><em>Fonte: Vatican News<\/em><\/p>\n","protected":false},"excerpt":{"rendered":"<p>Angelus<\/p>\n","protected":false},"author":1,"featured_media":220447,"comment_status":"open","ping_status":"open","sticky":false,"template":"","format":"standard","meta":[],"categories":[1428],"tags":[403],"acf":[],"yoast_head":"<!-- This site is optimized with the Yoast SEO plugin v19.2 - https:\/\/yoast.com\/wordpress\/plugins\/seo\/ -->\n<title>A mensagem de Jesus \u00e9 desconfort\u00e1vel e incomoda - Not\u00edcias - Franciscanos<\/title>\n<meta name=\"robots\" content=\"index, follow, max-snippet:-1, max-image-preview:large, max-video-preview:-1\" \/>\n<link rel=\"canonical\" href=\"https:\/\/franciscanos.org.br\/noticias\/a-mensagem-de-jesus-e-desconfortavel-e-nos-incomoda.html\" \/>\n<meta property=\"og:locale\" content=\"pt_BR\" \/>\n<meta property=\"og:type\" content=\"article\" \/>\n<meta property=\"og:title\" content=\"A mensagem de Jesus \u00e9 desconfort\u00e1vel e incomoda - Not\u00edcias - Franciscanos\" \/>\n<meta property=\"og:description\" content=\"Angelus\" \/>\n<meta property=\"og:url\" content=\"https:\/\/franciscanos.org.br\/noticias\/a-mensagem-de-jesus-e-desconfortavel-e-nos-incomoda.html\" \/>\n<meta property=\"og:site_name\" content=\"Not\u00edcias - Franciscanos\" \/>\n<meta property=\"article:published_time\" content=\"2017-12-27T08:37:51+00:00\" \/>\n<meta property=\"article:modified_time\" content=\"2020-06-08T18:22:05+00:00\" \/>\n<meta property=\"og:image\" content=\"https:\/\/franciscanos.org.br\/noticias\/wp-content\/uploads\/2017\/12\/papa_271217.jpg\" \/>\n\t<meta property=\"og:image:width\" content=\"273\" \/>\n\t<meta property=\"og:image:height\" content=\"172\" \/>\n\t<meta property=\"og:image:type\" content=\"image\/jpeg\" \/>\n<meta name=\"author\" content=\"admin\" \/>\n<meta name=\"twitter:card\" content=\"summary_large_image\" \/>\n<meta name=\"twitter:label1\" content=\"Escrito por\" \/>\n\t<meta name=\"twitter:data1\" content=\"admin\" \/>\n\t<meta name=\"twitter:label2\" content=\"Est. tempo de leitura\" \/>\n\t<meta name=\"twitter:data2\" content=\"4 minutos\" \/>\n<script type=\"application\/ld+json\" class=\"yoast-schema-graph\">{\"@context\":\"https:\/\/schema.org\",\"@graph\":[{\"@type\":\"WebSite\",\"@id\":\"https:\/\/franciscanos.org.br\/noticias\/#website\",\"url\":\"https:\/\/franciscanos.org.br\/noticias\/\",\"name\":\"Not\u00edcias - Franciscanos\",\"description\":\"Prov\u00edncia Franciscana da Imaculada Concei\u00e7\u00e3o do Brasil - Ordem dos Frades Menores - OFM\",\"potentialAction\":[{\"@type\":\"SearchAction\",\"target\":{\"@type\":\"EntryPoint\",\"urlTemplate\":\"https:\/\/franciscanos.org.br\/noticias\/?s={search_term_string}\"},\"query-input\":\"required name=search_term_string\"}],\"inLanguage\":\"pt-BR\"},{\"@type\":\"ImageObject\",\"inLanguage\":\"pt-BR\",\"@id\":\"https:\/\/franciscanos.org.br\/noticias\/a-mensagem-de-jesus-e-desconfortavel-e-nos-incomoda.html#primaryimage\",\"url\":\"https:\/\/franciscanos.org.br\/noticias\/wp-content\/uploads\/2017\/12\/papa_271217.jpg\",\"contentUrl\":\"https:\/\/franciscanos.org.br\/noticias\/wp-content\/uploads\/2017\/12\/papa_271217.jpg\",\"width\":273,\"height\":172},{\"@type\":\"WebPage\",\"@id\":\"https:\/\/franciscanos.org.br\/noticias\/a-mensagem-de-jesus-e-desconfortavel-e-nos-incomoda.html#webpage\",\"url\":\"https:\/\/franciscanos.org.br\/noticias\/a-mensagem-de-jesus-e-desconfortavel-e-nos-incomoda.html\",\"name\":\"A mensagem de Jesus \u00e9 desconfort\u00e1vel e incomoda - Not\u00edcias - Franciscanos\",\"isPartOf\":{\"@id\":\"https:\/\/franciscanos.org.br\/noticias\/#website\"},\"primaryImageOfPage\":{\"@id\":\"https:\/\/franciscanos.org.br\/noticias\/a-mensagem-de-jesus-e-desconfortavel-e-nos-incomoda.html#primaryimage\"},\"datePublished\":\"2017-12-27T08:37:51+00:00\",\"dateModified\":\"2020-06-08T18:22:05+00:00\",\"author\":{\"@id\":\"https:\/\/franciscanos.org.br\/noticias\/#\/schema\/person\/b38fbf43118f02820bd932f2e4b14ad3\"},\"breadcrumb\":{\"@id\":\"https:\/\/franciscanos.org.br\/noticias\/a-mensagem-de-jesus-e-desconfortavel-e-nos-incomoda.html#breadcrumb\"},\"inLanguage\":\"pt-BR\",\"potentialAction\":[{\"@type\":\"ReadAction\",\"target\":[\"https:\/\/franciscanos.org.br\/noticias\/a-mensagem-de-jesus-e-desconfortavel-e-nos-incomoda.html\"]}]},{\"@type\":\"BreadcrumbList\",\"@id\":\"https:\/\/franciscanos.org.br\/noticias\/a-mensagem-de-jesus-e-desconfortavel-e-nos-incomoda.html#breadcrumb\",\"itemListElement\":[{\"@type\":\"ListItem\",\"position\":1,\"name\":\"Home\",\"item\":\"https:\/\/franciscanos.org.br\/noticias\"},{\"@type\":\"ListItem\",\"position\":2,\"name\":\"A mensagem de Jesus \u00e9 desconfort\u00e1vel e incomoda\"}]},{\"@type\":\"Person\",\"@id\":\"https:\/\/franciscanos.org.br\/noticias\/#\/schema\/person\/b38fbf43118f02820bd932f2e4b14ad3\",\"name\":\"admin\",\"image\":{\"@type\":\"ImageObject\",\"inLanguage\":\"pt-BR\",\"@id\":\"https:\/\/franciscanos.org.br\/noticias\/#\/schema\/person\/image\/\",\"url\":\"https:\/\/secure.gravatar.com\/avatar\/e8495742d34d0ba6448ea1c628263b3e?s=96&d=mm&r=g\",\"contentUrl\":\"https:\/\/secure.gravatar.com\/avatar\/e8495742d34d0ba6448ea1c628263b3e?s=96&d=mm&r=g\",\"caption\":\"admin\"},\"url\":\"https:\/\/franciscanos.org.br\/noticias\/author\/admin\"}]}<\/script>\n<!-- \/ Yoast SEO plugin. -->","yoast_head_json":{"title":"A mensagem de Jesus \u00e9 desconfort\u00e1vel e incomoda - Not\u00edcias - Franciscanos","robots":{"index":"index","follow":"follow","max-snippet":"max-snippet:-1","max-image-preview":"max-image-preview:large","max-video-preview":"max-video-preview:-1"},"canonical":"https:\/\/franciscanos.org.br\/noticias\/a-mensagem-de-jesus-e-desconfortavel-e-nos-incomoda.html","og_locale":"pt_BR","og_type":"article","og_title":"A mensagem de Jesus \u00e9 desconfort\u00e1vel e incomoda - Not\u00edcias - Franciscanos","og_description":"Angelus","og_url":"https:\/\/franciscanos.org.br\/noticias\/a-mensagem-de-jesus-e-desconfortavel-e-nos-incomoda.html","og_site_name":"Not\u00edcias - Franciscanos","article_published_time":"2017-12-27T08:37:51+00:00","article_modified_time":"2020-06-08T18:22:05+00:00","og_image":[{"width":273,"height":172,"url":"https:\/\/franciscanos.org.br\/noticias\/wp-content\/uploads\/2017\/12\/papa_271217.jpg","type":"image\/jpeg"}],"author":"admin","twitter_card":"summary_large_image","twitter_misc":{"Escrito por":"admin","Est. tempo de leitura":"4 minutos"},"schema":{"@context":"https:\/\/schema.org","@graph":[{"@type":"WebSite","@id":"https:\/\/franciscanos.org.br\/noticias\/#website","url":"https:\/\/franciscanos.org.br\/noticias\/","name":"Not\u00edcias - Franciscanos","description":"Prov\u00edncia Franciscana da Imaculada Concei\u00e7\u00e3o do Brasil - Ordem dos Frades Menores - OFM","potentialAction":[{"@type":"SearchAction","target":{"@type":"EntryPoint","urlTemplate":"https:\/\/franciscanos.org.br\/noticias\/?s={search_term_string}"},"query-input":"required name=search_term_string"}],"inLanguage":"pt-BR"},{"@type":"ImageObject","inLanguage":"pt-BR","@id":"https:\/\/franciscanos.org.br\/noticias\/a-mensagem-de-jesus-e-desconfortavel-e-nos-incomoda.html#primaryimage","url":"https:\/\/franciscanos.org.br\/noticias\/wp-content\/uploads\/2017\/12\/papa_271217.jpg","contentUrl":"https:\/\/franciscanos.org.br\/noticias\/wp-content\/uploads\/2017\/12\/papa_271217.jpg","width":273,"height":172},{"@type":"WebPage","@id":"https:\/\/franciscanos.org.br\/noticias\/a-mensagem-de-jesus-e-desconfortavel-e-nos-incomoda.html#webpage","url":"https:\/\/franciscanos.org.br\/noticias\/a-mensagem-de-jesus-e-desconfortavel-e-nos-incomoda.html","name":"A mensagem de Jesus \u00e9 desconfort\u00e1vel e incomoda - Not\u00edcias - Franciscanos","isPartOf":{"@id":"https:\/\/franciscanos.org.br\/noticias\/#website"},"primaryImageOfPage":{"@id":"https:\/\/franciscanos.org.br\/noticias\/a-mensagem-de-jesus-e-desconfortavel-e-nos-incomoda.html#primaryimage"},"datePublished":"2017-12-27T08:37:51+00:00","dateModified":"2020-06-08T18:22:05+00:00","author":{"@id":"https:\/\/franciscanos.org.br\/noticias\/#\/schema\/person\/b38fbf43118f02820bd932f2e4b14ad3"},"breadcrumb":{"@id":"https:\/\/franciscanos.org.br\/noticias\/a-mensagem-de-jesus-e-desconfortavel-e-nos-incomoda.html#breadcrumb"},"inLanguage":"pt-BR","potentialAction":[{"@type":"ReadAction","target":["https:\/\/franciscanos.org.br\/noticias\/a-mensagem-de-jesus-e-desconfortavel-e-nos-incomoda.html"]}]},{"@type":"BreadcrumbList","@id":"https:\/\/franciscanos.org.br\/noticias\/a-mensagem-de-jesus-e-desconfortavel-e-nos-incomoda.html#breadcrumb","itemListElement":[{"@type":"ListItem","position":1,"name":"Home","item":"https:\/\/franciscanos.org.br\/noticias"},{"@type":"ListItem","position":2,"name":"A mensagem de Jesus \u00e9 desconfort\u00e1vel e incomoda"}]},{"@type":"Person","@id":"https:\/\/franciscanos.org.br\/noticias\/#\/schema\/person\/b38fbf43118f02820bd932f2e4b14ad3","name":"admin","image":{"@type":"ImageObject","inLanguage":"pt-BR","@id":"https:\/\/franciscanos.org.br\/noticias\/#\/schema\/person\/image\/","url":"https:\/\/secure.gravatar.com\/avatar\/e8495742d34d0ba6448ea1c628263b3e?s=96&d=mm&r=g","contentUrl":"https:\/\/secure.gravatar.com\/avatar\/e8495742d34d0ba6448ea1c628263b3e?s=96&d=mm&r=g","caption":"admin"},"url":"https:\/\/franciscanos.org.br\/noticias\/author\/admin"}]}},"_links":{"self":[{"href":"https:\/\/franciscanos.org.br\/noticias\/wp-json\/wp\/v2\/posts\/148089"}],"collection":[{"href":"https:\/\/franciscanos.org.br\/noticias\/wp-json\/wp\/v2\/posts"}],"about":[{"href":"https:\/\/franciscanos.org.br\/noticias\/wp-json\/wp\/v2\/types\/post"}],"author":[{"embeddable":true,"href":"https:\/\/franciscanos.org.br\/noticias\/wp-json\/wp\/v2\/users\/1"}],"replies":[{"embeddable":true,"href":"https:\/\/franciscanos.org.br\/noticias\/wp-json\/wp\/v2\/comments?post=148089"}],"version-history":[{"count":1,"href":"https:\/\/franciscanos.org.br\/noticias\/wp-json\/wp\/v2\/posts\/148089\/revisions"}],"predecessor-version":[{"id":225146,"href":"https:\/\/franciscanos.org.br\/noticias\/wp-json\/wp\/v2\/posts\/148089\/revisions\/225146"}],"wp:featuredmedia":[{"embeddable":true,"href":"https:\/\/franciscanos.org.br\/noticias\/wp-json\/wp\/v2\/media\/220447"}],"wp:attachment":[{"href":"https:\/\/franciscanos.org.br\/noticias\/wp-json\/wp\/v2\/media?parent=148089"}],"wp:term":[{"taxonomy":"category","embeddable":true,"href":"https:\/\/franciscanos.org.br\/noticias\/wp-json\/wp\/v2\/categories?post=148089"},{"taxonomy":"post_tag","embeddable":true,"href":"https:\/\/franciscanos.org.br\/noticias\/wp-json\/wp\/v2\/tags?post=148089"}],"curies":[{"name":"wp","href":"https:\/\/api.w.org\/{rel}","templated":true}]}}