{"id":148071,"date":"2017-12-25T13:36:41","date_gmt":"2017-12-25T15:36:41","guid":{"rendered":"http:\/\/franciscanos.org.br\/?p=148071"},"modified":"2020-06-08T15:24:02","modified_gmt":"2020-06-08T18:24:02","slug":"papa-jesus-esta-nas-criancas-de-todo-o-mundo","status":"publish","type":"post","link":"https:\/\/franciscanos.org.br\/noticias\/papa-jesus-esta-nas-criancas-de-todo-o-mundo.html","title":{"rendered":"Papa: &#8220;Jesus est\u00e1 nas crian\u00e7as de todo o mundo&#8221;"},"content":{"rendered":"<p><img loading=\"lazy\" src=\"http:\/\/franciscanos.org.br\/wp-content\/uploads\/2017\/12\/urbi1_251217.jpg\" alt=\"urbi1_251217\" width=\"830\" height=\"437\" \/><\/p>\n<p>Dia de Natal, tradi\u00e7\u00e3o mantida no Vaticano: da sacada central da Bas\u00edlica de S\u00e3o Pedro, o Papa Francisco pronunciou na manh\u00e3 desta segunda-feira (25\/12) a sua mensagem de Natal e concedeu \u00e0 cidade e ao mundo a b\u00ean\u00e7\u00e3o Urbi et Orbi.<\/p>\n<p>A seu lado, os Cardeais Leonardo Sandri, Prefeito da Congrega\u00e7\u00e3o para as Igrejas Orientais, e Prosper Grech, O.S.A., Consultor da Congrega\u00e7\u00e3o para a Doutrina da F\u00e9, que proferiram a f\u00f3rmula da indulg\u00eancia plen\u00e1ria com as condi\u00e7\u00f5es definidas pelo direito can\u00f4nico.<\/p>\n<p>\u201cJesus nasceu por um dom de amor de Deus Pai, que \u2018tanto amou o mundo, que lhe entregou o seu Filho Unig\u00eanito\u2019 e isto nos enche de como\u00e7\u00e3o porque \u00e9 demasiado grande a ternura do nosso Pai\u201d, iniciou o Papa dirigindo-se \u00e0 multid\u00e3o que desde as primeiras horas da manh\u00e3 tomou a Pra\u00e7a S\u00e3o Pedro.<\/p>\n<p>\u201cHoje, enquanto sopram no mundo ventos de guerra e um modelo de progresso j\u00e1 ultrapassado continua a produzir degrada\u00e7\u00e3o humana, social e ambiental, o Natal lembra-nos o sinal do Menino, convidando-nos a reconhec\u00ea-Lo no rosto das crian\u00e7as, especialmente daquelas para as quais, como aconteceu a Jesus, \u2018n\u00e3o h\u00e1 lugar na hospedaria\u2019\u201d.<\/p>\n<p><strong>Reconhecer Jesus na realidade de hoje: Oriente M\u00e9dio, \u00c1sia e \u00c1frica<\/strong><\/p>\n<p><img loading=\"lazy\" src=\"http:\/\/franciscanos.org.br\/wp-content\/uploads\/2017\/12\/urbi3_251217.jpg\" alt=\"urbi3_251217\" width=\"830\" height=\"441\" \/><\/p>\n<p>O Papa listou uma s\u00e9rie de situa\u00e7\u00f5es da atualidade em que podemos identificar Jesus:<\/p>\n<p>\u201cVemos Jesus nas crian\u00e7as do Oriente M\u00e9dio, que continuam a sofrer pelo agravamento das tens\u00f5es entre israelenses e palestinos\u201d; disse, pedindo ora\u00e7\u00f5es pelo di\u00e1logo que conduza \u00e0 coexist\u00eancia pac\u00edfica de dois Estados dentro de fronteiras mutuamente concordadas e internacionalmente reconhecidas.<\/p>\n<p>\u201cVemos Jesus no rosto das crian\u00e7as s\u00edrias, ainda feridas pela guerra que ensanguentou o pa\u00eds nestes anos; nas crian\u00e7as do Iraque, ainda contuso e dividido pelas hostilidades que o afetaram nos \u00faltimos quinze anos; e nas crian\u00e7as do I\u00eamen, onde perdura um conflito em grande parte esquecido, mas com profundas implica\u00e7\u00f5es humanit\u00e1rias sobre a popula\u00e7\u00e3o que padece a fome e a propaga\u00e7\u00e3o de doen\u00e7as\u201d.<\/p>\n<p>\u201cVemos Jesus nas crian\u00e7as da \u00c1frica, sobretudo nas que sofrem no Sud\u00e3o do Sul, na Som\u00e1lia, no Burundi, na Rep\u00fablica Democr\u00e1tica do Congo, na Rep\u00fablica Centro-Africana e na Nig\u00e9ria. Vemos Jesus nas crian\u00e7as de todo o mundo, onde a paz e a seguran\u00e7a se encontram amea\u00e7adas pelo perigo de tens\u00f5es e novos conflitos\u201d.<\/p>\n<p><img loading=\"lazy\" src=\"http:\/\/franciscanos.org.br\/wp-content\/uploads\/2017\/12\/urbi2_251217.jpg\" alt=\"urbi2_251217\" width=\"830\" height=\"472\" \/><\/p>\n<p>Foram tamb\u00e9m mencionadas as situa\u00e7\u00f5es conflituosas na pen\u00ednsula coreana, na Venezuela, e as viol\u00eancias na Ucr\u00e2nia. E as crian\u00e7as v\u00edtimas de realidades sociais dif\u00edceis:<\/p>\n<p>\u201cVemos Jesus nas crian\u00e7as cujos pais n\u00e3o t\u00eam emprego e naquelas cuja inf\u00e2ncia foi roubada, obrigadas a trabalhar desde tenra idade ou alistadas como soldados por mercen\u00e1rios sem escr\u00fapulos; vemos Jesus nas in\u00fameras crian\u00e7as for\u00e7adas a deixar o seu pa\u00eds, viajando sozinhas em condi\u00e7\u00f5es desumanas, presa f\u00e1cil dos traficantes de seres humanos\u201d.<\/p>\n<p>Francisco chamou ainda a aten\u00e7\u00e3o para o drama dos migrantes que colocam a vida em risco, enfrentando viagens extenuantes que por vezes acabam em trag\u00e9dia, e voltou com o pensamento \u00e0 sua recente viagem a Mianmar e Bangladesh:<\/p>\n<p>\u201cEspero que a Comunidade Internacional n\u00e3o cesse de trabalhar para que seja adequadamente tutelada a dignidade das minorias presentes na regi\u00e3o. Jesus conhece bem a tribula\u00e7\u00e3o de n\u00e3o ser acolhido e a dificuldade de n\u00e3o ter um lugar onde poder reclinar a cabe\u00e7a&#8221;.<\/p>\n<p>E antes de conceder a b\u00ean\u00e7\u00e3o apost\u00f3lica, dirigiu um pedido final: \u201cComo a Virgem Maria e S\u00e3o Jos\u00e9, como os pastores de Bel\u00e9m, acolhamos no Menino Jesus o amor de Deus feito homem por n\u00f3s e comprometamo-nos, com a sua gra\u00e7a, a tornar o nosso mundo mais humano e mais digno das crian\u00e7as de hoje e de amanh\u00e3\u201d.<\/p>\n<p>Antes de se despedir, Francisco enviou seus votos de Boas Festas a todos os irm\u00e3os e irm\u00e3s na Pra\u00e7a e \u00e0queles unidos nos v\u00e1rios pa\u00edses atrav\u00e9s do r\u00e1dio, televis\u00e3o e outros meios de comunica\u00e7\u00e3o.<\/p>\n<p>\u201cQue o nascimento de Cristo Salvador renove os cora\u00e7\u00f5es, suscite o desejo de construir um futuro mais fraterno e solid\u00e1rio, conceda alegria e esperan\u00e7a a todos. Feliz Natal!\u201d.<\/p>\n<p>&nbsp;<\/p>\n<hr \/>\n<p><em>Fonte: Vatican News<\/em><\/p>\n","protected":false},"excerpt":{"rendered":"<p>B\u00ean\u00e7\u00e3o Urbi et Orbi.<\/p>\n","protected":false},"author":1,"featured_media":209125,"comment_status":"open","ping_status":"open","sticky":false,"template":"","format":"standard","meta":[],"categories":[1428],"tags":[1544],"acf":[],"yoast_head":"<!-- This site is optimized with the Yoast SEO plugin v19.2 - https:\/\/yoast.com\/wordpress\/plugins\/seo\/ -->\n<title>Papa: &quot;Jesus est\u00e1 nas crian\u00e7as de todo o mundo&quot; - Not\u00edcias - Franciscanos<\/title>\n<meta name=\"robots\" content=\"index, follow, max-snippet:-1, max-image-preview:large, max-video-preview:-1\" \/>\n<link rel=\"canonical\" href=\"https:\/\/franciscanos.org.br\/noticias\/papa-jesus-esta-nas-criancas-de-todo-o-mundo.html\" \/>\n<meta property=\"og:locale\" content=\"pt_BR\" \/>\n<meta property=\"og:type\" content=\"article\" \/>\n<meta property=\"og:title\" content=\"Papa: &quot;Jesus est\u00e1 nas crian\u00e7as de todo o mundo&quot; - Not\u00edcias - Franciscanos\" \/>\n<meta property=\"og:description\" content=\"B\u00ean\u00e7\u00e3o Urbi et Orbi.\" \/>\n<meta property=\"og:url\" content=\"https:\/\/franciscanos.org.br\/noticias\/papa-jesus-esta-nas-criancas-de-todo-o-mundo.html\" \/>\n<meta property=\"og:site_name\" content=\"Not\u00edcias - Franciscanos\" \/>\n<meta property=\"article:published_time\" content=\"2017-12-25T15:36:41+00:00\" \/>\n<meta property=\"article:modified_time\" content=\"2020-06-08T18:24:02+00:00\" \/>\n<meta property=\"og:image\" content=\"https:\/\/franciscanos.org.br\/noticias\/wp-content\/uploads\/2017\/12\/urbi1_251217.jpg\" \/>\n\t<meta property=\"og:image:width\" content=\"273\" \/>\n\t<meta property=\"og:image:height\" content=\"181\" \/>\n\t<meta property=\"og:image:type\" content=\"image\/jpeg\" \/>\n<meta name=\"author\" content=\"admin\" \/>\n<meta name=\"twitter:card\" content=\"summary_large_image\" \/>\n<meta name=\"twitter:label1\" content=\"Escrito por\" \/>\n\t<meta name=\"twitter:data1\" content=\"admin\" \/>\n\t<meta name=\"twitter:label2\" content=\"Est. tempo de leitura\" \/>\n\t<meta name=\"twitter:data2\" content=\"4 minutos\" \/>\n<script type=\"application\/ld+json\" class=\"yoast-schema-graph\">{\"@context\":\"https:\/\/schema.org\",\"@graph\":[{\"@type\":\"WebSite\",\"@id\":\"https:\/\/franciscanos.org.br\/noticias\/#website\",\"url\":\"https:\/\/franciscanos.org.br\/noticias\/\",\"name\":\"Not\u00edcias - Franciscanos\",\"description\":\"Prov\u00edncia Franciscana da Imaculada Concei\u00e7\u00e3o do Brasil - Ordem dos Frades Menores - OFM\",\"potentialAction\":[{\"@type\":\"SearchAction\",\"target\":{\"@type\":\"EntryPoint\",\"urlTemplate\":\"https:\/\/franciscanos.org.br\/noticias\/?s={search_term_string}\"},\"query-input\":\"required name=search_term_string\"}],\"inLanguage\":\"pt-BR\"},{\"@type\":\"ImageObject\",\"inLanguage\":\"pt-BR\",\"@id\":\"https:\/\/franciscanos.org.br\/noticias\/papa-jesus-esta-nas-criancas-de-todo-o-mundo.html#primaryimage\",\"url\":\"https:\/\/franciscanos.org.br\/noticias\/wp-content\/uploads\/2017\/12\/urbi1_251217.jpg\",\"contentUrl\":\"https:\/\/franciscanos.org.br\/noticias\/wp-content\/uploads\/2017\/12\/urbi1_251217.jpg\",\"width\":273,\"height\":181},{\"@type\":\"WebPage\",\"@id\":\"https:\/\/franciscanos.org.br\/noticias\/papa-jesus-esta-nas-criancas-de-todo-o-mundo.html#webpage\",\"url\":\"https:\/\/franciscanos.org.br\/noticias\/papa-jesus-esta-nas-criancas-de-todo-o-mundo.html\",\"name\":\"Papa: \\\"Jesus est\u00e1 nas crian\u00e7as de todo o mundo\\\" - Not\u00edcias - Franciscanos\",\"isPartOf\":{\"@id\":\"https:\/\/franciscanos.org.br\/noticias\/#website\"},\"primaryImageOfPage\":{\"@id\":\"https:\/\/franciscanos.org.br\/noticias\/papa-jesus-esta-nas-criancas-de-todo-o-mundo.html#primaryimage\"},\"datePublished\":\"2017-12-25T15:36:41+00:00\",\"dateModified\":\"2020-06-08T18:24:02+00:00\",\"author\":{\"@id\":\"https:\/\/franciscanos.org.br\/noticias\/#\/schema\/person\/b38fbf43118f02820bd932f2e4b14ad3\"},\"breadcrumb\":{\"@id\":\"https:\/\/franciscanos.org.br\/noticias\/papa-jesus-esta-nas-criancas-de-todo-o-mundo.html#breadcrumb\"},\"inLanguage\":\"pt-BR\",\"potentialAction\":[{\"@type\":\"ReadAction\",\"target\":[\"https:\/\/franciscanos.org.br\/noticias\/papa-jesus-esta-nas-criancas-de-todo-o-mundo.html\"]}]},{\"@type\":\"BreadcrumbList\",\"@id\":\"https:\/\/franciscanos.org.br\/noticias\/papa-jesus-esta-nas-criancas-de-todo-o-mundo.html#breadcrumb\",\"itemListElement\":[{\"@type\":\"ListItem\",\"position\":1,\"name\":\"Home\",\"item\":\"https:\/\/franciscanos.org.br\/noticias\"},{\"@type\":\"ListItem\",\"position\":2,\"name\":\"Papa: &#8220;Jesus est\u00e1 nas crian\u00e7as de todo o mundo&#8221;\"}]},{\"@type\":\"Person\",\"@id\":\"https:\/\/franciscanos.org.br\/noticias\/#\/schema\/person\/b38fbf43118f02820bd932f2e4b14ad3\",\"name\":\"admin\",\"image\":{\"@type\":\"ImageObject\",\"inLanguage\":\"pt-BR\",\"@id\":\"https:\/\/franciscanos.org.br\/noticias\/#\/schema\/person\/image\/\",\"url\":\"https:\/\/secure.gravatar.com\/avatar\/e8495742d34d0ba6448ea1c628263b3e?s=96&d=mm&r=g\",\"contentUrl\":\"https:\/\/secure.gravatar.com\/avatar\/e8495742d34d0ba6448ea1c628263b3e?s=96&d=mm&r=g\",\"caption\":\"admin\"},\"url\":\"https:\/\/franciscanos.org.br\/noticias\/author\/admin\"}]}<\/script>\n<!-- \/ Yoast SEO plugin. -->","yoast_head_json":{"title":"Papa: \"Jesus est\u00e1 nas crian\u00e7as de todo o mundo\" - Not\u00edcias - Franciscanos","robots":{"index":"index","follow":"follow","max-snippet":"max-snippet:-1","max-image-preview":"max-image-preview:large","max-video-preview":"max-video-preview:-1"},"canonical":"https:\/\/franciscanos.org.br\/noticias\/papa-jesus-esta-nas-criancas-de-todo-o-mundo.html","og_locale":"pt_BR","og_type":"article","og_title":"Papa: \"Jesus est\u00e1 nas crian\u00e7as de todo o mundo\" - Not\u00edcias - Franciscanos","og_description":"B\u00ean\u00e7\u00e3o Urbi et Orbi.","og_url":"https:\/\/franciscanos.org.br\/noticias\/papa-jesus-esta-nas-criancas-de-todo-o-mundo.html","og_site_name":"Not\u00edcias - Franciscanos","article_published_time":"2017-12-25T15:36:41+00:00","article_modified_time":"2020-06-08T18:24:02+00:00","og_image":[{"width":273,"height":181,"url":"https:\/\/franciscanos.org.br\/noticias\/wp-content\/uploads\/2017\/12\/urbi1_251217.jpg","type":"image\/jpeg"}],"author":"admin","twitter_card":"summary_large_image","twitter_misc":{"Escrito por":"admin","Est. tempo de leitura":"4 minutos"},"schema":{"@context":"https:\/\/schema.org","@graph":[{"@type":"WebSite","@id":"https:\/\/franciscanos.org.br\/noticias\/#website","url":"https:\/\/franciscanos.org.br\/noticias\/","name":"Not\u00edcias - Franciscanos","description":"Prov\u00edncia Franciscana da Imaculada Concei\u00e7\u00e3o do Brasil - Ordem dos Frades Menores - OFM","potentialAction":[{"@type":"SearchAction","target":{"@type":"EntryPoint","urlTemplate":"https:\/\/franciscanos.org.br\/noticias\/?s={search_term_string}"},"query-input":"required name=search_term_string"}],"inLanguage":"pt-BR"},{"@type":"ImageObject","inLanguage":"pt-BR","@id":"https:\/\/franciscanos.org.br\/noticias\/papa-jesus-esta-nas-criancas-de-todo-o-mundo.html#primaryimage","url":"https:\/\/franciscanos.org.br\/noticias\/wp-content\/uploads\/2017\/12\/urbi1_251217.jpg","contentUrl":"https:\/\/franciscanos.org.br\/noticias\/wp-content\/uploads\/2017\/12\/urbi1_251217.jpg","width":273,"height":181},{"@type":"WebPage","@id":"https:\/\/franciscanos.org.br\/noticias\/papa-jesus-esta-nas-criancas-de-todo-o-mundo.html#webpage","url":"https:\/\/franciscanos.org.br\/noticias\/papa-jesus-esta-nas-criancas-de-todo-o-mundo.html","name":"Papa: \"Jesus est\u00e1 nas crian\u00e7as de todo o mundo\" - Not\u00edcias - Franciscanos","isPartOf":{"@id":"https:\/\/franciscanos.org.br\/noticias\/#website"},"primaryImageOfPage":{"@id":"https:\/\/franciscanos.org.br\/noticias\/papa-jesus-esta-nas-criancas-de-todo-o-mundo.html#primaryimage"},"datePublished":"2017-12-25T15:36:41+00:00","dateModified":"2020-06-08T18:24:02+00:00","author":{"@id":"https:\/\/franciscanos.org.br\/noticias\/#\/schema\/person\/b38fbf43118f02820bd932f2e4b14ad3"},"breadcrumb":{"@id":"https:\/\/franciscanos.org.br\/noticias\/papa-jesus-esta-nas-criancas-de-todo-o-mundo.html#breadcrumb"},"inLanguage":"pt-BR","potentialAction":[{"@type":"ReadAction","target":["https:\/\/franciscanos.org.br\/noticias\/papa-jesus-esta-nas-criancas-de-todo-o-mundo.html"]}]},{"@type":"BreadcrumbList","@id":"https:\/\/franciscanos.org.br\/noticias\/papa-jesus-esta-nas-criancas-de-todo-o-mundo.html#breadcrumb","itemListElement":[{"@type":"ListItem","position":1,"name":"Home","item":"https:\/\/franciscanos.org.br\/noticias"},{"@type":"ListItem","position":2,"name":"Papa: &#8220;Jesus est\u00e1 nas crian\u00e7as de todo o mundo&#8221;"}]},{"@type":"Person","@id":"https:\/\/franciscanos.org.br\/noticias\/#\/schema\/person\/b38fbf43118f02820bd932f2e4b14ad3","name":"admin","image":{"@type":"ImageObject","inLanguage":"pt-BR","@id":"https:\/\/franciscanos.org.br\/noticias\/#\/schema\/person\/image\/","url":"https:\/\/secure.gravatar.com\/avatar\/e8495742d34d0ba6448ea1c628263b3e?s=96&d=mm&r=g","contentUrl":"https:\/\/secure.gravatar.com\/avatar\/e8495742d34d0ba6448ea1c628263b3e?s=96&d=mm&r=g","caption":"admin"},"url":"https:\/\/franciscanos.org.br\/noticias\/author\/admin"}]}},"_links":{"self":[{"href":"https:\/\/franciscanos.org.br\/noticias\/wp-json\/wp\/v2\/posts\/148071"}],"collection":[{"href":"https:\/\/franciscanos.org.br\/noticias\/wp-json\/wp\/v2\/posts"}],"about":[{"href":"https:\/\/franciscanos.org.br\/noticias\/wp-json\/wp\/v2\/types\/post"}],"author":[{"embeddable":true,"href":"https:\/\/franciscanos.org.br\/noticias\/wp-json\/wp\/v2\/users\/1"}],"replies":[{"embeddable":true,"href":"https:\/\/franciscanos.org.br\/noticias\/wp-json\/wp\/v2\/comments?post=148071"}],"version-history":[{"count":1,"href":"https:\/\/franciscanos.org.br\/noticias\/wp-json\/wp\/v2\/posts\/148071\/revisions"}],"predecessor-version":[{"id":225147,"href":"https:\/\/franciscanos.org.br\/noticias\/wp-json\/wp\/v2\/posts\/148071\/revisions\/225147"}],"wp:featuredmedia":[{"embeddable":true,"href":"https:\/\/franciscanos.org.br\/noticias\/wp-json\/wp\/v2\/media\/209125"}],"wp:attachment":[{"href":"https:\/\/franciscanos.org.br\/noticias\/wp-json\/wp\/v2\/media?parent=148071"}],"wp:term":[{"taxonomy":"category","embeddable":true,"href":"https:\/\/franciscanos.org.br\/noticias\/wp-json\/wp\/v2\/categories?post=148071"},{"taxonomy":"post_tag","embeddable":true,"href":"https:\/\/franciscanos.org.br\/noticias\/wp-json\/wp\/v2\/tags?post=148071"}],"curies":[{"name":"wp","href":"https:\/\/api.w.org\/{rel}","templated":true}]}}