{"id":148064,"date":"2017-12-24T21:34:49","date_gmt":"2017-12-24T23:34:49","guid":{"rendered":"http:\/\/franciscanos.org.br\/?p=148064"},"modified":"2020-06-08T15:24:54","modified_gmt":"2020-06-08T18:24:54","slug":"natal-e-tempo-para-transformar-a-forca-do-medo-em-forca-da-caridade","status":"publish","type":"post","link":"https:\/\/franciscanos.org.br\/noticias\/natal-e-tempo-para-transformar-a-forca-do-medo-em-forca-da-caridade.html","title":{"rendered":"Natal \u00e9 tempo para transformar a for\u00e7a do medo em for\u00e7a da caridade"},"content":{"rendered":"<p><img loading=\"lazy\" src=\"http:\/\/franciscanos.org.br\/wp-content\/uploads\/2017\/12\/galo_241217_3.jpg\" alt=\"galo_241217_3\" width=\"830\" height=\"467\" \/><\/p>\n<p>A Bas\u00edlica Vaticana ficou pequena na noite deste domingo (24\/12) para acolher os fi\u00e9is na Missa da vig\u00edlia de Natal presidida pelo Papa Francisco. Tel\u00f5es instalados na Pra\u00e7a S\u00e3o Pedro possibilitaram a participa\u00e7\u00e3o, apesar do frio, de milhares de pessoas.<\/p>\n<p>A homilia do Papa, inspirada do Evangelho de Lucas, come\u00e7ou com a reflex\u00e3o sobre aquela narra\u00e7\u00e3o simples do acontecimento que mudou para sempre a nossa hist\u00f3ria. Tudo, naquela noite, na manjedoura, se tornava fonte de esperan\u00e7a: Maria deu \u00e0 Luz\u201d.<\/p>\n<p>Francisco recordou a trajet\u00f3ria de Maria e Jos\u00e9, obrigados a partir deixando os parentes, sua casa, sua terra, numa viagem nada confort\u00e1vel nem f\u00e1cil para um casal jovem que estava para ter um beb\u00ea: foram for\u00e7ados a deixar a sua terra. E o pior, quando chegaram a Bel\u00e9m, sentiram era uma terra onde n\u00e3o havia lugar para eles.<\/p>\n<p>\u201cMas foi precisamente l\u00e1, naquela realidade que se revelava um desafio, que Maria nos presenteou com o Emanuel, l\u00e1 acende-se a centelha revolucion\u00e1ria da ternura de Deus. Em Bel\u00e9m, criou-se uma pequena abertura para aqueles que perderam a terra, a p\u00e1tria, os sonhos; mesmo para aqueles que sucumbiram \u00e0 asfixia produzida por uma vida fechada\u201d.<\/p>\n<p><img loading=\"lazy\" src=\"http:\/\/franciscanos.org.br\/wp-content\/uploads\/2017\/12\/galo_241217.jpg\" alt=\"galo_241217\" width=\"830\" height=\"458\" \/><\/p>\n<p><strong>Nos passos de Jos\u00e9 e Maria, escondem-se tantos passos<\/strong><\/p>\n<p>O Papa Francisco lembrou aquela realidade confrontando-a com os fatos do presente: \u201cNos passos de Jos\u00e9 e Maria, vemos hoje as pegadas de fam\u00edlias inteiras que s\u00e3o obrigadas a partir, milh\u00f5es de pessoas que n\u00e3o escolhem partir, mas s\u00e3o obrigadas a separar-se dos seus entes queridos, s\u00e3o expulsas da sua terra\u201d.<\/p>\n<p>Afirmando que \u201cem muitos casos, esta partida est\u00e1 carregada de esperan\u00e7a, carregada de futuro\u201d; ressaltou que \u201cem tantos outros, a partida tem apenas um nome: obreviv\u00eancia&#8221;. \u201cSobreviver aos Herodes de turno, que, para impor o seu poder e aumentar as suas riquezas, n\u00e3o t\u00eam problema algum em derramar sangue inocente\u201d.<\/p>\n<p>\u201cMaria e Jos\u00e9, para quem n\u00e3o havia lugar, s\u00e3o os primeiros a abra\u00e7ar Aquele que nos vem dar a todos o documento de cidadania; Aquele que, na sua pobreza e pequenez, denuncia e mostra que o verdadeiro poder e a aut\u00eantica liberdade s\u00e3o os que honram e socorrem a fragilidade do mais fraco\u201d, reiterou Francisco.<\/p>\n<p>Descrevendo ainda o contexto daquela \u00e9poca em Bel\u00e9m, o Papa mencionou a figura dos pastores, homens e mulheres que viviam \u00e0 margem da sociedade, eram considerados impuros pela cor de sua pele, as roupas, o odor, o modo de falar, a origem: neles tudo gerava desconfian\u00e7a. Mas foi a eles que o anjo anunciou o nascimento do Salvador, eles foram os primeiros destinat\u00e1rios da Boa Not\u00edcia.<\/p>\n<p>\u201cEis a alegria que somos convidados a partilhar, celebrar e anunciar nesta noite. A alegria com que Deus, na sua infinita miseric\u00f3rdia, nos abra\u00e7ou a n\u00f3s, pag\u00e3os, pecadores e estrangeiros, e nos impele a fazer o mesmo\u201d.<\/p>\n<p>\u201cNesta noite de Natal, em que nasce Jesus, reconhe\u00e7amos Deus em todas as situa\u00e7\u00f5es onde O julgamos ausente\u201d<\/p>\n<p><img loading=\"lazy\" src=\"http:\/\/franciscanos.org.br\/wp-content\/uploads\/2017\/12\/galo_241217_1.jpg\" alt=\"galo_241217_1\" width=\"830\" height=\"447\" \/><\/p>\n<p>\u201cEle est\u00e1 no visitante indiscreto, muitas vezes irreconhec\u00edvel, que caminha pelas nossas cidades, pelos nossos bairros, viajando nos nossos transportes p\u00fablicos, batendo \u00e0s nossas portas.\u201d<\/p>\n<p>E como pedido final da homilia, disse: \u201cN\u00e3o tenhamos medo de experimentar novas formas de relacionamento; Natal \u00e9 tempo para transformar a for\u00e7a do medo em for\u00e7a da caridade, em for\u00e7a para uma nova imagina\u00e7\u00e3o da caridade. A caridade que n\u00e3o se habitua \u00e0 injusti\u00e7a como se fosse algo natural, mas tem a coragem, no meio de tens\u00f5es e conflitos, de se fazer \u00abcasa do p\u00e3o\u00bb, terra de hospitalidade\u201d.<\/p>\n<p>Citando a primeira homilia do Pontificado de S\u00e3o Jo\u00e3o Paulo II, Francisco exortou: \u00abN\u00e3o tenham medo! Abram, ou, escancarem as portas a Cristo\u00bb.<\/p>\n<p>\u201cMenino pequenino de Bel\u00e9m, pedimo-Vos que o vosso choro nos desperte da nossa indiferen\u00e7a, abra os olhos perante quem sofre. A vossa ternura desperte a nossa sensibilidade e nos fa\u00e7a sentir convidados a reconhecer-Vos em todos aqueles que chegam \u00e0s nossas cidades, \u00e0s nossas hist\u00f3rias, \u00e0s nossas vidas. Que a vossa ternura revolucion\u00e1ria nos persuada a sentir-nos convidados a cuidar da esperan\u00e7a e da ternura do nosso povo\u201d, concluiu.<\/p>\n<p><img loading=\"lazy\" src=\"http:\/\/franciscanos.org.br\/wp-content\/uploads\/2017\/12\/galo_241217_2.jpg\" alt=\"galo_241217_2\" width=\"830\" height=\"446\" \/><\/p>\n<p><strong>ANGELUS<\/strong><br \/>\nPara acolher o projeto de Deus, como fez Maria, \u00e9 preciso humildade e generosidade, a mesma atitude de seu Filho quando veio ao mundo. Foi o que explicou o Papa antes de rezar o Angelus, da janela de seu escrit\u00f3rio com os fi\u00e9is que participaram da ora\u00e7\u00e3o, na Pra\u00e7a S\u00e3o Pedro.<\/p>\n<p>A poucas horas do Natal \u2013 cuja Vig\u00edlia ser\u00e1 celebrada na Bas\u00edlica de S\u00e3o Pedro \u2013 o Papa comentou a narra\u00e7\u00e3o de Lucas em que o anjo anuncia a Maria que conceber\u00e1 um filho. Francisco analisou a resposta de Maria:<\/p>\n<p>\u201c Maria n\u00e3o se exalta diante da perspectiva de se tornar a m\u00e3e do Messias \u201d<\/p>\n<p>\u201cUma frase breve, que n\u00e3o fala de gl\u00f3ria, de privil\u00e9gio, mas somente de disponibilidade e servi\u00e7o. Maria n\u00e3o se exalta diante da perspectiva de se tornar a m\u00e3e do Messias, mas permanece modesta e expressa a sua ades\u00e3o ao projeto do Senhor. Maria non se vangloria, \u00e9 humilde e modesta, como sempre&#8221;.<\/p>\n<p>\u201cEste comportamento \u2013 ressaltou o Papa \u2013 nos faz entender que Maria \u00e9 realmente humilde e n\u00e3o tenta se mostrar; reconhece que \u00e9 pequena diante de Deus e feliz por ser assim. Ao mesmo tempo, sabe que de sua resposta depende a realiza\u00e7\u00e3o do projeto de Deus\u201d.<\/p>\n<p>\u201cMaria \u2013 comentou o Papa \u2013 se revela a colaboradora perfeita do projeto de Deus e no Magnificat proclamar\u00e1 que \u2018Deus exaltou os humildes\u2019\u201d.<\/p>\n<p>\u201cAdmiramos nossa M\u00e3e por sua resposta ao chamado e \u00e0 miss\u00e3o de Deus e pe\u00e7amos a ela que ajude cada um de n\u00f3s a acolher o projeto de Deus em nossas vidas com sincera humildade e corajosa generosidade\u201d, concluiu o Papa.<\/p>\n<hr \/>\n<p><em>Fonte: Vatican News<\/em><\/p>\n","protected":false},"excerpt":{"rendered":"<p>Missa do Galo <\/p>\n","protected":false},"author":1,"featured_media":222009,"comment_status":"open","ping_status":"open","sticky":false,"template":"","format":"standard","meta":[],"categories":[1428],"tags":[1570],"acf":[],"yoast_head":"<!-- This site is optimized with the Yoast SEO plugin v19.2 - https:\/\/yoast.com\/wordpress\/plugins\/seo\/ -->\n<title>Natal \u00e9 tempo para transformar a for\u00e7a do medo em for\u00e7a da caridade - Not\u00edcias - Franciscanos<\/title>\n<meta name=\"robots\" content=\"index, follow, max-snippet:-1, max-image-preview:large, max-video-preview:-1\" \/>\n<link rel=\"canonical\" href=\"https:\/\/franciscanos.org.br\/noticias\/natal-e-tempo-para-transformar-a-forca-do-medo-em-forca-da-caridade.html\" \/>\n<meta property=\"og:locale\" content=\"pt_BR\" \/>\n<meta property=\"og:type\" content=\"article\" \/>\n<meta property=\"og:title\" content=\"Natal \u00e9 tempo para transformar a for\u00e7a do medo em for\u00e7a da caridade - Not\u00edcias - Franciscanos\" \/>\n<meta property=\"og:description\" content=\"Missa do Galo\" \/>\n<meta property=\"og:url\" content=\"https:\/\/franciscanos.org.br\/noticias\/natal-e-tempo-para-transformar-a-forca-do-medo-em-forca-da-caridade.html\" \/>\n<meta property=\"og:site_name\" content=\"Not\u00edcias - Franciscanos\" \/>\n<meta property=\"article:published_time\" content=\"2017-12-24T23:34:49+00:00\" \/>\n<meta property=\"article:modified_time\" content=\"2020-06-08T18:24:54+00:00\" \/>\n<meta property=\"og:image\" content=\"https:\/\/franciscanos.org.br\/noticias\/wp-content\/uploads\/2017\/12\/galo_241217_3.jpg\" \/>\n\t<meta property=\"og:image:width\" content=\"273\" \/>\n\t<meta property=\"og:image:height\" content=\"181\" \/>\n\t<meta property=\"og:image:type\" content=\"image\/jpeg\" \/>\n<meta name=\"author\" content=\"admin\" \/>\n<meta name=\"twitter:card\" content=\"summary_large_image\" \/>\n<meta name=\"twitter:label1\" content=\"Escrito por\" \/>\n\t<meta name=\"twitter:data1\" content=\"admin\" \/>\n\t<meta name=\"twitter:label2\" content=\"Est. tempo de leitura\" \/>\n\t<meta name=\"twitter:data2\" content=\"5 minutos\" \/>\n<script type=\"application\/ld+json\" class=\"yoast-schema-graph\">{\"@context\":\"https:\/\/schema.org\",\"@graph\":[{\"@type\":\"WebSite\",\"@id\":\"https:\/\/franciscanos.org.br\/noticias\/#website\",\"url\":\"https:\/\/franciscanos.org.br\/noticias\/\",\"name\":\"Not\u00edcias - Franciscanos\",\"description\":\"Prov\u00edncia Franciscana da Imaculada Concei\u00e7\u00e3o do Brasil - Ordem dos Frades Menores - OFM\",\"potentialAction\":[{\"@type\":\"SearchAction\",\"target\":{\"@type\":\"EntryPoint\",\"urlTemplate\":\"https:\/\/franciscanos.org.br\/noticias\/?s={search_term_string}\"},\"query-input\":\"required name=search_term_string\"}],\"inLanguage\":\"pt-BR\"},{\"@type\":\"ImageObject\",\"inLanguage\":\"pt-BR\",\"@id\":\"https:\/\/franciscanos.org.br\/noticias\/natal-e-tempo-para-transformar-a-forca-do-medo-em-forca-da-caridade.html#primaryimage\",\"url\":\"https:\/\/franciscanos.org.br\/noticias\/wp-content\/uploads\/2017\/12\/galo_241217_3.jpg\",\"contentUrl\":\"https:\/\/franciscanos.org.br\/noticias\/wp-content\/uploads\/2017\/12\/galo_241217_3.jpg\",\"width\":273,\"height\":181},{\"@type\":\"WebPage\",\"@id\":\"https:\/\/franciscanos.org.br\/noticias\/natal-e-tempo-para-transformar-a-forca-do-medo-em-forca-da-caridade.html#webpage\",\"url\":\"https:\/\/franciscanos.org.br\/noticias\/natal-e-tempo-para-transformar-a-forca-do-medo-em-forca-da-caridade.html\",\"name\":\"Natal \u00e9 tempo para transformar a for\u00e7a do medo em for\u00e7a da caridade - Not\u00edcias - Franciscanos\",\"isPartOf\":{\"@id\":\"https:\/\/franciscanos.org.br\/noticias\/#website\"},\"primaryImageOfPage\":{\"@id\":\"https:\/\/franciscanos.org.br\/noticias\/natal-e-tempo-para-transformar-a-forca-do-medo-em-forca-da-caridade.html#primaryimage\"},\"datePublished\":\"2017-12-24T23:34:49+00:00\",\"dateModified\":\"2020-06-08T18:24:54+00:00\",\"author\":{\"@id\":\"https:\/\/franciscanos.org.br\/noticias\/#\/schema\/person\/b38fbf43118f02820bd932f2e4b14ad3\"},\"breadcrumb\":{\"@id\":\"https:\/\/franciscanos.org.br\/noticias\/natal-e-tempo-para-transformar-a-forca-do-medo-em-forca-da-caridade.html#breadcrumb\"},\"inLanguage\":\"pt-BR\",\"potentialAction\":[{\"@type\":\"ReadAction\",\"target\":[\"https:\/\/franciscanos.org.br\/noticias\/natal-e-tempo-para-transformar-a-forca-do-medo-em-forca-da-caridade.html\"]}]},{\"@type\":\"BreadcrumbList\",\"@id\":\"https:\/\/franciscanos.org.br\/noticias\/natal-e-tempo-para-transformar-a-forca-do-medo-em-forca-da-caridade.html#breadcrumb\",\"itemListElement\":[{\"@type\":\"ListItem\",\"position\":1,\"name\":\"Home\",\"item\":\"https:\/\/franciscanos.org.br\/noticias\"},{\"@type\":\"ListItem\",\"position\":2,\"name\":\"Natal \u00e9 tempo para transformar a for\u00e7a do medo em for\u00e7a da caridade\"}]},{\"@type\":\"Person\",\"@id\":\"https:\/\/franciscanos.org.br\/noticias\/#\/schema\/person\/b38fbf43118f02820bd932f2e4b14ad3\",\"name\":\"admin\",\"image\":{\"@type\":\"ImageObject\",\"inLanguage\":\"pt-BR\",\"@id\":\"https:\/\/franciscanos.org.br\/noticias\/#\/schema\/person\/image\/\",\"url\":\"https:\/\/secure.gravatar.com\/avatar\/e8495742d34d0ba6448ea1c628263b3e?s=96&d=mm&r=g\",\"contentUrl\":\"https:\/\/secure.gravatar.com\/avatar\/e8495742d34d0ba6448ea1c628263b3e?s=96&d=mm&r=g\",\"caption\":\"admin\"},\"url\":\"https:\/\/franciscanos.org.br\/noticias\/author\/admin\"}]}<\/script>\n<!-- \/ Yoast SEO plugin. -->","yoast_head_json":{"title":"Natal \u00e9 tempo para transformar a for\u00e7a do medo em for\u00e7a da caridade - Not\u00edcias - Franciscanos","robots":{"index":"index","follow":"follow","max-snippet":"max-snippet:-1","max-image-preview":"max-image-preview:large","max-video-preview":"max-video-preview:-1"},"canonical":"https:\/\/franciscanos.org.br\/noticias\/natal-e-tempo-para-transformar-a-forca-do-medo-em-forca-da-caridade.html","og_locale":"pt_BR","og_type":"article","og_title":"Natal \u00e9 tempo para transformar a for\u00e7a do medo em for\u00e7a da caridade - Not\u00edcias - Franciscanos","og_description":"Missa do Galo","og_url":"https:\/\/franciscanos.org.br\/noticias\/natal-e-tempo-para-transformar-a-forca-do-medo-em-forca-da-caridade.html","og_site_name":"Not\u00edcias - Franciscanos","article_published_time":"2017-12-24T23:34:49+00:00","article_modified_time":"2020-06-08T18:24:54+00:00","og_image":[{"width":273,"height":181,"url":"https:\/\/franciscanos.org.br\/noticias\/wp-content\/uploads\/2017\/12\/galo_241217_3.jpg","type":"image\/jpeg"}],"author":"admin","twitter_card":"summary_large_image","twitter_misc":{"Escrito por":"admin","Est. tempo de leitura":"5 minutos"},"schema":{"@context":"https:\/\/schema.org","@graph":[{"@type":"WebSite","@id":"https:\/\/franciscanos.org.br\/noticias\/#website","url":"https:\/\/franciscanos.org.br\/noticias\/","name":"Not\u00edcias - Franciscanos","description":"Prov\u00edncia Franciscana da Imaculada Concei\u00e7\u00e3o do Brasil - Ordem dos Frades Menores - OFM","potentialAction":[{"@type":"SearchAction","target":{"@type":"EntryPoint","urlTemplate":"https:\/\/franciscanos.org.br\/noticias\/?s={search_term_string}"},"query-input":"required name=search_term_string"}],"inLanguage":"pt-BR"},{"@type":"ImageObject","inLanguage":"pt-BR","@id":"https:\/\/franciscanos.org.br\/noticias\/natal-e-tempo-para-transformar-a-forca-do-medo-em-forca-da-caridade.html#primaryimage","url":"https:\/\/franciscanos.org.br\/noticias\/wp-content\/uploads\/2017\/12\/galo_241217_3.jpg","contentUrl":"https:\/\/franciscanos.org.br\/noticias\/wp-content\/uploads\/2017\/12\/galo_241217_3.jpg","width":273,"height":181},{"@type":"WebPage","@id":"https:\/\/franciscanos.org.br\/noticias\/natal-e-tempo-para-transformar-a-forca-do-medo-em-forca-da-caridade.html#webpage","url":"https:\/\/franciscanos.org.br\/noticias\/natal-e-tempo-para-transformar-a-forca-do-medo-em-forca-da-caridade.html","name":"Natal \u00e9 tempo para transformar a for\u00e7a do medo em for\u00e7a da caridade - Not\u00edcias - Franciscanos","isPartOf":{"@id":"https:\/\/franciscanos.org.br\/noticias\/#website"},"primaryImageOfPage":{"@id":"https:\/\/franciscanos.org.br\/noticias\/natal-e-tempo-para-transformar-a-forca-do-medo-em-forca-da-caridade.html#primaryimage"},"datePublished":"2017-12-24T23:34:49+00:00","dateModified":"2020-06-08T18:24:54+00:00","author":{"@id":"https:\/\/franciscanos.org.br\/noticias\/#\/schema\/person\/b38fbf43118f02820bd932f2e4b14ad3"},"breadcrumb":{"@id":"https:\/\/franciscanos.org.br\/noticias\/natal-e-tempo-para-transformar-a-forca-do-medo-em-forca-da-caridade.html#breadcrumb"},"inLanguage":"pt-BR","potentialAction":[{"@type":"ReadAction","target":["https:\/\/franciscanos.org.br\/noticias\/natal-e-tempo-para-transformar-a-forca-do-medo-em-forca-da-caridade.html"]}]},{"@type":"BreadcrumbList","@id":"https:\/\/franciscanos.org.br\/noticias\/natal-e-tempo-para-transformar-a-forca-do-medo-em-forca-da-caridade.html#breadcrumb","itemListElement":[{"@type":"ListItem","position":1,"name":"Home","item":"https:\/\/franciscanos.org.br\/noticias"},{"@type":"ListItem","position":2,"name":"Natal \u00e9 tempo para transformar a for\u00e7a do medo em for\u00e7a da caridade"}]},{"@type":"Person","@id":"https:\/\/franciscanos.org.br\/noticias\/#\/schema\/person\/b38fbf43118f02820bd932f2e4b14ad3","name":"admin","image":{"@type":"ImageObject","inLanguage":"pt-BR","@id":"https:\/\/franciscanos.org.br\/noticias\/#\/schema\/person\/image\/","url":"https:\/\/secure.gravatar.com\/avatar\/e8495742d34d0ba6448ea1c628263b3e?s=96&d=mm&r=g","contentUrl":"https:\/\/secure.gravatar.com\/avatar\/e8495742d34d0ba6448ea1c628263b3e?s=96&d=mm&r=g","caption":"admin"},"url":"https:\/\/franciscanos.org.br\/noticias\/author\/admin"}]}},"_links":{"self":[{"href":"https:\/\/franciscanos.org.br\/noticias\/wp-json\/wp\/v2\/posts\/148064"}],"collection":[{"href":"https:\/\/franciscanos.org.br\/noticias\/wp-json\/wp\/v2\/posts"}],"about":[{"href":"https:\/\/franciscanos.org.br\/noticias\/wp-json\/wp\/v2\/types\/post"}],"author":[{"embeddable":true,"href":"https:\/\/franciscanos.org.br\/noticias\/wp-json\/wp\/v2\/users\/1"}],"replies":[{"embeddable":true,"href":"https:\/\/franciscanos.org.br\/noticias\/wp-json\/wp\/v2\/comments?post=148064"}],"version-history":[{"count":2,"href":"https:\/\/franciscanos.org.br\/noticias\/wp-json\/wp\/v2\/posts\/148064\/revisions"}],"predecessor-version":[{"id":225148,"href":"https:\/\/franciscanos.org.br\/noticias\/wp-json\/wp\/v2\/posts\/148064\/revisions\/225148"}],"wp:featuredmedia":[{"embeddable":true,"href":"https:\/\/franciscanos.org.br\/noticias\/wp-json\/wp\/v2\/media\/222009"}],"wp:attachment":[{"href":"https:\/\/franciscanos.org.br\/noticias\/wp-json\/wp\/v2\/media?parent=148064"}],"wp:term":[{"taxonomy":"category","embeddable":true,"href":"https:\/\/franciscanos.org.br\/noticias\/wp-json\/wp\/v2\/categories?post=148064"},{"taxonomy":"post_tag","embeddable":true,"href":"https:\/\/franciscanos.org.br\/noticias\/wp-json\/wp\/v2\/tags?post=148064"}],"curies":[{"name":"wp","href":"https:\/\/api.w.org\/{rel}","templated":true}]}}