{"id":148043,"date":"2017-12-22T15:02:32","date_gmt":"2017-12-22T17:02:32","guid":{"rendered":"http:\/\/franciscanos.org.br\/?p=148043"},"modified":"2020-09-08T13:27:03","modified_gmt":"2020-09-08T16:27:03","slug":"papa-sauda-franciscanos-pelos-800-anos-da-custodia","status":"publish","type":"post","link":"https:\/\/franciscanos.org.br\/noticias\/papa-sauda-franciscanos-pelos-800-anos-da-custodia.html","title":{"rendered":"Papa sa\u00fada franciscanos pelos 800 anos da Cust\u00f3dia"},"content":{"rendered":"<p><img loading=\"lazy\" src=\"http:\/\/franciscanos.org.br\/wp-content\/uploads\/2017\/12\/terrasanta_221217.jpg\" alt=\"terrasanta_221217\" width=\"820\" height=\"431\" \/><\/p>\n<p>\u201c\u00c0 exemplo de S\u00e3o Francisco, que se propague por todos os lugares a amizade, a solidariedade e a paz\u201d. Estes s\u00e3o os votos do Papa Francisco na mensagem enviada aos participantes da Confer\u00eancia internacional realizada esta quinta-feira em Roma &#8211; com continuidade na sexta-feira em Assis &#8211; pelos 800 anos da Cust\u00f3dia da Terra Santa.<\/p>\n<p>O Pont\u00edfice \u2013 refere o L\u2019Osservatore Romano \u2013 dirige aos organizadores, conferencistas e participantes os melhores votos, expressando \u201ca sua satisfa\u00e7\u00e3o pelo tema escolhido: \u201cO di\u00e1logo entre culturas e religi\u00f5es na promo\u00e7\u00e3o da paz\u201d, especialmente em um momento delicado da vida da cidade de Jerusal\u00e9m, s\u00edmbolo para todos de pac\u00edfica conviv\u00eancia entre os povos e religi\u00f5es diferentes\u201d.<\/p>\n<p>Francisco tamb\u00e9m exorta a \u201cum aut\u00eantico servi\u00e7o \u00e0 vida e \u00e0 dignidade da pessoa, levando em considera\u00e7\u00e3o a diversidade das culturas, das tradi\u00e7\u00f5es religiosas e das proveni\u00eancias, como tamb\u00e9m as riquezas humanas e espirituais, que exigem ser acolhidas com respeito\u201d.<\/p>\n<p>Quinta-feira, Roma<\/p>\n<p>A confer\u00eancia, promovida pelo Observat\u00f3rio sobre Minorias religiosas no mundo e o respeito pela liberdade religiosa, do Minist\u00e9rio do Exterior italiano, foi aberta na manh\u00e3 desta quinta-feira na Pontif\u00edcia universidade Antonianum, com um encontro sobre o tema \u201cDe S\u00e3o Francisco ao Papa Francisco: a profecia de um mundo reconciliado\u201d.<\/p>\n<p>Na parte da tarde, pronunciaram-se, entre outros, o cust\u00f3dio da Terra Santa, padre Francesco Patton, o embaixador de Israel na It\u00e1lia, Ofer Sachs e o prefeito de Bel\u00e9m, Anton Salman. As conclus\u00f5es foram confiadas ao prefeito da Congrega\u00e7\u00e3o para as Igrejas Orientais, cardeal Leonardo Sandri.<\/p>\n<p>Sexta-feira, Assis<\/p>\n<p>Na sexta-feira o encontro prosseguiu em Assis com o tema \u201cO franciscanismo na Terra Santa, da origem \u00e0 contemporaneidade. Palavra e gestos\u201d. A primeira palestra, na bas\u00edlica papal de S\u00e3o Francisco, abordou o tema \u201cO T\u00famulo: heran\u00e7a de uma miss\u00e3o fraterna\u201d.<\/p>\n<p>O encontro tem a participa\u00e7\u00e3o do cust\u00f3dio da Terra Santa, padre Francesco Patton e Ernesto Galli da Loggia, historiador e editorialista do \u2018Corriere della Sera\u2019, Andrea Maiarelli, arquivista e docente do Instituto Superior de Ci\u00eancias Religiosas de Assis, e padre Giusepe Bufon, ordin\u00e1rio de hist\u00f3ria da Igreja moderna e contempor\u00e2nea no Antonianum.<\/p>\n<h1>PREGA\u00c7\u00c3O DO ADVENTO<\/h1>\n<p>Nesta sexta-feira (22\/12), o Pregador capuchinho Frei Raniero Cantalamessa prop\u00f4s ao Papa Francisco e a seus colaboradores a sua segunda e \u00faltima medita\u00e7\u00e3o do tempo de Advento. Na capela Redemptoris Mater, no Vaticano, Frei Cantalamessa intitulou a reflex\u00e3o &#8220;Cristo \u00e9 o mesmo, ontem, hoje e sempre&#8221;, iniciando-a com \u2018a onipresen\u00e7a de Cristo no tempo\u2019.<\/p>\n<p>\u201cCristo, afirmou o pregador, est\u00e1 no mundo, mas n\u00e3o \u00e9 do mundo; est\u00e1 na hist\u00f3ria e no tempo, mas transcende a hist\u00f3ria e o tempo. N\u00e3o \u00e9 uma presen\u00e7a abstrata e uniforme, pois atua de modo diferenciado nas diversas fases da hist\u00f3ria da salva\u00e7\u00e3o\u201d.<\/p>\n<p>\u201cEle est\u00e1 presente no Antigo Testamento como figura, est\u00e1 presente no Novo Testamento como evento e est\u00e1 presente no tempo da Igreja como sacramento. A figura anuncia, antecipa e prepara o evento, enquanto o sacramento o celebra, o torna presente, o atualiza e, em certo sentido, o prolonga\u201d.<\/p>\n<p>A constata\u00e7\u00e3o de que Cristo \u00e9 reconhecido como o piv\u00f4 e o eixo do tempo n\u00e3o deve ser para um crist\u00e3o um motivo de orgulho e triunfalismo, mas uma oportunidade para um exame de consci\u00eancia. Frei Cantalamessa sugeriu as seguintes quest\u00f5es:<\/p>\n<p>\u201cCristo tamb\u00e9m \u00e9 o centro da minha vida, da minha pequena hist\u00f3ria pessoal? Do meu tempo? Ele ocupa um lugar central apenas na teoria, ou tamb\u00e9m de fato?\u201d<\/p>\n<p>&#8220;Cristo n\u00e3o \u00e9 apenas o centro, ou o baricentro, da hist\u00f3ria humana, aquele que, com a sua vinda, cria um antes e um depois no passar do tempo: Ele tamb\u00e9m \u00e9 aquele que preenche todos os momentos deste tempo; \u00e9 \u201ca plenitude\u201d, tamb\u00e9m no sentido ativo que enche de si a hist\u00f3ria da salva\u00e7\u00e3o: primeiro como figura, depois como evento e, finalmente, como sacramento.<\/p>\n<p>O encontro que muda a vida<\/p>\n<p>Conduzindo a reflex\u00e3o ao plano pessoal, o capuchinho afirmou que isso significa que Cristo tamb\u00e9m deve preencher nosso tempo: \u201cPreencher de Jesus mais instantes poss\u00edveis da pr\u00f3pria vida n\u00e3o \u00e9 um programa imposs\u00edvel, n\u00e3o \u00e9 uma quest\u00e3o de passar todo o tempo pensando em Jesus, mas de &#8220;perceber&#8221; sua presen\u00e7a, abandonando-se \u00e0 sua vontade\u201d.<\/p>\n<p>E mencionou um exemplo pr\u00e1tico e vivido recentemente por ele mesmo, quando em uma viagem, ficou algum tempo sem conex\u00e3o \u00e0 internet at\u00e9 consegui-la, finalmente. \u201cE o que \u00e9 essa conex\u00e3o em compara\u00e7\u00e3o com aquela que se realiza quando algu\u00e9m se \u201cconecta\u201d pela f\u00e9 com Jesus Ressuscitado e vivo? No primeiro caso, a pessoa se abre para um pobre e tr\u00e1gico mundo dos homens; aqui, a pessoa se abre ao mundo de Deus, porque Cristo \u00e9 a porta, \u00e9 o caminho que conduz \u00e0 Trindade e ao infinito\u201d.<\/p>\n<p>Chegando \u00e0 conclus\u00e3o, o Frei afirmou:<\/p>\n<p>\u201c Diante de Deus, o melhor momento da vida n\u00e3o \u00e9 o mais cheio de possibilidades e atividades, mas o tempo mais repleto de Cristo porque esse j\u00e1 se insere na eternidade\u201d.<\/p>\n<p>Pensando j\u00e1 no que vem, quando os jovens estar\u00e3o no centro da aten\u00e7\u00e3o da Igreja com o s\u00ednodo sobre &#8220;Os jovens e a f\u00e9\u201d, prop\u00f4s que os ajudemos \u201ca preencher de Cristo a sua juventude, oferecendo-lhes o dom mais bonito\u201d.<\/p>\n","protected":false},"excerpt":{"rendered":"<p>Cust\u00f3dia da Terra Santa<\/p>\n","protected":false},"author":1,"featured_media":217517,"comment_status":"open","ping_status":"open","sticky":false,"template":"","format":"standard","meta":[],"categories":[1428],"tags":[1429],"acf":[],"yoast_head":"<!-- This site is optimized with the Yoast SEO plugin v19.2 - https:\/\/yoast.com\/wordpress\/plugins\/seo\/ -->\n<title>Papa sa\u00fada franciscanos pelos 800 anos da Cust\u00f3dia - Not\u00edcias - Franciscanos<\/title>\n<meta name=\"robots\" content=\"index, follow, max-snippet:-1, max-image-preview:large, max-video-preview:-1\" \/>\n<link rel=\"canonical\" href=\"https:\/\/franciscanos.org.br\/noticias\/papa-sauda-franciscanos-pelos-800-anos-da-custodia.html\" \/>\n<meta property=\"og:locale\" content=\"pt_BR\" \/>\n<meta property=\"og:type\" content=\"article\" \/>\n<meta property=\"og:title\" content=\"Papa sa\u00fada franciscanos pelos 800 anos da Cust\u00f3dia - Not\u00edcias - Franciscanos\" \/>\n<meta property=\"og:description\" content=\"Cust\u00f3dia da Terra Santa\" \/>\n<meta property=\"og:url\" content=\"https:\/\/franciscanos.org.br\/noticias\/papa-sauda-franciscanos-pelos-800-anos-da-custodia.html\" \/>\n<meta property=\"og:site_name\" content=\"Not\u00edcias - Franciscanos\" \/>\n<meta property=\"article:published_time\" content=\"2017-12-22T17:02:32+00:00\" \/>\n<meta property=\"article:modified_time\" content=\"2020-09-08T16:27:03+00:00\" \/>\n<meta property=\"og:image\" content=\"https:\/\/franciscanos.org.br\/noticias\/wp-content\/uploads\/2017\/12\/terrasanta_221217.jpg\" \/>\n\t<meta property=\"og:image:width\" content=\"273\" \/>\n\t<meta property=\"og:image:height\" content=\"181\" \/>\n\t<meta property=\"og:image:type\" content=\"image\/jpeg\" \/>\n<meta name=\"author\" content=\"admin\" \/>\n<meta name=\"twitter:card\" content=\"summary_large_image\" \/>\n<meta name=\"twitter:label1\" content=\"Escrito por\" \/>\n\t<meta name=\"twitter:data1\" content=\"admin\" \/>\n\t<meta name=\"twitter:label2\" content=\"Est. tempo de leitura\" \/>\n\t<meta name=\"twitter:data2\" content=\"5 minutos\" \/>\n<script type=\"application\/ld+json\" class=\"yoast-schema-graph\">{\"@context\":\"https:\/\/schema.org\",\"@graph\":[{\"@type\":\"WebSite\",\"@id\":\"https:\/\/franciscanos.org.br\/noticias\/#website\",\"url\":\"https:\/\/franciscanos.org.br\/noticias\/\",\"name\":\"Not\u00edcias - Franciscanos\",\"description\":\"Prov\u00edncia Franciscana da Imaculada Concei\u00e7\u00e3o do Brasil - Ordem dos Frades Menores - OFM\",\"potentialAction\":[{\"@type\":\"SearchAction\",\"target\":{\"@type\":\"EntryPoint\",\"urlTemplate\":\"https:\/\/franciscanos.org.br\/noticias\/?s={search_term_string}\"},\"query-input\":\"required name=search_term_string\"}],\"inLanguage\":\"pt-BR\"},{\"@type\":\"ImageObject\",\"inLanguage\":\"pt-BR\",\"@id\":\"https:\/\/franciscanos.org.br\/noticias\/papa-sauda-franciscanos-pelos-800-anos-da-custodia.html#primaryimage\",\"url\":\"https:\/\/franciscanos.org.br\/noticias\/wp-content\/uploads\/2017\/12\/terrasanta_221217.jpg\",\"contentUrl\":\"https:\/\/franciscanos.org.br\/noticias\/wp-content\/uploads\/2017\/12\/terrasanta_221217.jpg\",\"width\":273,\"height\":181},{\"@type\":\"WebPage\",\"@id\":\"https:\/\/franciscanos.org.br\/noticias\/papa-sauda-franciscanos-pelos-800-anos-da-custodia.html#webpage\",\"url\":\"https:\/\/franciscanos.org.br\/noticias\/papa-sauda-franciscanos-pelos-800-anos-da-custodia.html\",\"name\":\"Papa sa\u00fada franciscanos pelos 800 anos da Cust\u00f3dia - Not\u00edcias - Franciscanos\",\"isPartOf\":{\"@id\":\"https:\/\/franciscanos.org.br\/noticias\/#website\"},\"primaryImageOfPage\":{\"@id\":\"https:\/\/franciscanos.org.br\/noticias\/papa-sauda-franciscanos-pelos-800-anos-da-custodia.html#primaryimage\"},\"datePublished\":\"2017-12-22T17:02:32+00:00\",\"dateModified\":\"2020-09-08T16:27:03+00:00\",\"author\":{\"@id\":\"https:\/\/franciscanos.org.br\/noticias\/#\/schema\/person\/b38fbf43118f02820bd932f2e4b14ad3\"},\"breadcrumb\":{\"@id\":\"https:\/\/franciscanos.org.br\/noticias\/papa-sauda-franciscanos-pelos-800-anos-da-custodia.html#breadcrumb\"},\"inLanguage\":\"pt-BR\",\"potentialAction\":[{\"@type\":\"ReadAction\",\"target\":[\"https:\/\/franciscanos.org.br\/noticias\/papa-sauda-franciscanos-pelos-800-anos-da-custodia.html\"]}]},{\"@type\":\"BreadcrumbList\",\"@id\":\"https:\/\/franciscanos.org.br\/noticias\/papa-sauda-franciscanos-pelos-800-anos-da-custodia.html#breadcrumb\",\"itemListElement\":[{\"@type\":\"ListItem\",\"position\":1,\"name\":\"Home\",\"item\":\"https:\/\/franciscanos.org.br\/noticias\"},{\"@type\":\"ListItem\",\"position\":2,\"name\":\"Papa sa\u00fada franciscanos pelos 800 anos da Cust\u00f3dia\"}]},{\"@type\":\"Person\",\"@id\":\"https:\/\/franciscanos.org.br\/noticias\/#\/schema\/person\/b38fbf43118f02820bd932f2e4b14ad3\",\"name\":\"admin\",\"image\":{\"@type\":\"ImageObject\",\"inLanguage\":\"pt-BR\",\"@id\":\"https:\/\/franciscanos.org.br\/noticias\/#\/schema\/person\/image\/\",\"url\":\"https:\/\/secure.gravatar.com\/avatar\/e8495742d34d0ba6448ea1c628263b3e?s=96&d=mm&r=g\",\"contentUrl\":\"https:\/\/secure.gravatar.com\/avatar\/e8495742d34d0ba6448ea1c628263b3e?s=96&d=mm&r=g\",\"caption\":\"admin\"},\"url\":\"https:\/\/franciscanos.org.br\/noticias\/author\/admin\"}]}<\/script>\n<!-- \/ Yoast SEO plugin. -->","yoast_head_json":{"title":"Papa sa\u00fada franciscanos pelos 800 anos da Cust\u00f3dia - Not\u00edcias - Franciscanos","robots":{"index":"index","follow":"follow","max-snippet":"max-snippet:-1","max-image-preview":"max-image-preview:large","max-video-preview":"max-video-preview:-1"},"canonical":"https:\/\/franciscanos.org.br\/noticias\/papa-sauda-franciscanos-pelos-800-anos-da-custodia.html","og_locale":"pt_BR","og_type":"article","og_title":"Papa sa\u00fada franciscanos pelos 800 anos da Cust\u00f3dia - Not\u00edcias - Franciscanos","og_description":"Cust\u00f3dia da Terra Santa","og_url":"https:\/\/franciscanos.org.br\/noticias\/papa-sauda-franciscanos-pelos-800-anos-da-custodia.html","og_site_name":"Not\u00edcias - Franciscanos","article_published_time":"2017-12-22T17:02:32+00:00","article_modified_time":"2020-09-08T16:27:03+00:00","og_image":[{"width":273,"height":181,"url":"https:\/\/franciscanos.org.br\/noticias\/wp-content\/uploads\/2017\/12\/terrasanta_221217.jpg","type":"image\/jpeg"}],"author":"admin","twitter_card":"summary_large_image","twitter_misc":{"Escrito por":"admin","Est. tempo de leitura":"5 minutos"},"schema":{"@context":"https:\/\/schema.org","@graph":[{"@type":"WebSite","@id":"https:\/\/franciscanos.org.br\/noticias\/#website","url":"https:\/\/franciscanos.org.br\/noticias\/","name":"Not\u00edcias - Franciscanos","description":"Prov\u00edncia Franciscana da Imaculada Concei\u00e7\u00e3o do Brasil - Ordem dos Frades Menores - OFM","potentialAction":[{"@type":"SearchAction","target":{"@type":"EntryPoint","urlTemplate":"https:\/\/franciscanos.org.br\/noticias\/?s={search_term_string}"},"query-input":"required name=search_term_string"}],"inLanguage":"pt-BR"},{"@type":"ImageObject","inLanguage":"pt-BR","@id":"https:\/\/franciscanos.org.br\/noticias\/papa-sauda-franciscanos-pelos-800-anos-da-custodia.html#primaryimage","url":"https:\/\/franciscanos.org.br\/noticias\/wp-content\/uploads\/2017\/12\/terrasanta_221217.jpg","contentUrl":"https:\/\/franciscanos.org.br\/noticias\/wp-content\/uploads\/2017\/12\/terrasanta_221217.jpg","width":273,"height":181},{"@type":"WebPage","@id":"https:\/\/franciscanos.org.br\/noticias\/papa-sauda-franciscanos-pelos-800-anos-da-custodia.html#webpage","url":"https:\/\/franciscanos.org.br\/noticias\/papa-sauda-franciscanos-pelos-800-anos-da-custodia.html","name":"Papa sa\u00fada franciscanos pelos 800 anos da Cust\u00f3dia - Not\u00edcias - Franciscanos","isPartOf":{"@id":"https:\/\/franciscanos.org.br\/noticias\/#website"},"primaryImageOfPage":{"@id":"https:\/\/franciscanos.org.br\/noticias\/papa-sauda-franciscanos-pelos-800-anos-da-custodia.html#primaryimage"},"datePublished":"2017-12-22T17:02:32+00:00","dateModified":"2020-09-08T16:27:03+00:00","author":{"@id":"https:\/\/franciscanos.org.br\/noticias\/#\/schema\/person\/b38fbf43118f02820bd932f2e4b14ad3"},"breadcrumb":{"@id":"https:\/\/franciscanos.org.br\/noticias\/papa-sauda-franciscanos-pelos-800-anos-da-custodia.html#breadcrumb"},"inLanguage":"pt-BR","potentialAction":[{"@type":"ReadAction","target":["https:\/\/franciscanos.org.br\/noticias\/papa-sauda-franciscanos-pelos-800-anos-da-custodia.html"]}]},{"@type":"BreadcrumbList","@id":"https:\/\/franciscanos.org.br\/noticias\/papa-sauda-franciscanos-pelos-800-anos-da-custodia.html#breadcrumb","itemListElement":[{"@type":"ListItem","position":1,"name":"Home","item":"https:\/\/franciscanos.org.br\/noticias"},{"@type":"ListItem","position":2,"name":"Papa sa\u00fada franciscanos pelos 800 anos da Cust\u00f3dia"}]},{"@type":"Person","@id":"https:\/\/franciscanos.org.br\/noticias\/#\/schema\/person\/b38fbf43118f02820bd932f2e4b14ad3","name":"admin","image":{"@type":"ImageObject","inLanguage":"pt-BR","@id":"https:\/\/franciscanos.org.br\/noticias\/#\/schema\/person\/image\/","url":"https:\/\/secure.gravatar.com\/avatar\/e8495742d34d0ba6448ea1c628263b3e?s=96&d=mm&r=g","contentUrl":"https:\/\/secure.gravatar.com\/avatar\/e8495742d34d0ba6448ea1c628263b3e?s=96&d=mm&r=g","caption":"admin"},"url":"https:\/\/franciscanos.org.br\/noticias\/author\/admin"}]}},"_links":{"self":[{"href":"https:\/\/franciscanos.org.br\/noticias\/wp-json\/wp\/v2\/posts\/148043"}],"collection":[{"href":"https:\/\/franciscanos.org.br\/noticias\/wp-json\/wp\/v2\/posts"}],"about":[{"href":"https:\/\/franciscanos.org.br\/noticias\/wp-json\/wp\/v2\/types\/post"}],"author":[{"embeddable":true,"href":"https:\/\/franciscanos.org.br\/noticias\/wp-json\/wp\/v2\/users\/1"}],"replies":[{"embeddable":true,"href":"https:\/\/franciscanos.org.br\/noticias\/wp-json\/wp\/v2\/comments?post=148043"}],"version-history":[{"count":1,"href":"https:\/\/franciscanos.org.br\/noticias\/wp-json\/wp\/v2\/posts\/148043\/revisions"}],"predecessor-version":[{"id":225151,"href":"https:\/\/franciscanos.org.br\/noticias\/wp-json\/wp\/v2\/posts\/148043\/revisions\/225151"}],"wp:featuredmedia":[{"embeddable":true,"href":"https:\/\/franciscanos.org.br\/noticias\/wp-json\/wp\/v2\/media\/217517"}],"wp:attachment":[{"href":"https:\/\/franciscanos.org.br\/noticias\/wp-json\/wp\/v2\/media?parent=148043"}],"wp:term":[{"taxonomy":"category","embeddable":true,"href":"https:\/\/franciscanos.org.br\/noticias\/wp-json\/wp\/v2\/categories?post=148043"},{"taxonomy":"post_tag","embeddable":true,"href":"https:\/\/franciscanos.org.br\/noticias\/wp-json\/wp\/v2\/tags?post=148043"}],"curies":[{"name":"wp","href":"https:\/\/api.w.org\/{rel}","templated":true}]}}