{"id":147988,"date":"2017-12-19T17:33:10","date_gmt":"2017-12-19T19:33:10","guid":{"rendered":"http:\/\/franciscanos.org.br\/?p=147988"},"modified":"2020-06-08T15:30:03","modified_gmt":"2020-06-08T18:30:03","slug":"o-coracao-deve-ser-fecundo-nao-e-peca-de-museu","status":"publish","type":"post","link":"https:\/\/franciscanos.org.br\/noticias\/o-coracao-deve-ser-fecundo-nao-e-peca-de-museu.html","title":{"rendered":"O cora\u00e7\u00e3o deve ser fecundo, n\u00e3o \u00e9 pe\u00e7a de museu"},"content":{"rendered":"<p><img loading=\"lazy\" src=\"http:\/\/franciscanos.org.br\/wp-content\/uploads\/2017\/12\/papa_191217.jpg\" alt=\"papa_191217\" width=\"820\" height=\"407\" \/><br \/>\n<strong>Vaticano<\/strong> &#8211; Esterilidade e fecundidade: essas foram as duas palavras da homilia desta manh\u00e3 (18\/12) do Papa Francisco na celebra\u00e7\u00e3o eucar\u00edstica na Casa Santa Marta. As leituras do dia apresentam o nascimento de Sans\u00e3o e de Jo\u00e3o Batista anunciada pelo anjo a duas mulheres est\u00e9reis. Naquele tempo, a esterilidade era uma vergonha, enquanto o nascimento de um filho era considerado uma gra\u00e7a e um dom de Deus. Na B\u00edblia, afirma o Papa, existem muitas mulheres est\u00e9reis, que desejam ardentemente um filho, ou m\u00e3es que choram a perda do filho porque ficaram sem descend\u00eancia: Sara, Noemi, Ana e aqui Isabel.<\/p>\n<p>A fecundidade na B\u00edblia \u00e9 uma b\u00ean\u00e7\u00e3o. \u201cPovoem a terra, sejam fecundos\u201d foi o primeiro mandamento que Deus deu aos nossos pais, recordou Francisco. \u201cOnde h\u00e1 Deus, h\u00e1 fecundidade\u201d:\u00a0 \u201cVem-me \u00e0 mente (&#8230;) alguns pa\u00edses que escolheram o caminho da esterilidade e sofrem esta doen\u00e7a t\u00e3o feia que \u00e9 o inverno demogr\u00e1fico. N\u00f3s os conhecemos. N\u00e3o fazem filhos. N\u00e3o, que o bem-estar, que isso, que aquilo&#8230; pa\u00edses vazios de crian\u00e7as e isso n\u00e3o \u00e9 uma b\u00ean\u00e7\u00e3o. Mas isso \u00e9 uma coisa passageira. A fecundidade \u00e9 sempre uma b\u00ean\u00e7\u00e3o de Deus.\u201d<\/p>\n<p>A fecundidade material e espiritual, refor\u00e7ou o Papa. Dar vida. Uma pessoa pode inclusive n\u00e3o se casar, como os sacerdotes e os consagrados, mas deve viver dando a vida aos outros. Ai de n\u00f3s se n\u00e3o formos fecundos com as boas obras, destacou.<\/p>\n<p>A fecundidade \u00e9 um sinal de Deus. Francisco ent\u00e3o recorda que os profetas escolhem s\u00edmbolos como o deserto. O que h\u00e1 de mais est\u00e9ril do que um deserto e, mesmo assim, dizem que \u201co deserto florescer\u00e1, a aridez se encher\u00e1 de \u00e1gua\u201d. \u00c9 justamente a promessa de Deus. Deus \u00e9 fecundo&#8230;.<\/p>\n<p>\u201c\u00c9 verdade, o diabo quer a esterilidade. Quer que cada um de n\u00f3s n\u00e3o viva para dar vida seja f\u00edsica, seja espiritual aos outros. Viva para si mesmo: o ego\u00edsmo, a soberba, a vaidade. Engordar a alma sem viver para os outros. O diabo \u00e9 quem faz crescer a ciz\u00e2nia do ego\u00edsmo e n\u00e3o nos faz fecundos.\u201d<\/p>\n<p>\u00c9 uma gra\u00e7a ter filhos que nos fecham os olhos \u00e0 nossa morte, afirma Francisco, e cita o exemplo de um idoso mission\u00e1rio da Patag\u00f4nia que, aos 90 anos, dizia que a sua vida tinha passado como um sopro, mas que tinha muitos filhos espirituais ao seu lado na sua \u00faltima doen\u00e7a.<\/p>\n<p>\u201cAqui tem um ber\u00e7o vazio, podemos observar. Pode ser s\u00edmbolo de esperan\u00e7a porque vir\u00e1 uma crian\u00e7a, pode ser um objeto de museu, vazio toda a vida. O nosso cora\u00e7\u00e3o \u00e9 um ber\u00e7o. Como est\u00e1 o meu cora\u00e7\u00e3o? Est\u00e1 vazio, sempre vazio, mas est\u00e1 aberto para receber continuamente vida e dar vida? Para receber e ser fecundo? Ou ser\u00e1 um cora\u00e7\u00e3o mantido como um objeto de museu que jamais estar\u00e1 aberto \u00e0 vida e a dar a vida?\u201d<\/p>\n<p>Eu lhes sugiro, conclui o Papa, que olhem para este ber\u00e7o vazio e digam: \u201cVem, Senhor, preencha este ber\u00e7o, encha o meu cora\u00e7\u00e3o e leve-me a dar vida, a ser fecundo\u201d.<\/p>\n<hr \/>\n<p><em>Fonte: Vatican News<\/em><\/p>\n","protected":false},"excerpt":{"rendered":"<p>Missa em Santa Marta<\/p>\n","protected":false},"author":1,"featured_media":202277,"comment_status":"open","ping_status":"open","sticky":false,"template":"","format":"standard","meta":[],"categories":[1428],"tags":[1586],"acf":[],"yoast_head":"<!-- This site is optimized with the Yoast SEO plugin v19.2 - https:\/\/yoast.com\/wordpress\/plugins\/seo\/ -->\n<title>O cora\u00e7\u00e3o deve ser fecundo, n\u00e3o \u00e9 pe\u00e7a de museu - Not\u00edcias - Franciscanos<\/title>\n<meta name=\"robots\" content=\"index, follow, max-snippet:-1, max-image-preview:large, max-video-preview:-1\" \/>\n<link rel=\"canonical\" href=\"https:\/\/franciscanos.org.br\/noticias\/o-coracao-deve-ser-fecundo-nao-e-peca-de-museu.html\" \/>\n<meta property=\"og:locale\" content=\"pt_BR\" \/>\n<meta property=\"og:type\" content=\"article\" \/>\n<meta property=\"og:title\" content=\"O cora\u00e7\u00e3o deve ser fecundo, n\u00e3o \u00e9 pe\u00e7a de museu - Not\u00edcias - Franciscanos\" \/>\n<meta property=\"og:description\" content=\"Missa em Santa Marta\" \/>\n<meta property=\"og:url\" content=\"https:\/\/franciscanos.org.br\/noticias\/o-coracao-deve-ser-fecundo-nao-e-peca-de-museu.html\" \/>\n<meta property=\"og:site_name\" content=\"Not\u00edcias - Franciscanos\" \/>\n<meta property=\"article:published_time\" content=\"2017-12-19T19:33:10+00:00\" \/>\n<meta property=\"article:modified_time\" content=\"2020-06-08T18:30:03+00:00\" \/>\n<meta property=\"og:image\" content=\"https:\/\/franciscanos.org.br\/noticias\/wp-content\/uploads\/2017\/12\/papa_191217.jpg\" \/>\n\t<meta property=\"og:image:width\" content=\"273\" \/>\n\t<meta property=\"og:image:height\" content=\"181\" \/>\n\t<meta property=\"og:image:type\" content=\"image\/jpeg\" \/>\n<meta name=\"author\" content=\"admin\" \/>\n<meta name=\"twitter:card\" content=\"summary_large_image\" \/>\n<meta name=\"twitter:label1\" content=\"Escrito por\" \/>\n\t<meta name=\"twitter:data1\" content=\"admin\" \/>\n\t<meta name=\"twitter:label2\" content=\"Est. tempo de leitura\" \/>\n\t<meta name=\"twitter:data2\" content=\"3 minutos\" \/>\n<script type=\"application\/ld+json\" class=\"yoast-schema-graph\">{\"@context\":\"https:\/\/schema.org\",\"@graph\":[{\"@type\":\"WebSite\",\"@id\":\"https:\/\/franciscanos.org.br\/noticias\/#website\",\"url\":\"https:\/\/franciscanos.org.br\/noticias\/\",\"name\":\"Not\u00edcias - Franciscanos\",\"description\":\"Prov\u00edncia Franciscana da Imaculada Concei\u00e7\u00e3o do Brasil - Ordem dos Frades Menores - OFM\",\"potentialAction\":[{\"@type\":\"SearchAction\",\"target\":{\"@type\":\"EntryPoint\",\"urlTemplate\":\"https:\/\/franciscanos.org.br\/noticias\/?s={search_term_string}\"},\"query-input\":\"required name=search_term_string\"}],\"inLanguage\":\"pt-BR\"},{\"@type\":\"ImageObject\",\"inLanguage\":\"pt-BR\",\"@id\":\"https:\/\/franciscanos.org.br\/noticias\/o-coracao-deve-ser-fecundo-nao-e-peca-de-museu.html#primaryimage\",\"url\":\"https:\/\/franciscanos.org.br\/noticias\/wp-content\/uploads\/2017\/12\/papa_191217.jpg\",\"contentUrl\":\"https:\/\/franciscanos.org.br\/noticias\/wp-content\/uploads\/2017\/12\/papa_191217.jpg\",\"width\":273,\"height\":181},{\"@type\":\"WebPage\",\"@id\":\"https:\/\/franciscanos.org.br\/noticias\/o-coracao-deve-ser-fecundo-nao-e-peca-de-museu.html#webpage\",\"url\":\"https:\/\/franciscanos.org.br\/noticias\/o-coracao-deve-ser-fecundo-nao-e-peca-de-museu.html\",\"name\":\"O cora\u00e7\u00e3o deve ser fecundo, n\u00e3o \u00e9 pe\u00e7a de museu - Not\u00edcias - Franciscanos\",\"isPartOf\":{\"@id\":\"https:\/\/franciscanos.org.br\/noticias\/#website\"},\"primaryImageOfPage\":{\"@id\":\"https:\/\/franciscanos.org.br\/noticias\/o-coracao-deve-ser-fecundo-nao-e-peca-de-museu.html#primaryimage\"},\"datePublished\":\"2017-12-19T19:33:10+00:00\",\"dateModified\":\"2020-06-08T18:30:03+00:00\",\"author\":{\"@id\":\"https:\/\/franciscanos.org.br\/noticias\/#\/schema\/person\/b38fbf43118f02820bd932f2e4b14ad3\"},\"breadcrumb\":{\"@id\":\"https:\/\/franciscanos.org.br\/noticias\/o-coracao-deve-ser-fecundo-nao-e-peca-de-museu.html#breadcrumb\"},\"inLanguage\":\"pt-BR\",\"potentialAction\":[{\"@type\":\"ReadAction\",\"target\":[\"https:\/\/franciscanos.org.br\/noticias\/o-coracao-deve-ser-fecundo-nao-e-peca-de-museu.html\"]}]},{\"@type\":\"BreadcrumbList\",\"@id\":\"https:\/\/franciscanos.org.br\/noticias\/o-coracao-deve-ser-fecundo-nao-e-peca-de-museu.html#breadcrumb\",\"itemListElement\":[{\"@type\":\"ListItem\",\"position\":1,\"name\":\"Home\",\"item\":\"https:\/\/franciscanos.org.br\/noticias\"},{\"@type\":\"ListItem\",\"position\":2,\"name\":\"O cora\u00e7\u00e3o deve ser fecundo, n\u00e3o \u00e9 pe\u00e7a de museu\"}]},{\"@type\":\"Person\",\"@id\":\"https:\/\/franciscanos.org.br\/noticias\/#\/schema\/person\/b38fbf43118f02820bd932f2e4b14ad3\",\"name\":\"admin\",\"image\":{\"@type\":\"ImageObject\",\"inLanguage\":\"pt-BR\",\"@id\":\"https:\/\/franciscanos.org.br\/noticias\/#\/schema\/person\/image\/\",\"url\":\"https:\/\/secure.gravatar.com\/avatar\/e8495742d34d0ba6448ea1c628263b3e?s=96&d=mm&r=g\",\"contentUrl\":\"https:\/\/secure.gravatar.com\/avatar\/e8495742d34d0ba6448ea1c628263b3e?s=96&d=mm&r=g\",\"caption\":\"admin\"},\"url\":\"https:\/\/franciscanos.org.br\/noticias\/author\/admin\"}]}<\/script>\n<!-- \/ Yoast SEO plugin. -->","yoast_head_json":{"title":"O cora\u00e7\u00e3o deve ser fecundo, n\u00e3o \u00e9 pe\u00e7a de museu - Not\u00edcias - Franciscanos","robots":{"index":"index","follow":"follow","max-snippet":"max-snippet:-1","max-image-preview":"max-image-preview:large","max-video-preview":"max-video-preview:-1"},"canonical":"https:\/\/franciscanos.org.br\/noticias\/o-coracao-deve-ser-fecundo-nao-e-peca-de-museu.html","og_locale":"pt_BR","og_type":"article","og_title":"O cora\u00e7\u00e3o deve ser fecundo, n\u00e3o \u00e9 pe\u00e7a de museu - Not\u00edcias - Franciscanos","og_description":"Missa em Santa Marta","og_url":"https:\/\/franciscanos.org.br\/noticias\/o-coracao-deve-ser-fecundo-nao-e-peca-de-museu.html","og_site_name":"Not\u00edcias - Franciscanos","article_published_time":"2017-12-19T19:33:10+00:00","article_modified_time":"2020-06-08T18:30:03+00:00","og_image":[{"width":273,"height":181,"url":"https:\/\/franciscanos.org.br\/noticias\/wp-content\/uploads\/2017\/12\/papa_191217.jpg","type":"image\/jpeg"}],"author":"admin","twitter_card":"summary_large_image","twitter_misc":{"Escrito por":"admin","Est. tempo de leitura":"3 minutos"},"schema":{"@context":"https:\/\/schema.org","@graph":[{"@type":"WebSite","@id":"https:\/\/franciscanos.org.br\/noticias\/#website","url":"https:\/\/franciscanos.org.br\/noticias\/","name":"Not\u00edcias - Franciscanos","description":"Prov\u00edncia Franciscana da Imaculada Concei\u00e7\u00e3o do Brasil - Ordem dos Frades Menores - OFM","potentialAction":[{"@type":"SearchAction","target":{"@type":"EntryPoint","urlTemplate":"https:\/\/franciscanos.org.br\/noticias\/?s={search_term_string}"},"query-input":"required name=search_term_string"}],"inLanguage":"pt-BR"},{"@type":"ImageObject","inLanguage":"pt-BR","@id":"https:\/\/franciscanos.org.br\/noticias\/o-coracao-deve-ser-fecundo-nao-e-peca-de-museu.html#primaryimage","url":"https:\/\/franciscanos.org.br\/noticias\/wp-content\/uploads\/2017\/12\/papa_191217.jpg","contentUrl":"https:\/\/franciscanos.org.br\/noticias\/wp-content\/uploads\/2017\/12\/papa_191217.jpg","width":273,"height":181},{"@type":"WebPage","@id":"https:\/\/franciscanos.org.br\/noticias\/o-coracao-deve-ser-fecundo-nao-e-peca-de-museu.html#webpage","url":"https:\/\/franciscanos.org.br\/noticias\/o-coracao-deve-ser-fecundo-nao-e-peca-de-museu.html","name":"O cora\u00e7\u00e3o deve ser fecundo, n\u00e3o \u00e9 pe\u00e7a de museu - Not\u00edcias - Franciscanos","isPartOf":{"@id":"https:\/\/franciscanos.org.br\/noticias\/#website"},"primaryImageOfPage":{"@id":"https:\/\/franciscanos.org.br\/noticias\/o-coracao-deve-ser-fecundo-nao-e-peca-de-museu.html#primaryimage"},"datePublished":"2017-12-19T19:33:10+00:00","dateModified":"2020-06-08T18:30:03+00:00","author":{"@id":"https:\/\/franciscanos.org.br\/noticias\/#\/schema\/person\/b38fbf43118f02820bd932f2e4b14ad3"},"breadcrumb":{"@id":"https:\/\/franciscanos.org.br\/noticias\/o-coracao-deve-ser-fecundo-nao-e-peca-de-museu.html#breadcrumb"},"inLanguage":"pt-BR","potentialAction":[{"@type":"ReadAction","target":["https:\/\/franciscanos.org.br\/noticias\/o-coracao-deve-ser-fecundo-nao-e-peca-de-museu.html"]}]},{"@type":"BreadcrumbList","@id":"https:\/\/franciscanos.org.br\/noticias\/o-coracao-deve-ser-fecundo-nao-e-peca-de-museu.html#breadcrumb","itemListElement":[{"@type":"ListItem","position":1,"name":"Home","item":"https:\/\/franciscanos.org.br\/noticias"},{"@type":"ListItem","position":2,"name":"O cora\u00e7\u00e3o deve ser fecundo, n\u00e3o \u00e9 pe\u00e7a de museu"}]},{"@type":"Person","@id":"https:\/\/franciscanos.org.br\/noticias\/#\/schema\/person\/b38fbf43118f02820bd932f2e4b14ad3","name":"admin","image":{"@type":"ImageObject","inLanguage":"pt-BR","@id":"https:\/\/franciscanos.org.br\/noticias\/#\/schema\/person\/image\/","url":"https:\/\/secure.gravatar.com\/avatar\/e8495742d34d0ba6448ea1c628263b3e?s=96&d=mm&r=g","contentUrl":"https:\/\/secure.gravatar.com\/avatar\/e8495742d34d0ba6448ea1c628263b3e?s=96&d=mm&r=g","caption":"admin"},"url":"https:\/\/franciscanos.org.br\/noticias\/author\/admin"}]}},"_links":{"self":[{"href":"https:\/\/franciscanos.org.br\/noticias\/wp-json\/wp\/v2\/posts\/147988"}],"collection":[{"href":"https:\/\/franciscanos.org.br\/noticias\/wp-json\/wp\/v2\/posts"}],"about":[{"href":"https:\/\/franciscanos.org.br\/noticias\/wp-json\/wp\/v2\/types\/post"}],"author":[{"embeddable":true,"href":"https:\/\/franciscanos.org.br\/noticias\/wp-json\/wp\/v2\/users\/1"}],"replies":[{"embeddable":true,"href":"https:\/\/franciscanos.org.br\/noticias\/wp-json\/wp\/v2\/comments?post=147988"}],"version-history":[{"count":1,"href":"https:\/\/franciscanos.org.br\/noticias\/wp-json\/wp\/v2\/posts\/147988\/revisions"}],"predecessor-version":[{"id":225154,"href":"https:\/\/franciscanos.org.br\/noticias\/wp-json\/wp\/v2\/posts\/147988\/revisions\/225154"}],"wp:featuredmedia":[{"embeddable":true,"href":"https:\/\/franciscanos.org.br\/noticias\/wp-json\/wp\/v2\/media\/202277"}],"wp:attachment":[{"href":"https:\/\/franciscanos.org.br\/noticias\/wp-json\/wp\/v2\/media?parent=147988"}],"wp:term":[{"taxonomy":"category","embeddable":true,"href":"https:\/\/franciscanos.org.br\/noticias\/wp-json\/wp\/v2\/categories?post=147988"},{"taxonomy":"post_tag","embeddable":true,"href":"https:\/\/franciscanos.org.br\/noticias\/wp-json\/wp\/v2\/tags?post=147988"}],"curies":[{"name":"wp","href":"https:\/\/api.w.org\/{rel}","templated":true}]}}