{"id":147947,"date":"2018-01-14T00:02:29","date_gmt":"2018-01-14T02:02:29","guid":{"rendered":"http:\/\/franciscanos.org.br\/?p=147947"},"modified":"2023-01-10T09:27:00","modified_gmt":"2023-01-10T12:27:00","slug":"vinte-jovens-vestem-o-habito-franciscano-no-dia-15","status":"publish","type":"post","link":"https:\/\/franciscanos.org.br\/noticias\/vinte-jovens-vestem-o-habito-franciscano-no-dia-15.html","title":{"rendered":"Frei Fid\u00eancio acolhe novi\u00e7os brasileiros"},"content":{"rendered":"<p><strong><a href=\"http:\/\/franciscanos.org.br\/wp-content\/uploads\/2017\/12\/vesti830.jpg\"><img loading=\"lazy\" src=\"http:\/\/franciscanos.org.br\/wp-content\/uploads\/2017\/12\/vesti830.jpg\" alt=\"vesti830\" width=\"830\" height=\"445\" \/><\/a><\/strong><\/p>\n<p>Vinte postulantes est\u00e3o prontos para iniciar o ano de Noviciado na Prov\u00edncia da Imaculada em 2018. Nesta segunda-feira,\u00a0 dia 15 de janeiro, treze jovens brasileiros ser\u00e3o acolhidos pelo Ministro Provincial Frei Fid\u00eancio Vanboemmel durante a ora\u00e7\u00e3o das Laudes, \u00e0s 7 horas, no Noviciado S\u00e3o Jos\u00e9, em Rodeio (SC).\u00a0 Devido ao\u00a0 atraso na documenta\u00e7\u00e3o dos angolanos, a admiss\u00e3o deles ainda n\u00e3o tem uma data definida. Essa turma de novi\u00e7os, a 118\u00aa desta casa de forma\u00e7\u00e3o, ser\u00e1 acompanhada pelo mestre dos novi\u00e7os, Frei Samuel Ferreira de Lima.<\/p>\n<p>Antes de chegarem a Rodeio, os dois grupos fizeram o tempo do Postulantado. Os brasileiros no Postulantado Frei Galv\u00e3o de Guaratinguet\u00e1 (SP) e os angolanos no Postulantado Santo Ant\u00f4nio, de Quibala.<\/p>\n<p>\u201cPassado mais um ano de postulantado, fica mais evidente para mim que cada turma carrega uma personalidade pr\u00f3pria. A jun\u00e7\u00e3o de identidades \u00e9 capaz de criar algo belo e \u00fanico, nem pior ou melhor que outra turma, apenas distinta. Esse grupo que est\u00e1 ingressando no noviciado destaca-se positivamente pela aus\u00eancia de grandes conflitos fraternos, pela conversa f\u00e1cil e franqueza para resolver problemas\u201d, avaliou o mestre dos postulantes em 2017, Frei Je\u00e2 Paulo Andrade, satisfeito com a conclus\u00e3o desta etapa: \u201cAcredito que tenham vivido bem essa etapa de forma\u00e7\u00e3o e conseguido fazer a passagem da vida secular para, agora, bem fazer a experi\u00eancia da vida religiosa consagrada e franciscana\u201d.<\/p>\n<div id=\"attachment_148161\" style=\"width: 259px\" class=\"wp-caption alignleft\"><img aria-describedby=\"caption-attachment-148161\" loading=\"lazy\" class=\"wp-image-148161\" src=\"http:\/\/franciscanos.org.br\/wp-content\/uploads\/2017\/12\/jea_020118.jpg\" alt=\"jea_020118\" width=\"249\" height=\"278\" \/><p id=\"caption-attachment-148161\" class=\"wp-caption-text\">O mestre Frei Je\u00e2<\/p><\/div>\n<p>Para Frei Je\u00e2, o exerc\u00edcio pastoral, a variedade de estilo de frades presentes no semin\u00e1rio, os trabalhos e os estudos ajudaram no discernimento vocacional realizado durante todo o ano. \u201cEsse tempo do postulantado foi marcado pela necessidade de disciplinar o humano para ent\u00e3o, no noviciado, serem capazes de trabalhar a dimens\u00e3o espiritual. O noviciado ser\u00e1 um tempo prop\u00edcio para firmar essa decis\u00e3o, tornando-a mais clara, generosa e equilibrada para o candidato manter-se sereno e firme diante das contradi\u00e7\u00f5es que surgirem no caminho\u201d, explicou.<\/p>\n<p>O frade tem uma certeza: \u201cEssa turma deixa o postulantando consciente de que a condi\u00e7\u00e3o para ser frade, al\u00e9m da veste exterior, \u00e9 revestir-se do h\u00e1bito interior. Tenho confian\u00e7a que os primeiros passos j\u00e1 foram dados\u201d, completou.<br \/>\nSegundo os documentos da Ordem, esses jovens far\u00e3o um \u201cper\u00edodo de forma\u00e7\u00e3o mais intensa\u201d em Rodeio, tendo como objetivo \u201cfazer com que os novi\u00e7os conhe\u00e7am e experimentem a forma de vida de S\u00e3o Francisco, impregnem mais profundamente a mente e o cora\u00e7\u00e3o de seu esp\u00edrito e, avaliando melhor o chamado do Senhor, comprovem seus prop\u00f3sitos e sua idoneidade\u201d (Constitui\u00e7\u00f5es Gerais da Ordem, art. 152).<\/p>\n<p>Um dos momentos mais belos e emocionantes da admiss\u00e3o dos novi\u00e7os ser\u00e1 a vesti\u00e7\u00e3o. Cada candidato receber\u00e1 o h\u00e1bito franciscano das m\u00e3os do Ministro Provincial e do Mestre Frei Samuel Ferreira de Lima. Na sacristia, cada um se vestir\u00e1 e retornar\u00e1 \u00e0 celebra\u00e7\u00e3o para assinar o documento de ingresso na Ordem dos Frades Menores.<\/p>\n<p>Durante o ano, os novi\u00e7os intensificam a vida em comum, entre eles e com a Fraternidade Formadora da casa, e participam tamb\u00e9m de algumas atividades na pr\u00f3pria comunidade eclesial e de celebra\u00e7\u00f5es das outras casas franciscanas da regi\u00e3o.<\/p>\n<p><a href=\"http:\/\/franciscanos.org.br\/wp-content\/uploads\/2017\/12\/vesti830-rapa.jpg\"><img loading=\"lazy\" src=\"http:\/\/franciscanos.org.br\/wp-content\/uploads\/2017\/12\/vesti830-rapa.jpg\" alt=\"vesti830-rapa\" width=\"830\" height=\"1163\" \/><\/a><\/p>\n<p><em>Comunica\u00e7\u00e3o da Prov\u00edncia da Imaculada Concei\u00e7\u00e3o<\/em><\/p>\n","protected":false},"excerpt":{"rendered":"<p>Tem in\u00edcio o ano de Noviciado da turma de 2018<\/p>\n","protected":false},"author":1,"featured_media":219745,"comment_status":"open","ping_status":"open","sticky":false,"template":"","format":"standard","meta":[],"categories":[1],"tags":[135],"acf":[],"yoast_head":"<!-- This site is optimized with the Yoast SEO plugin v19.2 - https:\/\/yoast.com\/wordpress\/plugins\/seo\/ -->\n<title>Frei Fid\u00eancio acolhe novi\u00e7os brasileiros - Not\u00edcias - Franciscanos<\/title>\n<meta name=\"robots\" content=\"index, follow, max-snippet:-1, max-image-preview:large, max-video-preview:-1\" \/>\n<link rel=\"canonical\" href=\"https:\/\/franciscanos.org.br\/noticias\/vinte-jovens-vestem-o-habito-franciscano-no-dia-15.html\" \/>\n<meta property=\"og:locale\" content=\"pt_BR\" \/>\n<meta property=\"og:type\" content=\"article\" \/>\n<meta property=\"og:title\" content=\"Frei Fid\u00eancio acolhe novi\u00e7os brasileiros - Not\u00edcias - Franciscanos\" \/>\n<meta property=\"og:description\" content=\"Tem in\u00edcio o ano de Noviciado da turma de 2018\" \/>\n<meta property=\"og:url\" content=\"https:\/\/franciscanos.org.br\/noticias\/vinte-jovens-vestem-o-habito-franciscano-no-dia-15.html\" \/>\n<meta property=\"og:site_name\" content=\"Not\u00edcias - Franciscanos\" \/>\n<meta property=\"article:published_time\" content=\"2018-01-14T02:02:29+00:00\" \/>\n<meta property=\"article:modified_time\" content=\"2023-01-10T12:27:00+00:00\" \/>\n<meta property=\"og:image\" content=\"https:\/\/franciscanos.org.br\/noticias\/wp-content\/uploads\/2018\/01\/vesti830.jpg\" \/>\n\t<meta property=\"og:image:width\" content=\"273\" \/>\n\t<meta property=\"og:image:height\" content=\"181\" \/>\n\t<meta property=\"og:image:type\" content=\"image\/jpeg\" \/>\n<meta name=\"author\" content=\"admin\" \/>\n<meta name=\"twitter:card\" content=\"summary_large_image\" \/>\n<meta name=\"twitter:label1\" content=\"Escrito por\" \/>\n\t<meta name=\"twitter:data1\" content=\"admin\" \/>\n\t<meta name=\"twitter:label2\" content=\"Est. tempo de leitura\" \/>\n\t<meta name=\"twitter:data2\" content=\"3 minutos\" \/>\n<script type=\"application\/ld+json\" class=\"yoast-schema-graph\">{\"@context\":\"https:\/\/schema.org\",\"@graph\":[{\"@type\":\"WebSite\",\"@id\":\"https:\/\/franciscanos.org.br\/noticias\/#website\",\"url\":\"https:\/\/franciscanos.org.br\/noticias\/\",\"name\":\"Not\u00edcias - Franciscanos\",\"description\":\"Prov\u00edncia Franciscana da Imaculada Concei\u00e7\u00e3o do Brasil - Ordem dos Frades Menores - OFM\",\"potentialAction\":[{\"@type\":\"SearchAction\",\"target\":{\"@type\":\"EntryPoint\",\"urlTemplate\":\"https:\/\/franciscanos.org.br\/noticias\/?s={search_term_string}\"},\"query-input\":\"required name=search_term_string\"}],\"inLanguage\":\"pt-BR\"},{\"@type\":\"ImageObject\",\"inLanguage\":\"pt-BR\",\"@id\":\"https:\/\/franciscanos.org.br\/noticias\/vinte-jovens-vestem-o-habito-franciscano-no-dia-15.html#primaryimage\",\"url\":\"https:\/\/franciscanos.org.br\/noticias\/wp-content\/uploads\/2018\/01\/vesti830.jpg\",\"contentUrl\":\"https:\/\/franciscanos.org.br\/noticias\/wp-content\/uploads\/2018\/01\/vesti830.jpg\",\"width\":273,\"height\":181},{\"@type\":\"WebPage\",\"@id\":\"https:\/\/franciscanos.org.br\/noticias\/vinte-jovens-vestem-o-habito-franciscano-no-dia-15.html#webpage\",\"url\":\"https:\/\/franciscanos.org.br\/noticias\/vinte-jovens-vestem-o-habito-franciscano-no-dia-15.html\",\"name\":\"Frei Fid\u00eancio acolhe novi\u00e7os brasileiros - Not\u00edcias - Franciscanos\",\"isPartOf\":{\"@id\":\"https:\/\/franciscanos.org.br\/noticias\/#website\"},\"primaryImageOfPage\":{\"@id\":\"https:\/\/franciscanos.org.br\/noticias\/vinte-jovens-vestem-o-habito-franciscano-no-dia-15.html#primaryimage\"},\"datePublished\":\"2018-01-14T02:02:29+00:00\",\"dateModified\":\"2023-01-10T12:27:00+00:00\",\"author\":{\"@id\":\"https:\/\/franciscanos.org.br\/noticias\/#\/schema\/person\/b38fbf43118f02820bd932f2e4b14ad3\"},\"breadcrumb\":{\"@id\":\"https:\/\/franciscanos.org.br\/noticias\/vinte-jovens-vestem-o-habito-franciscano-no-dia-15.html#breadcrumb\"},\"inLanguage\":\"pt-BR\",\"potentialAction\":[{\"@type\":\"ReadAction\",\"target\":[\"https:\/\/franciscanos.org.br\/noticias\/vinte-jovens-vestem-o-habito-franciscano-no-dia-15.html\"]}]},{\"@type\":\"BreadcrumbList\",\"@id\":\"https:\/\/franciscanos.org.br\/noticias\/vinte-jovens-vestem-o-habito-franciscano-no-dia-15.html#breadcrumb\",\"itemListElement\":[{\"@type\":\"ListItem\",\"position\":1,\"name\":\"Home\",\"item\":\"https:\/\/franciscanos.org.br\/noticias\"},{\"@type\":\"ListItem\",\"position\":2,\"name\":\"Frei Fid\u00eancio acolhe novi\u00e7os brasileiros\"}]},{\"@type\":\"Person\",\"@id\":\"https:\/\/franciscanos.org.br\/noticias\/#\/schema\/person\/b38fbf43118f02820bd932f2e4b14ad3\",\"name\":\"admin\",\"image\":{\"@type\":\"ImageObject\",\"inLanguage\":\"pt-BR\",\"@id\":\"https:\/\/franciscanos.org.br\/noticias\/#\/schema\/person\/image\/\",\"url\":\"https:\/\/secure.gravatar.com\/avatar\/e8495742d34d0ba6448ea1c628263b3e?s=96&d=mm&r=g\",\"contentUrl\":\"https:\/\/secure.gravatar.com\/avatar\/e8495742d34d0ba6448ea1c628263b3e?s=96&d=mm&r=g\",\"caption\":\"admin\"},\"url\":\"https:\/\/franciscanos.org.br\/noticias\/author\/admin\"}]}<\/script>\n<!-- \/ Yoast SEO plugin. -->","yoast_head_json":{"title":"Frei Fid\u00eancio acolhe novi\u00e7os brasileiros - Not\u00edcias - Franciscanos","robots":{"index":"index","follow":"follow","max-snippet":"max-snippet:-1","max-image-preview":"max-image-preview:large","max-video-preview":"max-video-preview:-1"},"canonical":"https:\/\/franciscanos.org.br\/noticias\/vinte-jovens-vestem-o-habito-franciscano-no-dia-15.html","og_locale":"pt_BR","og_type":"article","og_title":"Frei Fid\u00eancio acolhe novi\u00e7os brasileiros - Not\u00edcias - Franciscanos","og_description":"Tem in\u00edcio o ano de Noviciado da turma de 2018","og_url":"https:\/\/franciscanos.org.br\/noticias\/vinte-jovens-vestem-o-habito-franciscano-no-dia-15.html","og_site_name":"Not\u00edcias - Franciscanos","article_published_time":"2018-01-14T02:02:29+00:00","article_modified_time":"2023-01-10T12:27:00+00:00","og_image":[{"width":273,"height":181,"url":"https:\/\/franciscanos.org.br\/noticias\/wp-content\/uploads\/2018\/01\/vesti830.jpg","type":"image\/jpeg"}],"author":"admin","twitter_card":"summary_large_image","twitter_misc":{"Escrito por":"admin","Est. tempo de leitura":"3 minutos"},"schema":{"@context":"https:\/\/schema.org","@graph":[{"@type":"WebSite","@id":"https:\/\/franciscanos.org.br\/noticias\/#website","url":"https:\/\/franciscanos.org.br\/noticias\/","name":"Not\u00edcias - Franciscanos","description":"Prov\u00edncia Franciscana da Imaculada Concei\u00e7\u00e3o do Brasil - Ordem dos Frades Menores - OFM","potentialAction":[{"@type":"SearchAction","target":{"@type":"EntryPoint","urlTemplate":"https:\/\/franciscanos.org.br\/noticias\/?s={search_term_string}"},"query-input":"required name=search_term_string"}],"inLanguage":"pt-BR"},{"@type":"ImageObject","inLanguage":"pt-BR","@id":"https:\/\/franciscanos.org.br\/noticias\/vinte-jovens-vestem-o-habito-franciscano-no-dia-15.html#primaryimage","url":"https:\/\/franciscanos.org.br\/noticias\/wp-content\/uploads\/2018\/01\/vesti830.jpg","contentUrl":"https:\/\/franciscanos.org.br\/noticias\/wp-content\/uploads\/2018\/01\/vesti830.jpg","width":273,"height":181},{"@type":"WebPage","@id":"https:\/\/franciscanos.org.br\/noticias\/vinte-jovens-vestem-o-habito-franciscano-no-dia-15.html#webpage","url":"https:\/\/franciscanos.org.br\/noticias\/vinte-jovens-vestem-o-habito-franciscano-no-dia-15.html","name":"Frei Fid\u00eancio acolhe novi\u00e7os brasileiros - Not\u00edcias - Franciscanos","isPartOf":{"@id":"https:\/\/franciscanos.org.br\/noticias\/#website"},"primaryImageOfPage":{"@id":"https:\/\/franciscanos.org.br\/noticias\/vinte-jovens-vestem-o-habito-franciscano-no-dia-15.html#primaryimage"},"datePublished":"2018-01-14T02:02:29+00:00","dateModified":"2023-01-10T12:27:00+00:00","author":{"@id":"https:\/\/franciscanos.org.br\/noticias\/#\/schema\/person\/b38fbf43118f02820bd932f2e4b14ad3"},"breadcrumb":{"@id":"https:\/\/franciscanos.org.br\/noticias\/vinte-jovens-vestem-o-habito-franciscano-no-dia-15.html#breadcrumb"},"inLanguage":"pt-BR","potentialAction":[{"@type":"ReadAction","target":["https:\/\/franciscanos.org.br\/noticias\/vinte-jovens-vestem-o-habito-franciscano-no-dia-15.html"]}]},{"@type":"BreadcrumbList","@id":"https:\/\/franciscanos.org.br\/noticias\/vinte-jovens-vestem-o-habito-franciscano-no-dia-15.html#breadcrumb","itemListElement":[{"@type":"ListItem","position":1,"name":"Home","item":"https:\/\/franciscanos.org.br\/noticias"},{"@type":"ListItem","position":2,"name":"Frei Fid\u00eancio acolhe novi\u00e7os brasileiros"}]},{"@type":"Person","@id":"https:\/\/franciscanos.org.br\/noticias\/#\/schema\/person\/b38fbf43118f02820bd932f2e4b14ad3","name":"admin","image":{"@type":"ImageObject","inLanguage":"pt-BR","@id":"https:\/\/franciscanos.org.br\/noticias\/#\/schema\/person\/image\/","url":"https:\/\/secure.gravatar.com\/avatar\/e8495742d34d0ba6448ea1c628263b3e?s=96&d=mm&r=g","contentUrl":"https:\/\/secure.gravatar.com\/avatar\/e8495742d34d0ba6448ea1c628263b3e?s=96&d=mm&r=g","caption":"admin"},"url":"https:\/\/franciscanos.org.br\/noticias\/author\/admin"}]}},"_links":{"self":[{"href":"https:\/\/franciscanos.org.br\/noticias\/wp-json\/wp\/v2\/posts\/147947"}],"collection":[{"href":"https:\/\/franciscanos.org.br\/noticias\/wp-json\/wp\/v2\/posts"}],"about":[{"href":"https:\/\/franciscanos.org.br\/noticias\/wp-json\/wp\/v2\/types\/post"}],"author":[{"embeddable":true,"href":"https:\/\/franciscanos.org.br\/noticias\/wp-json\/wp\/v2\/users\/1"}],"replies":[{"embeddable":true,"href":"https:\/\/franciscanos.org.br\/noticias\/wp-json\/wp\/v2\/comments?post=147947"}],"version-history":[{"count":1,"href":"https:\/\/franciscanos.org.br\/noticias\/wp-json\/wp\/v2\/posts\/147947\/revisions"}],"predecessor-version":[{"id":241656,"href":"https:\/\/franciscanos.org.br\/noticias\/wp-json\/wp\/v2\/posts\/147947\/revisions\/241656"}],"wp:featuredmedia":[{"embeddable":true,"href":"https:\/\/franciscanos.org.br\/noticias\/wp-json\/wp\/v2\/media\/219745"}],"wp:attachment":[{"href":"https:\/\/franciscanos.org.br\/noticias\/wp-json\/wp\/v2\/media?parent=147947"}],"wp:term":[{"taxonomy":"category","embeddable":true,"href":"https:\/\/franciscanos.org.br\/noticias\/wp-json\/wp\/v2\/categories?post=147947"},{"taxonomy":"post_tag","embeddable":true,"href":"https:\/\/franciscanos.org.br\/noticias\/wp-json\/wp\/v2\/tags?post=147947"}],"curies":[{"name":"wp","href":"https:\/\/api.w.org\/{rel}","templated":true}]}}