{"id":147910,"date":"2017-12-18T10:15:48","date_gmt":"2017-12-18T12:15:48","guid":{"rendered":"http:\/\/franciscanos.org.br\/?p=147910"},"modified":"2018-12-26T10:47:18","modified_gmt":"2018-12-26T12:47:18","slug":"mensagem-de-natal-do-ministro-provincial","status":"publish","type":"post","link":"https:\/\/franciscanos.org.br\/noticias\/mensagem-de-natal-do-ministro-provincial.html","title":{"rendered":"Carta do Ministro Provincial por ocasi\u00e3o do Natal"},"content":{"rendered":"<blockquote>\n<h3><strong><a href=\"http:\/\/franciscanos.org.br\/wp-content\/uploads\/2017\/12\/ff400.jpg\"><img loading=\"lazy\" class=\"alignright size-full wp-image-147915\" src=\"http:\/\/franciscanos.org.br\/wp-content\/uploads\/2017\/12\/ff400.jpg\" alt=\"ff400\" width=\"400\" height=\"747\" \/><\/a>\u201cDeus, ao deixar-se encontrar na Palavra que se fez carne, possibilitou ao ser\u00a0 humano encontrar-se com Ele\u201d<\/strong><\/h3>\n<\/blockquote>\n<p><strong>Car\u00edssimos irm\u00e3os e irm\u00e3s,<\/strong><\/p>\n<p>Santo Agostinho, bispo e doutor da Igreja, inicia seu \u201cSerm\u00e3o do nascimento do Senhor\u201d com o primeiro vers\u00edculo do Pr\u00f3logo do Evangelho de S\u00e3o Jo\u00e3o: \u201cNo princ\u00edpio existia a Palavra, e a Palavra estava junto de Deus, e a Palavra era Deus\u201d e, \u201ca Palavra se fez carne e habitou entre n\u00f3s\u201d. No mesmo serm\u00e3o ele define a eternidade do mist\u00e9rio do Natal como o \u201cdia sem ocaso porque tamb\u00e9m n\u00e3o teve aurora\u201d. Assim, o Natal \u00e9 a manifesta\u00e7\u00e3o do amor de Deus, \u201ca Palavra \u00fanica de Deus, a vida e a luz dos homens, \u00e9 o dia eterno\u201d. E na sequ\u00eancia do seu serm\u00e3o, inteiramente centrado na Palavra que se fez carne e veio morar entre n\u00f3s, como mais tarde o fez S\u00e3o Francisco de Assis, que desejava ver com os pr\u00f3prios olhos o mist\u00e9rio do nascimento do Menino de Bel\u00e9m (cf 1Cel 84), Santo Agostinho proclama:<\/p>\n<blockquote>\n<h3>\u201cQue louvores proclamaremos, pois, ao amor de Deus!<br \/>\nQuantas gra\u00e7as temos de lhe dar!<br \/>\nTanto nos amou que por n\u00f3s foi feito no tempo<br \/>\naquele por quem foram feitos os tempos,<br \/>\ne neste mundo teve idade menor que muitos de seus servos<br \/>\naquele que era mais antigo que o mundo por sua eternidade.<br \/>\nTanto nos amou que se fez homem aquele que fez o homem;<br \/>\nfoi criado por uma m\u00e3e a qual ele tinha criado;<br \/>\nfoi levado nas m\u00e3os que ele formou,<br \/>\nse amamentou do peito que ele encheu,<br \/>\ne chorou no pres\u00e9pio a inf\u00e2ncia muda,<br \/>\na Palavra sem a qual \u00e9 muda toda a eloqu\u00eancia humana.<br \/>\nConsidera, \u00f3 homem, o que Deus veio a ser por ti&#8230;\u201d.<\/h3>\n<\/blockquote>\n<p>Na mesma \u00f3tica e oito s\u00e9culos depois, no povoado de Greccio, S\u00e3o Francisco de Assis fez quest\u00e3o de visualizar e proclamar a Palavra do Santo Evangelho, e \u201clembrar o menino que nasceu em Bel\u00e9m, os apertos que passou, como foi posto num pres\u00e9pio, e ver com os pr\u00f3prios olhos como ficou em cima da palha, entre o boi e o burro\u201d (1Cel 84). S\u00e3o Francisco de Assis evidenciou, como Santo Agostinho, a humanidade do Filho de Deus que \u201cpor obedi\u00eancia, veio em condi\u00e7\u00e3o mortal a um est\u00e1bulo apertado, para buscar, mediante a morte, ao que estava morto\u201d. Isso, na linguagem de Tom\u00e1s de Celano, significa que, ao celebrar o Natal em Greccio, Francisco de Assis ressuscitou o menino Jesus que \u201cestava de fato dormindo no esquecimento de muitos cora\u00e7\u00f5es\u201d (1Cel 87).<\/p>\n<p>O mist\u00e9rio da Palavra que se fez carne, isto \u00e9, do Deus invis\u00edvel que se tornou vis\u00edvel no Menino de Bel\u00e9m, devolveu \u00e0 criatura humana a sua grandeza origin\u00e1ria. Santo Agostinho assim exortou na noite de Natal: \u201cConsidera, \u00f3 homem, o que Deus veio a ser por ti\u201d. J\u00e1 S\u00e3o Francisco de Assis, por sua vez, deixou-nos esta bel\u00edssima admoesta\u00e7\u00e3o: \u201cConsidera, \u00f3 homem, a que excel\u00eancia te elevou o Senhor, criando-te e formando-te segundo o corpo \u00e0 imagem do seu dileto Filho\u201d (Adm 5). Assim como na noite do Natal, tamb\u00e9m na eternidade do mist\u00e9rio da Encarna\u00e7\u00e3o, o Divino e o humano necessitam se encontrar. Deus, ao deixar-se encontrar na Palavra que se fez carne, possibilitou ao ser humano encontrar-se com Ele. A\u00ed reside a grandeza da criatura humana a ser considerada. Portanto, assim como aos pobres pastores de Bel\u00e9m, tamb\u00e9m a n\u00f3s Deus possibilita a gra\u00e7a de ver no Menino-Deus a grandeza da nossa pr\u00f3pria vida.<\/p>\n<p>S. Agostinho afirma que Deus, no seu infinito amor e na eternidade do mist\u00e9rio do Natal, \u201ctanto nos amou que por n\u00f3s foi feito no tempo\u201d e, \u201ctanto nos amou que se fez homem aquele que fez o homem\u201d. Tom\u00e1s de Celano coloca na boca de S\u00e3o Francisco esta bel\u00edssima express\u00e3o, ao se deparar com a pessoa de um pobre: \u201cTemos que amar muito o amor daquele que tanto nos amou\u201d (2Cel 148). Pensamento repetido por S\u00e3o Boaventura quando afirma que Francisco se rejubilava por todas as obras sa\u00eddas da m\u00e3o do Criador: \u201cEis por que \u00e9 necess\u00e1rio amar muito o amor daquele que muito nos amor\u201d (LM 9,1).<\/p>\n<p>No seu serm\u00e3o natalino Santo Agostinho prega que a Palavra que se fez carne \u201cfoi criado por uma m\u00e3e a qual ele tinha criado\u201d e \u201cfoi levado nas m\u00e3os que ele formou\u201d. Tamb\u00e9m Francisco de Assis, aproxima a humanidade do Filho de Deus no mist\u00e9rio da Encarna\u00e7\u00e3o, associando este mist\u00e9rio ao da Eucaristia no qual o Filho de Deus se deixa tocar pelas m\u00e3o do sacerdote: \u201cEis que Ele se humilha todos os dias; tal como na hora em que, descendo do seu trono real para o seio da Virgem, vem diariamente a n\u00f3s sob apar\u00eancia humilde; todos os dias desce do seio do Pai sobre o altar, nas m\u00e3os do sacerdote\u201d (Adm 1, 16-18).<\/p>\n<p>Car\u00edssimos irm\u00e3os e irm\u00e3s, celebrar a alegria da Solenidade do Natal \u00e9 considerar at\u00e9 onde Deus no seu inef\u00e1vel mist\u00e9rio de amor foi capaz de chegar e o que Deus veio a ser por cada um de n\u00f3s. O Natal provoca-nos a contemplar a Palavra que se fez carne e nos leva a admirar, como Santo Agostinho ou S\u00e3o Francisco de Assis, a revela\u00e7\u00e3o do Amor divino para com toda a sua cria\u00e7\u00e3o.<\/p>\n<p>Nesta f\u00e9 e alegria lhes desejo os melhores votos de Feliz Natal.<\/p>\n<p>Fraternalmente,<\/p>\n<p><strong>Frei Fid\u00eancio Vanboemmel, OFM<\/strong><br \/>\nMinistro Provincial<\/p>\n","protected":false},"excerpt":{"rendered":"<p>Mensagem<\/p>\n","protected":false},"author":1,"featured_media":193239,"comment_status":"open","ping_status":"open","sticky":false,"template":"","format":"standard","meta":[],"categories":[1],"tags":[366],"acf":[],"yoast_head":"<!-- This site is optimized with the Yoast SEO plugin v19.2 - https:\/\/yoast.com\/wordpress\/plugins\/seo\/ -->\n<title>Carta do Ministro Provincial por ocasi\u00e3o do Natal - Not\u00edcias - Franciscanos<\/title>\n<meta name=\"robots\" content=\"index, follow, max-snippet:-1, max-image-preview:large, max-video-preview:-1\" \/>\n<link rel=\"canonical\" href=\"https:\/\/franciscanos.org.br\/noticias\/mensagem-de-natal-do-ministro-provincial.html\" \/>\n<meta property=\"og:locale\" content=\"pt_BR\" \/>\n<meta property=\"og:type\" content=\"article\" \/>\n<meta property=\"og:title\" content=\"Carta do Ministro Provincial por ocasi\u00e3o do Natal - Not\u00edcias - Franciscanos\" \/>\n<meta property=\"og:description\" content=\"Mensagem\" \/>\n<meta property=\"og:url\" content=\"https:\/\/franciscanos.org.br\/noticias\/mensagem-de-natal-do-ministro-provincial.html\" \/>\n<meta property=\"og:site_name\" content=\"Not\u00edcias - Franciscanos\" \/>\n<meta property=\"article:published_time\" content=\"2017-12-18T12:15:48+00:00\" \/>\n<meta property=\"article:modified_time\" content=\"2018-12-26T12:47:18+00:00\" \/>\n<meta property=\"og:image\" content=\"https:\/\/franciscanos.org.br\/noticias\/wp-content\/uploads\/2017\/12\/mensagem_natal_251218.jpg\" \/>\n\t<meta property=\"og:image:width\" content=\"346\" \/>\n\t<meta property=\"og:image:height\" content=\"229\" \/>\n\t<meta property=\"og:image:type\" content=\"image\/jpeg\" \/>\n<meta name=\"author\" content=\"admin\" \/>\n<meta name=\"twitter:card\" content=\"summary_large_image\" \/>\n<meta name=\"twitter:label1\" content=\"Escrito por\" \/>\n\t<meta name=\"twitter:data1\" content=\"admin\" \/>\n\t<meta name=\"twitter:label2\" content=\"Est. tempo de leitura\" \/>\n\t<meta name=\"twitter:data2\" content=\"5 minutos\" \/>\n<script type=\"application\/ld+json\" class=\"yoast-schema-graph\">{\"@context\":\"https:\/\/schema.org\",\"@graph\":[{\"@type\":\"WebSite\",\"@id\":\"https:\/\/franciscanos.org.br\/noticias\/#website\",\"url\":\"https:\/\/franciscanos.org.br\/noticias\/\",\"name\":\"Not\u00edcias - Franciscanos\",\"description\":\"Prov\u00edncia Franciscana da Imaculada Concei\u00e7\u00e3o do Brasil - Ordem dos Frades Menores - OFM\",\"potentialAction\":[{\"@type\":\"SearchAction\",\"target\":{\"@type\":\"EntryPoint\",\"urlTemplate\":\"https:\/\/franciscanos.org.br\/noticias\/?s={search_term_string}\"},\"query-input\":\"required name=search_term_string\"}],\"inLanguage\":\"pt-BR\"},{\"@type\":\"ImageObject\",\"inLanguage\":\"pt-BR\",\"@id\":\"https:\/\/franciscanos.org.br\/noticias\/mensagem-de-natal-do-ministro-provincial.html#primaryimage\",\"url\":\"https:\/\/franciscanos.org.br\/noticias\/wp-content\/uploads\/2017\/12\/mensagem_natal_251218.jpg\",\"contentUrl\":\"https:\/\/franciscanos.org.br\/noticias\/wp-content\/uploads\/2017\/12\/mensagem_natal_251218.jpg\",\"width\":346,\"height\":229},{\"@type\":\"WebPage\",\"@id\":\"https:\/\/franciscanos.org.br\/noticias\/mensagem-de-natal-do-ministro-provincial.html#webpage\",\"url\":\"https:\/\/franciscanos.org.br\/noticias\/mensagem-de-natal-do-ministro-provincial.html\",\"name\":\"Carta do Ministro Provincial por ocasi\u00e3o do Natal - Not\u00edcias - Franciscanos\",\"isPartOf\":{\"@id\":\"https:\/\/franciscanos.org.br\/noticias\/#website\"},\"primaryImageOfPage\":{\"@id\":\"https:\/\/franciscanos.org.br\/noticias\/mensagem-de-natal-do-ministro-provincial.html#primaryimage\"},\"datePublished\":\"2017-12-18T12:15:48+00:00\",\"dateModified\":\"2018-12-26T12:47:18+00:00\",\"author\":{\"@id\":\"https:\/\/franciscanos.org.br\/noticias\/#\/schema\/person\/b38fbf43118f02820bd932f2e4b14ad3\"},\"breadcrumb\":{\"@id\":\"https:\/\/franciscanos.org.br\/noticias\/mensagem-de-natal-do-ministro-provincial.html#breadcrumb\"},\"inLanguage\":\"pt-BR\",\"potentialAction\":[{\"@type\":\"ReadAction\",\"target\":[\"https:\/\/franciscanos.org.br\/noticias\/mensagem-de-natal-do-ministro-provincial.html\"]}]},{\"@type\":\"BreadcrumbList\",\"@id\":\"https:\/\/franciscanos.org.br\/noticias\/mensagem-de-natal-do-ministro-provincial.html#breadcrumb\",\"itemListElement\":[{\"@type\":\"ListItem\",\"position\":1,\"name\":\"Home\",\"item\":\"https:\/\/franciscanos.org.br\/noticias\"},{\"@type\":\"ListItem\",\"position\":2,\"name\":\"Carta do Ministro Provincial por ocasi\u00e3o do Natal\"}]},{\"@type\":\"Person\",\"@id\":\"https:\/\/franciscanos.org.br\/noticias\/#\/schema\/person\/b38fbf43118f02820bd932f2e4b14ad3\",\"name\":\"admin\",\"image\":{\"@type\":\"ImageObject\",\"inLanguage\":\"pt-BR\",\"@id\":\"https:\/\/franciscanos.org.br\/noticias\/#\/schema\/person\/image\/\",\"url\":\"https:\/\/secure.gravatar.com\/avatar\/e8495742d34d0ba6448ea1c628263b3e?s=96&d=mm&r=g\",\"contentUrl\":\"https:\/\/secure.gravatar.com\/avatar\/e8495742d34d0ba6448ea1c628263b3e?s=96&d=mm&r=g\",\"caption\":\"admin\"},\"url\":\"https:\/\/franciscanos.org.br\/noticias\/author\/admin\"}]}<\/script>\n<!-- \/ Yoast SEO plugin. -->","yoast_head_json":{"title":"Carta do Ministro Provincial por ocasi\u00e3o do Natal - Not\u00edcias - Franciscanos","robots":{"index":"index","follow":"follow","max-snippet":"max-snippet:-1","max-image-preview":"max-image-preview:large","max-video-preview":"max-video-preview:-1"},"canonical":"https:\/\/franciscanos.org.br\/noticias\/mensagem-de-natal-do-ministro-provincial.html","og_locale":"pt_BR","og_type":"article","og_title":"Carta do Ministro Provincial por ocasi\u00e3o do Natal - Not\u00edcias - Franciscanos","og_description":"Mensagem","og_url":"https:\/\/franciscanos.org.br\/noticias\/mensagem-de-natal-do-ministro-provincial.html","og_site_name":"Not\u00edcias - Franciscanos","article_published_time":"2017-12-18T12:15:48+00:00","article_modified_time":"2018-12-26T12:47:18+00:00","og_image":[{"width":346,"height":229,"url":"https:\/\/franciscanos.org.br\/noticias\/wp-content\/uploads\/2017\/12\/mensagem_natal_251218.jpg","type":"image\/jpeg"}],"author":"admin","twitter_card":"summary_large_image","twitter_misc":{"Escrito por":"admin","Est. tempo de leitura":"5 minutos"},"schema":{"@context":"https:\/\/schema.org","@graph":[{"@type":"WebSite","@id":"https:\/\/franciscanos.org.br\/noticias\/#website","url":"https:\/\/franciscanos.org.br\/noticias\/","name":"Not\u00edcias - Franciscanos","description":"Prov\u00edncia Franciscana da Imaculada Concei\u00e7\u00e3o do Brasil - Ordem dos Frades Menores - OFM","potentialAction":[{"@type":"SearchAction","target":{"@type":"EntryPoint","urlTemplate":"https:\/\/franciscanos.org.br\/noticias\/?s={search_term_string}"},"query-input":"required name=search_term_string"}],"inLanguage":"pt-BR"},{"@type":"ImageObject","inLanguage":"pt-BR","@id":"https:\/\/franciscanos.org.br\/noticias\/mensagem-de-natal-do-ministro-provincial.html#primaryimage","url":"https:\/\/franciscanos.org.br\/noticias\/wp-content\/uploads\/2017\/12\/mensagem_natal_251218.jpg","contentUrl":"https:\/\/franciscanos.org.br\/noticias\/wp-content\/uploads\/2017\/12\/mensagem_natal_251218.jpg","width":346,"height":229},{"@type":"WebPage","@id":"https:\/\/franciscanos.org.br\/noticias\/mensagem-de-natal-do-ministro-provincial.html#webpage","url":"https:\/\/franciscanos.org.br\/noticias\/mensagem-de-natal-do-ministro-provincial.html","name":"Carta do Ministro Provincial por ocasi\u00e3o do Natal - Not\u00edcias - Franciscanos","isPartOf":{"@id":"https:\/\/franciscanos.org.br\/noticias\/#website"},"primaryImageOfPage":{"@id":"https:\/\/franciscanos.org.br\/noticias\/mensagem-de-natal-do-ministro-provincial.html#primaryimage"},"datePublished":"2017-12-18T12:15:48+00:00","dateModified":"2018-12-26T12:47:18+00:00","author":{"@id":"https:\/\/franciscanos.org.br\/noticias\/#\/schema\/person\/b38fbf43118f02820bd932f2e4b14ad3"},"breadcrumb":{"@id":"https:\/\/franciscanos.org.br\/noticias\/mensagem-de-natal-do-ministro-provincial.html#breadcrumb"},"inLanguage":"pt-BR","potentialAction":[{"@type":"ReadAction","target":["https:\/\/franciscanos.org.br\/noticias\/mensagem-de-natal-do-ministro-provincial.html"]}]},{"@type":"BreadcrumbList","@id":"https:\/\/franciscanos.org.br\/noticias\/mensagem-de-natal-do-ministro-provincial.html#breadcrumb","itemListElement":[{"@type":"ListItem","position":1,"name":"Home","item":"https:\/\/franciscanos.org.br\/noticias"},{"@type":"ListItem","position":2,"name":"Carta do Ministro Provincial por ocasi\u00e3o do Natal"}]},{"@type":"Person","@id":"https:\/\/franciscanos.org.br\/noticias\/#\/schema\/person\/b38fbf43118f02820bd932f2e4b14ad3","name":"admin","image":{"@type":"ImageObject","inLanguage":"pt-BR","@id":"https:\/\/franciscanos.org.br\/noticias\/#\/schema\/person\/image\/","url":"https:\/\/secure.gravatar.com\/avatar\/e8495742d34d0ba6448ea1c628263b3e?s=96&d=mm&r=g","contentUrl":"https:\/\/secure.gravatar.com\/avatar\/e8495742d34d0ba6448ea1c628263b3e?s=96&d=mm&r=g","caption":"admin"},"url":"https:\/\/franciscanos.org.br\/noticias\/author\/admin"}]}},"_links":{"self":[{"href":"https:\/\/franciscanos.org.br\/noticias\/wp-json\/wp\/v2\/posts\/147910"}],"collection":[{"href":"https:\/\/franciscanos.org.br\/noticias\/wp-json\/wp\/v2\/posts"}],"about":[{"href":"https:\/\/franciscanos.org.br\/noticias\/wp-json\/wp\/v2\/types\/post"}],"author":[{"embeddable":true,"href":"https:\/\/franciscanos.org.br\/noticias\/wp-json\/wp\/v2\/users\/1"}],"replies":[{"embeddable":true,"href":"https:\/\/franciscanos.org.br\/noticias\/wp-json\/wp\/v2\/comments?post=147910"}],"version-history":[{"count":0,"href":"https:\/\/franciscanos.org.br\/noticias\/wp-json\/wp\/v2\/posts\/147910\/revisions"}],"wp:featuredmedia":[{"embeddable":true,"href":"https:\/\/franciscanos.org.br\/noticias\/wp-json\/wp\/v2\/media\/193239"}],"wp:attachment":[{"href":"https:\/\/franciscanos.org.br\/noticias\/wp-json\/wp\/v2\/media?parent=147910"}],"wp:term":[{"taxonomy":"category","embeddable":true,"href":"https:\/\/franciscanos.org.br\/noticias\/wp-json\/wp\/v2\/categories?post=147910"},{"taxonomy":"post_tag","embeddable":true,"href":"https:\/\/franciscanos.org.br\/noticias\/wp-json\/wp\/v2\/tags?post=147910"}],"curies":[{"name":"wp","href":"https:\/\/api.w.org\/{rel}","templated":true}]}}