{"id":147882,"date":"2017-12-18T08:47:28","date_gmt":"2017-12-18T10:47:28","guid":{"rendered":"http:\/\/franciscanos.org.br\/?p=147882"},"modified":"2020-06-08T15:30:44","modified_gmt":"2020-06-08T18:30:44","slug":"papa-jose-e-exemplo-de-homem-que-assume-o-misterio-de-deus","status":"publish","type":"post","link":"https:\/\/franciscanos.org.br\/noticias\/papa-jose-e-exemplo-de-homem-que-assume-o-misterio-de-deus.html","title":{"rendered":"Jos\u00e9 \u00e9 exemplo de homem que assume o mist\u00e9rio de Deus"},"content":{"rendered":"<p><img loading=\"lazy\" src=\"http:\/\/franciscanos.org.br\/wp-content\/uploads\/2017\/12\/papa_181217.jpg\" alt=\"papa_181217\" width=\"820\" height=\"461\" \/><\/p>\n<p><strong>Vaticano<\/strong> &#8211; Nos problemas, nas ang\u00fastias, nas obscuridades, aprendamos com S\u00e3o Jos\u00e9, que sabe &#8220;como caminhar na escurid\u00e3o&#8221;, que sabe &#8220;como se ouve a voz de Deus&#8221;, &#8220;como se vai avante em sil\u00eancio. Palavras do Papa Francisco na Missa desta manh\u00e3 na Casa Santa Marta, comentando o Evangelho do dia, extra\u00eddo do Evangelho de Mateus, em que se explica que Jesus nascer\u00e1 de Maria, esposa de Jos\u00e9, filho de Davi.<\/p>\n<p>Francisco falou da emo\u00e7\u00e3o de Jos\u00e9 quando come\u00e7aram as ser vis\u00edveis os sinais da gravidez de Maria: fala das d\u00favidas daquele homem, da sua dor, do seu sofrimento, enquanto todos a sua volta come\u00e7avam a murmurar, \u201cos fofoqueiros da cidade\u201d.<\/p>\n<p>Ele \u201cn\u00e3o sabia\u201d, mas sabia que Maria era \u201cuma mulher de Deus\u201d: decidiu assim \u201cdeix\u00e1-la em sil\u00eancio\u201d, n\u00e3o acusando-a \u201cpublicamente\u201d, at\u00e9 que que o Senhor interviesse, com um anjo no sonho, que lhe explicou que a crian\u00e7a \u201cnela gerada\u201d vinha do Esp\u00edrito Santo. E assim \u201cacreditou e obedeceu\u201d.<\/p>\n<p>Jos\u00e9 lutava dentro; naquela luta, a voz de Deus: \u201cMas levante-te \u2013 aquele levante-te\u2019, muitas vezes, no in\u00edcio de uma miss\u00e3o, na B\u00edblia: \u2018Levanta-te!\u2019 \u2013 pegue Maria, leve para a sua casa. Assuma a situa\u00e7\u00e3o: pegue pela m\u00e3o e vai em frente\u201d. Jos\u00e9 n\u00e3o foi ter com os amigos para se confortar, n\u00e3o foi ao psiquiatra para que interpretasse o sonho&#8230; n\u00e3o: acreditou. Foi avante. Assumiu a situa\u00e7\u00e3o. Mas o que Jos\u00e9 tinha que assumir? Qual era a situa\u00e7\u00e3o? De duas coisas. Da paternidade e do mist\u00e9rio.<\/p>\n<p>Jos\u00e9, acrescentou o Papa, teve ent\u00e3o que assumir a paternidade. E isso j\u00e1 se intu\u00eda na \u201cgenealogia de Jesus\u201d, em que se explica como \u201cse pensava que fosse o filho de Jos\u00e9\u201d: Ele assumiu uma paternidade que n\u00e3o era sua: era [vinha] do Pai. E levou avante a paternidade com aquilo que significa: n\u00e3o s\u00f3 apoiar Maria e a crian\u00e7a, mas tamb\u00e9m faz\u00ea-lo crescer, ensinar-lhe a profiss\u00e3o, acompanha-lo \u00e0 maturidade de homem. \u201cAssuma a paternidade que n\u00e3o \u00e8 tua, \u00e8 de Deus\u201d. E isso sem dizer uma palavra. No Evangelho, n\u00e3o tem uma s\u00f3 palavra dita sobre Jos\u00e9. O homem do sil\u00eancio, da obedi\u00eancia silenciosa.<\/p>\n<p>\u00c9 tamb\u00e9m o homem que \u201cassumiu\u201d o mist\u00e9rio: como explicado na primeira Leitura, \u00e9 o mist\u00e9rio de \u201creconduzir o povo a Deus\u201d, o mist\u00e9rio \u201cda re-Cria\u00e7\u00e3o\u201d que, como diz a Liturgia, \u00e9 \u201cmais maravilhosa do que a Cria\u00e7\u00e3o\u201d.<\/p>\n<p>Jos\u00e9 assume este mist\u00e9rio e ajuda: com o seu sil\u00eancio, com o seu trabalho at\u00e9 o momento que Deus o chama para si. Deste homem que assumiu a paternidade e do mist\u00e9rio, se diz que [\u00e9] sombra do Pai: a sombra de Deus Pai. E se Jesus homem aprendeu a dizer \u201cpapai\u201d, \u201cpai\u201d, ao seu Pai que conhecia como Deus, aprendeu isso da vida, do testemunho de Jos\u00e9: o homem que custodia, o homem que faz crescer, o homem que leva avante toda paternidade e todo mist\u00e9rio, mas n\u00e3o pega nada para si.<\/p>\n<p>Este, concluiu Francisco, \u00e9 o \u201cgrande Jos\u00e9\u201d, do qual Deus precisava para levar avante \u201co mist\u00e9rio de re-conduzir o povo rumo \u00e0 nova Cria\u00e7\u00e3o\u201d.<\/p>\n<hr \/>\n<p><em>Fonte: Vatican News<\/em><\/p>\n","protected":false},"excerpt":{"rendered":"<p>Missa em Santa Marta<\/p>\n","protected":false},"author":1,"featured_media":222331,"comment_status":"open","ping_status":"open","sticky":false,"template":"","format":"standard","meta":[],"categories":[1428],"tags":[1586],"acf":[],"yoast_head":"<!-- This site is optimized with the Yoast SEO plugin v19.2 - https:\/\/yoast.com\/wordpress\/plugins\/seo\/ -->\n<title>Jos\u00e9 \u00e9 exemplo de homem que assume o mist\u00e9rio de Deus - Not\u00edcias - Franciscanos<\/title>\n<meta name=\"robots\" content=\"index, follow, max-snippet:-1, max-image-preview:large, max-video-preview:-1\" \/>\n<link rel=\"canonical\" href=\"https:\/\/franciscanos.org.br\/noticias\/papa-jose-e-exemplo-de-homem-que-assume-o-misterio-de-deus.html\" \/>\n<meta property=\"og:locale\" content=\"pt_BR\" \/>\n<meta property=\"og:type\" content=\"article\" \/>\n<meta property=\"og:title\" content=\"Jos\u00e9 \u00e9 exemplo de homem que assume o mist\u00e9rio de Deus - Not\u00edcias - Franciscanos\" \/>\n<meta property=\"og:description\" content=\"Missa em Santa Marta\" \/>\n<meta property=\"og:url\" content=\"https:\/\/franciscanos.org.br\/noticias\/papa-jose-e-exemplo-de-homem-que-assume-o-misterio-de-deus.html\" \/>\n<meta property=\"og:site_name\" content=\"Not\u00edcias - Franciscanos\" \/>\n<meta property=\"article:published_time\" content=\"2017-12-18T10:47:28+00:00\" \/>\n<meta property=\"article:modified_time\" content=\"2020-06-08T18:30:44+00:00\" \/>\n<meta property=\"og:image\" content=\"https:\/\/franciscanos.org.br\/noticias\/wp-content\/uploads\/2017\/12\/papa_181217.jpg\" \/>\n\t<meta property=\"og:image:width\" content=\"273\" \/>\n\t<meta property=\"og:image:height\" content=\"181\" \/>\n\t<meta property=\"og:image:type\" content=\"image\/jpeg\" \/>\n<meta name=\"author\" content=\"admin\" \/>\n<meta name=\"twitter:card\" content=\"summary_large_image\" \/>\n<meta name=\"twitter:label1\" content=\"Escrito por\" \/>\n\t<meta name=\"twitter:data1\" content=\"admin\" \/>\n\t<meta name=\"twitter:label2\" content=\"Est. tempo de leitura\" \/>\n\t<meta name=\"twitter:data2\" content=\"3 minutos\" \/>\n<script type=\"application\/ld+json\" class=\"yoast-schema-graph\">{\"@context\":\"https:\/\/schema.org\",\"@graph\":[{\"@type\":\"WebSite\",\"@id\":\"https:\/\/franciscanos.org.br\/noticias\/#website\",\"url\":\"https:\/\/franciscanos.org.br\/noticias\/\",\"name\":\"Not\u00edcias - Franciscanos\",\"description\":\"Prov\u00edncia Franciscana da Imaculada Concei\u00e7\u00e3o do Brasil - Ordem dos Frades Menores - OFM\",\"potentialAction\":[{\"@type\":\"SearchAction\",\"target\":{\"@type\":\"EntryPoint\",\"urlTemplate\":\"https:\/\/franciscanos.org.br\/noticias\/?s={search_term_string}\"},\"query-input\":\"required name=search_term_string\"}],\"inLanguage\":\"pt-BR\"},{\"@type\":\"ImageObject\",\"inLanguage\":\"pt-BR\",\"@id\":\"https:\/\/franciscanos.org.br\/noticias\/papa-jose-e-exemplo-de-homem-que-assume-o-misterio-de-deus.html#primaryimage\",\"url\":\"https:\/\/franciscanos.org.br\/noticias\/wp-content\/uploads\/2017\/12\/papa_181217.jpg\",\"contentUrl\":\"https:\/\/franciscanos.org.br\/noticias\/wp-content\/uploads\/2017\/12\/papa_181217.jpg\",\"width\":273,\"height\":181},{\"@type\":\"WebPage\",\"@id\":\"https:\/\/franciscanos.org.br\/noticias\/papa-jose-e-exemplo-de-homem-que-assume-o-misterio-de-deus.html#webpage\",\"url\":\"https:\/\/franciscanos.org.br\/noticias\/papa-jose-e-exemplo-de-homem-que-assume-o-misterio-de-deus.html\",\"name\":\"Jos\u00e9 \u00e9 exemplo de homem que assume o mist\u00e9rio de Deus - Not\u00edcias - Franciscanos\",\"isPartOf\":{\"@id\":\"https:\/\/franciscanos.org.br\/noticias\/#website\"},\"primaryImageOfPage\":{\"@id\":\"https:\/\/franciscanos.org.br\/noticias\/papa-jose-e-exemplo-de-homem-que-assume-o-misterio-de-deus.html#primaryimage\"},\"datePublished\":\"2017-12-18T10:47:28+00:00\",\"dateModified\":\"2020-06-08T18:30:44+00:00\",\"author\":{\"@id\":\"https:\/\/franciscanos.org.br\/noticias\/#\/schema\/person\/b38fbf43118f02820bd932f2e4b14ad3\"},\"breadcrumb\":{\"@id\":\"https:\/\/franciscanos.org.br\/noticias\/papa-jose-e-exemplo-de-homem-que-assume-o-misterio-de-deus.html#breadcrumb\"},\"inLanguage\":\"pt-BR\",\"potentialAction\":[{\"@type\":\"ReadAction\",\"target\":[\"https:\/\/franciscanos.org.br\/noticias\/papa-jose-e-exemplo-de-homem-que-assume-o-misterio-de-deus.html\"]}]},{\"@type\":\"BreadcrumbList\",\"@id\":\"https:\/\/franciscanos.org.br\/noticias\/papa-jose-e-exemplo-de-homem-que-assume-o-misterio-de-deus.html#breadcrumb\",\"itemListElement\":[{\"@type\":\"ListItem\",\"position\":1,\"name\":\"Home\",\"item\":\"https:\/\/franciscanos.org.br\/noticias\"},{\"@type\":\"ListItem\",\"position\":2,\"name\":\"Jos\u00e9 \u00e9 exemplo de homem que assume o mist\u00e9rio de Deus\"}]},{\"@type\":\"Person\",\"@id\":\"https:\/\/franciscanos.org.br\/noticias\/#\/schema\/person\/b38fbf43118f02820bd932f2e4b14ad3\",\"name\":\"admin\",\"image\":{\"@type\":\"ImageObject\",\"inLanguage\":\"pt-BR\",\"@id\":\"https:\/\/franciscanos.org.br\/noticias\/#\/schema\/person\/image\/\",\"url\":\"https:\/\/secure.gravatar.com\/avatar\/e8495742d34d0ba6448ea1c628263b3e?s=96&d=mm&r=g\",\"contentUrl\":\"https:\/\/secure.gravatar.com\/avatar\/e8495742d34d0ba6448ea1c628263b3e?s=96&d=mm&r=g\",\"caption\":\"admin\"},\"url\":\"https:\/\/franciscanos.org.br\/noticias\/author\/admin\"}]}<\/script>\n<!-- \/ Yoast SEO plugin. -->","yoast_head_json":{"title":"Jos\u00e9 \u00e9 exemplo de homem que assume o mist\u00e9rio de Deus - Not\u00edcias - Franciscanos","robots":{"index":"index","follow":"follow","max-snippet":"max-snippet:-1","max-image-preview":"max-image-preview:large","max-video-preview":"max-video-preview:-1"},"canonical":"https:\/\/franciscanos.org.br\/noticias\/papa-jose-e-exemplo-de-homem-que-assume-o-misterio-de-deus.html","og_locale":"pt_BR","og_type":"article","og_title":"Jos\u00e9 \u00e9 exemplo de homem que assume o mist\u00e9rio de Deus - Not\u00edcias - Franciscanos","og_description":"Missa em Santa Marta","og_url":"https:\/\/franciscanos.org.br\/noticias\/papa-jose-e-exemplo-de-homem-que-assume-o-misterio-de-deus.html","og_site_name":"Not\u00edcias - Franciscanos","article_published_time":"2017-12-18T10:47:28+00:00","article_modified_time":"2020-06-08T18:30:44+00:00","og_image":[{"width":273,"height":181,"url":"https:\/\/franciscanos.org.br\/noticias\/wp-content\/uploads\/2017\/12\/papa_181217.jpg","type":"image\/jpeg"}],"author":"admin","twitter_card":"summary_large_image","twitter_misc":{"Escrito por":"admin","Est. tempo de leitura":"3 minutos"},"schema":{"@context":"https:\/\/schema.org","@graph":[{"@type":"WebSite","@id":"https:\/\/franciscanos.org.br\/noticias\/#website","url":"https:\/\/franciscanos.org.br\/noticias\/","name":"Not\u00edcias - Franciscanos","description":"Prov\u00edncia Franciscana da Imaculada Concei\u00e7\u00e3o do Brasil - Ordem dos Frades Menores - OFM","potentialAction":[{"@type":"SearchAction","target":{"@type":"EntryPoint","urlTemplate":"https:\/\/franciscanos.org.br\/noticias\/?s={search_term_string}"},"query-input":"required name=search_term_string"}],"inLanguage":"pt-BR"},{"@type":"ImageObject","inLanguage":"pt-BR","@id":"https:\/\/franciscanos.org.br\/noticias\/papa-jose-e-exemplo-de-homem-que-assume-o-misterio-de-deus.html#primaryimage","url":"https:\/\/franciscanos.org.br\/noticias\/wp-content\/uploads\/2017\/12\/papa_181217.jpg","contentUrl":"https:\/\/franciscanos.org.br\/noticias\/wp-content\/uploads\/2017\/12\/papa_181217.jpg","width":273,"height":181},{"@type":"WebPage","@id":"https:\/\/franciscanos.org.br\/noticias\/papa-jose-e-exemplo-de-homem-que-assume-o-misterio-de-deus.html#webpage","url":"https:\/\/franciscanos.org.br\/noticias\/papa-jose-e-exemplo-de-homem-que-assume-o-misterio-de-deus.html","name":"Jos\u00e9 \u00e9 exemplo de homem que assume o mist\u00e9rio de Deus - Not\u00edcias - Franciscanos","isPartOf":{"@id":"https:\/\/franciscanos.org.br\/noticias\/#website"},"primaryImageOfPage":{"@id":"https:\/\/franciscanos.org.br\/noticias\/papa-jose-e-exemplo-de-homem-que-assume-o-misterio-de-deus.html#primaryimage"},"datePublished":"2017-12-18T10:47:28+00:00","dateModified":"2020-06-08T18:30:44+00:00","author":{"@id":"https:\/\/franciscanos.org.br\/noticias\/#\/schema\/person\/b38fbf43118f02820bd932f2e4b14ad3"},"breadcrumb":{"@id":"https:\/\/franciscanos.org.br\/noticias\/papa-jose-e-exemplo-de-homem-que-assume-o-misterio-de-deus.html#breadcrumb"},"inLanguage":"pt-BR","potentialAction":[{"@type":"ReadAction","target":["https:\/\/franciscanos.org.br\/noticias\/papa-jose-e-exemplo-de-homem-que-assume-o-misterio-de-deus.html"]}]},{"@type":"BreadcrumbList","@id":"https:\/\/franciscanos.org.br\/noticias\/papa-jose-e-exemplo-de-homem-que-assume-o-misterio-de-deus.html#breadcrumb","itemListElement":[{"@type":"ListItem","position":1,"name":"Home","item":"https:\/\/franciscanos.org.br\/noticias"},{"@type":"ListItem","position":2,"name":"Jos\u00e9 \u00e9 exemplo de homem que assume o mist\u00e9rio de Deus"}]},{"@type":"Person","@id":"https:\/\/franciscanos.org.br\/noticias\/#\/schema\/person\/b38fbf43118f02820bd932f2e4b14ad3","name":"admin","image":{"@type":"ImageObject","inLanguage":"pt-BR","@id":"https:\/\/franciscanos.org.br\/noticias\/#\/schema\/person\/image\/","url":"https:\/\/secure.gravatar.com\/avatar\/e8495742d34d0ba6448ea1c628263b3e?s=96&d=mm&r=g","contentUrl":"https:\/\/secure.gravatar.com\/avatar\/e8495742d34d0ba6448ea1c628263b3e?s=96&d=mm&r=g","caption":"admin"},"url":"https:\/\/franciscanos.org.br\/noticias\/author\/admin"}]}},"_links":{"self":[{"href":"https:\/\/franciscanos.org.br\/noticias\/wp-json\/wp\/v2\/posts\/147882"}],"collection":[{"href":"https:\/\/franciscanos.org.br\/noticias\/wp-json\/wp\/v2\/posts"}],"about":[{"href":"https:\/\/franciscanos.org.br\/noticias\/wp-json\/wp\/v2\/types\/post"}],"author":[{"embeddable":true,"href":"https:\/\/franciscanos.org.br\/noticias\/wp-json\/wp\/v2\/users\/1"}],"replies":[{"embeddable":true,"href":"https:\/\/franciscanos.org.br\/noticias\/wp-json\/wp\/v2\/comments?post=147882"}],"version-history":[{"count":2,"href":"https:\/\/franciscanos.org.br\/noticias\/wp-json\/wp\/v2\/posts\/147882\/revisions"}],"predecessor-version":[{"id":225155,"href":"https:\/\/franciscanos.org.br\/noticias\/wp-json\/wp\/v2\/posts\/147882\/revisions\/225155"}],"wp:featuredmedia":[{"embeddable":true,"href":"https:\/\/franciscanos.org.br\/noticias\/wp-json\/wp\/v2\/media\/222331"}],"wp:attachment":[{"href":"https:\/\/franciscanos.org.br\/noticias\/wp-json\/wp\/v2\/media?parent=147882"}],"wp:term":[{"taxonomy":"category","embeddable":true,"href":"https:\/\/franciscanos.org.br\/noticias\/wp-json\/wp\/v2\/categories?post=147882"},{"taxonomy":"post_tag","embeddable":true,"href":"https:\/\/franciscanos.org.br\/noticias\/wp-json\/wp\/v2\/tags?post=147882"}],"curies":[{"name":"wp","href":"https:\/\/api.w.org\/{rel}","templated":true}]}}