{"id":147875,"date":"2017-12-18T07:43:57","date_gmt":"2017-12-18T09:43:57","guid":{"rendered":"http:\/\/franciscanos.org.br\/?p=147875"},"modified":"2019-12-09T08:30:33","modified_gmt":"2019-12-09T11:30:33","slug":"festa-marca-conclusao-do-curso-de-filosofia-da-fae","status":"publish","type":"post","link":"https:\/\/franciscanos.org.br\/noticias\/festa-marca-conclusao-do-curso-de-filosofia-da-fae.html","title":{"rendered":"Festa marca conclus\u00e3o do curso de Filosofia da FAE"},"content":{"rendered":"<p><img loading=\"lazy\" src=\"http:\/\/franciscanos.org.br\/wp-content\/uploads\/2017\/12\/filosofia_181217.jpg\" alt=\"filosofia_181217\" width=\"830\" height=\"460\" \/><\/p>\n<p><strong>Frei Augusto Luiz Gabriel<\/strong><\/p>\n<p><strong>Curitiba (PR)<\/strong> \u2013 Na \u00faltima sexta-feira (15\/12), o anfiteatro da FAE-Centro Universit\u00e1rio foi o palco da celebra\u00e7\u00e3o de formatura de Frei Augusto Luiz Gabriel, Frei Erick de Araujo Lazaro, Frei David Belinelli, Frei Douglas da Silva, Frei Heberti Senra In\u00e1cio e Frei Samuel Santos Soares. Num clima de muita alegria e gratid\u00e3o, os frades juntaram-se aos demais alunos concluintes do curso de Filosofia para que, assim, ap\u00f3s tr\u00eas anos de estudos filos\u00f3ficos, pudessem finalizar com festa mais uma etapa de suas vidas!<\/p>\n<p>A celebra\u00e7\u00e3o foi solene e de car\u00e1ter simb\u00f3lico, pois a cola\u00e7\u00e3o de grau oficial da institui\u00e7\u00e3o ser\u00e1 feita em mar\u00e7o do pr\u00f3ximo ano por quest\u00f5es legislativas! Por\u00e9m, esse fator n\u00e3o tirou o brilhantismo da noite! Um a um, os formandos tomaram os seus lugares, sendo aplaudidos calorosamente por seus familiares, professores, formadores e amigos que marcaram presen\u00e7a. Compuseram a mesa de honra o coordenador e professor do curso de filosofia, Frei Jairo Ferrandin, e a paraninfa escolhida pela turma, professora doutora Luciana da Silva Teixeira.<\/p>\n<p>Ap\u00f3s a entona\u00e7\u00e3o do Hino Nacional Brasileiro, os frades de Profiss\u00e3o Tempor\u00e1ria, da Fraternidade S\u00e3o Boaventura de Rondinha \u2013 Campo Largo (PR), foram convidados a conduzirem um momento orante e de a\u00e7\u00e3o de gra\u00e7as. Para Douglas da Silva, aquele momento dava in\u00edcio a uma nova etapa em suas vidas. \u201cNestes tr\u00eas anos, algu\u00e9m nos acompanhou de perto, auxiliando, ensinando e nos encorajando a sempre mais buscar e questionar. Tornamo-nos pr\u00f3ximos da sabedoria na medida em que submergimos em seus saberes. Por isso que queremos louvar e agradecer a Deus, pela nossa mais \u00edntima amiga, a sabedoria\u201d, acrescentou Frei Douglas.<\/p>\n<p>Em seguida, chegou a vez de um dos momentos mais esperados por todos: o discurso da paraninfa, professora Luciana. Tomada pela emo\u00e7\u00e3o, n\u00e3o escondeu sua alegria e emo\u00e7\u00e3o em estar ali presente. Destacou a docente: \u201cEsta turma, como sempre disse \u00e9 muito especial. Voc\u00eas sempre buscaram excel\u00eancia em tudo. Todos dedicados e \u00e1vidos por um mesmo objetivo: sair daqui melhor do que chegaram. Com certeza, o objetivo foi alcan\u00e7ado. Voc\u00eas, al\u00e9m de terem se tornado profissionais dotados de conhecimento para assumir e honrar a Filosofia, s\u00e3o, acima de tudo, seres humanos de qualidade \u00edmpar, e tenho certeza de que aprender, lutar, rir, perdoar, cair, levantar, sonhar&#8230; s\u00e3o a\u00e7\u00f5es que far\u00e3o sempre parte da vida de cada um\u201d, enfatizou a professora Luciana. \u201cAo terminar esta etapa, cada um de voc\u00eas tem plena consci\u00eancia da sua miss\u00e3o, como profissional, como ser humano, como religioso para desenvolvimento social, pol\u00edtico e sustent\u00e1vel deste pa\u00eds\u201d, continuou, emocionando a todos: \u201cAgora, v\u00e3o! Voc\u00eas j\u00e1 sabem ir sozinhos\u201d.<\/p>\n<p><img loading=\"lazy\" src=\"http:\/\/franciscanos.org.br\/wp-content\/uploads\/2017\/12\/filosofia_181217_2.jpg\" alt=\"filosofia_181217_2\" width=\"830\" height=\"410\" \/><\/p>\n<p>O orador da turma, Jos\u00e9 Madson dos Reis, em seu discurso, relembrou a pergunta feita pelo professor Osmar Ponchirolli para cada aluno no primeiro dia de aula: \u201cPor que estudar Filosofia?\u201d, e recordou as mais variadas respostas dadas por cada um. \u201cSe esta pergunta fosse feita novamente, certamente a resposta seria outra, porque nos somos outros. Portanto, vivemos em uma constante transforma\u00e7\u00e3o. Durante estes tr\u00eas anos vivenciamos in\u00fameras experi\u00eancias. Viver significa a arte da transforma\u00e7\u00e3o. A cada m\u00eas, a cada semestre, experimentamos sentimentos diferentes, conduzindo-nos a uma vida pautada na reflex\u00e3o do pensamento, sobretudo, nas in\u00fameras possibilidades apresentadas no percurso da vida\u201d, proferiu o orador.<\/p>\n<p>Grande emo\u00e7\u00e3o e gratid\u00e3o foi o momento em que a discente Ana Maria agradeceu aos pais e professores. Logo em seguida, com muita descontra\u00e7\u00e3o, aplausos e pose para fotos, cada formando foi chamado pelo nome, e recebeu das m\u00e3os da paraninfa Luciana Teixeira o famoso canudo com o juramento do Curso de Filosofia. Tamb\u00e9m o coordenador Frei Jairo Ferrandin deixou registrado suas palavras de gratid\u00e3o e agradecimento por mais \u201cum fruto do trabalho que deu certo\u201d!<br \/>\nO que faremos com o saber? A resposta s\u00f3 poder\u00e1 ser dada pessoalmente. Por\u00e9m, todos os nossos antecessores, buscaram encarnar no mundo valores importantes, como paz, justi\u00e7a, igualdade, liberdade&#8230; Pe\u00e7amos a Deus que sejamos fi\u00e9is aos seus ensinamentos, e que possamos sempre lutar e dialogar por um mundo melhor.<\/p>\n<p><strong>CELEBRA\u00c7\u00c3O DE A\u00c7\u00c3O DE GRA\u00c7AS<\/strong><br \/>\nA celebra\u00e7\u00e3o de A\u00e7\u00e3o de Gra\u00e7as aconteceu na capela do Convento S\u00e3o Boaventura na manh\u00e3 do mesmo dia (15\/12), e contou com a presen\u00e7a de familiares e amigos dos frades formandos. Frei Rodrigo da Silva Santos, mestre dos Frades de Profiss\u00e3o Tempor\u00e1ria, foi o celebrante. Frei Estevam Gomes Pereira, o Frei Estevinho, tomando a palavra no final de celebra\u00e7\u00e3o, disse com voz firme: \u201cVoc\u00eas s\u00e3o uma d\u00e1diva na patena de oferenda ao Senhor\u201d.<\/p>\n","protected":false},"excerpt":{"rendered":"<p>Forma\u00e7\u00e3o e Estudos<\/p>\n","protected":false},"author":5,"featured_media":214767,"comment_status":"open","ping_status":"open","sticky":false,"template":"","format":"standard","meta":[],"categories":[1],"tags":[548,549],"acf":[],"yoast_head":"<!-- This site is optimized with the Yoast SEO plugin v19.2 - https:\/\/yoast.com\/wordpress\/plugins\/seo\/ -->\n<title>Festa marca conclus\u00e3o do curso de Filosofia da FAE - Not\u00edcias - Franciscanos<\/title>\n<meta name=\"robots\" content=\"index, follow, max-snippet:-1, max-image-preview:large, max-video-preview:-1\" \/>\n<link rel=\"canonical\" href=\"https:\/\/franciscanos.org.br\/noticias\/festa-marca-conclusao-do-curso-de-filosofia-da-fae.html\" \/>\n<meta property=\"og:locale\" content=\"pt_BR\" \/>\n<meta property=\"og:type\" content=\"article\" \/>\n<meta property=\"og:title\" content=\"Festa marca conclus\u00e3o do curso de Filosofia da FAE - Not\u00edcias - Franciscanos\" \/>\n<meta property=\"og:description\" content=\"Forma\u00e7\u00e3o e Estudos\" \/>\n<meta property=\"og:url\" content=\"https:\/\/franciscanos.org.br\/noticias\/festa-marca-conclusao-do-curso-de-filosofia-da-fae.html\" \/>\n<meta property=\"og:site_name\" content=\"Not\u00edcias - Franciscanos\" \/>\n<meta property=\"article:published_time\" content=\"2017-12-18T09:43:57+00:00\" \/>\n<meta property=\"article:modified_time\" content=\"2019-12-09T11:30:33+00:00\" \/>\n<meta property=\"og:image\" content=\"https:\/\/franciscanos.org.br\/noticias\/wp-content\/uploads\/2017\/12\/filosofia_181217.jpg\" \/>\n\t<meta property=\"og:image:width\" content=\"273\" \/>\n\t<meta property=\"og:image:height\" content=\"181\" \/>\n\t<meta property=\"og:image:type\" content=\"image\/jpeg\" \/>\n<meta name=\"author\" content=\"freiaugusto\" \/>\n<meta name=\"twitter:card\" content=\"summary_large_image\" \/>\n<meta name=\"twitter:label1\" content=\"Escrito por\" \/>\n\t<meta name=\"twitter:data1\" content=\"freiaugusto\" \/>\n\t<meta name=\"twitter:label2\" content=\"Est. tempo de leitura\" \/>\n\t<meta name=\"twitter:data2\" content=\"4 minutos\" \/>\n<script type=\"application\/ld+json\" class=\"yoast-schema-graph\">{\"@context\":\"https:\/\/schema.org\",\"@graph\":[{\"@type\":\"WebSite\",\"@id\":\"https:\/\/franciscanos.org.br\/noticias\/#website\",\"url\":\"https:\/\/franciscanos.org.br\/noticias\/\",\"name\":\"Not\u00edcias - Franciscanos\",\"description\":\"Prov\u00edncia Franciscana da Imaculada Concei\u00e7\u00e3o do Brasil - Ordem dos Frades Menores - OFM\",\"potentialAction\":[{\"@type\":\"SearchAction\",\"target\":{\"@type\":\"EntryPoint\",\"urlTemplate\":\"https:\/\/franciscanos.org.br\/noticias\/?s={search_term_string}\"},\"query-input\":\"required name=search_term_string\"}],\"inLanguage\":\"pt-BR\"},{\"@type\":\"ImageObject\",\"inLanguage\":\"pt-BR\",\"@id\":\"https:\/\/franciscanos.org.br\/noticias\/festa-marca-conclusao-do-curso-de-filosofia-da-fae.html#primaryimage\",\"url\":\"https:\/\/franciscanos.org.br\/noticias\/wp-content\/uploads\/2017\/12\/filosofia_181217.jpg\",\"contentUrl\":\"https:\/\/franciscanos.org.br\/noticias\/wp-content\/uploads\/2017\/12\/filosofia_181217.jpg\",\"width\":273,\"height\":181},{\"@type\":\"WebPage\",\"@id\":\"https:\/\/franciscanos.org.br\/noticias\/festa-marca-conclusao-do-curso-de-filosofia-da-fae.html#webpage\",\"url\":\"https:\/\/franciscanos.org.br\/noticias\/festa-marca-conclusao-do-curso-de-filosofia-da-fae.html\",\"name\":\"Festa marca conclus\u00e3o do curso de Filosofia da FAE - Not\u00edcias - Franciscanos\",\"isPartOf\":{\"@id\":\"https:\/\/franciscanos.org.br\/noticias\/#website\"},\"primaryImageOfPage\":{\"@id\":\"https:\/\/franciscanos.org.br\/noticias\/festa-marca-conclusao-do-curso-de-filosofia-da-fae.html#primaryimage\"},\"datePublished\":\"2017-12-18T09:43:57+00:00\",\"dateModified\":\"2019-12-09T11:30:33+00:00\",\"author\":{\"@id\":\"https:\/\/franciscanos.org.br\/noticias\/#\/schema\/person\/37f88f0d111cd5358b12a6556a99eb91\"},\"breadcrumb\":{\"@id\":\"https:\/\/franciscanos.org.br\/noticias\/festa-marca-conclusao-do-curso-de-filosofia-da-fae.html#breadcrumb\"},\"inLanguage\":\"pt-BR\",\"potentialAction\":[{\"@type\":\"ReadAction\",\"target\":[\"https:\/\/franciscanos.org.br\/noticias\/festa-marca-conclusao-do-curso-de-filosofia-da-fae.html\"]}]},{\"@type\":\"BreadcrumbList\",\"@id\":\"https:\/\/franciscanos.org.br\/noticias\/festa-marca-conclusao-do-curso-de-filosofia-da-fae.html#breadcrumb\",\"itemListElement\":[{\"@type\":\"ListItem\",\"position\":1,\"name\":\"Home\",\"item\":\"https:\/\/franciscanos.org.br\/noticias\"},{\"@type\":\"ListItem\",\"position\":2,\"name\":\"Festa marca conclus\u00e3o do curso de Filosofia da FAE\"}]},{\"@type\":\"Person\",\"@id\":\"https:\/\/franciscanos.org.br\/noticias\/#\/schema\/person\/37f88f0d111cd5358b12a6556a99eb91\",\"name\":\"freiaugusto\",\"image\":{\"@type\":\"ImageObject\",\"inLanguage\":\"pt-BR\",\"@id\":\"https:\/\/franciscanos.org.br\/noticias\/#\/schema\/person\/image\/\",\"url\":\"https:\/\/secure.gravatar.com\/avatar\/9840b940e621801b24f3e6b059efb4b7?s=96&d=mm&r=g\",\"contentUrl\":\"https:\/\/secure.gravatar.com\/avatar\/9840b940e621801b24f3e6b059efb4b7?s=96&d=mm&r=g\",\"caption\":\"freiaugusto\"},\"url\":\"https:\/\/franciscanos.org.br\/noticias\/author\/freiaugusto\"}]}<\/script>\n<!-- \/ Yoast SEO plugin. -->","yoast_head_json":{"title":"Festa marca conclus\u00e3o do curso de Filosofia da FAE - Not\u00edcias - Franciscanos","robots":{"index":"index","follow":"follow","max-snippet":"max-snippet:-1","max-image-preview":"max-image-preview:large","max-video-preview":"max-video-preview:-1"},"canonical":"https:\/\/franciscanos.org.br\/noticias\/festa-marca-conclusao-do-curso-de-filosofia-da-fae.html","og_locale":"pt_BR","og_type":"article","og_title":"Festa marca conclus\u00e3o do curso de Filosofia da FAE - Not\u00edcias - Franciscanos","og_description":"Forma\u00e7\u00e3o e Estudos","og_url":"https:\/\/franciscanos.org.br\/noticias\/festa-marca-conclusao-do-curso-de-filosofia-da-fae.html","og_site_name":"Not\u00edcias - Franciscanos","article_published_time":"2017-12-18T09:43:57+00:00","article_modified_time":"2019-12-09T11:30:33+00:00","og_image":[{"width":273,"height":181,"url":"https:\/\/franciscanos.org.br\/noticias\/wp-content\/uploads\/2017\/12\/filosofia_181217.jpg","type":"image\/jpeg"}],"author":"freiaugusto","twitter_card":"summary_large_image","twitter_misc":{"Escrito por":"freiaugusto","Est. tempo de leitura":"4 minutos"},"schema":{"@context":"https:\/\/schema.org","@graph":[{"@type":"WebSite","@id":"https:\/\/franciscanos.org.br\/noticias\/#website","url":"https:\/\/franciscanos.org.br\/noticias\/","name":"Not\u00edcias - Franciscanos","description":"Prov\u00edncia Franciscana da Imaculada Concei\u00e7\u00e3o do Brasil - Ordem dos Frades Menores - OFM","potentialAction":[{"@type":"SearchAction","target":{"@type":"EntryPoint","urlTemplate":"https:\/\/franciscanos.org.br\/noticias\/?s={search_term_string}"},"query-input":"required name=search_term_string"}],"inLanguage":"pt-BR"},{"@type":"ImageObject","inLanguage":"pt-BR","@id":"https:\/\/franciscanos.org.br\/noticias\/festa-marca-conclusao-do-curso-de-filosofia-da-fae.html#primaryimage","url":"https:\/\/franciscanos.org.br\/noticias\/wp-content\/uploads\/2017\/12\/filosofia_181217.jpg","contentUrl":"https:\/\/franciscanos.org.br\/noticias\/wp-content\/uploads\/2017\/12\/filosofia_181217.jpg","width":273,"height":181},{"@type":"WebPage","@id":"https:\/\/franciscanos.org.br\/noticias\/festa-marca-conclusao-do-curso-de-filosofia-da-fae.html#webpage","url":"https:\/\/franciscanos.org.br\/noticias\/festa-marca-conclusao-do-curso-de-filosofia-da-fae.html","name":"Festa marca conclus\u00e3o do curso de Filosofia da FAE - Not\u00edcias - Franciscanos","isPartOf":{"@id":"https:\/\/franciscanos.org.br\/noticias\/#website"},"primaryImageOfPage":{"@id":"https:\/\/franciscanos.org.br\/noticias\/festa-marca-conclusao-do-curso-de-filosofia-da-fae.html#primaryimage"},"datePublished":"2017-12-18T09:43:57+00:00","dateModified":"2019-12-09T11:30:33+00:00","author":{"@id":"https:\/\/franciscanos.org.br\/noticias\/#\/schema\/person\/37f88f0d111cd5358b12a6556a99eb91"},"breadcrumb":{"@id":"https:\/\/franciscanos.org.br\/noticias\/festa-marca-conclusao-do-curso-de-filosofia-da-fae.html#breadcrumb"},"inLanguage":"pt-BR","potentialAction":[{"@type":"ReadAction","target":["https:\/\/franciscanos.org.br\/noticias\/festa-marca-conclusao-do-curso-de-filosofia-da-fae.html"]}]},{"@type":"BreadcrumbList","@id":"https:\/\/franciscanos.org.br\/noticias\/festa-marca-conclusao-do-curso-de-filosofia-da-fae.html#breadcrumb","itemListElement":[{"@type":"ListItem","position":1,"name":"Home","item":"https:\/\/franciscanos.org.br\/noticias"},{"@type":"ListItem","position":2,"name":"Festa marca conclus\u00e3o do curso de Filosofia da FAE"}]},{"@type":"Person","@id":"https:\/\/franciscanos.org.br\/noticias\/#\/schema\/person\/37f88f0d111cd5358b12a6556a99eb91","name":"freiaugusto","image":{"@type":"ImageObject","inLanguage":"pt-BR","@id":"https:\/\/franciscanos.org.br\/noticias\/#\/schema\/person\/image\/","url":"https:\/\/secure.gravatar.com\/avatar\/9840b940e621801b24f3e6b059efb4b7?s=96&d=mm&r=g","contentUrl":"https:\/\/secure.gravatar.com\/avatar\/9840b940e621801b24f3e6b059efb4b7?s=96&d=mm&r=g","caption":"freiaugusto"},"url":"https:\/\/franciscanos.org.br\/noticias\/author\/freiaugusto"}]}},"_links":{"self":[{"href":"https:\/\/franciscanos.org.br\/noticias\/wp-json\/wp\/v2\/posts\/147875"}],"collection":[{"href":"https:\/\/franciscanos.org.br\/noticias\/wp-json\/wp\/v2\/posts"}],"about":[{"href":"https:\/\/franciscanos.org.br\/noticias\/wp-json\/wp\/v2\/types\/post"}],"author":[{"embeddable":true,"href":"https:\/\/franciscanos.org.br\/noticias\/wp-json\/wp\/v2\/users\/5"}],"replies":[{"embeddable":true,"href":"https:\/\/franciscanos.org.br\/noticias\/wp-json\/wp\/v2\/comments?post=147875"}],"version-history":[{"count":0,"href":"https:\/\/franciscanos.org.br\/noticias\/wp-json\/wp\/v2\/posts\/147875\/revisions"}],"wp:featuredmedia":[{"embeddable":true,"href":"https:\/\/franciscanos.org.br\/noticias\/wp-json\/wp\/v2\/media\/214767"}],"wp:attachment":[{"href":"https:\/\/franciscanos.org.br\/noticias\/wp-json\/wp\/v2\/media?parent=147875"}],"wp:term":[{"taxonomy":"category","embeddable":true,"href":"https:\/\/franciscanos.org.br\/noticias\/wp-json\/wp\/v2\/categories?post=147875"},{"taxonomy":"post_tag","embeddable":true,"href":"https:\/\/franciscanos.org.br\/noticias\/wp-json\/wp\/v2\/tags?post=147875"}],"curies":[{"name":"wp","href":"https:\/\/api.w.org\/{rel}","templated":true}]}}