{"id":147807,"date":"2017-12-17T12:35:02","date_gmt":"2017-12-17T14:35:02","guid":{"rendered":"http:\/\/franciscanos.org.br\/?p=147807"},"modified":"2020-06-08T15:31:48","modified_gmt":"2020-06-08T18:31:48","slug":"papa-francisco-natal-sem-jesus-e-uma-festa-vazia","status":"publish","type":"post","link":"https:\/\/franciscanos.org.br\/noticias\/papa-francisco-natal-sem-jesus-e-uma-festa-vazia.html","title":{"rendered":"Papa Francisco: &#8220;Natal sem Jesus \u00e9 uma festa vazia&#8221;"},"content":{"rendered":"<p><img loading=\"lazy\" src=\"http:\/\/franciscanos.org.br\/wp-content\/uploads\/2017\/12\/papa_171217.jpg\" alt=\"papa_171217\" width=\"820\" height=\"461\" \/><br \/>\nAo saudar as crian\u00e7as que foram \u00e0 Pra\u00e7a S\u00e3o Pedro para a b\u00ean\u00e7\u00e3o dos &#8220;Bambinelli&#8221;, chamou a aten\u00e7\u00e3o do Papa uma faixa entre a multid\u00e3o que dizia: &#8220;O Orat\u00f3rio \u00e9 precisamente para cada um de n\u00f3s, sempre h\u00e1 um lugar para ti&#8221;. E \u00e9 importante que sempre exista um lugar para o Menino Jesus, ressaltou Francisco.<\/p>\n<p>No terceiro Domingo do Advento, tradicionalmente crian\u00e7as romanas \u2013 numa iniciativa do Centro Orat\u00f3rios Romanos &#8211; levam at\u00e9 a Pra\u00e7a S\u00e3o Pedro os \u201cBambinelli\u201d, ou seja, o Menino Jesus que ser\u00e1 colocado no Pres\u00e9pio em suas casas, para receber a b\u00ean\u00e7\u00e3o do Papa.<\/p>\n<p>Ap\u00f3s rezar o Angelus com os fi\u00e9is reunidos na Pra\u00e7a S\u00e3o Pedro, Francisco saudou com afeto as crian\u00e7as, convidando-as a deixarem-se atrair pela ternura do Menino Jesus quando rezarem diante do Pres\u00e9pio, alertando que sem Jesus, o Natal \u00e9 uma festa vazia.<\/p>\n<p>\u201cQuando rezarem em casa, diante do Pres\u00e9pio com os familiares de voc\u00eas, deixem-se atrair pela ternura do Menino Jesus, nascido pobre e fr\u00e1gil em meio a n\u00f3s, para nos dar o seu amor. Este \u00e9 o verdadeiro Natal. Se tirarmos Jesus, o que permanece do Natal? Uma festa vazia. N\u00e3o tirem Jesus do Natal: Jesus \u00e9 o centro do Natal, Jesus \u00e9 o verdadeiro Natal, Jesus \u00e9 o verdadeiro Natal, entenderam?&#8221;<\/p>\n<p>A alegria do crist\u00e3o \u201cn\u00e3o se compra\u201d, jamais devemos perd\u00ea-la, mesmo quando as coisas n\u00e3o acontecem, segundo os nossos desejos. Este o encorajamento do Papa Francisco durante a ora\u00e7\u00e3o do Angelus neste domingo, 17 de dezembro, dia em que Bergoglio comemora 81 anos de vida.<\/p>\n<p>O Santo Padre assomando \u00e0 janela do apartamento pontif\u00edcio do Pal\u00e1cio Apost\u00f3lico do Vaticano para recitar o Angelus com os fi\u00e9is e peregrinos reunidos na Pra\u00e7a S\u00e3o Pedro e com a as crian\u00e7as com seus Meninos Jesus que aclamam \u201cPapa Francisco\u201d, falou do terceiro domingo de Advento, chamado &#8216;Domingo da alegria&#8217;.<\/p>\n<p><img loading=\"lazy\" src=\"http:\/\/franciscanos.org.br\/wp-content\/uploads\/2017\/12\/papa_171217_1.jpg\" alt=\"papa_171217_1\" width=\"820\" height=\"431\" \/><\/p>\n<p>\u201cQueridos irm\u00e3os e irm\u00e3s \u2013 disse Francisco &#8211; a liturgia nos convida a colher o esp\u00edrito com que tudo isso acontece, isto \u00e9, precisamente, a alegria. S\u00e3o Paulo nos convida a preparar a vinda do Senhor assumindo tr\u00eas atitudes: a alegria constante, ora\u00e7\u00e3o perseverante e a cont\u00ednua a\u00e7\u00e3o de gra\u00e7as\u201d.<\/p>\n<p>O Papa se det\u00e9m sobre a primeira atitude: \u201cVivam sempre contentes\u201d, exorta o ap\u00f3stolo. Vale dizer, permanecer sempre na alegria, mesmo quando as coisas n\u00e3o acontecem segundo os nossos desejos. Mas h\u00e1 a alegria profunda que \u00e9 a paz, e a paz \u00e9 uma alegria.<\/p>\n<p>\u201cAs ang\u00fastias, as dificuldades e os sofrimentos atravessam a vida de cada um, e tantas vezes a realidade que nos circunda parece ser in\u00f3spita e \u00e1rida, semelhante a um deserto no qual ecoava a voz de Jo\u00e3o Batista, como recorda o Evangelho de hoje\u201d.<\/p>\n<p>Mas precisamente as palavras do Batista revelam que a nossa alegria baseia-se na certeza de que este deserto \u00e9 habitado.<br \/>\n\u201cNo meio de voc\u00eas est\u00e1 quem voc\u00eas n\u00e3o conhecem\u201d, diz. Trata-se de Jesus, o enviado do Pai que vem, como sublinha Isa\u00edas, \u201ca trazer a boa nova aos humildes, a curar os cora\u00e7\u00f5es doloridos, a anunciar a liberdade dos escravos, a liberta\u00e7\u00e3o dos prisioneiros, a proclamar um ano de gra\u00e7as do Senhor\u2019.<\/p>\n<p>\u201cEstas palavras, que Jesus far\u00e1 suas no discurso na sinagoga de Nazar\u00e9, &#8211; explica o Papa &#8211; esclarecem que a sua miss\u00e3o no mundo consiste na liberta\u00e7\u00e3o do pecado e das escravid\u00f5es pessoais e sociais que ele produz. Ele veio sobre a terra para restituir aos homens a dignidade e a liberdade de filhos de Deus, que somente Ele pode comunicar\u201d.<\/p>\n<p>A segunda atitude se baseia na ora\u00e7\u00e3o perseverante. \u201cPor meio da ora\u00e7\u00e3o, &#8211; observa o Papa -, podemos entrar em uma rela\u00e7\u00e3o est\u00e1vel com Deus, que \u00e9 a fonte da verdadeira alegria. A alegria do crist\u00e3o n\u00e3o se compra, vem da f\u00e9 e do encontro com Jesus Cristo, raz\u00e3o da nossa felicidade. Quanto mais estivermos arraigados em Cristo, tanto mais encontraremos a serenidade interior, mesmo em meio \u00e0s contradi\u00e7\u00f5es cotidianas\u201d.<\/p>\n<p>Por isto o crist\u00e3o, &#8211; continuou Francisco \u2013 \u201ctendo encontrado Jesus, n\u00e3o pode ser um profeta da desventura, mas uma testemunha e um arauto da alegria. Uma alegria a ser compartilhada com os outros; uma alegria contagiosa que torna menos cansativo o caminho da vida\u201d.<\/p>\n<p>A terceira atitude indicada por Paulo \u2013 disse Bergoglio &#8211; \u00e9 a cont\u00ednua a\u00e7\u00e3o de gra\u00e7as, ou seja, o amor agradecido a Deus.<br \/>\n\u201cEle, de fato, \u00e9 muito generoso para conosco, e n\u00f3s somos convidados a reconhecer sempre seus benef\u00edcios, o seu amor misericordioso, a sua paci\u00eancia e bondade, vivendo assim em um incessante agradecimento\u201d.<\/p>\n<p>\u201cAlegria, ora\u00e7\u00e3o e gratid\u00e3o s\u00e3o tr\u00eas comportamentos que nos preparam a viver o Natal de modo aut\u00eantico\u201d. Neste \u00faltimo per\u00edodo do tempo do Advento, confiemos nossa vida \u00e0 materna intercess\u00e3o da Virgem Maria. Ela \u00e9 \u201ccausa da nossa alegria, n\u00e3o somente porque gerou Jesus, mas porque nos envia continuamente a Ele\u201d.<\/p>\n<p>O Papa concluiu exortando os fi\u00e9is presentes na Pra\u00e7a: \u201cVamos repetir todos juntos: alegria, ora\u00e7\u00e3o e a\u00e7\u00e3o de gra\u00e7as\u201d.<\/p>\n<p><img loading=\"lazy\" src=\"http:\/\/franciscanos.org.br\/wp-content\/uploads\/2017\/12\/papa_171217_3.jpg\" alt=\"papa_171217_3\" width=\"820\" height=\"432\" \/><\/p>\n<p><strong>81 ANOS<\/strong><br \/>\nO Papa Francisco completou 81 anos este domingo. E a festa, com pizza, foina parte da manh\u00e3, na Sala Paulo VI, com as crian\u00e7as assistidas no Dispens\u00e1rio Pedi\u00e1trico Santa Marta. \u201cA alegria das crian\u00e7as&#8230; A alegria das crian\u00e7as \u00e9 um tesouro. As crian\u00e7as alegres\u201d, exclamou o Papa, falando de improviso aos volunt\u00e1rios, pais e crian\u00e7as presentes.<\/p>\n<p>\u201cE devemos fazer de tudo para que eles continuem a ser alegres, porque a alegria \u00e9 como uma terra boa. Uma alma alegre \u00e9 como uma terra boa que faz crescer bem a vida, com bons frutos. E por isto se faz festa: se busca sempre a proximidade do Natal para nos reunirmos, para fazer esta festa para eles\u201d.<\/p>\n<p>O Papa deu alguns \u201cconselhos aos pais, pedindo inicialmente para que a alegria das crian\u00e7as fosse protegida: \u201cN\u00e3o entriste\u00e7am as crian\u00e7as. Quando as crian\u00e7as veem que existem problemas em casa, que os pais brigam, sofrem. N\u00e3o entriste\u00e7am as crian\u00e7as. Elas devem crescer com alegria\u201d.<\/p>\n<p>O segundo conselho, para que as crian\u00e7as possam crescer bem, \u00e9 fazer com que falem com os av\u00f3s, \u201cporque eles t\u00eam mem\u00f3ria, t\u00eam raiz e ser\u00e3o os av\u00f3s a dar as ra\u00edzes \u00e0s crian\u00e7as\u201d: \u201cPor favor \u2013 pediu &#8211; que n\u00e3o sejam crian\u00e7as sem ra\u00edzes, sem mem\u00f3ria de um povo, sem mem\u00f3ria da f\u00e9, sem mem\u00f3ria de tantas coisas que fizeram a hist\u00f3ria, sem mem\u00f3ria de valores. E quem ajudar\u00e1 as crian\u00e7as a fazer isto? Os av\u00f3s\u201d.<\/p>\n<p>Por fim, o terceiro conselho: ensinar as crian\u00e7as a falar com Deus. \u201cQue aprendam a rezar, a dizer aquilo que sentem no cora\u00e7\u00e3o\u201d. \u201cAlegria, falar com os av\u00f3s, com os idosos, e falar com Deus. De acordo? Todos de acordo? Desejo a voc\u00eas um lindo dia, com muita festa. E comam 4 metros de pizza: comam bem, que vos far\u00e1 bem, faz crescer. E, avante! Obrigado! Obrigado!&#8221;<\/p>\n<hr \/>\n<p><em>Fonte: Vatican News<\/em><\/p>\n","protected":false},"excerpt":{"rendered":"<p>Angelus<\/p>\n","protected":false},"author":1,"featured_media":209143,"comment_status":"open","ping_status":"open","sticky":false,"template":"","format":"standard","meta":[],"categories":[1428],"tags":[403],"acf":[],"yoast_head":"<!-- This site is optimized with the Yoast SEO plugin v19.2 - https:\/\/yoast.com\/wordpress\/plugins\/seo\/ -->\n<title>Papa Francisco: &quot;Natal sem Jesus \u00e9 uma festa vazia&quot; - Not\u00edcias - Franciscanos<\/title>\n<meta name=\"robots\" content=\"index, follow, max-snippet:-1, max-image-preview:large, max-video-preview:-1\" \/>\n<link rel=\"canonical\" href=\"https:\/\/franciscanos.org.br\/noticias\/papa-francisco-natal-sem-jesus-e-uma-festa-vazia.html\" \/>\n<meta property=\"og:locale\" content=\"pt_BR\" \/>\n<meta property=\"og:type\" content=\"article\" \/>\n<meta property=\"og:title\" content=\"Papa Francisco: &quot;Natal sem Jesus \u00e9 uma festa vazia&quot; - Not\u00edcias - Franciscanos\" \/>\n<meta property=\"og:description\" content=\"Angelus\" \/>\n<meta property=\"og:url\" content=\"https:\/\/franciscanos.org.br\/noticias\/papa-francisco-natal-sem-jesus-e-uma-festa-vazia.html\" \/>\n<meta property=\"og:site_name\" content=\"Not\u00edcias - Franciscanos\" \/>\n<meta property=\"article:published_time\" content=\"2017-12-17T14:35:02+00:00\" \/>\n<meta property=\"article:modified_time\" content=\"2020-06-08T18:31:48+00:00\" \/>\n<meta property=\"og:image\" content=\"https:\/\/franciscanos.org.br\/noticias\/wp-content\/uploads\/2017\/12\/papa_171217.jpg\" \/>\n\t<meta property=\"og:image:width\" content=\"273\" \/>\n\t<meta property=\"og:image:height\" content=\"181\" \/>\n\t<meta property=\"og:image:type\" content=\"image\/jpeg\" \/>\n<meta name=\"author\" content=\"admin\" \/>\n<meta name=\"twitter:card\" content=\"summary_large_image\" \/>\n<meta name=\"twitter:label1\" content=\"Escrito por\" \/>\n\t<meta name=\"twitter:data1\" content=\"admin\" \/>\n\t<meta name=\"twitter:label2\" content=\"Est. tempo de leitura\" \/>\n\t<meta name=\"twitter:data2\" content=\"6 minutos\" \/>\n<script type=\"application\/ld+json\" class=\"yoast-schema-graph\">{\"@context\":\"https:\/\/schema.org\",\"@graph\":[{\"@type\":\"WebSite\",\"@id\":\"https:\/\/franciscanos.org.br\/noticias\/#website\",\"url\":\"https:\/\/franciscanos.org.br\/noticias\/\",\"name\":\"Not\u00edcias - Franciscanos\",\"description\":\"Prov\u00edncia Franciscana da Imaculada Concei\u00e7\u00e3o do Brasil - Ordem dos Frades Menores - OFM\",\"potentialAction\":[{\"@type\":\"SearchAction\",\"target\":{\"@type\":\"EntryPoint\",\"urlTemplate\":\"https:\/\/franciscanos.org.br\/noticias\/?s={search_term_string}\"},\"query-input\":\"required name=search_term_string\"}],\"inLanguage\":\"pt-BR\"},{\"@type\":\"ImageObject\",\"inLanguage\":\"pt-BR\",\"@id\":\"https:\/\/franciscanos.org.br\/noticias\/papa-francisco-natal-sem-jesus-e-uma-festa-vazia.html#primaryimage\",\"url\":\"https:\/\/franciscanos.org.br\/noticias\/wp-content\/uploads\/2017\/12\/papa_171217.jpg\",\"contentUrl\":\"https:\/\/franciscanos.org.br\/noticias\/wp-content\/uploads\/2017\/12\/papa_171217.jpg\",\"width\":273,\"height\":181},{\"@type\":\"WebPage\",\"@id\":\"https:\/\/franciscanos.org.br\/noticias\/papa-francisco-natal-sem-jesus-e-uma-festa-vazia.html#webpage\",\"url\":\"https:\/\/franciscanos.org.br\/noticias\/papa-francisco-natal-sem-jesus-e-uma-festa-vazia.html\",\"name\":\"Papa Francisco: \\\"Natal sem Jesus \u00e9 uma festa vazia\\\" - Not\u00edcias - Franciscanos\",\"isPartOf\":{\"@id\":\"https:\/\/franciscanos.org.br\/noticias\/#website\"},\"primaryImageOfPage\":{\"@id\":\"https:\/\/franciscanos.org.br\/noticias\/papa-francisco-natal-sem-jesus-e-uma-festa-vazia.html#primaryimage\"},\"datePublished\":\"2017-12-17T14:35:02+00:00\",\"dateModified\":\"2020-06-08T18:31:48+00:00\",\"author\":{\"@id\":\"https:\/\/franciscanos.org.br\/noticias\/#\/schema\/person\/b38fbf43118f02820bd932f2e4b14ad3\"},\"breadcrumb\":{\"@id\":\"https:\/\/franciscanos.org.br\/noticias\/papa-francisco-natal-sem-jesus-e-uma-festa-vazia.html#breadcrumb\"},\"inLanguage\":\"pt-BR\",\"potentialAction\":[{\"@type\":\"ReadAction\",\"target\":[\"https:\/\/franciscanos.org.br\/noticias\/papa-francisco-natal-sem-jesus-e-uma-festa-vazia.html\"]}]},{\"@type\":\"BreadcrumbList\",\"@id\":\"https:\/\/franciscanos.org.br\/noticias\/papa-francisco-natal-sem-jesus-e-uma-festa-vazia.html#breadcrumb\",\"itemListElement\":[{\"@type\":\"ListItem\",\"position\":1,\"name\":\"Home\",\"item\":\"https:\/\/franciscanos.org.br\/noticias\"},{\"@type\":\"ListItem\",\"position\":2,\"name\":\"Papa Francisco: &#8220;Natal sem Jesus \u00e9 uma festa vazia&#8221;\"}]},{\"@type\":\"Person\",\"@id\":\"https:\/\/franciscanos.org.br\/noticias\/#\/schema\/person\/b38fbf43118f02820bd932f2e4b14ad3\",\"name\":\"admin\",\"image\":{\"@type\":\"ImageObject\",\"inLanguage\":\"pt-BR\",\"@id\":\"https:\/\/franciscanos.org.br\/noticias\/#\/schema\/person\/image\/\",\"url\":\"https:\/\/secure.gravatar.com\/avatar\/e8495742d34d0ba6448ea1c628263b3e?s=96&d=mm&r=g\",\"contentUrl\":\"https:\/\/secure.gravatar.com\/avatar\/e8495742d34d0ba6448ea1c628263b3e?s=96&d=mm&r=g\",\"caption\":\"admin\"},\"url\":\"https:\/\/franciscanos.org.br\/noticias\/author\/admin\"}]}<\/script>\n<!-- \/ Yoast SEO plugin. -->","yoast_head_json":{"title":"Papa Francisco: \"Natal sem Jesus \u00e9 uma festa vazia\" - Not\u00edcias - Franciscanos","robots":{"index":"index","follow":"follow","max-snippet":"max-snippet:-1","max-image-preview":"max-image-preview:large","max-video-preview":"max-video-preview:-1"},"canonical":"https:\/\/franciscanos.org.br\/noticias\/papa-francisco-natal-sem-jesus-e-uma-festa-vazia.html","og_locale":"pt_BR","og_type":"article","og_title":"Papa Francisco: \"Natal sem Jesus \u00e9 uma festa vazia\" - Not\u00edcias - Franciscanos","og_description":"Angelus","og_url":"https:\/\/franciscanos.org.br\/noticias\/papa-francisco-natal-sem-jesus-e-uma-festa-vazia.html","og_site_name":"Not\u00edcias - Franciscanos","article_published_time":"2017-12-17T14:35:02+00:00","article_modified_time":"2020-06-08T18:31:48+00:00","og_image":[{"width":273,"height":181,"url":"https:\/\/franciscanos.org.br\/noticias\/wp-content\/uploads\/2017\/12\/papa_171217.jpg","type":"image\/jpeg"}],"author":"admin","twitter_card":"summary_large_image","twitter_misc":{"Escrito por":"admin","Est. tempo de leitura":"6 minutos"},"schema":{"@context":"https:\/\/schema.org","@graph":[{"@type":"WebSite","@id":"https:\/\/franciscanos.org.br\/noticias\/#website","url":"https:\/\/franciscanos.org.br\/noticias\/","name":"Not\u00edcias - Franciscanos","description":"Prov\u00edncia Franciscana da Imaculada Concei\u00e7\u00e3o do Brasil - Ordem dos Frades Menores - OFM","potentialAction":[{"@type":"SearchAction","target":{"@type":"EntryPoint","urlTemplate":"https:\/\/franciscanos.org.br\/noticias\/?s={search_term_string}"},"query-input":"required name=search_term_string"}],"inLanguage":"pt-BR"},{"@type":"ImageObject","inLanguage":"pt-BR","@id":"https:\/\/franciscanos.org.br\/noticias\/papa-francisco-natal-sem-jesus-e-uma-festa-vazia.html#primaryimage","url":"https:\/\/franciscanos.org.br\/noticias\/wp-content\/uploads\/2017\/12\/papa_171217.jpg","contentUrl":"https:\/\/franciscanos.org.br\/noticias\/wp-content\/uploads\/2017\/12\/papa_171217.jpg","width":273,"height":181},{"@type":"WebPage","@id":"https:\/\/franciscanos.org.br\/noticias\/papa-francisco-natal-sem-jesus-e-uma-festa-vazia.html#webpage","url":"https:\/\/franciscanos.org.br\/noticias\/papa-francisco-natal-sem-jesus-e-uma-festa-vazia.html","name":"Papa Francisco: \"Natal sem Jesus \u00e9 uma festa vazia\" - Not\u00edcias - Franciscanos","isPartOf":{"@id":"https:\/\/franciscanos.org.br\/noticias\/#website"},"primaryImageOfPage":{"@id":"https:\/\/franciscanos.org.br\/noticias\/papa-francisco-natal-sem-jesus-e-uma-festa-vazia.html#primaryimage"},"datePublished":"2017-12-17T14:35:02+00:00","dateModified":"2020-06-08T18:31:48+00:00","author":{"@id":"https:\/\/franciscanos.org.br\/noticias\/#\/schema\/person\/b38fbf43118f02820bd932f2e4b14ad3"},"breadcrumb":{"@id":"https:\/\/franciscanos.org.br\/noticias\/papa-francisco-natal-sem-jesus-e-uma-festa-vazia.html#breadcrumb"},"inLanguage":"pt-BR","potentialAction":[{"@type":"ReadAction","target":["https:\/\/franciscanos.org.br\/noticias\/papa-francisco-natal-sem-jesus-e-uma-festa-vazia.html"]}]},{"@type":"BreadcrumbList","@id":"https:\/\/franciscanos.org.br\/noticias\/papa-francisco-natal-sem-jesus-e-uma-festa-vazia.html#breadcrumb","itemListElement":[{"@type":"ListItem","position":1,"name":"Home","item":"https:\/\/franciscanos.org.br\/noticias"},{"@type":"ListItem","position":2,"name":"Papa Francisco: &#8220;Natal sem Jesus \u00e9 uma festa vazia&#8221;"}]},{"@type":"Person","@id":"https:\/\/franciscanos.org.br\/noticias\/#\/schema\/person\/b38fbf43118f02820bd932f2e4b14ad3","name":"admin","image":{"@type":"ImageObject","inLanguage":"pt-BR","@id":"https:\/\/franciscanos.org.br\/noticias\/#\/schema\/person\/image\/","url":"https:\/\/secure.gravatar.com\/avatar\/e8495742d34d0ba6448ea1c628263b3e?s=96&d=mm&r=g","contentUrl":"https:\/\/secure.gravatar.com\/avatar\/e8495742d34d0ba6448ea1c628263b3e?s=96&d=mm&r=g","caption":"admin"},"url":"https:\/\/franciscanos.org.br\/noticias\/author\/admin"}]}},"_links":{"self":[{"href":"https:\/\/franciscanos.org.br\/noticias\/wp-json\/wp\/v2\/posts\/147807"}],"collection":[{"href":"https:\/\/franciscanos.org.br\/noticias\/wp-json\/wp\/v2\/posts"}],"about":[{"href":"https:\/\/franciscanos.org.br\/noticias\/wp-json\/wp\/v2\/types\/post"}],"author":[{"embeddable":true,"href":"https:\/\/franciscanos.org.br\/noticias\/wp-json\/wp\/v2\/users\/1"}],"replies":[{"embeddable":true,"href":"https:\/\/franciscanos.org.br\/noticias\/wp-json\/wp\/v2\/comments?post=147807"}],"version-history":[{"count":1,"href":"https:\/\/franciscanos.org.br\/noticias\/wp-json\/wp\/v2\/posts\/147807\/revisions"}],"predecessor-version":[{"id":225156,"href":"https:\/\/franciscanos.org.br\/noticias\/wp-json\/wp\/v2\/posts\/147807\/revisions\/225156"}],"wp:featuredmedia":[{"embeddable":true,"href":"https:\/\/franciscanos.org.br\/noticias\/wp-json\/wp\/v2\/media\/209143"}],"wp:attachment":[{"href":"https:\/\/franciscanos.org.br\/noticias\/wp-json\/wp\/v2\/media?parent=147807"}],"wp:term":[{"taxonomy":"category","embeddable":true,"href":"https:\/\/franciscanos.org.br\/noticias\/wp-json\/wp\/v2\/categories?post=147807"},{"taxonomy":"post_tag","embeddable":true,"href":"https:\/\/franciscanos.org.br\/noticias\/wp-json\/wp\/v2\/tags?post=147807"}],"curies":[{"name":"wp","href":"https:\/\/api.w.org\/{rel}","templated":true}]}}